{"id":9732,"date":"2015-12-01T01:03:36","date_gmt":"2015-11-30T23:03:36","guid":{"rendered":"http:\/\/www.reead.com\/fr\/?p=9732"},"modified":"2024-04-25T01:08:47","modified_gmt":"2024-04-24T23:08:47","slug":"faut-il-se-raser-les-aisselles","status":"publish","type":"post","link":"https:\/\/www.reead.com\/fr\/faut-il-se-raser-les-aisselles-97322015\/","title":{"rendered":"Comment se raser les aisselles quand on est un homme ?"},"content":{"rendered":"<p>Depuis quelques semaines, Instagram est envahi de jeunes filles qui revendiquent leur pilosit\u00e9 et ont arr\u00eat\u00e9s de se raser les aisselles. Alors que chez les hommes, au contraire, la mode est \u00e0 l\u2019imberbe. Alors faut-il <strong>se raser les aisselles<\/strong> ? Apr\u00e8s tout, <a href=\"https:\/\/www.reead.com\/fr\/raser-poils-torse-homme-174822018\/\"><strong>certains hommes se rasent le torse<\/strong><\/a>, le pubis&#8230; alors pourquoi pas se raser sous les bras ?<\/p>\n<p><img loading=\"lazy\" decoding=\"async\" class=\"alignnone wp-image-9740\" src=\"https:\/\/www.reead.com\/fr\/wp-content\/uploads\/2015\/12\/Les-mecs-faut-il-se-raser-les-aisselles.jpg\" alt=\"Les mecs, faut-il se raser les aisselles ?\" width=\"701\" height=\"667\" srcset=\"https:\/\/www.reead.com\/fr\/wp-content\/uploads\/2015\/12\/Les-mecs-faut-il-se-raser-les-aisselles.jpg 550w,  https:\/\/www.reead.com\/fr\/wp-content\/uploads\/2015\/12\/Les-mecs-faut-il-se-raser-les-aisselles-482x458.jpg 482w,  https:\/\/www.reead.com\/fr\/wp-content\/uploads\/2015\/12\/Les-mecs-faut-il-se-raser-les-aisselles-273x260.jpg 273w\" sizes=\"auto, (max-width: 701px) 100vw, 701px\" \/><\/p>\n<h2>Pour ou contre les poils sous les aisselles des hommes ?<\/h2>\n<p>Si pour certains, le rasage est n\u00e9cessaire pour la <a href=\"https:\/\/www.reead.com\/fr\/crossfit-avantages-4293752020\/\" target=\"_blank\" rel=\"noreferrer noopener\">pratique intensive de leur sport<\/a>, pour 52,1 % des hommes interrog\u00e9s par le site Men\u2019s Health pensent qu\u2019<strong>avoir les aisselles ras\u00e9es<\/strong>, c\u2019est \u00ab\u00a0plus confortable.\u00a0\u00bb<\/p>\n<p>D\u2019un autre c\u00f4t\u00e9, 11 % des hommes trouvent \u00e7a \u00ab vraiment trop bizarre \u00bb de se raser sous les bras.<\/p>\n<h2>\u00c0 quoi \u00e7a servent les poils ?<\/h2>\n<p>c\u2019est vrai d\u2019abord, est-ce qu\u2019on a juste des poils pour nous tenir chaud l\u2019hiver ? Pas que : <strong>le poil renferme les ph\u00e9romones<\/strong> est l\u2019une des cl\u00e9s de l\u2019attirance sexuelle. En gros, viens me sentir les aisselles, tu vas tomber amoureux(se)!<\/p>\n<p><strong>Se raser ou pas les poils<\/strong> reste aujourd\u2019hui un choix plus esth\u00e9tique ou pratique qu\u2019autre chose. C\u2019est donc \u00e0 vous de voir comment vous vous sentez le mieux. Personnellement je me les rase en \u00e9t\u00e9 car <a href=\"https:\/\/www.reead.com\/fr\/kielhs-anti-transpirant-deodorant-homme-4294222020\/\" target=\"_blank\" rel=\"noopener noreferrer\"><strong>je transpire beaucoup<\/strong><\/a>, alors qu&rsquo;en hiver, transpirant beaucoup moins, je les tonds une fois par semaine.<\/p>\n<p>Notez tout de m\u00eame que le rasage trop fr\u00e9quents entra\u00eene un risque plus \u00e9lev\u00e9s de poils incarn\u00e9s douloureux et disgracieux.<\/p>\n<h2>Faut-il raser ou tailler les poils des aisselles chez un homme ?<\/h2>\n<p>La solution interm\u00e9diaire c\u2019est de garder une base de poils courts que vous tondez r\u00e9guli\u00e8rement, c\u2019est ce que je fais pour moi. Ayant la peau fragile et apr\u00e8s avoir d\u00e9j\u00e0 test\u00e9 le rasage, cela m&rsquo;a donn\u00e9 quelques boutons et la sensation n&rsquo;\u00e9tait pas du tout agr\u00e9able.<\/p>\n<p>Tondre est pour moi un bon compromis, les poils sont tr\u00e8s cours, il n&rsquo;y aucune irritation et cela reste beaucoup plus propre que de se laisser pousser les poils sous les bras.<\/p>\n<h2>Comment se raser les poils sous les bras quand on est un homme ?<\/h2>\n<p>Si vous avez d\u00e9cid\u00e9 de raser int\u00e9gralement vos poils au lieu de les tondre, il va falloir suivre quelques r\u00e8gles pour ne pas irriter votre peau.<\/p>\n<h3>Utilisez un rasoir propre et v\u00e9rifiez les lames<\/h3>\n<p>En effet, un rasoir mal entretenu verra des poils s&rsquo;y accumuler, le rasage en deviendra beaucoup plus difficile et le risque de coupure \u00e9galement. De plus, v\u00e9rifiez si vos lames sont encore utilisables. Tordus ou rouill\u00e9es, il faudra changer la t\u00eate de votre rasoir.<\/p>\n<h3>Lavez vos aisselles<\/h3>\n<p>Avant de vous raser sous les bras, il est tr\u00e8s important de ne nettoyer. En effet, si vous ne le faites pas, une micro coupure pourrait s&rsquo;infecter et vous donner par exemple des boutons.<\/p>\n<h3>Utiliser un gel de rasage transparent<\/h3>\n<p>C&rsquo;est personnellement ce que je fais. Un <strong>gel de rasage transparent<\/strong> me permettra de voir l&rsquo;\u00e9volution du rasage afin d&rsquo;\u00e9viter de passer plusieurs fois la lame sur cette zone tr\u00e8s sensible.<\/p>\n<h3>Respecter le sens du poils au d\u00e9but<\/h3>\n<p>Lors des premiers coups de rasage, rasez vos aisselles dans le sens de la pousse du poil. Puis, n&rsquo;h\u00e9sitez-pas \u00e0 raser du bas vers le haut, et m\u00eame de droite en gauche pour un r\u00e9sultat parfait.<\/p>\n<h3>Rincer vos aisselles<\/h3>\n<p>Il va maintenant falloir nettoyer tout cela \u00e0 l&rsquo;aide d&rsquo;eau uniquement. Pensez \u00e0 appliquer une cr\u00e8me hydratante ou une huile. N&rsquo;utilisez surtout pas d&rsquo;apr\u00e8s rasage, vous pourriez vous bruler.<\/p>\n<h3>Pas de d\u00e9odorant juste apr\u00e8s !<\/h3>\n<p>Laissez totalement s\u00e9chez vos aisselles avant d&rsquo;appliquer un d\u00e9odorant, m\u00eame si celui-ci est sans alcool.<\/p>\n<h2><strong>Les effets secondaires possibles<\/strong><\/h2>\n<p>Le corps des Hommes est tout de m\u00eame bien fait ! Chaque \u00e9l\u00e9ment y a sa place et sa fonction. Les poils ne d\u00e9rogent pas \u00e0 la r\u00e8gle. Cette volont\u00e9 d&rsquo;\u00e9liminer co\u00fbte que co\u00fbte ces protub\u00e9rances duveteuses a des r\u00e9percussions qu&rsquo;il est important d&rsquo;avoir \u00e0 l&rsquo;esprit.<\/p>\n<p>Au-del\u00e0 des d\u00e9mangeaisons ou des poils incarn\u00e9s li\u00e9s \u00e0 une tonte au rasoir, on ne peut pas faire l&rsquo;impasse sur des effets secondaires plus saisissants. Tout d&rsquo;abord, il est essentiel de rappeler les bienfaits naturels des poils sous les aisselles. \u00c0 l&rsquo;origine, ce pelage nous prot\u00e8ge de la chaleur, du froid, de toutes les agressions ext\u00e9rieures susceptibles d&rsquo;ab\u00eemer notre peau. Il a \u00e9galement une fonction de r\u00e9gulation de l&rsquo;\u00e9coulement de la sueur sur le corps.<\/p>\n<p>Nous pouvons aller encore plus loin en pr\u00e9cisant la r\u00e9serve de cellules souches pr\u00e9sentent \u00e0 la base de chaque bulbe. Celles-ci permettent une cicatrisation optimale des tissus. Ainsi d\u00e9pourvus de duvet, les dessous-de-bras deviennent vuln\u00e9rables et le contr\u00f4le de la sudation est d\u00e9s\u00e9quilibr\u00e9.<\/p>\n<p>De mani\u00e8re plus personnelle, les poils ont une fonction primordiale sur le d\u00e9sir. En immobilisant la transpiration, ces derniers permettent une \u00e9manation de ph\u00e9romones. C&rsquo;est la lib\u00e9ration, pr\u00e9cis\u00e9ment, de cette substance chimique, qui oriente certains d\u00e9sirs et comportements sexuels.<\/p>\n<p>Les effets possibles de l&rsquo;\u00e9limination totale des poils sous les aisselles peuvent \u00eatre, pour un homme, tr\u00e8s cons\u00e9quents. Ainsi, bien que le sujet divise, la meilleure des positions serait non pas d&rsquo;\u00e9radiquer totalement ses poils, mais bien de les tailler avec mod\u00e9ration.<\/p>\n\n\n<div class=\"kk-star-ratings kksr-auto kksr-align-left kksr-valign-bottom\"\n    data-payload='{&quot;align&quot;:&quot;left&quot;,&quot;id&quot;:&quot;9732&quot;,&quot;slug&quot;:&quot;default&quot;,&quot;valign&quot;:&quot;bottom&quot;,&quot;ignore&quot;:&quot;&quot;,&quot;reference&quot;:&quot;auto&quot;,&quot;class&quot;:&quot;&quot;,&quot;count&quot;:&quot;16&quot;,&quot;legendonly&quot;:&quot;&quot;,&quot;readonly&quot;:&quot;&quot;,&quot;score&quot;:&quot;4.9&quot;,&quot;starsonly&quot;:&quot;&quot;,&quot;best&quot;:&quot;5&quot;,&quot;gap&quot;:&quot;4&quot;,&quot;greet&quot;:&quot;Votez pour ce post&quot;,&quot;legend&quot;:&quot;4.9\\\/5 - (16 votes)&quot;,&quot;size&quot;:&quot;24&quot;,&quot;title&quot;:&quot;Comment se raser les aisselles quand on est un homme ?&quot;,&quot;width&quot;:&quot;135.2&quot;,&quot;_legend&quot;:&quot;{score}\\\/{best} - ({count} {votes})&quot;,&quot;font_factor&quot;:&quot;1.25&quot;}'>\n            \n<div class=\"kksr-stars\">\n    \n<div class=\"kksr-stars-inactive\">\n            <div class=\"kksr-star\" data-star=\"1\" style=\"padding-right: 4px\">\n            \n\n<div class=\"kksr-icon\" style=\"width: 24px; height: 24px;\"><\/div>\n        <\/div>\n            <div class=\"kksr-star\" data-star=\"2\" style=\"padding-right: 4px\">\n            \n\n<div class=\"kksr-icon\" style=\"width: 24px; height: 24px;\"><\/div>\n        <\/div>\n            <div class=\"kksr-star\" data-star=\"3\" style=\"padding-right: 4px\">\n            \n\n<div class=\"kksr-icon\" style=\"width: 24px; height: 24px;\"><\/div>\n        <\/div>\n            <div class=\"kksr-star\" data-star=\"4\" style=\"padding-right: 4px\">\n            \n\n<div class=\"kksr-icon\" style=\"width: 24px; height: 24px;\"><\/div>\n        <\/div>\n            <div class=\"kksr-star\" data-star=\"5\" style=\"padding-right: 4px\">\n            \n\n<div class=\"kksr-icon\" style=\"width: 24px; height: 24px;\"><\/div>\n        <\/div>\n    <\/div>\n    \n<div class=\"kksr-stars-active\" style=\"width: 135.2px;\">\n            <div class=\"kksr-star\" style=\"padding-right: 4px\">\n            \n\n<div class=\"kksr-icon\" style=\"width: 24px; height: 24px;\"><\/div>\n        <\/div>\n            <div class=\"kksr-star\" style=\"padding-right: 4px\">\n            \n\n<div class=\"kksr-icon\" style=\"width: 24px; height: 24px;\"><\/div>\n        <\/div>\n            <div class=\"kksr-star\" style=\"padding-right: 4px\">\n            \n\n<div class=\"kksr-icon\" style=\"width: 24px; height: 24px;\"><\/div>\n        <\/div>\n            <div class=\"kksr-star\" style=\"padding-right: 4px\">\n            \n\n<div class=\"kksr-icon\" style=\"width: 24px; height: 24px;\"><\/div>\n        <\/div>\n            <div class=\"kksr-star\" style=\"padding-right: 4px\">\n            \n\n<div class=\"kksr-icon\" style=\"width: 24px; height: 24px;\"><\/div>\n        <\/div>\n    <\/div>\n<\/div>\n                \n\n<div class=\"kksr-legend\" style=\"font-size: 19.2px;\">\n            4.9\/5 - (16 votes)    <\/div>\n    <\/div>","protected":false},"excerpt":{"rendered":"<p>Longtemps tabou, la question des poils est aujourd\u2019hui totalement assum\u00e9. Faut-il oui ou non se raser les aisselles chez un homme ?<\/p>","protected":false},"author":1,"featured_media":9740,"comment_status":"open","ping_status":"open","sticky":false,"template":"","format":"standard","meta":{"footnotes":""},"categories":[7531,7533],"tags":[],"class_list":["post-9732","post","type-post","status-publish","format-standard","has-post-thumbnail","hentry","category-beaute-homme","category-rasage-homme"],"yoast_head":"<!-- This site is optimized with the Yoast SEO Premium plugin v27.4 (Yoast SEO v27.4) - https:\/\/yoast.com\/product\/yoast-seo-premium-wordpress\/ -->\n<title>Comment se raser les aisselles quand on est un homme ?<\/title>\n<meta name=\"description\" content=\"Longtemps tabou, la question des poils est aujourd\u2019hui totalement assum\u00e9. Faut-il oui ou non se raser les aisselles chez un homme ?\" \/>\n<meta name=\"robots\" content=\"index, follow, max-snippet:-1, max-image-preview:large, max-video-preview:-1\" \/>\n<link rel=\"canonical\" href=\"https:\/\/www.reead.com\/fr\/faut-il-se-raser-les-aisselles-97322015\/\" \/>\n<meta property=\"og:locale\" content=\"fr_FR\" \/>\n<meta property=\"og:type\" content=\"article\" \/>\n<meta property=\"og:title\" content=\"Comment se raser les aisselles quand on est un homme ?\" \/>\n<meta property=\"og:description\" content=\"Longtemps tabou, la question des poils est aujourd\u2019hui totalement assum\u00e9. Faut-il oui ou non se raser les aisselles chez un homme ?\" \/>\n<meta property=\"og:url\" content=\"https:\/\/www.reead.com\/fr\/faut-il-se-raser-les-aisselles-97322015\/\" \/>\n<meta property=\"og:site_name\" content=\"Conseils Voyage, Mode Homme et Lifestyle\" \/>\n<meta property=\"article:publisher\" content=\"https:\/\/www.facebook.com\/welovereead\" \/>\n<meta property=\"article:author\" content=\"https:\/\/www.facebook.com\/welovereead\" \/>\n<meta property=\"article:published_time\" content=\"2015-11-30T23:03:36+00:00\" \/>\n<meta property=\"article:modified_time\" content=\"2024-04-24T23:08:47+00:00\" \/>\n<meta property=\"og:image\" content=\"https:\/\/www.reead.com\/fr\/wp-content\/uploads\/2015\/12\/Les-mecs-faut-il-se-raser-les-aisselles.jpg\" \/>\n\t<meta property=\"og:image:width\" content=\"550\" \/>\n\t<meta property=\"og:image:height\" content=\"523\" \/>\n\t<meta property=\"og:image:type\" content=\"image\/jpeg\" \/>\n<meta name=\"author\" content=\"Reead\" \/>\n<meta name=\"twitter:card\" content=\"summary_large_image\" \/>\n<meta name=\"twitter:creator\" content=\"@blogdereead\" \/>\n<meta name=\"twitter:site\" content=\"@blogdereead\" \/>\n<script type=\"application\/ld+json\" class=\"yoast-schema-graph\">{\"@context\":\"https:\\\/\\\/schema.org\",\"@graph\":[{\"@type\":\"Article\",\"@id\":\"https:\\\/\\\/www.reead.com\\\/fr\\\/faut-il-se-raser-les-aisselles-97322015\\\/#article\",\"isPartOf\":{\"@id\":\"https:\\\/\\\/www.reead.com\\\/fr\\\/faut-il-se-raser-les-aisselles-97322015\\\/\"},\"author\":{\"name\":\"Reead\",\"@id\":\"https:\\\/\\\/www.reead.com\\\/fr\\\/#\\\/schema\\\/person\\\/551a8a4b469ab53c0b48bcd3846fb3c6\"},\"headline\":\"Comment se raser les aisselles quand on est un homme ?\",\"datePublished\":\"2015-11-30T23:03:36+00:00\",\"dateModified\":\"2024-04-24T23:08:47+00:00\",\"mainEntityOfPage\":{\"@id\":\"https:\\\/\\\/www.reead.com\\\/fr\\\/faut-il-se-raser-les-aisselles-97322015\\\/\"},\"wordCount\":946,\"commentCount\":0,\"publisher\":{\"@id\":\"https:\\\/\\\/www.reead.com\\\/fr\\\/#\\\/schema\\\/person\\\/551a8a4b469ab53c0b48bcd3846fb3c6\"},\"image\":{\"@id\":\"https:\\\/\\\/www.reead.com\\\/fr\\\/faut-il-se-raser-les-aisselles-97322015\\\/#primaryimage\"},\"thumbnailUrl\":\"https:\\\/\\\/www.reead.com\\\/fr\\\/wp-content\\\/uploads\\\/2015\\\/12\\\/Les-mecs-faut-il-se-raser-les-aisselles.jpg\",\"articleSection\":[\"Beaut\u00e9 Homme\",\"Rasage homme\"],\"inLanguage\":\"fr-FR\",\"potentialAction\":[{\"@type\":\"CommentAction\",\"name\":\"Comment\",\"target\":[\"https:\\\/\\\/www.reead.com\\\/fr\\\/faut-il-se-raser-les-aisselles-97322015\\\/#respond\"]}]},{\"@type\":\"WebPage\",\"@id\":\"https:\\\/\\\/www.reead.com\\\/fr\\\/faut-il-se-raser-les-aisselles-97322015\\\/\",\"url\":\"https:\\\/\\\/www.reead.com\\\/fr\\\/faut-il-se-raser-les-aisselles-97322015\\\/\",\"name\":\"Comment se raser les aisselles quand on est un homme ?\",\"isPartOf\":{\"@id\":\"https:\\\/\\\/www.reead.com\\\/fr\\\/#website\"},\"primaryImageOfPage\":{\"@id\":\"https:\\\/\\\/www.reead.com\\\/fr\\\/faut-il-se-raser-les-aisselles-97322015\\\/#primaryimage\"},\"image\":{\"@id\":\"https:\\\/\\\/www.reead.com\\\/fr\\\/faut-il-se-raser-les-aisselles-97322015\\\/#primaryimage\"},\"thumbnailUrl\":\"https:\\\/\\\/www.reead.com\\\/fr\\\/wp-content\\\/uploads\\\/2015\\\/12\\\/Les-mecs-faut-il-se-raser-les-aisselles.jpg\",\"datePublished\":\"2015-11-30T23:03:36+00:00\",\"dateModified\":\"2024-04-24T23:08:47+00:00\",\"description\":\"Longtemps tabou, la question des poils est aujourd\u2019hui totalement assum\u00e9. Faut-il oui ou non se raser les aisselles chez un homme ?\",\"breadcrumb\":{\"@id\":\"https:\\\/\\\/www.reead.com\\\/fr\\\/faut-il-se-raser-les-aisselles-97322015\\\/#breadcrumb\"},\"inLanguage\":\"fr-FR\",\"potentialAction\":[{\"@type\":\"ReadAction\",\"target\":[\"https:\\\/\\\/www.reead.com\\\/fr\\\/faut-il-se-raser-les-aisselles-97322015\\\/\"]}]},{\"@type\":\"ImageObject\",\"inLanguage\":\"fr-FR\",\"@id\":\"https:\\\/\\\/www.reead.com\\\/fr\\\/faut-il-se-raser-les-aisselles-97322015\\\/#primaryimage\",\"url\":\"https:\\\/\\\/www.reead.com\\\/fr\\\/wp-content\\\/uploads\\\/2015\\\/12\\\/Les-mecs-faut-il-se-raser-les-aisselles.jpg\",\"contentUrl\":\"https:\\\/\\\/www.reead.com\\\/fr\\\/wp-content\\\/uploads\\\/2015\\\/12\\\/Les-mecs-faut-il-se-raser-les-aisselles.jpg\",\"width\":550,\"height\":523,\"caption\":\"Les mecs, faut-il se raser les aisselles ?\"},{\"@type\":\"BreadcrumbList\",\"@id\":\"https:\\\/\\\/www.reead.com\\\/fr\\\/faut-il-se-raser-les-aisselles-97322015\\\/#breadcrumb\",\"itemListElement\":[{\"@type\":\"ListItem\",\"position\":1,\"name\":\"Accueil\",\"item\":\"https:\\\/\\\/www.reead.com\\\/fr\\\/\"},{\"@type\":\"ListItem\",\"position\":2,\"name\":\"Beaut\u00e9 Homme\",\"item\":\"https:\\\/\\\/www.reead.com\\\/fr\\\/beaute-homme\\\/\"},{\"@type\":\"ListItem\",\"position\":3,\"name\":\"Rasage homme\",\"item\":\"https:\\\/\\\/www.reead.com\\\/fr\\\/beaute-homme\\\/rasage-homme\\\/\"},{\"@type\":\"ListItem\",\"position\":4,\"name\":\"Comment se raser les aisselles quand on est un homme ?\"}]},{\"@type\":\"WebSite\",\"@id\":\"https:\\\/\\\/www.reead.com\\\/fr\\\/#website\",\"url\":\"https:\\\/\\\/www.reead.com\\\/fr\\\/\",\"name\":\"Reead.com\",\"description\":\"Conseils Voyage, Mode Homme et Lifestyle\",\"publisher\":{\"@id\":\"https:\\\/\\\/www.reead.com\\\/fr\\\/#\\\/schema\\\/person\\\/551a8a4b469ab53c0b48bcd3846fb3c6\"},\"potentialAction\":[{\"@type\":\"SearchAction\",\"target\":{\"@type\":\"EntryPoint\",\"urlTemplate\":\"https:\\\/\\\/www.reead.com\\\/fr\\\/?s={search_term_string}\"},\"query-input\":{\"@type\":\"PropertyValueSpecification\",\"valueRequired\":true,\"valueName\":\"search_term_string\"}}],\"inLanguage\":\"fr-FR\"},{\"@type\":[\"Person\",\"Organization\"],\"@id\":\"https:\\\/\\\/www.reead.com\\\/fr\\\/#\\\/schema\\\/person\\\/551a8a4b469ab53c0b48bcd3846fb3c6\",\"name\":\"Reead\",\"image\":{\"@type\":\"ImageObject\",\"inLanguage\":\"fr-FR\",\"@id\":\"https:\\\/\\\/www.reead.com\\\/fr\\\/wp-content\\\/uploads\\\/2018\\\/12\\\/reead.jpg\",\"url\":\"https:\\\/\\\/www.reead.com\\\/fr\\\/wp-content\\\/uploads\\\/2018\\\/12\\\/reead.jpg\",\"contentUrl\":\"https:\\\/\\\/www.reead.com\\\/fr\\\/wp-content\\\/uploads\\\/2018\\\/12\\\/reead.jpg\",\"width\":900,\"height\":610,\"caption\":\"Reead\"},\"logo\":{\"@id\":\"https:\\\/\\\/www.reead.com\\\/fr\\\/wp-content\\\/uploads\\\/2018\\\/12\\\/reead.jpg\"},\"description\":\"Reead est un blogueur voyage fran\u00e7ais bas\u00e9 \u00e0 Las Vegas et le fondateur de Reead.com, un blog lanc\u00e9 en 2009 consacr\u00e9 aux voyages, aux miles et aux programmes de fid\u00e9lit\u00e9. Sp\u00e9cialis\u00e9 dans les cartes de cr\u00e9dit voyage, les miles et points, ainsi que les programmes comme Flying Blue, American Express Membership Rewards ou les alliances a\u00e9riennes, il partage des strat\u00e9gies concr\u00e8tes pour r\u00e9duire le co\u00fbt des voyages et optimiser les r\u00e9compenses des cartes de cr\u00e9dit. Install\u00e9 aux \u00c9tats-Unis, Reead publie \u00e9galement des guides pour visiter les USA, des analyses de programmes de fid\u00e9lit\u00e9 et des retours d\u2019exp\u00e9rience sur les compagnies a\u00e9riennes, h\u00f4tels et cartes premium. Depuis plus de 15 ans, ses articles aident les voyageurs \u00e0 comprendre les miles, accumuler des points plus rapidement et voyager dans de meilleures conditions pour moins cher. Survivant du cancer, il partage aussi une vision simple : profiter de la vie et explorer le monde intelligemment.\",\"sameAs\":[\"https:\\\/\\\/www.reead.com\\\/fr\\\/\",\"https:\\\/\\\/www.facebook.com\\\/welovereead\",\"https:\\\/\\\/www.instagram.com\\\/reead\\\/?hl=fr\",\"https:\\\/\\\/www.pinterest.com\\\/reead\\\/\",\"https:\\\/\\\/x.com\\\/blogdereead\",\"https:\\\/\\\/www.youtube.com\\\/reead\"],\"gender\":\"homme\",\"knowsAbout\":[\"Voyage\",\"miles et points\"],\"knowsLanguage\":[\"Anglais\",\"Fran\u00e7ais\"],\"publishingPrinciples\":\"https:\\\/\\\/www.reead.com\\\/fr\\\/politique-de-publication\\\/\"}]}<\/script>\n<!-- \/ Yoast SEO Premium plugin. -->","yoast_head_json":{"title":"Comment se raser les aisselles quand on est un homme ?","description":"Longtemps tabou, la question des poils est aujourd\u2019hui totalement assum\u00e9. Faut-il oui ou non se raser les aisselles chez un homme ?","robots":{"index":"index","follow":"follow","max-snippet":"max-snippet:-1","max-image-preview":"max-image-preview:large","max-video-preview":"max-video-preview:-1"},"canonical":"https:\/\/www.reead.com\/fr\/faut-il-se-raser-les-aisselles-97322015\/","og_locale":"fr_FR","og_type":"article","og_title":"Comment se raser les aisselles quand on est un homme ?","og_description":"Longtemps tabou, la question des poils est aujourd\u2019hui totalement assum\u00e9. Faut-il oui ou non se raser les aisselles chez un homme ?","og_url":"https:\/\/www.reead.com\/fr\/faut-il-se-raser-les-aisselles-97322015\/","og_site_name":"Conseils Voyage, Mode Homme et Lifestyle","article_publisher":"https:\/\/www.facebook.com\/welovereead","article_author":"https:\/\/www.facebook.com\/welovereead","article_published_time":"2015-11-30T23:03:36+00:00","article_modified_time":"2024-04-24T23:08:47+00:00","og_image":[{"width":550,"height":523,"url":"https:\/\/www.reead.com\/fr\/wp-content\/uploads\/2015\/12\/Les-mecs-faut-il-se-raser-les-aisselles.jpg","type":"image\/jpeg"}],"author":"Reead","twitter_card":"summary_large_image","twitter_creator":"@blogdereead","twitter_site":"@blogdereead","schema":{"@context":"https:\/\/schema.org","@graph":[{"@type":"Article","@id":"https:\/\/www.reead.com\/fr\/faut-il-se-raser-les-aisselles-97322015\/#article","isPartOf":{"@id":"https:\/\/www.reead.com\/fr\/faut-il-se-raser-les-aisselles-97322015\/"},"author":{"name":"Reead","@id":"https:\/\/www.reead.com\/fr\/#\/schema\/person\/551a8a4b469ab53c0b48bcd3846fb3c6"},"headline":"Comment se raser les aisselles quand on est un homme ?","datePublished":"2015-11-30T23:03:36+00:00","dateModified":"2024-04-24T23:08:47+00:00","mainEntityOfPage":{"@id":"https:\/\/www.reead.com\/fr\/faut-il-se-raser-les-aisselles-97322015\/"},"wordCount":946,"commentCount":0,"publisher":{"@id":"https:\/\/www.reead.com\/fr\/#\/schema\/person\/551a8a4b469ab53c0b48bcd3846fb3c6"},"image":{"@id":"https:\/\/www.reead.com\/fr\/faut-il-se-raser-les-aisselles-97322015\/#primaryimage"},"thumbnailUrl":"https:\/\/www.reead.com\/fr\/wp-content\/uploads\/2015\/12\/Les-mecs-faut-il-se-raser-les-aisselles.jpg","articleSection":["Beaut\u00e9 Homme","Rasage homme"],"inLanguage":"fr-FR","potentialAction":[{"@type":"CommentAction","name":"Comment","target":["https:\/\/www.reead.com\/fr\/faut-il-se-raser-les-aisselles-97322015\/#respond"]}]},{"@type":"WebPage","@id":"https:\/\/www.reead.com\/fr\/faut-il-se-raser-les-aisselles-97322015\/","url":"https:\/\/www.reead.com\/fr\/faut-il-se-raser-les-aisselles-97322015\/","name":"Comment se raser les aisselles quand on est un homme ?","isPartOf":{"@id":"https:\/\/www.reead.com\/fr\/#website"},"primaryImageOfPage":{"@id":"https:\/\/www.reead.com\/fr\/faut-il-se-raser-les-aisselles-97322015\/#primaryimage"},"image":{"@id":"https:\/\/www.reead.com\/fr\/faut-il-se-raser-les-aisselles-97322015\/#primaryimage"},"thumbnailUrl":"https:\/\/www.reead.com\/fr\/wp-content\/uploads\/2015\/12\/Les-mecs-faut-il-se-raser-les-aisselles.jpg","datePublished":"2015-11-30T23:03:36+00:00","dateModified":"2024-04-24T23:08:47+00:00","description":"Longtemps tabou, la question des poils est aujourd\u2019hui totalement assum\u00e9. Faut-il oui ou non se raser les aisselles chez un homme ?","breadcrumb":{"@id":"https:\/\/www.reead.com\/fr\/faut-il-se-raser-les-aisselles-97322015\/#breadcrumb"},"inLanguage":"fr-FR","potentialAction":[{"@type":"ReadAction","target":["https:\/\/www.reead.com\/fr\/faut-il-se-raser-les-aisselles-97322015\/"]}]},{"@type":"ImageObject","inLanguage":"fr-FR","@id":"https:\/\/www.reead.com\/fr\/faut-il-se-raser-les-aisselles-97322015\/#primaryimage","url":"https:\/\/www.reead.com\/fr\/wp-content\/uploads\/2015\/12\/Les-mecs-faut-il-se-raser-les-aisselles.jpg","contentUrl":"https:\/\/www.reead.com\/fr\/wp-content\/uploads\/2015\/12\/Les-mecs-faut-il-se-raser-les-aisselles.jpg","width":550,"height":523,"caption":"Les mecs, faut-il se raser les aisselles ?"},{"@type":"BreadcrumbList","@id":"https:\/\/www.reead.com\/fr\/faut-il-se-raser-les-aisselles-97322015\/#breadcrumb","itemListElement":[{"@type":"ListItem","position":1,"name":"Accueil","item":"https:\/\/www.reead.com\/fr\/"},{"@type":"ListItem","position":2,"name":"Beaut\u00e9 Homme","item":"https:\/\/www.reead.com\/fr\/beaute-homme\/"},{"@type":"ListItem","position":3,"name":"Rasage homme","item":"https:\/\/www.reead.com\/fr\/beaute-homme\/rasage-homme\/"},{"@type":"ListItem","position":4,"name":"Comment se raser les aisselles quand on est un homme ?"}]},{"@type":"WebSite","@id":"https:\/\/www.reead.com\/fr\/#website","url":"https:\/\/www.reead.com\/fr\/","name":"Reead.com","description":"Conseils Voyage, Mode Homme et Lifestyle","publisher":{"@id":"https:\/\/www.reead.com\/fr\/#\/schema\/person\/551a8a4b469ab53c0b48bcd3846fb3c6"},"potentialAction":[{"@type":"SearchAction","target":{"@type":"EntryPoint","urlTemplate":"https:\/\/www.reead.com\/fr\/?s={search_term_string}"},"query-input":{"@type":"PropertyValueSpecification","valueRequired":true,"valueName":"search_term_string"}}],"inLanguage":"fr-FR"},{"@type":["Person","Organization"],"@id":"https:\/\/www.reead.com\/fr\/#\/schema\/person\/551a8a4b469ab53c0b48bcd3846fb3c6","name":"Reead","image":{"@type":"ImageObject","inLanguage":"fr-FR","@id":"https:\/\/www.reead.com\/fr\/wp-content\/uploads\/2018\/12\/reead.jpg","url":"https:\/\/www.reead.com\/fr\/wp-content\/uploads\/2018\/12\/reead.jpg","contentUrl":"https:\/\/www.reead.com\/fr\/wp-content\/uploads\/2018\/12\/reead.jpg","width":900,"height":610,"caption":"Reead"},"logo":{"@id":"https:\/\/www.reead.com\/fr\/wp-content\/uploads\/2018\/12\/reead.jpg"},"description":"Reead est un blogueur voyage fran\u00e7ais bas\u00e9 \u00e0 Las Vegas et le fondateur de Reead.com, un blog lanc\u00e9 en 2009 consacr\u00e9 aux voyages, aux miles et aux programmes de fid\u00e9lit\u00e9. Sp\u00e9cialis\u00e9 dans les cartes de cr\u00e9dit voyage, les miles et points, ainsi que les programmes comme Flying Blue, American Express Membership Rewards ou les alliances a\u00e9riennes, il partage des strat\u00e9gies concr\u00e8tes pour r\u00e9duire le co\u00fbt des voyages et optimiser les r\u00e9compenses des cartes de cr\u00e9dit. Install\u00e9 aux \u00c9tats-Unis, Reead publie \u00e9galement des guides pour visiter les USA, des analyses de programmes de fid\u00e9lit\u00e9 et des retours d\u2019exp\u00e9rience sur les compagnies a\u00e9riennes, h\u00f4tels et cartes premium. Depuis plus de 15 ans, ses articles aident les voyageurs \u00e0 comprendre les miles, accumuler des points plus rapidement et voyager dans de meilleures conditions pour moins cher. Survivant du cancer, il partage aussi une vision simple : profiter de la vie et explorer le monde intelligemment.","sameAs":["https:\/\/www.reead.com\/fr\/","https:\/\/www.facebook.com\/welovereead","https:\/\/www.instagram.com\/reead\/?hl=fr","https:\/\/www.pinterest.com\/reead\/","https:\/\/x.com\/blogdereead","https:\/\/www.youtube.com\/reead"],"gender":"homme","knowsAbout":["Voyage","miles et points"],"knowsLanguage":["Anglais","Fran\u00e7ais"],"publishingPrinciples":"https:\/\/www.reead.com\/fr\/politique-de-publication\/"}]}},"_links":{"self":[{"href":"https:\/\/www.reead.com\/fr\/wp-json\/wp\/v2\/posts\/9732","targetHints":{"allow":["GET"]}}],"collection":[{"href":"https:\/\/www.reead.com\/fr\/wp-json\/wp\/v2\/posts"}],"about":[{"href":"https:\/\/www.reead.com\/fr\/wp-json\/wp\/v2\/types\/post"}],"author":[{"embeddable":true,"href":"https:\/\/www.reead.com\/fr\/wp-json\/wp\/v2\/users\/1"}],"replies":[{"embeddable":true,"href":"https:\/\/www.reead.com\/fr\/wp-json\/wp\/v2\/comments?post=9732"}],"version-history":[{"count":0,"href":"https:\/\/www.reead.com\/fr\/wp-json\/wp\/v2\/posts\/9732\/revisions"}],"wp:featuredmedia":[{"embeddable":true,"href":"https:\/\/www.reead.com\/fr\/wp-json\/wp\/v2\/media\/9740"}],"wp:attachment":[{"href":"https:\/\/www.reead.com\/fr\/wp-json\/wp\/v2\/media?parent=9732"}],"wp:term":[{"taxonomy":"category","embeddable":true,"href":"https:\/\/www.reead.com\/fr\/wp-json\/wp\/v2\/categories?post=9732"},{"taxonomy":"post_tag","embeddable":true,"href":"https:\/\/www.reead.com\/fr\/wp-json\/wp\/v2\/tags?post=9732"}],"curies":[{"name":"wp","href":"https:\/\/api.w.org\/{rel}","templated":true}]}}