{"id":9230,"date":"2015-01-27T04:41:00","date_gmt":"2015-01-27T02:41:00","guid":{"rendered":"http:\/\/www.reead.com\/fr\/?p=9230"},"modified":"2021-08-06T02:20:03","modified_gmt":"2021-08-06T00:20:03","slug":"10-photos-de-montreal-en-hiver","status":"publish","type":"post","link":"https:\/\/www.reead.com\/fr\/10-photos-de-montreal-en-hiver-92302015\/","title":{"rendered":"10 photos de Montr\u00e9al en hiver"},"content":{"rendered":"<p><img loading=\"lazy\" decoding=\"async\" class=\"alignnone size-full wp-image-9231\" src=\"https:\/\/www.reead.com\/fr\/wp-content\/uploads\/2015\/01\/montreal-en-hiver-10.jpg\" alt=\"Montr\u00e9al en hiver\" width=\"650\" height=\"650\" srcset=\"https:\/\/www.reead.com\/fr\/wp-content\/uploads\/2015\/01\/montreal-en-hiver-10.jpg 650w,  https:\/\/www.reead.com\/fr\/wp-content\/uploads\/2015\/01\/montreal-en-hiver-10-150x150.jpg 150w,  https:\/\/www.reead.com\/fr\/wp-content\/uploads\/2015\/01\/montreal-en-hiver-10-458x458.jpg 458w,  https:\/\/www.reead.com\/fr\/wp-content\/uploads\/2015\/01\/montreal-en-hiver-10-100x100.jpg 100w,  https:\/\/www.reead.com\/fr\/wp-content\/uploads\/2015\/01\/montreal-en-hiver-10-260x260.jpg 260w,  https:\/\/www.reead.com\/fr\/wp-content\/uploads\/2015\/01\/montreal-en-hiver-10-200x200.jpg 200w\" sizes=\"auto, (max-width: 650px) 100vw, 650px\" \/><\/p>\n<p>Il y a les hivers gris et tristes, il y a des hivers au soleil comme \u00e0 Los Angeles. Mais pas que&#8230; il y a des hivers plein de neige qui donnent l&rsquo;impression de vivre dans le monde du P\u00e8re No\u00ebl.<\/p>\n<p><a href=\"https:\/\/www.reead.com\/fr\/choses-a-absolument-faire-a-montreal-hiver-138262017\/\" target=\"_blank\" rel=\"noopener noreferrer\"><strong>Montr\u00e9al en hiver<\/strong><\/a>, c&rsquo;est des temp\u00e9ratures pouvant aller jusqu&rsquo;\u00e0 moins 40 degr\u00e9s, mais la magie de la ville et de m\u00e8re nature peut faire oublier ce \u00ab\u00a0d\u00e9tail\u00a0\u00bb.<\/p>\n<p>Pour vous j&rsquo;ai r\u00e9alis\u00e9 avec mon iPhone 6 et les filtres Instragram des photos de <strong><a class=\"wpil_keyword_link\" href=\"https:\/\/www.reead.com\/fr\/voyage\/montreal\/\"   title=\"Montr\u00e9al\" data-wpil-keyword-link=\"linked\">Montr\u00e9al<\/a> sous la neige<\/strong>. Centre ville, quartiers r\u00e9sidentiels, parcs, r\u00e9galez-vous les yeux !<\/p>\n<h2>10 photos de Montr\u00e9al sous la neige<\/h2>\n\n\t\t<style type=\"text\/css\">\n\t\t\t#gallery-1 {\n\t\t\t\tmargin: auto;\n\t\t\t}\n\t\t\t#gallery-1 .gallery-item {\n\t\t\t\tfloat: left;\n\t\t\t\tmargin-top: 10px;\n\t\t\t\ttext-align: center;\n\t\t\t\twidth: 50%;\n\t\t\t}\n\t\t\t#gallery-1 img {\n\t\t\t\tborder: 2px solid #cfcfcf;\n\t\t\t}\n\t\t\t#gallery-1 .gallery-caption {\n\t\t\t\tmargin-left: 0;\n\t\t\t}\n\t\t\t\/* see gallery_shortcode() in wp-includes\/media.php *\/\n\t\t<\/style>\n\t\t<div id='gallery-1' class='gallery galleryid-9230 gallery-columns-2 gallery-size-full'><dl class='gallery-item'>\n\t\t\t<dt class='gallery-icon landscape'>\n\t\t\t\t<img loading=\"lazy\" decoding=\"async\" width=\"650\" height=\"650\" src=\"https:\/\/www.reead.com\/fr\/wp-content\/uploads\/2015\/01\/montreal-en-hiver-1.jpg\" class=\"attachment-full size-full\" alt=\"Montr\u00e9al en hiver\" srcset=\"https:\/\/www.reead.com\/fr\/wp-content\/uploads\/2015\/01\/montreal-en-hiver-1.jpg 650w,  https:\/\/www.reead.com\/fr\/wp-content\/uploads\/2015\/01\/montreal-en-hiver-1-150x150.jpg 150w,  https:\/\/www.reead.com\/fr\/wp-content\/uploads\/2015\/01\/montreal-en-hiver-1-458x458.jpg 458w,  https:\/\/www.reead.com\/fr\/wp-content\/uploads\/2015\/01\/montreal-en-hiver-1-100x100.jpg 100w,  https:\/\/www.reead.com\/fr\/wp-content\/uploads\/2015\/01\/montreal-en-hiver-1-260x260.jpg 260w,  https:\/\/www.reead.com\/fr\/wp-content\/uploads\/2015\/01\/montreal-en-hiver-1-200x200.jpg 200w\" sizes=\"auto, (max-width: 650px) 100vw, 650px\" \/>\n\t\t\t<\/dt><\/dl><dl class='gallery-item'>\n\t\t\t<dt class='gallery-icon portrait'>\n\t\t\t\t<img loading=\"lazy\" decoding=\"async\" width=\"650\" height=\"651\" src=\"https:\/\/www.reead.com\/fr\/wp-content\/uploads\/2015\/01\/montreal-en-hiver-2.jpg\" class=\"attachment-full size-full\" alt=\"Montr\u00e9al en hiver\" srcset=\"https:\/\/www.reead.com\/fr\/wp-content\/uploads\/2015\/01\/montreal-en-hiver-2.jpg 650w,  https:\/\/www.reead.com\/fr\/wp-content\/uploads\/2015\/01\/montreal-en-hiver-2-150x150.jpg 150w,  https:\/\/www.reead.com\/fr\/wp-content\/uploads\/2015\/01\/montreal-en-hiver-2-457x458.jpg 457w,  https:\/\/www.reead.com\/fr\/wp-content\/uploads\/2015\/01\/montreal-en-hiver-2-100x100.jpg 100w,  https:\/\/www.reead.com\/fr\/wp-content\/uploads\/2015\/01\/montreal-en-hiver-2-260x260.jpg 260w,  https:\/\/www.reead.com\/fr\/wp-content\/uploads\/2015\/01\/montreal-en-hiver-2-200x200.jpg 200w\" sizes=\"auto, (max-width: 650px) 100vw, 650px\" \/>\n\t\t\t<\/dt><\/dl><br style=\"clear: both\" \/><dl class='gallery-item'>\n\t\t\t<dt class='gallery-icon portrait'>\n\t\t\t\t<img loading=\"lazy\" decoding=\"async\" width=\"650\" height=\"651\" src=\"https:\/\/www.reead.com\/fr\/wp-content\/uploads\/2015\/01\/montreal-en-hiver-3.jpg\" class=\"attachment-full size-full\" alt=\"Montr\u00e9al en hiver\" srcset=\"https:\/\/www.reead.com\/fr\/wp-content\/uploads\/2015\/01\/montreal-en-hiver-3.jpg 650w,  https:\/\/www.reead.com\/fr\/wp-content\/uploads\/2015\/01\/montreal-en-hiver-3-150x150.jpg 150w,  https:\/\/www.reead.com\/fr\/wp-content\/uploads\/2015\/01\/montreal-en-hiver-3-457x458.jpg 457w,  https:\/\/www.reead.com\/fr\/wp-content\/uploads\/2015\/01\/montreal-en-hiver-3-100x100.jpg 100w,  https:\/\/www.reead.com\/fr\/wp-content\/uploads\/2015\/01\/montreal-en-hiver-3-260x260.jpg 260w,  https:\/\/www.reead.com\/fr\/wp-content\/uploads\/2015\/01\/montreal-en-hiver-3-200x200.jpg 200w\" sizes=\"auto, (max-width: 650px) 100vw, 650px\" \/>\n\t\t\t<\/dt><\/dl><dl class='gallery-item'>\n\t\t\t<dt class='gallery-icon landscape'>\n\t\t\t\t<img loading=\"lazy\" decoding=\"async\" width=\"650\" height=\"647\" src=\"https:\/\/www.reead.com\/fr\/wp-content\/uploads\/2015\/01\/montreal-en-hiver-4.jpg\" class=\"attachment-full size-full\" alt=\"Montr\u00e9al en hiver\" srcset=\"https:\/\/www.reead.com\/fr\/wp-content\/uploads\/2015\/01\/montreal-en-hiver-4.jpg 650w,  https:\/\/www.reead.com\/fr\/wp-content\/uploads\/2015\/01\/montreal-en-hiver-4-150x150.jpg 150w,  https:\/\/www.reead.com\/fr\/wp-content\/uploads\/2015\/01\/montreal-en-hiver-4-460x458.jpg 460w,  https:\/\/www.reead.com\/fr\/wp-content\/uploads\/2015\/01\/montreal-en-hiver-4-100x100.jpg 100w,  https:\/\/www.reead.com\/fr\/wp-content\/uploads\/2015\/01\/montreal-en-hiver-4-261x260.jpg 261w,  https:\/\/www.reead.com\/fr\/wp-content\/uploads\/2015\/01\/montreal-en-hiver-4-200x200.jpg 200w\" sizes=\"auto, (max-width: 650px) 100vw, 650px\" \/>\n\t\t\t<\/dt><\/dl><br style=\"clear: both\" \/><dl class='gallery-item'>\n\t\t\t<dt class='gallery-icon landscape'>\n\t\t\t\t<img loading=\"lazy\" decoding=\"async\" width=\"650\" height=\"649\" src=\"https:\/\/www.reead.com\/fr\/wp-content\/uploads\/2015\/01\/montreal-en-hiver-5.jpg\" class=\"attachment-full size-full\" alt=\"Montr\u00e9al en hiver\" srcset=\"https:\/\/www.reead.com\/fr\/wp-content\/uploads\/2015\/01\/montreal-en-hiver-5.jpg 650w,  https:\/\/www.reead.com\/fr\/wp-content\/uploads\/2015\/01\/montreal-en-hiver-5-150x150.jpg 150w,  https:\/\/www.reead.com\/fr\/wp-content\/uploads\/2015\/01\/montreal-en-hiver-5-459x458.jpg 459w,  https:\/\/www.reead.com\/fr\/wp-content\/uploads\/2015\/01\/montreal-en-hiver-5-100x100.jpg 100w,  https:\/\/www.reead.com\/fr\/wp-content\/uploads\/2015\/01\/montreal-en-hiver-5-260x260.jpg 260w,  https:\/\/www.reead.com\/fr\/wp-content\/uploads\/2015\/01\/montreal-en-hiver-5-200x200.jpg 200w\" sizes=\"auto, (max-width: 650px) 100vw, 650px\" \/>\n\t\t\t<\/dt><\/dl><dl class='gallery-item'>\n\t\t\t<dt class='gallery-icon portrait'>\n\t\t\t\t<img loading=\"lazy\" decoding=\"async\" width=\"650\" height=\"657\" src=\"https:\/\/www.reead.com\/fr\/wp-content\/uploads\/2015\/01\/montreal-en-hiver-6.jpg\" class=\"attachment-full size-full\" alt=\"Montr\u00e9al en hiver\" srcset=\"https:\/\/www.reead.com\/fr\/wp-content\/uploads\/2015\/01\/montreal-en-hiver-6.jpg 650w,  https:\/\/www.reead.com\/fr\/wp-content\/uploads\/2015\/01\/montreal-en-hiver-6-453x458.jpg 453w,  https:\/\/www.reead.com\/fr\/wp-content\/uploads\/2015\/01\/montreal-en-hiver-6-100x100.jpg 100w,  https:\/\/www.reead.com\/fr\/wp-content\/uploads\/2015\/01\/montreal-en-hiver-6-257x260.jpg 257w\" sizes=\"auto, (max-width: 650px) 100vw, 650px\" \/>\n\t\t\t<\/dt><\/dl><br style=\"clear: both\" \/><dl class='gallery-item'>\n\t\t\t<dt class='gallery-icon landscape'>\n\t\t\t\t<img loading=\"lazy\" decoding=\"async\" width=\"650\" height=\"650\" src=\"https:\/\/www.reead.com\/fr\/wp-content\/uploads\/2015\/01\/montreal-en-hiver-10.jpg\" class=\"attachment-full size-full\" alt=\"Montr\u00e9al en hiver\" srcset=\"https:\/\/www.reead.com\/fr\/wp-content\/uploads\/2015\/01\/montreal-en-hiver-10.jpg 650w,  https:\/\/www.reead.com\/fr\/wp-content\/uploads\/2015\/01\/montreal-en-hiver-10-150x150.jpg 150w,  https:\/\/www.reead.com\/fr\/wp-content\/uploads\/2015\/01\/montreal-en-hiver-10-458x458.jpg 458w,  https:\/\/www.reead.com\/fr\/wp-content\/uploads\/2015\/01\/montreal-en-hiver-10-100x100.jpg 100w,  https:\/\/www.reead.com\/fr\/wp-content\/uploads\/2015\/01\/montreal-en-hiver-10-260x260.jpg 260w,  https:\/\/www.reead.com\/fr\/wp-content\/uploads\/2015\/01\/montreal-en-hiver-10-200x200.jpg 200w\" sizes=\"auto, (max-width: 650px) 100vw, 650px\" \/>\n\t\t\t<\/dt><\/dl><dl class='gallery-item'>\n\t\t\t<dt class='gallery-icon landscape'>\n\t\t\t\t<img loading=\"lazy\" decoding=\"async\" width=\"650\" height=\"649\" src=\"https:\/\/www.reead.com\/fr\/wp-content\/uploads\/2015\/01\/montreal-en-hiver-9.jpg\" class=\"attachment-full size-full\" alt=\"Montr\u00e9al en hiver\" srcset=\"https:\/\/www.reead.com\/fr\/wp-content\/uploads\/2015\/01\/montreal-en-hiver-9.jpg 650w,  https:\/\/www.reead.com\/fr\/wp-content\/uploads\/2015\/01\/montreal-en-hiver-9-150x150.jpg 150w,  https:\/\/www.reead.com\/fr\/wp-content\/uploads\/2015\/01\/montreal-en-hiver-9-459x458.jpg 459w,  https:\/\/www.reead.com\/fr\/wp-content\/uploads\/2015\/01\/montreal-en-hiver-9-100x100.jpg 100w,  https:\/\/www.reead.com\/fr\/wp-content\/uploads\/2015\/01\/montreal-en-hiver-9-260x260.jpg 260w,  https:\/\/www.reead.com\/fr\/wp-content\/uploads\/2015\/01\/montreal-en-hiver-9-200x200.jpg 200w\" sizes=\"auto, (max-width: 650px) 100vw, 650px\" \/>\n\t\t\t<\/dt><\/dl><br style=\"clear: both\" \/><dl class='gallery-item'>\n\t\t\t<dt class='gallery-icon portrait'>\n\t\t\t\t<img loading=\"lazy\" decoding=\"async\" width=\"650\" height=\"654\" src=\"https:\/\/www.reead.com\/fr\/wp-content\/uploads\/2015\/01\/montreal-en-hiver-8.jpg\" class=\"attachment-full size-full\" alt=\"Montr\u00e9al en hiver\" srcset=\"https:\/\/www.reead.com\/fr\/wp-content\/uploads\/2015\/01\/montreal-en-hiver-8.jpg 650w,  https:\/\/www.reead.com\/fr\/wp-content\/uploads\/2015\/01\/montreal-en-hiver-8-150x150.jpg 150w,  https:\/\/www.reead.com\/fr\/wp-content\/uploads\/2015\/01\/montreal-en-hiver-8-455x458.jpg 455w,  https:\/\/www.reead.com\/fr\/wp-content\/uploads\/2015\/01\/montreal-en-hiver-8-100x100.jpg 100w,  https:\/\/www.reead.com\/fr\/wp-content\/uploads\/2015\/01\/montreal-en-hiver-8-258x260.jpg 258w,  https:\/\/www.reead.com\/fr\/wp-content\/uploads\/2015\/01\/montreal-en-hiver-8-200x200.jpg 200w\" sizes=\"auto, (max-width: 650px) 100vw, 650px\" \/>\n\t\t\t<\/dt><\/dl><dl class='gallery-item'>\n\t\t\t<dt class='gallery-icon landscape'>\n\t\t\t\t<img loading=\"lazy\" decoding=\"async\" width=\"650\" height=\"649\" src=\"https:\/\/www.reead.com\/fr\/wp-content\/uploads\/2015\/01\/montreal-en-hiver-7.jpg\" class=\"attachment-full size-full\" alt=\"Montr\u00e9al en hiver\" srcset=\"https:\/\/www.reead.com\/fr\/wp-content\/uploads\/2015\/01\/montreal-en-hiver-7.jpg 650w,  https:\/\/www.reead.com\/fr\/wp-content\/uploads\/2015\/01\/montreal-en-hiver-7-150x150.jpg 150w,  https:\/\/www.reead.com\/fr\/wp-content\/uploads\/2015\/01\/montreal-en-hiver-7-459x458.jpg 459w,  https:\/\/www.reead.com\/fr\/wp-content\/uploads\/2015\/01\/montreal-en-hiver-7-100x100.jpg 100w,  https:\/\/www.reead.com\/fr\/wp-content\/uploads\/2015\/01\/montreal-en-hiver-7-260x260.jpg 260w,  https:\/\/www.reead.com\/fr\/wp-content\/uploads\/2015\/01\/montreal-en-hiver-7-200x200.jpg 200w\" sizes=\"auto, (max-width: 650px) 100vw, 650px\" \/>\n\t\t\t<\/dt><\/dl><br style=\"clear: both\" \/>\n\t\t<\/div>\n\n<p>&nbsp;<\/p>\n<h2><strong>Faut-il visiter Montr\u00e9al en hiver\u2009? <\/strong><\/h2>\n<p>En tant que plus grande ville de la province de Qu\u00e9bec, Montr\u00e9al se pr\u00eate extr\u00eamement bien au tourisme, quelle que soit la p\u00e9riode de l\u2019ann\u00e9e. Si vous \u00eates int\u00e9ress\u00e9 par un voyage dans cette grande cit\u00e9 canadienne, vous pouvez bien entendu choisir de vous y rendre \u00e0 la belle saison.<\/p>\n<p>Cependant, au <a class=\"wpil_keyword_link\" href=\"https:\/\/www.reead.com\/fr\/canada\/\"   title=\"Canada\" data-wpil-keyword-link=\"linked\">Canada<\/a>, pays o\u00f9 les gens sont habitu\u00e9s \u00e0 des temp\u00e9ratures souvent tr\u00e8s froides de novembre \u00e0 f\u00e9vrier, l\u2019hiver n\u2019arr\u00eate pas l\u2019activit\u00e9 des Montr\u00e9alais, ni leur enthousiasme. C\u2019est d\u2019ailleurs tout le contraire\u2009! De nombreux \u00e9v\u00e9nements et attractions sont \u00e0 y d\u00e9couvrir dans cette saison d\u2019ordinaire peu propice \u00e0 des excursions.<\/p>\n<h2><strong>Des f\u00eates de fin d\u2019ann\u00e9e tr\u00e8s enjou\u00e9es<\/strong><\/h2>\n<p>Lorsque la p\u00e9riode de No\u00ebl approche, Montr\u00e9al s\u2019active d\u2019une \u00e9nergie que je trouve remarquable, notamment au travers de ses march\u00e9s. L\u2019un des principaux points d\u2019int\u00e9r\u00eats n\u2019est autre que le Village de No\u00ebl de Montr\u00e9al, ouvert pendant plus de trois semaines, o\u00f9 vous pourrez aussi bien assister \u00e0 des projections cin\u00e9matographiques que vous restaurer. Autres grands incontournables, les d\u00e9fil\u00e9s qui traversent les parcs de la ville seront pour vous l\u2019occasion d\u2019admirer les cort\u00e8ges.<\/p>\n<p>La musique est \u00e9galement mise \u00e0 contribution, gr\u00e2ce au Festival de musique classique Bach, dans le cadre duquel des concerts gratuits sont propos\u00e9s aux visiteurs, de fin novembre jusqu\u2019\u00e0 la fin de la premi\u00e8re semaine de d\u00e9cembre.<\/p>\n<p>C\u00f4t\u00e9 activit\u00e9s, il vous sera possible de vous offrir des balades en cal\u00e8che dans les grandes avenues, ou bien de vous rendre \u00e0 la patinoire du Vieux-Port que j\u2019adore, afin de vous initier \u00e0 la pratique du patin \u00e0 glace, typique des pays du nord.<\/p>\n<h2><strong>Des \u00e9v\u00e9nements culturels \u00e0 foison<\/strong><\/h2>\n<p>Vous l\u2019aurez compris, \u00e0 Montr\u00e9al, le mois de d\u00e9cembre est particuli\u00e8rement riche en festivals et en salons, qui s\u2019adressent \u00e0 des publics vari\u00e9s. Par exemple, le Mini-Comiccon, qui se tient au d\u00e9but du mois, ravira les amateurs de bandes dessin\u00e9es.<\/p>\n<p>Pendant les festivit\u00e9s de la saison froide, les principaux centres d\u2019int\u00e9r\u00eat culturels restent bien \u00e9videmment ouverts, et proposent parfois un acc\u00e8s privil\u00e9gi\u00e9. C\u2019est le cas du Mus\u00e9e des Beaux-Arts de Montr\u00e9al, gratuit au cours de la derni\u00e8re semaine de d\u00e9cembre.<\/p>\n<h2><strong>Le tourisme hivernal \u00e0 Montr\u00e9al\u00a0: No\u00ebl, mais pas que\u2009!<\/strong><\/h2>\n<p>Apr\u00e8s le 25\u00a0d\u00e9cembre, vous pouvez opter pour vivre le Nouvel An \u00e0 Montr\u00e9al, autre moment tr\u00e8s attendu dans la cit\u00e9. La F\u00eate des Neiges a lieu d\u00e9but janvier, et s\u2019\u00e9tend sur quatre jours. Elle a lieu dans le parc Jean-Drapeau, situ\u00e9 \u00e0 proximit\u00e9 du centre-ville, et s\u2019adresse avant tout aux familles, notamment en raison d\u2019un v\u00e9ritable ensemble de jeux pour les enfants.<\/p>\n<p>Au Canada, l\u2019hiver peut \u00eatre long, et les \u00e9v\u00e9nements se poursuivent bien apr\u00e8s la p\u00e9riode allant de No\u00ebl au Nouvel An. Au milieu du mois de f\u00e9vrier, le festival Qu\u00e9bec Cin\u00e9ma pr\u00e9sente des centaines de films, mais aussi des conf\u00e9rences et des soir\u00e9es gratuites, susceptibles d\u2019attirer un public nombreux.<\/p>\n<p>Enfin, il convient de citer le <a href=\"https:\/\/www.montrealenlumiere.com\/\" target=\"_blank\" rel=\"noopener noreferrer\">Festival Montr\u00e9al en Lumi\u00e8re<\/a>, fond\u00e9 en l\u2019an\u00a02000 et d\u00e9sormais organis\u00e9 chaque ann\u00e9e, \u00e0 la fin f\u00e9vrier. \u00c0 cette occasion, la cit\u00e9 s\u2019illumine en soir\u00e9e autour du Vieux-Montr\u00e9al, les habitants et visiteurs peuvent se r\u00e9chauffer pr\u00e8s des bras\u00e9ros tout en profitant d\u2019un immense rendez-vous gastronomique, au c\u0153ur de la \u00ab\u2009Nuit Gourmande\u2009\u00bb. Pour y avoir particip\u00e9, je vous avoue que c\u2019est extraordinaire\u2009!<\/p>\n\n\n<div class=\"kk-star-ratings kksr-auto kksr-align-left kksr-valign-bottom\"\n    data-payload='{&quot;align&quot;:&quot;left&quot;,&quot;id&quot;:&quot;9230&quot;,&quot;slug&quot;:&quot;default&quot;,&quot;valign&quot;:&quot;bottom&quot;,&quot;ignore&quot;:&quot;&quot;,&quot;reference&quot;:&quot;auto&quot;,&quot;class&quot;:&quot;&quot;,&quot;count&quot;:&quot;1&quot;,&quot;legendonly&quot;:&quot;&quot;,&quot;readonly&quot;:&quot;&quot;,&quot;score&quot;:&quot;5&quot;,&quot;starsonly&quot;:&quot;&quot;,&quot;best&quot;:&quot;5&quot;,&quot;gap&quot;:&quot;4&quot;,&quot;greet&quot;:&quot;Votez pour ce post&quot;,&quot;legend&quot;:&quot;5\\\/5 - (1 vote)&quot;,&quot;size&quot;:&quot;24&quot;,&quot;title&quot;:&quot;10 photos de Montr\u00e9al en hiver&quot;,&quot;width&quot;:&quot;138&quot;,&quot;_legend&quot;:&quot;{score}\\\/{best} - ({count} {votes})&quot;,&quot;font_factor&quot;:&quot;1.25&quot;}'>\n            \n<div class=\"kksr-stars\">\n    \n<div class=\"kksr-stars-inactive\">\n            <div class=\"kksr-star\" data-star=\"1\" style=\"padding-right: 4px\">\n            \n\n<div class=\"kksr-icon\" style=\"width: 24px; height: 24px;\"><\/div>\n        <\/div>\n            <div class=\"kksr-star\" data-star=\"2\" style=\"padding-right: 4px\">\n            \n\n<div class=\"kksr-icon\" style=\"width: 24px; height: 24px;\"><\/div>\n        <\/div>\n            <div class=\"kksr-star\" data-star=\"3\" style=\"padding-right: 4px\">\n            \n\n<div class=\"kksr-icon\" style=\"width: 24px; height: 24px;\"><\/div>\n        <\/div>\n            <div class=\"kksr-star\" data-star=\"4\" style=\"padding-right: 4px\">\n            \n\n<div class=\"kksr-icon\" style=\"width: 24px; height: 24px;\"><\/div>\n        <\/div>\n            <div class=\"kksr-star\" data-star=\"5\" style=\"padding-right: 4px\">\n            \n\n<div class=\"kksr-icon\" style=\"width: 24px; height: 24px;\"><\/div>\n        <\/div>\n    <\/div>\n    \n<div class=\"kksr-stars-active\" style=\"width: 138px;\">\n            <div class=\"kksr-star\" style=\"padding-right: 4px\">\n            \n\n<div class=\"kksr-icon\" style=\"width: 24px; height: 24px;\"><\/div>\n        <\/div>\n            <div class=\"kksr-star\" style=\"padding-right: 4px\">\n            \n\n<div class=\"kksr-icon\" style=\"width: 24px; height: 24px;\"><\/div>\n        <\/div>\n            <div class=\"kksr-star\" style=\"padding-right: 4px\">\n            \n\n<div class=\"kksr-icon\" style=\"width: 24px; height: 24px;\"><\/div>\n        <\/div>\n            <div class=\"kksr-star\" style=\"padding-right: 4px\">\n            \n\n<div class=\"kksr-icon\" style=\"width: 24px; height: 24px;\"><\/div>\n        <\/div>\n            <div class=\"kksr-star\" style=\"padding-right: 4px\">\n            \n\n<div class=\"kksr-icon\" style=\"width: 24px; height: 24px;\"><\/div>\n        <\/div>\n    <\/div>\n<\/div>\n                \n\n<div class=\"kksr-legend\" style=\"font-size: 19.2px;\">\n            5\/5 - (1 vote)    <\/div>\n    <\/div>","protected":false},"excerpt":{"rendered":"<p>Voici pour vous 10 photos faites avec mon iPhone de la ville de Montr\u00e9al en hiver, vous allez adorer la neige encore plus.<\/p>","protected":false},"author":1,"featured_media":9233,"comment_status":"open","ping_status":"open","sticky":false,"template":"","format":"standard","meta":{"footnotes":""},"categories":[1059,541],"tags":[5999],"class_list":["post-9230","post","type-post","status-publish","format-standard","has-post-thumbnail","hentry","category-montreal","category-voyage","tag-canada"],"yoast_head":"<!-- This site is optimized with the Yoast SEO Premium plugin v27.4 (Yoast SEO v27.4) - https:\/\/yoast.com\/product\/yoast-seo-premium-wordpress\/ -->\n<title>10 photos de Montr\u00e9al en hiver<\/title>\n<meta name=\"description\" content=\"Voici pour vous 10 photos faites avec mon iPhone de la ville de Montr\u00e9al en hiver, vous allez adorer la neige encore plus.\" \/>\n<meta name=\"robots\" content=\"index, follow, max-snippet:-1, max-image-preview:large, max-video-preview:-1\" \/>\n<link rel=\"canonical\" href=\"https:\/\/www.reead.com\/fr\/10-photos-de-montreal-en-hiver-92302015\/\" \/>\n<meta property=\"og:locale\" content=\"fr_FR\" \/>\n<meta property=\"og:type\" content=\"article\" \/>\n<meta property=\"og:title\" content=\"10 photos de Montr\u00e9al en hiver\" \/>\n<meta property=\"og:description\" content=\"Voici pour vous 10 photos faites avec mon iPhone de la ville de Montr\u00e9al en hiver, vous allez adorer la neige encore plus.\" \/>\n<meta property=\"og:url\" content=\"https:\/\/www.reead.com\/fr\/10-photos-de-montreal-en-hiver-92302015\/\" \/>\n<meta property=\"og:site_name\" content=\"Conseils Voyage, Mode Homme et Lifestyle\" \/>\n<meta property=\"article:publisher\" content=\"https:\/\/www.facebook.com\/welovereead\" \/>\n<meta property=\"article:author\" content=\"https:\/\/www.facebook.com\/welovereead\" \/>\n<meta property=\"article:published_time\" content=\"2015-01-27T02:41:00+00:00\" \/>\n<meta property=\"article:modified_time\" content=\"2021-08-06T00:20:03+00:00\" \/>\n<meta property=\"og:image\" content=\"https:\/\/www.reead.com\/fr\/wp-content\/uploads\/2015\/01\/montreal-en-hiver-8.jpg\" \/>\n\t<meta property=\"og:image:width\" content=\"650\" \/>\n\t<meta property=\"og:image:height\" content=\"654\" \/>\n\t<meta property=\"og:image:type\" content=\"image\/jpeg\" \/>\n<meta name=\"author\" content=\"Reead\" \/>\n<meta name=\"twitter:card\" content=\"summary_large_image\" \/>\n<meta name=\"twitter:creator\" content=\"@blogdereead\" \/>\n<meta name=\"twitter:site\" content=\"@blogdereead\" \/>\n<script type=\"application\/ld+json\" class=\"yoast-schema-graph\">{\"@context\":\"https:\\\/\\\/schema.org\",\"@graph\":[{\"@type\":\"Article\",\"@id\":\"https:\\\/\\\/www.reead.com\\\/fr\\\/10-photos-de-montreal-en-hiver-92302015\\\/#article\",\"isPartOf\":{\"@id\":\"https:\\\/\\\/www.reead.com\\\/fr\\\/10-photos-de-montreal-en-hiver-92302015\\\/\"},\"author\":{\"name\":\"Reead\",\"@id\":\"https:\\\/\\\/www.reead.com\\\/fr\\\/#\\\/schema\\\/person\\\/551a8a4b469ab53c0b48bcd3846fb3c6\"},\"headline\":\"10 photos de Montr\u00e9al en hiver\",\"datePublished\":\"2015-01-27T02:41:00+00:00\",\"dateModified\":\"2021-08-06T00:20:03+00:00\",\"mainEntityOfPage\":{\"@id\":\"https:\\\/\\\/www.reead.com\\\/fr\\\/10-photos-de-montreal-en-hiver-92302015\\\/\"},\"wordCount\":761,\"commentCount\":0,\"publisher\":{\"@id\":\"https:\\\/\\\/www.reead.com\\\/fr\\\/#\\\/schema\\\/person\\\/551a8a4b469ab53c0b48bcd3846fb3c6\"},\"image\":{\"@id\":\"https:\\\/\\\/www.reead.com\\\/fr\\\/10-photos-de-montreal-en-hiver-92302015\\\/#primaryimage\"},\"thumbnailUrl\":\"https:\\\/\\\/www.reead.com\\\/fr\\\/wp-content\\\/uploads\\\/2015\\\/01\\\/montreal-en-hiver-8.jpg\",\"keywords\":[\"Canada\"],\"articleSection\":[\"Montr\u00e9al\",\"Voyage\"],\"inLanguage\":\"fr-FR\",\"potentialAction\":[{\"@type\":\"CommentAction\",\"name\":\"Comment\",\"target\":[\"https:\\\/\\\/www.reead.com\\\/fr\\\/10-photos-de-montreal-en-hiver-92302015\\\/#respond\"]}]},{\"@type\":\"WebPage\",\"@id\":\"https:\\\/\\\/www.reead.com\\\/fr\\\/10-photos-de-montreal-en-hiver-92302015\\\/\",\"url\":\"https:\\\/\\\/www.reead.com\\\/fr\\\/10-photos-de-montreal-en-hiver-92302015\\\/\",\"name\":\"10 photos de Montr\u00e9al en hiver\",\"isPartOf\":{\"@id\":\"https:\\\/\\\/www.reead.com\\\/fr\\\/#website\"},\"primaryImageOfPage\":{\"@id\":\"https:\\\/\\\/www.reead.com\\\/fr\\\/10-photos-de-montreal-en-hiver-92302015\\\/#primaryimage\"},\"image\":{\"@id\":\"https:\\\/\\\/www.reead.com\\\/fr\\\/10-photos-de-montreal-en-hiver-92302015\\\/#primaryimage\"},\"thumbnailUrl\":\"https:\\\/\\\/www.reead.com\\\/fr\\\/wp-content\\\/uploads\\\/2015\\\/01\\\/montreal-en-hiver-8.jpg\",\"datePublished\":\"2015-01-27T02:41:00+00:00\",\"dateModified\":\"2021-08-06T00:20:03+00:00\",\"description\":\"Voici pour vous 10 photos faites avec mon iPhone de la ville de Montr\u00e9al en hiver, vous allez adorer la neige encore plus.\",\"breadcrumb\":{\"@id\":\"https:\\\/\\\/www.reead.com\\\/fr\\\/10-photos-de-montreal-en-hiver-92302015\\\/#breadcrumb\"},\"inLanguage\":\"fr-FR\",\"potentialAction\":[{\"@type\":\"ReadAction\",\"target\":[\"https:\\\/\\\/www.reead.com\\\/fr\\\/10-photos-de-montreal-en-hiver-92302015\\\/\"]}]},{\"@type\":\"ImageObject\",\"inLanguage\":\"fr-FR\",\"@id\":\"https:\\\/\\\/www.reead.com\\\/fr\\\/10-photos-de-montreal-en-hiver-92302015\\\/#primaryimage\",\"url\":\"https:\\\/\\\/www.reead.com\\\/fr\\\/wp-content\\\/uploads\\\/2015\\\/01\\\/montreal-en-hiver-8.jpg\",\"contentUrl\":\"https:\\\/\\\/www.reead.com\\\/fr\\\/wp-content\\\/uploads\\\/2015\\\/01\\\/montreal-en-hiver-8.jpg\",\"width\":650,\"height\":654,\"caption\":\"Montr\u00e9al en hiver\"},{\"@type\":\"BreadcrumbList\",\"@id\":\"https:\\\/\\\/www.reead.com\\\/fr\\\/10-photos-de-montreal-en-hiver-92302015\\\/#breadcrumb\",\"itemListElement\":[{\"@type\":\"ListItem\",\"position\":1,\"name\":\"Accueil\",\"item\":\"https:\\\/\\\/www.reead.com\\\/fr\\\/\"},{\"@type\":\"ListItem\",\"position\":2,\"name\":\"Voyage\",\"item\":\"https:\\\/\\\/www.reead.com\\\/fr\\\/voyage\\\/\"},{\"@type\":\"ListItem\",\"position\":3,\"name\":\"Montr\u00e9al\",\"item\":\"https:\\\/\\\/www.reead.com\\\/fr\\\/voyage\\\/montreal\\\/\"},{\"@type\":\"ListItem\",\"position\":4,\"name\":\"10 photos de Montr\u00e9al en hiver\"}]},{\"@type\":\"WebSite\",\"@id\":\"https:\\\/\\\/www.reead.com\\\/fr\\\/#website\",\"url\":\"https:\\\/\\\/www.reead.com\\\/fr\\\/\",\"name\":\"Reead.com\",\"description\":\"Conseils Voyage, Mode Homme et Lifestyle\",\"publisher\":{\"@id\":\"https:\\\/\\\/www.reead.com\\\/fr\\\/#\\\/schema\\\/person\\\/551a8a4b469ab53c0b48bcd3846fb3c6\"},\"potentialAction\":[{\"@type\":\"SearchAction\",\"target\":{\"@type\":\"EntryPoint\",\"urlTemplate\":\"https:\\\/\\\/www.reead.com\\\/fr\\\/?s={search_term_string}\"},\"query-input\":{\"@type\":\"PropertyValueSpecification\",\"valueRequired\":true,\"valueName\":\"search_term_string\"}}],\"inLanguage\":\"fr-FR\"},{\"@type\":[\"Person\",\"Organization\"],\"@id\":\"https:\\\/\\\/www.reead.com\\\/fr\\\/#\\\/schema\\\/person\\\/551a8a4b469ab53c0b48bcd3846fb3c6\",\"name\":\"Reead\",\"image\":{\"@type\":\"ImageObject\",\"inLanguage\":\"fr-FR\",\"@id\":\"https:\\\/\\\/www.reead.com\\\/fr\\\/wp-content\\\/uploads\\\/2018\\\/12\\\/reead.jpg\",\"url\":\"https:\\\/\\\/www.reead.com\\\/fr\\\/wp-content\\\/uploads\\\/2018\\\/12\\\/reead.jpg\",\"contentUrl\":\"https:\\\/\\\/www.reead.com\\\/fr\\\/wp-content\\\/uploads\\\/2018\\\/12\\\/reead.jpg\",\"width\":900,\"height\":610,\"caption\":\"Reead\"},\"logo\":{\"@id\":\"https:\\\/\\\/www.reead.com\\\/fr\\\/wp-content\\\/uploads\\\/2018\\\/12\\\/reead.jpg\"},\"description\":\"Reead est un blogueur voyage fran\u00e7ais bas\u00e9 \u00e0 Las Vegas et le fondateur de Reead.com, un blog lanc\u00e9 en 2009 consacr\u00e9 aux voyages, aux miles et aux programmes de fid\u00e9lit\u00e9. Sp\u00e9cialis\u00e9 dans les cartes de cr\u00e9dit voyage, les miles et points, ainsi que les programmes comme Flying Blue, American Express Membership Rewards ou les alliances a\u00e9riennes, il partage des strat\u00e9gies concr\u00e8tes pour r\u00e9duire le co\u00fbt des voyages et optimiser les r\u00e9compenses des cartes de cr\u00e9dit. Install\u00e9 aux \u00c9tats-Unis, Reead publie \u00e9galement des guides pour visiter les USA, des analyses de programmes de fid\u00e9lit\u00e9 et des retours d\u2019exp\u00e9rience sur les compagnies a\u00e9riennes, h\u00f4tels et cartes premium. Depuis plus de 15 ans, ses articles aident les voyageurs \u00e0 comprendre les miles, accumuler des points plus rapidement et voyager dans de meilleures conditions pour moins cher. Survivant du cancer, il partage aussi une vision simple : profiter de la vie et explorer le monde intelligemment.\",\"sameAs\":[\"https:\\\/\\\/www.reead.com\\\/fr\\\/\",\"https:\\\/\\\/www.facebook.com\\\/welovereead\",\"https:\\\/\\\/www.instagram.com\\\/reead\\\/?hl=fr\",\"https:\\\/\\\/www.pinterest.com\\\/reead\\\/\",\"https:\\\/\\\/x.com\\\/blogdereead\",\"https:\\\/\\\/www.youtube.com\\\/reead\"],\"gender\":\"homme\",\"knowsAbout\":[\"Voyage\",\"miles et points\"],\"knowsLanguage\":[\"Anglais\",\"Fran\u00e7ais\"],\"publishingPrinciples\":\"https:\\\/\\\/www.reead.com\\\/fr\\\/politique-de-publication\\\/\"}]}<\/script>\n<!-- \/ Yoast SEO Premium plugin. -->","yoast_head_json":{"title":"10 photos de Montr\u00e9al en hiver","description":"Voici pour vous 10 photos faites avec mon iPhone de la ville de Montr\u00e9al en hiver, vous allez adorer la neige encore plus.","robots":{"index":"index","follow":"follow","max-snippet":"max-snippet:-1","max-image-preview":"max-image-preview:large","max-video-preview":"max-video-preview:-1"},"canonical":"https:\/\/www.reead.com\/fr\/10-photos-de-montreal-en-hiver-92302015\/","og_locale":"fr_FR","og_type":"article","og_title":"10 photos de Montr\u00e9al en hiver","og_description":"Voici pour vous 10 photos faites avec mon iPhone de la ville de Montr\u00e9al en hiver, vous allez adorer la neige encore plus.","og_url":"https:\/\/www.reead.com\/fr\/10-photos-de-montreal-en-hiver-92302015\/","og_site_name":"Conseils Voyage, Mode Homme et Lifestyle","article_publisher":"https:\/\/www.facebook.com\/welovereead","article_author":"https:\/\/www.facebook.com\/welovereead","article_published_time":"2015-01-27T02:41:00+00:00","article_modified_time":"2021-08-06T00:20:03+00:00","og_image":[{"width":650,"height":654,"url":"https:\/\/www.reead.com\/fr\/wp-content\/uploads\/2015\/01\/montreal-en-hiver-8.jpg","type":"image\/jpeg"}],"author":"Reead","twitter_card":"summary_large_image","twitter_creator":"@blogdereead","twitter_site":"@blogdereead","schema":{"@context":"https:\/\/schema.org","@graph":[{"@type":"Article","@id":"https:\/\/www.reead.com\/fr\/10-photos-de-montreal-en-hiver-92302015\/#article","isPartOf":{"@id":"https:\/\/www.reead.com\/fr\/10-photos-de-montreal-en-hiver-92302015\/"},"author":{"name":"Reead","@id":"https:\/\/www.reead.com\/fr\/#\/schema\/person\/551a8a4b469ab53c0b48bcd3846fb3c6"},"headline":"10 photos de Montr\u00e9al en hiver","datePublished":"2015-01-27T02:41:00+00:00","dateModified":"2021-08-06T00:20:03+00:00","mainEntityOfPage":{"@id":"https:\/\/www.reead.com\/fr\/10-photos-de-montreal-en-hiver-92302015\/"},"wordCount":761,"commentCount":0,"publisher":{"@id":"https:\/\/www.reead.com\/fr\/#\/schema\/person\/551a8a4b469ab53c0b48bcd3846fb3c6"},"image":{"@id":"https:\/\/www.reead.com\/fr\/10-photos-de-montreal-en-hiver-92302015\/#primaryimage"},"thumbnailUrl":"https:\/\/www.reead.com\/fr\/wp-content\/uploads\/2015\/01\/montreal-en-hiver-8.jpg","keywords":["Canada"],"articleSection":["Montr\u00e9al","Voyage"],"inLanguage":"fr-FR","potentialAction":[{"@type":"CommentAction","name":"Comment","target":["https:\/\/www.reead.com\/fr\/10-photos-de-montreal-en-hiver-92302015\/#respond"]}]},{"@type":"WebPage","@id":"https:\/\/www.reead.com\/fr\/10-photos-de-montreal-en-hiver-92302015\/","url":"https:\/\/www.reead.com\/fr\/10-photos-de-montreal-en-hiver-92302015\/","name":"10 photos de Montr\u00e9al en hiver","isPartOf":{"@id":"https:\/\/www.reead.com\/fr\/#website"},"primaryImageOfPage":{"@id":"https:\/\/www.reead.com\/fr\/10-photos-de-montreal-en-hiver-92302015\/#primaryimage"},"image":{"@id":"https:\/\/www.reead.com\/fr\/10-photos-de-montreal-en-hiver-92302015\/#primaryimage"},"thumbnailUrl":"https:\/\/www.reead.com\/fr\/wp-content\/uploads\/2015\/01\/montreal-en-hiver-8.jpg","datePublished":"2015-01-27T02:41:00+00:00","dateModified":"2021-08-06T00:20:03+00:00","description":"Voici pour vous 10 photos faites avec mon iPhone de la ville de Montr\u00e9al en hiver, vous allez adorer la neige encore plus.","breadcrumb":{"@id":"https:\/\/www.reead.com\/fr\/10-photos-de-montreal-en-hiver-92302015\/#breadcrumb"},"inLanguage":"fr-FR","potentialAction":[{"@type":"ReadAction","target":["https:\/\/www.reead.com\/fr\/10-photos-de-montreal-en-hiver-92302015\/"]}]},{"@type":"ImageObject","inLanguage":"fr-FR","@id":"https:\/\/www.reead.com\/fr\/10-photos-de-montreal-en-hiver-92302015\/#primaryimage","url":"https:\/\/www.reead.com\/fr\/wp-content\/uploads\/2015\/01\/montreal-en-hiver-8.jpg","contentUrl":"https:\/\/www.reead.com\/fr\/wp-content\/uploads\/2015\/01\/montreal-en-hiver-8.jpg","width":650,"height":654,"caption":"Montr\u00e9al en hiver"},{"@type":"BreadcrumbList","@id":"https:\/\/www.reead.com\/fr\/10-photos-de-montreal-en-hiver-92302015\/#breadcrumb","itemListElement":[{"@type":"ListItem","position":1,"name":"Accueil","item":"https:\/\/www.reead.com\/fr\/"},{"@type":"ListItem","position":2,"name":"Voyage","item":"https:\/\/www.reead.com\/fr\/voyage\/"},{"@type":"ListItem","position":3,"name":"Montr\u00e9al","item":"https:\/\/www.reead.com\/fr\/voyage\/montreal\/"},{"@type":"ListItem","position":4,"name":"10 photos de Montr\u00e9al en hiver"}]},{"@type":"WebSite","@id":"https:\/\/www.reead.com\/fr\/#website","url":"https:\/\/www.reead.com\/fr\/","name":"Reead.com","description":"Conseils Voyage, Mode Homme et Lifestyle","publisher":{"@id":"https:\/\/www.reead.com\/fr\/#\/schema\/person\/551a8a4b469ab53c0b48bcd3846fb3c6"},"potentialAction":[{"@type":"SearchAction","target":{"@type":"EntryPoint","urlTemplate":"https:\/\/www.reead.com\/fr\/?s={search_term_string}"},"query-input":{"@type":"PropertyValueSpecification","valueRequired":true,"valueName":"search_term_string"}}],"inLanguage":"fr-FR"},{"@type":["Person","Organization"],"@id":"https:\/\/www.reead.com\/fr\/#\/schema\/person\/551a8a4b469ab53c0b48bcd3846fb3c6","name":"Reead","image":{"@type":"ImageObject","inLanguage":"fr-FR","@id":"https:\/\/www.reead.com\/fr\/wp-content\/uploads\/2018\/12\/reead.jpg","url":"https:\/\/www.reead.com\/fr\/wp-content\/uploads\/2018\/12\/reead.jpg","contentUrl":"https:\/\/www.reead.com\/fr\/wp-content\/uploads\/2018\/12\/reead.jpg","width":900,"height":610,"caption":"Reead"},"logo":{"@id":"https:\/\/www.reead.com\/fr\/wp-content\/uploads\/2018\/12\/reead.jpg"},"description":"Reead est un blogueur voyage fran\u00e7ais bas\u00e9 \u00e0 Las Vegas et le fondateur de Reead.com, un blog lanc\u00e9 en 2009 consacr\u00e9 aux voyages, aux miles et aux programmes de fid\u00e9lit\u00e9. Sp\u00e9cialis\u00e9 dans les cartes de cr\u00e9dit voyage, les miles et points, ainsi que les programmes comme Flying Blue, American Express Membership Rewards ou les alliances a\u00e9riennes, il partage des strat\u00e9gies concr\u00e8tes pour r\u00e9duire le co\u00fbt des voyages et optimiser les r\u00e9compenses des cartes de cr\u00e9dit. Install\u00e9 aux \u00c9tats-Unis, Reead publie \u00e9galement des guides pour visiter les USA, des analyses de programmes de fid\u00e9lit\u00e9 et des retours d\u2019exp\u00e9rience sur les compagnies a\u00e9riennes, h\u00f4tels et cartes premium. Depuis plus de 15 ans, ses articles aident les voyageurs \u00e0 comprendre les miles, accumuler des points plus rapidement et voyager dans de meilleures conditions pour moins cher. Survivant du cancer, il partage aussi une vision simple : profiter de la vie et explorer le monde intelligemment.","sameAs":["https:\/\/www.reead.com\/fr\/","https:\/\/www.facebook.com\/welovereead","https:\/\/www.instagram.com\/reead\/?hl=fr","https:\/\/www.pinterest.com\/reead\/","https:\/\/x.com\/blogdereead","https:\/\/www.youtube.com\/reead"],"gender":"homme","knowsAbout":["Voyage","miles et points"],"knowsLanguage":["Anglais","Fran\u00e7ais"],"publishingPrinciples":"https:\/\/www.reead.com\/fr\/politique-de-publication\/"}]}},"_links":{"self":[{"href":"https:\/\/www.reead.com\/fr\/wp-json\/wp\/v2\/posts\/9230","targetHints":{"allow":["GET"]}}],"collection":[{"href":"https:\/\/www.reead.com\/fr\/wp-json\/wp\/v2\/posts"}],"about":[{"href":"https:\/\/www.reead.com\/fr\/wp-json\/wp\/v2\/types\/post"}],"author":[{"embeddable":true,"href":"https:\/\/www.reead.com\/fr\/wp-json\/wp\/v2\/users\/1"}],"replies":[{"embeddable":true,"href":"https:\/\/www.reead.com\/fr\/wp-json\/wp\/v2\/comments?post=9230"}],"version-history":[{"count":0,"href":"https:\/\/www.reead.com\/fr\/wp-json\/wp\/v2\/posts\/9230\/revisions"}],"wp:featuredmedia":[{"embeddable":true,"href":"https:\/\/www.reead.com\/fr\/wp-json\/wp\/v2\/media\/9233"}],"wp:attachment":[{"href":"https:\/\/www.reead.com\/fr\/wp-json\/wp\/v2\/media?parent=9230"}],"wp:term":[{"taxonomy":"category","embeddable":true,"href":"https:\/\/www.reead.com\/fr\/wp-json\/wp\/v2\/categories?post=9230"},{"taxonomy":"post_tag","embeddable":true,"href":"https:\/\/www.reead.com\/fr\/wp-json\/wp\/v2\/tags?post=9230"}],"curies":[{"name":"wp","href":"https:\/\/api.w.org\/{rel}","templated":true}]}}