{"id":7927,"date":"2014-01-18T18:36:05","date_gmt":"2014-01-18T16:36:05","guid":{"rendered":"http:\/\/www.reead.com\/fr\/?p=7927"},"modified":"2024-05-11T17:55:17","modified_gmt":"2024-05-11T15:55:17","slug":"adidas-les-stan-smith-de-retour-2","status":"publish","type":"post","link":"https:\/\/www.reead.com\/fr\/adidas-les-stan-smith-de-retour-2-79272014\/","title":{"rendered":"Adidas : Les Stan Smith de retour du mod\u00e8le de baskets vintage"},"content":{"rendered":"<p><span style=\"font-size: 16px;\">Dire que plus jeune je trouvais les <\/span><strong style=\"font-size: 16px;\">Stan Smith<\/strong><span style=\"font-size: 16px;\"> vraiment ringardes et que d\u00e9sormais je les adore, oui sans blague, neuves ou us\u00e9es comme sur la photo ci-dessous, elles sont vraiment mythiques !<\/span>C&rsquo;est devenu pour moi une pi\u00e8ce incontournable \u00e0 avoir dans son dressing d&rsquo;homme, que cela soit le mod\u00e8le blanc \u00e0 bande verte le mod\u00e8le int\u00e9gralement blanc ou celui de votre choix. C&rsquo;est pour moi un mod\u00e8le de <strong>baskets vintage ind\u00e9modable<\/strong>, j&rsquo;ai personnellement 9 paires de Stan Smith de couleurs diff\u00e9rentes.<\/p>\n<div id=\"attachment_285444\" style=\"width: 910px\" class=\"wp-caption alignnone\"><img loading=\"lazy\" decoding=\"async\" aria-describedby=\"caption-attachment-285444\" class=\"wp-image-285444 size-full\" src=\"https:\/\/www.reead.com\/fr\/wp-content\/uploads\/2014\/01\/stan-smith-homme-blanches-et-roses.jpg\" alt=\"stan smith homme blanches et roses\" width=\"900\" height=\"675\" srcset=\"https:\/\/www.reead.com\/fr\/wp-content\/uploads\/2014\/01\/stan-smith-homme-blanches-et-roses.jpg 900w,  https:\/\/www.reead.com\/fr\/wp-content\/uploads\/2014\/01\/stan-smith-homme-blanches-et-roses-610x458.jpg 610w,  https:\/\/www.reead.com\/fr\/wp-content\/uploads\/2014\/01\/stan-smith-homme-blanches-et-roses-768x576.jpg 768w\" sizes=\"auto, (max-width: 900px) 100vw, 900px\" \/><p id=\"caption-attachment-285444\" class=\"wp-caption-text\">Je porte sur la photo des Stan smith homme blanches et roses avec une paire de chaussettes Happy Socks<\/p><\/div>\n<p>Commercialis\u00e9 en France en 1964, ce mod\u00e8le va devenir un best-seller pour la marque <strong><a class=\"wpil_keyword_link\" title=\"Adidas\" href=\"https:\/\/www.reead.com\/fr\/adidas\/\" target=\"_blank\" rel=\"noopener noreferrer\">Adidas<\/a><\/strong>. Il se vend \u00e0 des millions d&rsquo;exemplaires \u00e0 travers le monde. Son succ\u00e8s ? Peut-\u00eatre pour son mod\u00e8le et sa couleur unique, mais elles sont malheureusement retir\u00e9es du march\u00e9 quelques ann\u00e9es plus tard.<\/p>\n<blockquote><p>Elles reviennent d\u00e8s 2014 pour le plaisir des nostalgiques mais aussi pour peut-\u00eatre conqu\u00e9rir le coeur de la nouvelle g\u00e9n\u00e9ration !<\/p><\/blockquote>\n<h2>Stan Smith, les sneakers vintage<\/h2>\n<p>Adidas remet le couvert et relance sa s\u00e9rie <strong>STAN SMITH<\/strong>, qui fut l&rsquo;un des plus gros cartons de la marque d\u00e8s son lancement, dans les ann\u00e9es 60.<\/p>\n<p>D\u00e8s le retour sur le march\u00e9 du mod\u00e8le blanc et vert, le succ\u00e8s est si gros qu&rsquo;Adidas a d\u00e9cid\u00e9 de commercialiser plusieurs nouveaux mod\u00e8les de Stan Smith. La forme reste la m\u00eame, mais la marque s&rsquo;amuse et nous offre une large palette de couleurs.<\/p>\n<p><img loading=\"lazy\" decoding=\"async\" class=\"alignnone size-full wp-image-285445\" src=\"https:\/\/www.reead.com\/fr\/wp-content\/uploads\/2014\/01\/stan-smith-homme-rose.jpg\" alt=\"stan smith homme rose\" width=\"900\" height=\"938\" srcset=\"https:\/\/www.reead.com\/fr\/wp-content\/uploads\/2014\/01\/stan-smith-homme-rose.jpg 900w,  https:\/\/www.reead.com\/fr\/wp-content\/uploads\/2014\/01\/stan-smith-homme-rose-439x458.jpg 439w,  https:\/\/www.reead.com\/fr\/wp-content\/uploads\/2014\/01\/stan-smith-homme-rose-768x800.jpg 768w\" sizes=\"auto, (max-width: 900px) 100vw, 900px\" \/><\/p>\n<p>Personnellement, je suis rest\u00e9 sur le mod\u00e8le de base, celui en vert pendant quelques ann\u00e9es, puis j&rsquo;ai craqu\u00e9 pour le mod\u00e8le rouge, rose int\u00e9grale, bleu, blanc int\u00e9grale et m\u00eame blanc et rose.<\/p>\n<p>Niveau prix, le mod\u00e8le de base, le vert et blanc, est g\u00e9n\u00e9ralement propos\u00e9 autour de 60\u20ac.<\/p>\n<h2>Avec quoi porter des Stan Smith ?<\/h2>\n<p>Elles sont devenus tellement passe partout que j&rsquo;ai envie de dire : Avec tout ce que vous voulez !<\/p>\n<p>Vous pouvez par exemple porter vos Stan Smith avec :<\/p>\n<ul>\n<li>un <a href=\"https:\/\/www.reead.com\/fr\/comment-faire-pinroll-pantalon-jean-1023992018\/\"><strong>jean avec un Pinroll<\/strong><\/a>\u00a0ou un pantalon chino, des chaussettes invisibles et une chemise blanche<\/li>\n<li>un jean et des chaussettes hautes et un sweatshirt<\/li>\n<li>un <strong><a href=\"https:\/\/www.reead.com\/fr\/aussiebum-les-nouveaux-shorts-de-sport-48492011\/\" target=\"_blank\" rel=\"noreferrer noopener\">short de sport<\/a><\/strong> et un d\u00e9bardeur<\/li>\n<li>un jogger skinny et un\u00a0sweatshirt<\/li>\n<li>un bermuda habill\u00e9 avec un polo<\/li>\n<\/ul>\n<p>Evidement, je ne parle pas ici des couleurs que je vous laisserais accorder selon la couleur de vos baskets et si vous avez besoin d&rsquo;aider, prenez le temps de lire mon article qui vous explique <a href=\"https:\/\/www.reead.com\/fr\/comment-porter-stan-smith-4215622019\/\"><strong>comment choisir des Stan Smith<\/strong><\/a> !<\/p>\n<p>Pour finir, voici la vid\u00e9o de pr\u00e9sentation du grand retour des Stan Smith, mod\u00e8le culte et vintage :<\/p>\n<p><iframe loading=\"lazy\" title=\"Stan Smith, une l\u00e9gende alsacienne\" width=\"1170\" height=\"658\" src=\"https:\/\/www.youtube.com\/embed\/pzxOUfGPw6s?feature=oembed\" frameborder=\"0\" allow=\"accelerometer; autoplay; clipboard-write; encrypted-media; gyroscope; picture-in-picture; web-share\" referrerpolicy=\"strict-origin-when-cross-origin\" allowfullscreen><\/iframe><\/p>\n\n\n<div class=\"kk-star-ratings kksr-auto kksr-align-left kksr-valign-bottom\"\n    data-payload='{&quot;align&quot;:&quot;left&quot;,&quot;id&quot;:&quot;7927&quot;,&quot;slug&quot;:&quot;default&quot;,&quot;valign&quot;:&quot;bottom&quot;,&quot;ignore&quot;:&quot;&quot;,&quot;reference&quot;:&quot;auto&quot;,&quot;class&quot;:&quot;&quot;,&quot;count&quot;:&quot;1&quot;,&quot;legendonly&quot;:&quot;&quot;,&quot;readonly&quot;:&quot;&quot;,&quot;score&quot;:&quot;5&quot;,&quot;starsonly&quot;:&quot;&quot;,&quot;best&quot;:&quot;5&quot;,&quot;gap&quot;:&quot;4&quot;,&quot;greet&quot;:&quot;Votez pour ce post&quot;,&quot;legend&quot;:&quot;5\\\/5 - (1 vote)&quot;,&quot;size&quot;:&quot;24&quot;,&quot;title&quot;:&quot;Adidas : Les Stan Smith de retour du mod\u00e8le de baskets vintage&quot;,&quot;width&quot;:&quot;138&quot;,&quot;_legend&quot;:&quot;{score}\\\/{best} - ({count} {votes})&quot;,&quot;font_factor&quot;:&quot;1.25&quot;}'>\n            \n<div class=\"kksr-stars\">\n    \n<div class=\"kksr-stars-inactive\">\n            <div class=\"kksr-star\" data-star=\"1\" style=\"padding-right: 4px\">\n            \n\n<div class=\"kksr-icon\" style=\"width: 24px; height: 24px;\"><\/div>\n        <\/div>\n            <div class=\"kksr-star\" data-star=\"2\" style=\"padding-right: 4px\">\n            \n\n<div class=\"kksr-icon\" style=\"width: 24px; height: 24px;\"><\/div>\n        <\/div>\n            <div class=\"kksr-star\" data-star=\"3\" style=\"padding-right: 4px\">\n            \n\n<div class=\"kksr-icon\" style=\"width: 24px; height: 24px;\"><\/div>\n        <\/div>\n            <div class=\"kksr-star\" data-star=\"4\" style=\"padding-right: 4px\">\n            \n\n<div class=\"kksr-icon\" style=\"width: 24px; height: 24px;\"><\/div>\n        <\/div>\n            <div class=\"kksr-star\" data-star=\"5\" style=\"padding-right: 4px\">\n            \n\n<div class=\"kksr-icon\" style=\"width: 24px; height: 24px;\"><\/div>\n        <\/div>\n    <\/div>\n    \n<div class=\"kksr-stars-active\" style=\"width: 138px;\">\n            <div class=\"kksr-star\" style=\"padding-right: 4px\">\n            \n\n<div class=\"kksr-icon\" style=\"width: 24px; height: 24px;\"><\/div>\n        <\/div>\n            <div class=\"kksr-star\" style=\"padding-right: 4px\">\n            \n\n<div class=\"kksr-icon\" style=\"width: 24px; height: 24px;\"><\/div>\n        <\/div>\n            <div class=\"kksr-star\" style=\"padding-right: 4px\">\n            \n\n<div class=\"kksr-icon\" style=\"width: 24px; height: 24px;\"><\/div>\n        <\/div>\n            <div class=\"kksr-star\" style=\"padding-right: 4px\">\n            \n\n<div class=\"kksr-icon\" style=\"width: 24px; height: 24px;\"><\/div>\n        <\/div>\n            <div class=\"kksr-star\" style=\"padding-right: 4px\">\n            \n\n<div class=\"kksr-icon\" style=\"width: 24px; height: 24px;\"><\/div>\n        <\/div>\n    <\/div>\n<\/div>\n                \n\n<div class=\"kksr-legend\" style=\"font-size: 19.2px;\">\n            5\/5 - (1 vote)    <\/div>\n    <\/div>","protected":false},"excerpt":{"rendered":"<p>Rouges, grises ou encore vertes, les Stan Smith d&rsquo;Adidas vont nous faire tourner la t\u00eate dans les mois \u00e0 venir.<\/p>","protected":false},"author":1,"featured_media":285445,"comment_status":"open","ping_status":"open","sticky":false,"template":"","format":"standard","meta":{"footnotes":""},"categories":[330,552],"tags":[342,1055,1216],"class_list":["post-7927","post","type-post","status-publish","format-standard","has-post-thumbnail","hentry","category-chaussures-hommes","category-mode-homme","tag-adidas","tag-baskets-homme","tag-baskets-vintage"],"yoast_head":"<!-- This site is optimized with the Yoast SEO Premium plugin v27.4 (Yoast SEO v27.4) - https:\/\/yoast.com\/product\/yoast-seo-premium-wordpress\/ -->\n<title>Adidas : Les Stan Smith de retour du mod\u00e8le de baskets vintage<\/title>\n<meta name=\"description\" content=\"Rouges, grises ou encore vertes, les Stan Smith d&#039;Adidas vont nous faire tourner la t\u00eate dans les mois \u00e0 venir.\" \/>\n<meta name=\"robots\" content=\"index, follow, max-snippet:-1, max-image-preview:large, max-video-preview:-1\" \/>\n<link rel=\"canonical\" href=\"https:\/\/www.reead.com\/fr\/adidas-les-stan-smith-de-retour-2-79272014\/\" \/>\n<meta property=\"og:locale\" content=\"fr_FR\" \/>\n<meta property=\"og:type\" content=\"article\" \/>\n<meta property=\"og:title\" content=\"Adidas : Les Stan Smith de retour du mod\u00e8le de baskets vintage\" \/>\n<meta property=\"og:description\" content=\"Rouges, grises ou encore vertes, les Stan Smith d&#039;Adidas vont nous faire tourner la t\u00eate dans les mois \u00e0 venir.\" \/>\n<meta property=\"og:url\" content=\"https:\/\/www.reead.com\/fr\/adidas-les-stan-smith-de-retour-2-79272014\/\" \/>\n<meta property=\"og:site_name\" content=\"Conseils Voyage, Mode Homme et Lifestyle\" \/>\n<meta property=\"article:publisher\" content=\"https:\/\/www.facebook.com\/welovereead\" \/>\n<meta property=\"article:author\" content=\"https:\/\/www.facebook.com\/welovereead\" \/>\n<meta property=\"article:published_time\" content=\"2014-01-18T16:36:05+00:00\" \/>\n<meta property=\"article:modified_time\" content=\"2024-05-11T15:55:17+00:00\" \/>\n<meta property=\"og:image\" content=\"https:\/\/www.reead.com\/fr\/wp-content\/uploads\/2014\/01\/stan-smith-homme-rose.jpg\" \/>\n\t<meta property=\"og:image:width\" content=\"900\" \/>\n\t<meta property=\"og:image:height\" content=\"938\" \/>\n\t<meta property=\"og:image:type\" content=\"image\/jpeg\" \/>\n<meta name=\"author\" content=\"Reead\" \/>\n<meta name=\"twitter:card\" content=\"summary_large_image\" \/>\n<meta name=\"twitter:creator\" content=\"@blogdereead\" \/>\n<meta name=\"twitter:site\" content=\"@blogdereead\" \/>\n<script type=\"application\/ld+json\" class=\"yoast-schema-graph\">{\"@context\":\"https:\\\/\\\/schema.org\",\"@graph\":[{\"@type\":\"Article\",\"@id\":\"https:\\\/\\\/www.reead.com\\\/fr\\\/adidas-les-stan-smith-de-retour-2-79272014\\\/#article\",\"isPartOf\":{\"@id\":\"https:\\\/\\\/www.reead.com\\\/fr\\\/adidas-les-stan-smith-de-retour-2-79272014\\\/\"},\"author\":{\"name\":\"Reead\",\"@id\":\"https:\\\/\\\/www.reead.com\\\/fr\\\/#\\\/schema\\\/person\\\/551a8a4b469ab53c0b48bcd3846fb3c6\"},\"headline\":\"Adidas : Les Stan Smith de retour du mod\u00e8le de baskets vintage\",\"datePublished\":\"2014-01-18T16:36:05+00:00\",\"dateModified\":\"2024-05-11T15:55:17+00:00\",\"mainEntityOfPage\":{\"@id\":\"https:\\\/\\\/www.reead.com\\\/fr\\\/adidas-les-stan-smith-de-retour-2-79272014\\\/\"},\"wordCount\":496,\"commentCount\":0,\"publisher\":{\"@id\":\"https:\\\/\\\/www.reead.com\\\/fr\\\/#\\\/schema\\\/person\\\/551a8a4b469ab53c0b48bcd3846fb3c6\"},\"image\":{\"@id\":\"https:\\\/\\\/www.reead.com\\\/fr\\\/adidas-les-stan-smith-de-retour-2-79272014\\\/#primaryimage\"},\"thumbnailUrl\":\"https:\\\/\\\/www.reead.com\\\/fr\\\/wp-content\\\/uploads\\\/2014\\\/01\\\/stan-smith-homme-rose.jpg\",\"keywords\":[\"Adidas\",\"Baskets homme\",\"Baskets vintage\"],\"articleSection\":[\"Chaussures pour hommes\",\"Conseils Mode homme\"],\"inLanguage\":\"fr-FR\",\"potentialAction\":[{\"@type\":\"CommentAction\",\"name\":\"Comment\",\"target\":[\"https:\\\/\\\/www.reead.com\\\/fr\\\/adidas-les-stan-smith-de-retour-2-79272014\\\/#respond\"]}]},{\"@type\":\"WebPage\",\"@id\":\"https:\\\/\\\/www.reead.com\\\/fr\\\/adidas-les-stan-smith-de-retour-2-79272014\\\/\",\"url\":\"https:\\\/\\\/www.reead.com\\\/fr\\\/adidas-les-stan-smith-de-retour-2-79272014\\\/\",\"name\":\"Adidas : Les Stan Smith de retour du mod\u00e8le de baskets vintage\",\"isPartOf\":{\"@id\":\"https:\\\/\\\/www.reead.com\\\/fr\\\/#website\"},\"primaryImageOfPage\":{\"@id\":\"https:\\\/\\\/www.reead.com\\\/fr\\\/adidas-les-stan-smith-de-retour-2-79272014\\\/#primaryimage\"},\"image\":{\"@id\":\"https:\\\/\\\/www.reead.com\\\/fr\\\/adidas-les-stan-smith-de-retour-2-79272014\\\/#primaryimage\"},\"thumbnailUrl\":\"https:\\\/\\\/www.reead.com\\\/fr\\\/wp-content\\\/uploads\\\/2014\\\/01\\\/stan-smith-homme-rose.jpg\",\"datePublished\":\"2014-01-18T16:36:05+00:00\",\"dateModified\":\"2024-05-11T15:55:17+00:00\",\"description\":\"Rouges, grises ou encore vertes, les Stan Smith d'Adidas vont nous faire tourner la t\u00eate dans les mois \u00e0 venir.\",\"breadcrumb\":{\"@id\":\"https:\\\/\\\/www.reead.com\\\/fr\\\/adidas-les-stan-smith-de-retour-2-79272014\\\/#breadcrumb\"},\"inLanguage\":\"fr-FR\",\"potentialAction\":[{\"@type\":\"ReadAction\",\"target\":[\"https:\\\/\\\/www.reead.com\\\/fr\\\/adidas-les-stan-smith-de-retour-2-79272014\\\/\"]}]},{\"@type\":\"ImageObject\",\"inLanguage\":\"fr-FR\",\"@id\":\"https:\\\/\\\/www.reead.com\\\/fr\\\/adidas-les-stan-smith-de-retour-2-79272014\\\/#primaryimage\",\"url\":\"https:\\\/\\\/www.reead.com\\\/fr\\\/wp-content\\\/uploads\\\/2014\\\/01\\\/stan-smith-homme-rose.jpg\",\"contentUrl\":\"https:\\\/\\\/www.reead.com\\\/fr\\\/wp-content\\\/uploads\\\/2014\\\/01\\\/stan-smith-homme-rose.jpg\",\"width\":900,\"height\":938,\"caption\":\"stan smith homme rose\"},{\"@type\":\"BreadcrumbList\",\"@id\":\"https:\\\/\\\/www.reead.com\\\/fr\\\/adidas-les-stan-smith-de-retour-2-79272014\\\/#breadcrumb\",\"itemListElement\":[{\"@type\":\"ListItem\",\"position\":1,\"name\":\"Accueil\",\"item\":\"https:\\\/\\\/www.reead.com\\\/fr\\\/\"},{\"@type\":\"ListItem\",\"position\":2,\"name\":\"Conseils Mode homme\",\"item\":\"https:\\\/\\\/www.reead.com\\\/fr\\\/mode-homme\\\/\"},{\"@type\":\"ListItem\",\"position\":3,\"name\":\"Chaussures pour hommes\",\"item\":\"https:\\\/\\\/www.reead.com\\\/fr\\\/mode-homme\\\/chaussures-hommes\\\/\"},{\"@type\":\"ListItem\",\"position\":4,\"name\":\"Adidas : Les Stan Smith de retour du mod\u00e8le de baskets vintage\"}]},{\"@type\":\"WebSite\",\"@id\":\"https:\\\/\\\/www.reead.com\\\/fr\\\/#website\",\"url\":\"https:\\\/\\\/www.reead.com\\\/fr\\\/\",\"name\":\"Reead.com\",\"description\":\"Conseils Voyage, Mode Homme et Lifestyle\",\"publisher\":{\"@id\":\"https:\\\/\\\/www.reead.com\\\/fr\\\/#\\\/schema\\\/person\\\/551a8a4b469ab53c0b48bcd3846fb3c6\"},\"potentialAction\":[{\"@type\":\"SearchAction\",\"target\":{\"@type\":\"EntryPoint\",\"urlTemplate\":\"https:\\\/\\\/www.reead.com\\\/fr\\\/?s={search_term_string}\"},\"query-input\":{\"@type\":\"PropertyValueSpecification\",\"valueRequired\":true,\"valueName\":\"search_term_string\"}}],\"inLanguage\":\"fr-FR\"},{\"@type\":[\"Person\",\"Organization\"],\"@id\":\"https:\\\/\\\/www.reead.com\\\/fr\\\/#\\\/schema\\\/person\\\/551a8a4b469ab53c0b48bcd3846fb3c6\",\"name\":\"Reead\",\"image\":{\"@type\":\"ImageObject\",\"inLanguage\":\"fr-FR\",\"@id\":\"https:\\\/\\\/www.reead.com\\\/fr\\\/wp-content\\\/uploads\\\/2018\\\/12\\\/reead.jpg\",\"url\":\"https:\\\/\\\/www.reead.com\\\/fr\\\/wp-content\\\/uploads\\\/2018\\\/12\\\/reead.jpg\",\"contentUrl\":\"https:\\\/\\\/www.reead.com\\\/fr\\\/wp-content\\\/uploads\\\/2018\\\/12\\\/reead.jpg\",\"width\":900,\"height\":610,\"caption\":\"Reead\"},\"logo\":{\"@id\":\"https:\\\/\\\/www.reead.com\\\/fr\\\/wp-content\\\/uploads\\\/2018\\\/12\\\/reead.jpg\"},\"description\":\"Reead est un blogueur voyage fran\u00e7ais bas\u00e9 \u00e0 Las Vegas et le fondateur de Reead.com, un blog lanc\u00e9 en 2009 consacr\u00e9 aux voyages, aux miles et aux programmes de fid\u00e9lit\u00e9. Sp\u00e9cialis\u00e9 dans les cartes de cr\u00e9dit voyage, les miles et points, ainsi que les programmes comme Flying Blue, American Express Membership Rewards ou les alliances a\u00e9riennes, il partage des strat\u00e9gies concr\u00e8tes pour r\u00e9duire le co\u00fbt des voyages et optimiser les r\u00e9compenses des cartes de cr\u00e9dit. Install\u00e9 aux \u00c9tats-Unis, Reead publie \u00e9galement des guides pour visiter les USA, des analyses de programmes de fid\u00e9lit\u00e9 et des retours d\u2019exp\u00e9rience sur les compagnies a\u00e9riennes, h\u00f4tels et cartes premium. Depuis plus de 15 ans, ses articles aident les voyageurs \u00e0 comprendre les miles, accumuler des points plus rapidement et voyager dans de meilleures conditions pour moins cher. Survivant du cancer, il partage aussi une vision simple : profiter de la vie et explorer le monde intelligemment.\",\"sameAs\":[\"https:\\\/\\\/www.reead.com\\\/fr\\\/\",\"https:\\\/\\\/www.facebook.com\\\/welovereead\",\"https:\\\/\\\/www.instagram.com\\\/reead\\\/?hl=fr\",\"https:\\\/\\\/www.pinterest.com\\\/reead\\\/\",\"https:\\\/\\\/x.com\\\/blogdereead\",\"https:\\\/\\\/www.youtube.com\\\/reead\"],\"gender\":\"homme\",\"knowsAbout\":[\"Voyage\",\"miles et points\"],\"knowsLanguage\":[\"Anglais\",\"Fran\u00e7ais\"],\"publishingPrinciples\":\"https:\\\/\\\/www.reead.com\\\/fr\\\/politique-de-publication\\\/\"}]}<\/script>\n<!-- \/ Yoast SEO Premium plugin. -->","yoast_head_json":{"title":"Adidas : Les Stan Smith de retour du mod\u00e8le de baskets vintage","description":"Rouges, grises ou encore vertes, les Stan Smith d'Adidas vont nous faire tourner la t\u00eate dans les mois \u00e0 venir.","robots":{"index":"index","follow":"follow","max-snippet":"max-snippet:-1","max-image-preview":"max-image-preview:large","max-video-preview":"max-video-preview:-1"},"canonical":"https:\/\/www.reead.com\/fr\/adidas-les-stan-smith-de-retour-2-79272014\/","og_locale":"fr_FR","og_type":"article","og_title":"Adidas : Les Stan Smith de retour du mod\u00e8le de baskets vintage","og_description":"Rouges, grises ou encore vertes, les Stan Smith d'Adidas vont nous faire tourner la t\u00eate dans les mois \u00e0 venir.","og_url":"https:\/\/www.reead.com\/fr\/adidas-les-stan-smith-de-retour-2-79272014\/","og_site_name":"Conseils Voyage, Mode Homme et Lifestyle","article_publisher":"https:\/\/www.facebook.com\/welovereead","article_author":"https:\/\/www.facebook.com\/welovereead","article_published_time":"2014-01-18T16:36:05+00:00","article_modified_time":"2024-05-11T15:55:17+00:00","og_image":[{"width":900,"height":938,"url":"https:\/\/www.reead.com\/fr\/wp-content\/uploads\/2014\/01\/stan-smith-homme-rose.jpg","type":"image\/jpeg"}],"author":"Reead","twitter_card":"summary_large_image","twitter_creator":"@blogdereead","twitter_site":"@blogdereead","schema":{"@context":"https:\/\/schema.org","@graph":[{"@type":"Article","@id":"https:\/\/www.reead.com\/fr\/adidas-les-stan-smith-de-retour-2-79272014\/#article","isPartOf":{"@id":"https:\/\/www.reead.com\/fr\/adidas-les-stan-smith-de-retour-2-79272014\/"},"author":{"name":"Reead","@id":"https:\/\/www.reead.com\/fr\/#\/schema\/person\/551a8a4b469ab53c0b48bcd3846fb3c6"},"headline":"Adidas : Les Stan Smith de retour du mod\u00e8le de baskets vintage","datePublished":"2014-01-18T16:36:05+00:00","dateModified":"2024-05-11T15:55:17+00:00","mainEntityOfPage":{"@id":"https:\/\/www.reead.com\/fr\/adidas-les-stan-smith-de-retour-2-79272014\/"},"wordCount":496,"commentCount":0,"publisher":{"@id":"https:\/\/www.reead.com\/fr\/#\/schema\/person\/551a8a4b469ab53c0b48bcd3846fb3c6"},"image":{"@id":"https:\/\/www.reead.com\/fr\/adidas-les-stan-smith-de-retour-2-79272014\/#primaryimage"},"thumbnailUrl":"https:\/\/www.reead.com\/fr\/wp-content\/uploads\/2014\/01\/stan-smith-homme-rose.jpg","keywords":["Adidas","Baskets homme","Baskets vintage"],"articleSection":["Chaussures pour hommes","Conseils Mode homme"],"inLanguage":"fr-FR","potentialAction":[{"@type":"CommentAction","name":"Comment","target":["https:\/\/www.reead.com\/fr\/adidas-les-stan-smith-de-retour-2-79272014\/#respond"]}]},{"@type":"WebPage","@id":"https:\/\/www.reead.com\/fr\/adidas-les-stan-smith-de-retour-2-79272014\/","url":"https:\/\/www.reead.com\/fr\/adidas-les-stan-smith-de-retour-2-79272014\/","name":"Adidas : Les Stan Smith de retour du mod\u00e8le de baskets vintage","isPartOf":{"@id":"https:\/\/www.reead.com\/fr\/#website"},"primaryImageOfPage":{"@id":"https:\/\/www.reead.com\/fr\/adidas-les-stan-smith-de-retour-2-79272014\/#primaryimage"},"image":{"@id":"https:\/\/www.reead.com\/fr\/adidas-les-stan-smith-de-retour-2-79272014\/#primaryimage"},"thumbnailUrl":"https:\/\/www.reead.com\/fr\/wp-content\/uploads\/2014\/01\/stan-smith-homme-rose.jpg","datePublished":"2014-01-18T16:36:05+00:00","dateModified":"2024-05-11T15:55:17+00:00","description":"Rouges, grises ou encore vertes, les Stan Smith d'Adidas vont nous faire tourner la t\u00eate dans les mois \u00e0 venir.","breadcrumb":{"@id":"https:\/\/www.reead.com\/fr\/adidas-les-stan-smith-de-retour-2-79272014\/#breadcrumb"},"inLanguage":"fr-FR","potentialAction":[{"@type":"ReadAction","target":["https:\/\/www.reead.com\/fr\/adidas-les-stan-smith-de-retour-2-79272014\/"]}]},{"@type":"ImageObject","inLanguage":"fr-FR","@id":"https:\/\/www.reead.com\/fr\/adidas-les-stan-smith-de-retour-2-79272014\/#primaryimage","url":"https:\/\/www.reead.com\/fr\/wp-content\/uploads\/2014\/01\/stan-smith-homme-rose.jpg","contentUrl":"https:\/\/www.reead.com\/fr\/wp-content\/uploads\/2014\/01\/stan-smith-homme-rose.jpg","width":900,"height":938,"caption":"stan smith homme rose"},{"@type":"BreadcrumbList","@id":"https:\/\/www.reead.com\/fr\/adidas-les-stan-smith-de-retour-2-79272014\/#breadcrumb","itemListElement":[{"@type":"ListItem","position":1,"name":"Accueil","item":"https:\/\/www.reead.com\/fr\/"},{"@type":"ListItem","position":2,"name":"Conseils Mode homme","item":"https:\/\/www.reead.com\/fr\/mode-homme\/"},{"@type":"ListItem","position":3,"name":"Chaussures pour hommes","item":"https:\/\/www.reead.com\/fr\/mode-homme\/chaussures-hommes\/"},{"@type":"ListItem","position":4,"name":"Adidas : Les Stan Smith de retour du mod\u00e8le de baskets vintage"}]},{"@type":"WebSite","@id":"https:\/\/www.reead.com\/fr\/#website","url":"https:\/\/www.reead.com\/fr\/","name":"Reead.com","description":"Conseils Voyage, Mode Homme et Lifestyle","publisher":{"@id":"https:\/\/www.reead.com\/fr\/#\/schema\/person\/551a8a4b469ab53c0b48bcd3846fb3c6"},"potentialAction":[{"@type":"SearchAction","target":{"@type":"EntryPoint","urlTemplate":"https:\/\/www.reead.com\/fr\/?s={search_term_string}"},"query-input":{"@type":"PropertyValueSpecification","valueRequired":true,"valueName":"search_term_string"}}],"inLanguage":"fr-FR"},{"@type":["Person","Organization"],"@id":"https:\/\/www.reead.com\/fr\/#\/schema\/person\/551a8a4b469ab53c0b48bcd3846fb3c6","name":"Reead","image":{"@type":"ImageObject","inLanguage":"fr-FR","@id":"https:\/\/www.reead.com\/fr\/wp-content\/uploads\/2018\/12\/reead.jpg","url":"https:\/\/www.reead.com\/fr\/wp-content\/uploads\/2018\/12\/reead.jpg","contentUrl":"https:\/\/www.reead.com\/fr\/wp-content\/uploads\/2018\/12\/reead.jpg","width":900,"height":610,"caption":"Reead"},"logo":{"@id":"https:\/\/www.reead.com\/fr\/wp-content\/uploads\/2018\/12\/reead.jpg"},"description":"Reead est un blogueur voyage fran\u00e7ais bas\u00e9 \u00e0 Las Vegas et le fondateur de Reead.com, un blog lanc\u00e9 en 2009 consacr\u00e9 aux voyages, aux miles et aux programmes de fid\u00e9lit\u00e9. Sp\u00e9cialis\u00e9 dans les cartes de cr\u00e9dit voyage, les miles et points, ainsi que les programmes comme Flying Blue, American Express Membership Rewards ou les alliances a\u00e9riennes, il partage des strat\u00e9gies concr\u00e8tes pour r\u00e9duire le co\u00fbt des voyages et optimiser les r\u00e9compenses des cartes de cr\u00e9dit. Install\u00e9 aux \u00c9tats-Unis, Reead publie \u00e9galement des guides pour visiter les USA, des analyses de programmes de fid\u00e9lit\u00e9 et des retours d\u2019exp\u00e9rience sur les compagnies a\u00e9riennes, h\u00f4tels et cartes premium. Depuis plus de 15 ans, ses articles aident les voyageurs \u00e0 comprendre les miles, accumuler des points plus rapidement et voyager dans de meilleures conditions pour moins cher. Survivant du cancer, il partage aussi une vision simple : profiter de la vie et explorer le monde intelligemment.","sameAs":["https:\/\/www.reead.com\/fr\/","https:\/\/www.facebook.com\/welovereead","https:\/\/www.instagram.com\/reead\/?hl=fr","https:\/\/www.pinterest.com\/reead\/","https:\/\/x.com\/blogdereead","https:\/\/www.youtube.com\/reead"],"gender":"homme","knowsAbout":["Voyage","miles et points"],"knowsLanguage":["Anglais","Fran\u00e7ais"],"publishingPrinciples":"https:\/\/www.reead.com\/fr\/politique-de-publication\/"}]}},"_links":{"self":[{"href":"https:\/\/www.reead.com\/fr\/wp-json\/wp\/v2\/posts\/7927","targetHints":{"allow":["GET"]}}],"collection":[{"href":"https:\/\/www.reead.com\/fr\/wp-json\/wp\/v2\/posts"}],"about":[{"href":"https:\/\/www.reead.com\/fr\/wp-json\/wp\/v2\/types\/post"}],"author":[{"embeddable":true,"href":"https:\/\/www.reead.com\/fr\/wp-json\/wp\/v2\/users\/1"}],"replies":[{"embeddable":true,"href":"https:\/\/www.reead.com\/fr\/wp-json\/wp\/v2\/comments?post=7927"}],"version-history":[{"count":0,"href":"https:\/\/www.reead.com\/fr\/wp-json\/wp\/v2\/posts\/7927\/revisions"}],"wp:featuredmedia":[{"embeddable":true,"href":"https:\/\/www.reead.com\/fr\/wp-json\/wp\/v2\/media\/285445"}],"wp:attachment":[{"href":"https:\/\/www.reead.com\/fr\/wp-json\/wp\/v2\/media?parent=7927"}],"wp:term":[{"taxonomy":"category","embeddable":true,"href":"https:\/\/www.reead.com\/fr\/wp-json\/wp\/v2\/categories?post=7927"},{"taxonomy":"post_tag","embeddable":true,"href":"https:\/\/www.reead.com\/fr\/wp-json\/wp\/v2\/tags?post=7927"}],"curies":[{"name":"wp","href":"https:\/\/api.w.org\/{rel}","templated":true}]}}