{"id":6341,"date":"2012-06-26T01:33:12","date_gmt":"2012-06-25T23:33:12","guid":{"rendered":"http:\/\/www.reead.com\/fr\/?p=6341"},"modified":"2020-05-15T17:44:09","modified_gmt":"2020-05-15T15:44:09","slug":"piknic-electronik-de-montreal-photos","status":"publish","type":"post","link":"https:\/\/www.reead.com\/fr\/piknic-electronik-de-montreal-photos-63412012\/","title":{"rendered":"Piknic Electronik de Montr\u00e9al : Passez des journ\u00e9es \u00e0 danser !"},"content":{"rendered":"<p><img loading=\"lazy\" decoding=\"async\" class=\"alignnone wp-image-6344\" title=\"Piknic Electronik\" src=\"https:\/\/www.reead.com\/fr\/wp-content\/uploads\/2012\/06\/Piknic-Electronik_logo.jpg\" alt=\"\" width=\"700\" height=\"351\" srcset=\"https:\/\/www.reead.com\/fr\/wp-content\/uploads\/2012\/06\/Piknic-Electronik_logo.jpg 570w,  https:\/\/www.reead.com\/fr\/wp-content\/uploads\/2012\/06\/Piknic-Electronik_logo-518x260.jpg 518w\" sizes=\"auto, (max-width: 700px) 100vw, 700px\" \/><\/p>\n<p>Danser de 13h \u00e0 21h en plein air sur une musique g\u00e9niale, vous en r\u00eaviez ? Alors vous allez adorer le <strong>Piknic Electronik de <a class=\"wpil_keyword_link\" href=\"https:\/\/www.reead.com\/fr\/voyage\/montreal\/\"   title=\"Montr\u00e9al\" data-wpil-keyword-link=\"linked\">Montr\u00e9al<\/a><\/strong> !<\/p>\n<p>Le concept a \u00e9t\u00e9 lanc\u00e9 il y a plus 10 ans \u00e0 Montr\u00e9al pour transformer <a href=\"https:\/\/fr.wikipedia.org\/wiki\/%C3%8Ele_Sainte-H%C3%A9l%C3%A8ne_(Montr%C3%A9al)\" target=\"_blank\" rel=\"noopener noreferrer\">l&rsquo;Ile Sainte-H\u00e9l\u00e8ne<\/a> en piste de danse g\u00e9ante \u00e0 ciel ouvert.<\/p>\n<h2>Montr\u00e9al se transforme en boite de nuit en plein air<\/h2>\n<p>Sur cette Ile de Montr\u00e9al, la f\u00eate et l&rsquo;ambiance bon enfant sont de rigueur : Tout le monde danse, s&rsquo;amuse et s&rsquo;\u00e9clate seul ou en groupe, vous allez vraiment adorer !<\/p>\n<blockquote><p>A lire aussi\u00a0<a href=\"https:\/\/www.reead.com\/fr\/10-choses-a-absolument-faire-a-montreal-hiver-138262017\"><strong>10 choses \u00e0 absolument faire \u00e0 Montr\u00e9al en hiver<\/strong><\/a><\/p><\/blockquote>\n<p>De plus, les organisateurs ont tout pr\u00e9vu : Bi\u00e8re, cocktails et nourriture sont propos\u00e9s chez vous par des foodtrucks locaux.<\/p>\n<p><img decoding=\"async\" class=\"alignnone size-full wp-image-6346\" title=\"photo-1\" src=\"https:\/\/www.reead.com\/fr\/wp-content\/uploads\/2012\/06\/photo-1.jpg\" alt=\"\" width=\"570\" srcset=\"https:\/\/www.reead.com\/fr\/wp-content\/uploads\/2012\/06\/photo-1.jpg 570w,  https:\/\/www.reead.com\/fr\/wp-content\/uploads\/2012\/06\/photo-1-346x260.jpg 346w\" sizes=\"(max-width: 570px) 100vw, 570px\" \/><\/p>\n<h3>Cot\u00e9 tarifs<\/h3>\n<p>Vous pouvez soit vous offrir un pass \u00e0 la journ\u00e9e au prix de 13,50 $ Canadiens (Environ 10 \u20ac) o\u00f9 si vous vivez sur place, \u00eates \u00e9tudiants ou tout simplement en PTV <a class=\"wpil_keyword_link\" href=\"https:\/\/www.reead.com\/fr\/canada\/\"   title=\"Canada\" data-wpil-keyword-link=\"linked\">Canada<\/a>, il existe un passe ETE entre 86 $ et 116 $ Canadiens, de quoi faire la f\u00eate tout l&rsquo;\u00e9t\u00e9.<\/p>\n<p>Plus d&rsquo;informations sur l&rsquo;\u00e9v\u00e8nement, les DJ&rsquo;s, ou encore acheter vos tickets, visitez\u00a0<a href=\"https:\/\/www.piknicelectronik.com\" target=\"_blank\" rel=\"nofollow noopener noreferrer\">www.piknicelectronik.com<\/a><\/p>\n<p><img decoding=\"async\" class=\"alignnone size-full wp-image-6346\" title=\"photo-1\" src=\"https:\/\/www.reead.com\/fr\/wp-content\/uploads\/2012\/06\/photo-2.jpg\" alt=\"\" width=\"570\" \/><\/p>\n<p><img decoding=\"async\" class=\"alignnone size-full wp-image-6346\" title=\"photo-1\" src=\"https:\/\/www.reead.com\/fr\/wp-content\/uploads\/2012\/06\/photo-4.jpg\" alt=\"\" width=\"570\" \/><\/p>\n<p><img decoding=\"async\" class=\"alignnone size-full wp-image-6346\" title=\"photo-1\" src=\"https:\/\/www.reead.com\/fr\/wp-content\/uploads\/2012\/06\/photo-3.jpg\" alt=\"\" width=\"570\" \/><\/p>\n\n\n<div class=\"kk-star-ratings kksr-auto kksr-align-left kksr-valign-bottom\"\n    data-payload='{&quot;align&quot;:&quot;left&quot;,&quot;id&quot;:&quot;6341&quot;,&quot;slug&quot;:&quot;default&quot;,&quot;valign&quot;:&quot;bottom&quot;,&quot;ignore&quot;:&quot;&quot;,&quot;reference&quot;:&quot;auto&quot;,&quot;class&quot;:&quot;&quot;,&quot;count&quot;:&quot;0&quot;,&quot;legendonly&quot;:&quot;&quot;,&quot;readonly&quot;:&quot;&quot;,&quot;score&quot;:&quot;0&quot;,&quot;starsonly&quot;:&quot;&quot;,&quot;best&quot;:&quot;5&quot;,&quot;gap&quot;:&quot;4&quot;,&quot;greet&quot;:&quot;Votez pour ce post&quot;,&quot;legend&quot;:&quot;0\\\/5 - (0 vote)&quot;,&quot;size&quot;:&quot;24&quot;,&quot;title&quot;:&quot;Piknic Electronik de Montr\u00e9al : Passez des journ\u00e9es \u00e0 danser !&quot;,&quot;width&quot;:&quot;0&quot;,&quot;_legend&quot;:&quot;{score}\\\/{best} - ({count} {votes})&quot;,&quot;font_factor&quot;:&quot;1.25&quot;}'>\n            \n<div class=\"kksr-stars\">\n    \n<div class=\"kksr-stars-inactive\">\n            <div class=\"kksr-star\" data-star=\"1\" style=\"padding-right: 4px\">\n            \n\n<div class=\"kksr-icon\" style=\"width: 24px; height: 24px;\"><\/div>\n        <\/div>\n            <div class=\"kksr-star\" data-star=\"2\" style=\"padding-right: 4px\">\n            \n\n<div class=\"kksr-icon\" style=\"width: 24px; height: 24px;\"><\/div>\n        <\/div>\n            <div class=\"kksr-star\" data-star=\"3\" style=\"padding-right: 4px\">\n            \n\n<div class=\"kksr-icon\" style=\"width: 24px; height: 24px;\"><\/div>\n        <\/div>\n            <div class=\"kksr-star\" data-star=\"4\" style=\"padding-right: 4px\">\n            \n\n<div class=\"kksr-icon\" style=\"width: 24px; height: 24px;\"><\/div>\n        <\/div>\n            <div class=\"kksr-star\" data-star=\"5\" style=\"padding-right: 4px\">\n            \n\n<div class=\"kksr-icon\" style=\"width: 24px; height: 24px;\"><\/div>\n        <\/div>\n    <\/div>\n    \n<div class=\"kksr-stars-active\" style=\"width: 0px;\">\n            <div class=\"kksr-star\" style=\"padding-right: 4px\">\n            \n\n<div class=\"kksr-icon\" style=\"width: 24px; height: 24px;\"><\/div>\n        <\/div>\n            <div class=\"kksr-star\" style=\"padding-right: 4px\">\n            \n\n<div class=\"kksr-icon\" style=\"width: 24px; height: 24px;\"><\/div>\n        <\/div>\n            <div class=\"kksr-star\" style=\"padding-right: 4px\">\n            \n\n<div class=\"kksr-icon\" style=\"width: 24px; height: 24px;\"><\/div>\n        <\/div>\n            <div class=\"kksr-star\" style=\"padding-right: 4px\">\n            \n\n<div class=\"kksr-icon\" style=\"width: 24px; height: 24px;\"><\/div>\n        <\/div>\n            <div class=\"kksr-star\" style=\"padding-right: 4px\">\n            \n\n<div class=\"kksr-icon\" style=\"width: 24px; height: 24px;\"><\/div>\n        <\/div>\n    <\/div>\n<\/div>\n                \n\n<div class=\"kksr-legend\" style=\"font-size: 19.2px;\">\n            <span class=\"kksr-muted\">Votez pour ce post<\/span>\n    <\/div>\n    <\/div>","protected":false},"excerpt":{"rendered":"<p>De la musique, du fun, des gens sympa et un max de bonne musique, d\u00e9couvrez les dimanches du Piknic Electronik de Montr\u00e9al.<\/p>","protected":false},"author":1,"featured_media":6344,"comment_status":"open","ping_status":"open","sticky":false,"template":"","format":"standard","meta":{"footnotes":""},"categories":[1059,541],"tags":[5999],"class_list":["post-6341","post","type-post","status-publish","format-standard","has-post-thumbnail","hentry","category-montreal","category-voyage","tag-canada"],"yoast_head":"<!-- This site is optimized with the Yoast SEO Premium plugin v27.4 (Yoast SEO v27.4) - https:\/\/yoast.com\/product\/yoast-seo-premium-wordpress\/ -->\n<title>Piknic Electronik de Montr\u00e9al : Passez des journ\u00e9es \u00e0 danser !<\/title>\n<meta name=\"description\" content=\"De la musique, du fun, des gens sympa et un max de bonne musique, d\u00e9couvrez les dimanches du Piknic Electronik de Montr\u00e9al.\" \/>\n<meta name=\"robots\" content=\"index, follow, max-snippet:-1, max-image-preview:large, max-video-preview:-1\" \/>\n<link rel=\"canonical\" href=\"https:\/\/www.reead.com\/fr\/piknic-electronik-de-montreal-photos-63412012\/\" \/>\n<meta property=\"og:locale\" content=\"fr_FR\" \/>\n<meta property=\"og:type\" content=\"article\" \/>\n<meta property=\"og:title\" content=\"Piknic Electronik de Montr\u00e9al : Passez des journ\u00e9es \u00e0 danser !\" \/>\n<meta property=\"og:description\" content=\"De la musique, du fun, des gens sympa et un max de bonne musique, d\u00e9couvrez les dimanches du Piknic Electronik de Montr\u00e9al.\" \/>\n<meta property=\"og:url\" content=\"https:\/\/www.reead.com\/fr\/piknic-electronik-de-montreal-photos-63412012\/\" \/>\n<meta property=\"og:site_name\" content=\"Conseils Voyage, Mode Homme et Lifestyle\" \/>\n<meta property=\"article:publisher\" content=\"https:\/\/www.facebook.com\/welovereead\" \/>\n<meta property=\"article:author\" content=\"https:\/\/www.facebook.com\/welovereead\" \/>\n<meta property=\"article:published_time\" content=\"2012-06-25T23:33:12+00:00\" \/>\n<meta property=\"article:modified_time\" content=\"2020-05-15T15:44:09+00:00\" \/>\n<meta property=\"og:image\" content=\"https:\/\/www.reead.com\/fr\/wp-content\/uploads\/2012\/06\/Piknic-Electronik_logo.jpg\" \/>\n\t<meta property=\"og:image:width\" content=\"570\" \/>\n\t<meta property=\"og:image:height\" content=\"286\" \/>\n\t<meta property=\"og:image:type\" content=\"image\/jpeg\" \/>\n<meta name=\"author\" content=\"Reead\" \/>\n<meta name=\"twitter:card\" content=\"summary_large_image\" \/>\n<meta name=\"twitter:creator\" content=\"@blogdereead\" \/>\n<meta name=\"twitter:site\" content=\"@blogdereead\" \/>\n<script type=\"application\/ld+json\" class=\"yoast-schema-graph\">{\"@context\":\"https:\\\/\\\/schema.org\",\"@graph\":[{\"@type\":\"Article\",\"@id\":\"https:\\\/\\\/www.reead.com\\\/fr\\\/piknic-electronik-de-montreal-photos-63412012\\\/#article\",\"isPartOf\":{\"@id\":\"https:\\\/\\\/www.reead.com\\\/fr\\\/piknic-electronik-de-montreal-photos-63412012\\\/\"},\"author\":{\"name\":\"Reead\",\"@id\":\"https:\\\/\\\/www.reead.com\\\/fr\\\/#\\\/schema\\\/person\\\/551a8a4b469ab53c0b48bcd3846fb3c6\"},\"headline\":\"Piknic Electronik de Montr\u00e9al : Passez des journ\u00e9es \u00e0 danser !\",\"datePublished\":\"2012-06-25T23:33:12+00:00\",\"dateModified\":\"2020-05-15T15:44:09+00:00\",\"mainEntityOfPage\":{\"@id\":\"https:\\\/\\\/www.reead.com\\\/fr\\\/piknic-electronik-de-montreal-photos-63412012\\\/\"},\"wordCount\":207,\"commentCount\":0,\"publisher\":{\"@id\":\"https:\\\/\\\/www.reead.com\\\/fr\\\/#\\\/schema\\\/person\\\/551a8a4b469ab53c0b48bcd3846fb3c6\"},\"image\":{\"@id\":\"https:\\\/\\\/www.reead.com\\\/fr\\\/piknic-electronik-de-montreal-photos-63412012\\\/#primaryimage\"},\"thumbnailUrl\":\"https:\\\/\\\/www.reead.com\\\/fr\\\/wp-content\\\/uploads\\\/2012\\\/06\\\/Piknic-Electronik_logo.jpg\",\"keywords\":[\"Canada\"],\"articleSection\":[\"Montr\u00e9al\",\"Voyage\"],\"inLanguage\":\"fr-FR\",\"potentialAction\":[{\"@type\":\"CommentAction\",\"name\":\"Comment\",\"target\":[\"https:\\\/\\\/www.reead.com\\\/fr\\\/piknic-electronik-de-montreal-photos-63412012\\\/#respond\"]}]},{\"@type\":\"WebPage\",\"@id\":\"https:\\\/\\\/www.reead.com\\\/fr\\\/piknic-electronik-de-montreal-photos-63412012\\\/\",\"url\":\"https:\\\/\\\/www.reead.com\\\/fr\\\/piknic-electronik-de-montreal-photos-63412012\\\/\",\"name\":\"Piknic Electronik de Montr\u00e9al : Passez des journ\u00e9es \u00e0 danser !\",\"isPartOf\":{\"@id\":\"https:\\\/\\\/www.reead.com\\\/fr\\\/#website\"},\"primaryImageOfPage\":{\"@id\":\"https:\\\/\\\/www.reead.com\\\/fr\\\/piknic-electronik-de-montreal-photos-63412012\\\/#primaryimage\"},\"image\":{\"@id\":\"https:\\\/\\\/www.reead.com\\\/fr\\\/piknic-electronik-de-montreal-photos-63412012\\\/#primaryimage\"},\"thumbnailUrl\":\"https:\\\/\\\/www.reead.com\\\/fr\\\/wp-content\\\/uploads\\\/2012\\\/06\\\/Piknic-Electronik_logo.jpg\",\"datePublished\":\"2012-06-25T23:33:12+00:00\",\"dateModified\":\"2020-05-15T15:44:09+00:00\",\"description\":\"De la musique, du fun, des gens sympa et un max de bonne musique, d\u00e9couvrez les dimanches du Piknic Electronik de Montr\u00e9al.\",\"breadcrumb\":{\"@id\":\"https:\\\/\\\/www.reead.com\\\/fr\\\/piknic-electronik-de-montreal-photos-63412012\\\/#breadcrumb\"},\"inLanguage\":\"fr-FR\",\"potentialAction\":[{\"@type\":\"ReadAction\",\"target\":[\"https:\\\/\\\/www.reead.com\\\/fr\\\/piknic-electronik-de-montreal-photos-63412012\\\/\"]}]},{\"@type\":\"ImageObject\",\"inLanguage\":\"fr-FR\",\"@id\":\"https:\\\/\\\/www.reead.com\\\/fr\\\/piknic-electronik-de-montreal-photos-63412012\\\/#primaryimage\",\"url\":\"https:\\\/\\\/www.reead.com\\\/fr\\\/wp-content\\\/uploads\\\/2012\\\/06\\\/Piknic-Electronik_logo.jpg\",\"contentUrl\":\"https:\\\/\\\/www.reead.com\\\/fr\\\/wp-content\\\/uploads\\\/2012\\\/06\\\/Piknic-Electronik_logo.jpg\",\"width\":570,\"height\":286,\"caption\":\"piknic electronik\"},{\"@type\":\"BreadcrumbList\",\"@id\":\"https:\\\/\\\/www.reead.com\\\/fr\\\/piknic-electronik-de-montreal-photos-63412012\\\/#breadcrumb\",\"itemListElement\":[{\"@type\":\"ListItem\",\"position\":1,\"name\":\"Accueil\",\"item\":\"https:\\\/\\\/www.reead.com\\\/fr\\\/\"},{\"@type\":\"ListItem\",\"position\":2,\"name\":\"Voyage\",\"item\":\"https:\\\/\\\/www.reead.com\\\/fr\\\/voyage\\\/\"},{\"@type\":\"ListItem\",\"position\":3,\"name\":\"Montr\u00e9al\",\"item\":\"https:\\\/\\\/www.reead.com\\\/fr\\\/voyage\\\/montreal\\\/\"},{\"@type\":\"ListItem\",\"position\":4,\"name\":\"Piknic Electronik de Montr\u00e9al : Passez des journ\u00e9es \u00e0 danser !\"}]},{\"@type\":\"WebSite\",\"@id\":\"https:\\\/\\\/www.reead.com\\\/fr\\\/#website\",\"url\":\"https:\\\/\\\/www.reead.com\\\/fr\\\/\",\"name\":\"Reead.com\",\"description\":\"Conseils Voyage, Mode Homme et Lifestyle\",\"publisher\":{\"@id\":\"https:\\\/\\\/www.reead.com\\\/fr\\\/#\\\/schema\\\/person\\\/551a8a4b469ab53c0b48bcd3846fb3c6\"},\"potentialAction\":[{\"@type\":\"SearchAction\",\"target\":{\"@type\":\"EntryPoint\",\"urlTemplate\":\"https:\\\/\\\/www.reead.com\\\/fr\\\/?s={search_term_string}\"},\"query-input\":{\"@type\":\"PropertyValueSpecification\",\"valueRequired\":true,\"valueName\":\"search_term_string\"}}],\"inLanguage\":\"fr-FR\"},{\"@type\":[\"Person\",\"Organization\"],\"@id\":\"https:\\\/\\\/www.reead.com\\\/fr\\\/#\\\/schema\\\/person\\\/551a8a4b469ab53c0b48bcd3846fb3c6\",\"name\":\"Reead\",\"image\":{\"@type\":\"ImageObject\",\"inLanguage\":\"fr-FR\",\"@id\":\"https:\\\/\\\/www.reead.com\\\/fr\\\/wp-content\\\/uploads\\\/2018\\\/12\\\/reead.jpg\",\"url\":\"https:\\\/\\\/www.reead.com\\\/fr\\\/wp-content\\\/uploads\\\/2018\\\/12\\\/reead.jpg\",\"contentUrl\":\"https:\\\/\\\/www.reead.com\\\/fr\\\/wp-content\\\/uploads\\\/2018\\\/12\\\/reead.jpg\",\"width\":900,\"height\":610,\"caption\":\"Reead\"},\"logo\":{\"@id\":\"https:\\\/\\\/www.reead.com\\\/fr\\\/wp-content\\\/uploads\\\/2018\\\/12\\\/reead.jpg\"},\"description\":\"Reead est un blogueur voyage fran\u00e7ais bas\u00e9 \u00e0 Las Vegas et le fondateur de Reead.com, un blog lanc\u00e9 en 2009 consacr\u00e9 aux voyages, aux miles et aux programmes de fid\u00e9lit\u00e9. Sp\u00e9cialis\u00e9 dans les cartes de cr\u00e9dit voyage, les miles et points, ainsi que les programmes comme Flying Blue, American Express Membership Rewards ou les alliances a\u00e9riennes, il partage des strat\u00e9gies concr\u00e8tes pour r\u00e9duire le co\u00fbt des voyages et optimiser les r\u00e9compenses des cartes de cr\u00e9dit. Install\u00e9 aux \u00c9tats-Unis, Reead publie \u00e9galement des guides pour visiter les USA, des analyses de programmes de fid\u00e9lit\u00e9 et des retours d\u2019exp\u00e9rience sur les compagnies a\u00e9riennes, h\u00f4tels et cartes premium. Depuis plus de 15 ans, ses articles aident les voyageurs \u00e0 comprendre les miles, accumuler des points plus rapidement et voyager dans de meilleures conditions pour moins cher. Survivant du cancer, il partage aussi une vision simple : profiter de la vie et explorer le monde intelligemment.\",\"sameAs\":[\"https:\\\/\\\/www.reead.com\\\/fr\\\/\",\"https:\\\/\\\/www.facebook.com\\\/welovereead\",\"https:\\\/\\\/www.instagram.com\\\/reead\\\/?hl=fr\",\"https:\\\/\\\/www.pinterest.com\\\/reead\\\/\",\"https:\\\/\\\/x.com\\\/blogdereead\",\"https:\\\/\\\/www.youtube.com\\\/reead\"],\"gender\":\"homme\",\"knowsAbout\":[\"Voyage\",\"miles et points\"],\"knowsLanguage\":[\"Anglais\",\"Fran\u00e7ais\"],\"publishingPrinciples\":\"https:\\\/\\\/www.reead.com\\\/fr\\\/politique-de-publication\\\/\"}]}<\/script>\n<!-- \/ Yoast SEO Premium plugin. -->","yoast_head_json":{"title":"Piknic Electronik de Montr\u00e9al : Passez des journ\u00e9es \u00e0 danser !","description":"De la musique, du fun, des gens sympa et un max de bonne musique, d\u00e9couvrez les dimanches du Piknic Electronik de Montr\u00e9al.","robots":{"index":"index","follow":"follow","max-snippet":"max-snippet:-1","max-image-preview":"max-image-preview:large","max-video-preview":"max-video-preview:-1"},"canonical":"https:\/\/www.reead.com\/fr\/piknic-electronik-de-montreal-photos-63412012\/","og_locale":"fr_FR","og_type":"article","og_title":"Piknic Electronik de Montr\u00e9al : Passez des journ\u00e9es \u00e0 danser !","og_description":"De la musique, du fun, des gens sympa et un max de bonne musique, d\u00e9couvrez les dimanches du Piknic Electronik de Montr\u00e9al.","og_url":"https:\/\/www.reead.com\/fr\/piknic-electronik-de-montreal-photos-63412012\/","og_site_name":"Conseils Voyage, Mode Homme et Lifestyle","article_publisher":"https:\/\/www.facebook.com\/welovereead","article_author":"https:\/\/www.facebook.com\/welovereead","article_published_time":"2012-06-25T23:33:12+00:00","article_modified_time":"2020-05-15T15:44:09+00:00","og_image":[{"width":570,"height":286,"url":"https:\/\/www.reead.com\/fr\/wp-content\/uploads\/2012\/06\/Piknic-Electronik_logo.jpg","type":"image\/jpeg"}],"author":"Reead","twitter_card":"summary_large_image","twitter_creator":"@blogdereead","twitter_site":"@blogdereead","schema":{"@context":"https:\/\/schema.org","@graph":[{"@type":"Article","@id":"https:\/\/www.reead.com\/fr\/piknic-electronik-de-montreal-photos-63412012\/#article","isPartOf":{"@id":"https:\/\/www.reead.com\/fr\/piknic-electronik-de-montreal-photos-63412012\/"},"author":{"name":"Reead","@id":"https:\/\/www.reead.com\/fr\/#\/schema\/person\/551a8a4b469ab53c0b48bcd3846fb3c6"},"headline":"Piknic Electronik de Montr\u00e9al : Passez des journ\u00e9es \u00e0 danser !","datePublished":"2012-06-25T23:33:12+00:00","dateModified":"2020-05-15T15:44:09+00:00","mainEntityOfPage":{"@id":"https:\/\/www.reead.com\/fr\/piknic-electronik-de-montreal-photos-63412012\/"},"wordCount":207,"commentCount":0,"publisher":{"@id":"https:\/\/www.reead.com\/fr\/#\/schema\/person\/551a8a4b469ab53c0b48bcd3846fb3c6"},"image":{"@id":"https:\/\/www.reead.com\/fr\/piknic-electronik-de-montreal-photos-63412012\/#primaryimage"},"thumbnailUrl":"https:\/\/www.reead.com\/fr\/wp-content\/uploads\/2012\/06\/Piknic-Electronik_logo.jpg","keywords":["Canada"],"articleSection":["Montr\u00e9al","Voyage"],"inLanguage":"fr-FR","potentialAction":[{"@type":"CommentAction","name":"Comment","target":["https:\/\/www.reead.com\/fr\/piknic-electronik-de-montreal-photos-63412012\/#respond"]}]},{"@type":"WebPage","@id":"https:\/\/www.reead.com\/fr\/piknic-electronik-de-montreal-photos-63412012\/","url":"https:\/\/www.reead.com\/fr\/piknic-electronik-de-montreal-photos-63412012\/","name":"Piknic Electronik de Montr\u00e9al : Passez des journ\u00e9es \u00e0 danser !","isPartOf":{"@id":"https:\/\/www.reead.com\/fr\/#website"},"primaryImageOfPage":{"@id":"https:\/\/www.reead.com\/fr\/piknic-electronik-de-montreal-photos-63412012\/#primaryimage"},"image":{"@id":"https:\/\/www.reead.com\/fr\/piknic-electronik-de-montreal-photos-63412012\/#primaryimage"},"thumbnailUrl":"https:\/\/www.reead.com\/fr\/wp-content\/uploads\/2012\/06\/Piknic-Electronik_logo.jpg","datePublished":"2012-06-25T23:33:12+00:00","dateModified":"2020-05-15T15:44:09+00:00","description":"De la musique, du fun, des gens sympa et un max de bonne musique, d\u00e9couvrez les dimanches du Piknic Electronik de Montr\u00e9al.","breadcrumb":{"@id":"https:\/\/www.reead.com\/fr\/piknic-electronik-de-montreal-photos-63412012\/#breadcrumb"},"inLanguage":"fr-FR","potentialAction":[{"@type":"ReadAction","target":["https:\/\/www.reead.com\/fr\/piknic-electronik-de-montreal-photos-63412012\/"]}]},{"@type":"ImageObject","inLanguage":"fr-FR","@id":"https:\/\/www.reead.com\/fr\/piknic-electronik-de-montreal-photos-63412012\/#primaryimage","url":"https:\/\/www.reead.com\/fr\/wp-content\/uploads\/2012\/06\/Piknic-Electronik_logo.jpg","contentUrl":"https:\/\/www.reead.com\/fr\/wp-content\/uploads\/2012\/06\/Piknic-Electronik_logo.jpg","width":570,"height":286,"caption":"piknic electronik"},{"@type":"BreadcrumbList","@id":"https:\/\/www.reead.com\/fr\/piknic-electronik-de-montreal-photos-63412012\/#breadcrumb","itemListElement":[{"@type":"ListItem","position":1,"name":"Accueil","item":"https:\/\/www.reead.com\/fr\/"},{"@type":"ListItem","position":2,"name":"Voyage","item":"https:\/\/www.reead.com\/fr\/voyage\/"},{"@type":"ListItem","position":3,"name":"Montr\u00e9al","item":"https:\/\/www.reead.com\/fr\/voyage\/montreal\/"},{"@type":"ListItem","position":4,"name":"Piknic Electronik de Montr\u00e9al : Passez des journ\u00e9es \u00e0 danser !"}]},{"@type":"WebSite","@id":"https:\/\/www.reead.com\/fr\/#website","url":"https:\/\/www.reead.com\/fr\/","name":"Reead.com","description":"Conseils Voyage, Mode Homme et Lifestyle","publisher":{"@id":"https:\/\/www.reead.com\/fr\/#\/schema\/person\/551a8a4b469ab53c0b48bcd3846fb3c6"},"potentialAction":[{"@type":"SearchAction","target":{"@type":"EntryPoint","urlTemplate":"https:\/\/www.reead.com\/fr\/?s={search_term_string}"},"query-input":{"@type":"PropertyValueSpecification","valueRequired":true,"valueName":"search_term_string"}}],"inLanguage":"fr-FR"},{"@type":["Person","Organization"],"@id":"https:\/\/www.reead.com\/fr\/#\/schema\/person\/551a8a4b469ab53c0b48bcd3846fb3c6","name":"Reead","image":{"@type":"ImageObject","inLanguage":"fr-FR","@id":"https:\/\/www.reead.com\/fr\/wp-content\/uploads\/2018\/12\/reead.jpg","url":"https:\/\/www.reead.com\/fr\/wp-content\/uploads\/2018\/12\/reead.jpg","contentUrl":"https:\/\/www.reead.com\/fr\/wp-content\/uploads\/2018\/12\/reead.jpg","width":900,"height":610,"caption":"Reead"},"logo":{"@id":"https:\/\/www.reead.com\/fr\/wp-content\/uploads\/2018\/12\/reead.jpg"},"description":"Reead est un blogueur voyage fran\u00e7ais bas\u00e9 \u00e0 Las Vegas et le fondateur de Reead.com, un blog lanc\u00e9 en 2009 consacr\u00e9 aux voyages, aux miles et aux programmes de fid\u00e9lit\u00e9. Sp\u00e9cialis\u00e9 dans les cartes de cr\u00e9dit voyage, les miles et points, ainsi que les programmes comme Flying Blue, American Express Membership Rewards ou les alliances a\u00e9riennes, il partage des strat\u00e9gies concr\u00e8tes pour r\u00e9duire le co\u00fbt des voyages et optimiser les r\u00e9compenses des cartes de cr\u00e9dit. Install\u00e9 aux \u00c9tats-Unis, Reead publie \u00e9galement des guides pour visiter les USA, des analyses de programmes de fid\u00e9lit\u00e9 et des retours d\u2019exp\u00e9rience sur les compagnies a\u00e9riennes, h\u00f4tels et cartes premium. Depuis plus de 15 ans, ses articles aident les voyageurs \u00e0 comprendre les miles, accumuler des points plus rapidement et voyager dans de meilleures conditions pour moins cher. Survivant du cancer, il partage aussi une vision simple : profiter de la vie et explorer le monde intelligemment.","sameAs":["https:\/\/www.reead.com\/fr\/","https:\/\/www.facebook.com\/welovereead","https:\/\/www.instagram.com\/reead\/?hl=fr","https:\/\/www.pinterest.com\/reead\/","https:\/\/x.com\/blogdereead","https:\/\/www.youtube.com\/reead"],"gender":"homme","knowsAbout":["Voyage","miles et points"],"knowsLanguage":["Anglais","Fran\u00e7ais"],"publishingPrinciples":"https:\/\/www.reead.com\/fr\/politique-de-publication\/"}]}},"_links":{"self":[{"href":"https:\/\/www.reead.com\/fr\/wp-json\/wp\/v2\/posts\/6341","targetHints":{"allow":["GET"]}}],"collection":[{"href":"https:\/\/www.reead.com\/fr\/wp-json\/wp\/v2\/posts"}],"about":[{"href":"https:\/\/www.reead.com\/fr\/wp-json\/wp\/v2\/types\/post"}],"author":[{"embeddable":true,"href":"https:\/\/www.reead.com\/fr\/wp-json\/wp\/v2\/users\/1"}],"replies":[{"embeddable":true,"href":"https:\/\/www.reead.com\/fr\/wp-json\/wp\/v2\/comments?post=6341"}],"version-history":[{"count":0,"href":"https:\/\/www.reead.com\/fr\/wp-json\/wp\/v2\/posts\/6341\/revisions"}],"wp:featuredmedia":[{"embeddable":true,"href":"https:\/\/www.reead.com\/fr\/wp-json\/wp\/v2\/media\/6344"}],"wp:attachment":[{"href":"https:\/\/www.reead.com\/fr\/wp-json\/wp\/v2\/media?parent=6341"}],"wp:term":[{"taxonomy":"category","embeddable":true,"href":"https:\/\/www.reead.com\/fr\/wp-json\/wp\/v2\/categories?post=6341"},{"taxonomy":"post_tag","embeddable":true,"href":"https:\/\/www.reead.com\/fr\/wp-json\/wp\/v2\/tags?post=6341"}],"curies":[{"name":"wp","href":"https:\/\/api.w.org\/{rel}","templated":true}]}}