{"id":469540,"date":"2026-09-03T01:34:36","date_gmt":"2026-09-02T23:34:36","guid":{"rendered":"https:\/\/www.reead.com\/fr\/?p=469540"},"modified":"2026-09-03T01:34:36","modified_gmt":"2026-09-02T23:34:36","slug":"enneigement-en-janvier-mars","status":"publish","type":"post","link":"https:\/\/www.reead.com\/fr\/enneigement-en-janvier-mars-4695402026\/","title":{"rendered":"Enneigement en janvier-mars : quelles vall\u00e9es alpines offrent le plus de garanties ?"},"content":{"rendered":"<p>Avec le r\u00e9chauffement climatique qui a \u00e9t\u00e9 particuli\u00e8rement palpable durant l&rsquo;\u00e9t\u00e9 2026, vous \u00eates nombreux \u00e0 \u00eatre<strong> inquiets pour cet hiver<\/strong> : va-t-il y avoir <strong>suffisamment de neige<\/strong> en montagne ? S&rsquo;il y a bien des coins en France o\u00f9 c&rsquo;est de plus en plus compliqu\u00e9 (les Vosges notamment), <strong>les Alpes<\/strong> restent globalement \u00e9pargn\u00e9es. Voici un petit tour d&rsquo;horizon des <strong>vall\u00e9es qui offrent le plus de garanties<\/strong> en termes d&rsquo;enneigement.<\/p>\n<div id=\"attachment_469543\" style=\"width: 1510px\" class=\"wp-caption alignnone\"><img loading=\"lazy\" decoding=\"async\" aria-describedby=\"caption-attachment-469543\" class=\"wp-image-469543 size-full\" src=\"https:\/\/www.reead.com\/fr\/wp-content\/uploads\/2026\/09\/Enneigement-en-janvier-mars.jpg\" alt=\"Enneigement en janvier-mars\" width=\"1500\" height=\"1000\" srcset=\"https:\/\/www.reead.com\/fr\/wp-content\/uploads\/2026\/09\/Enneigement-en-janvier-mars.jpg 1500w,  https:\/\/www.reead.com\/fr\/wp-content\/uploads\/2026\/09\/Enneigement-en-janvier-mars-610x407.jpg 610w,  https:\/\/www.reead.com\/fr\/wp-content\/uploads\/2026\/09\/Enneigement-en-janvier-mars-960x640.jpg 960w,  https:\/\/www.reead.com\/fr\/wp-content\/uploads\/2026\/09\/Enneigement-en-janvier-mars-768x512.jpg 768w,  https:\/\/www.reead.com\/fr\/wp-content\/uploads\/2026\/09\/Enneigement-en-janvier-mars-272x182.jpg 272w\" sizes=\"auto, (max-width: 1500px) 100vw, 1500px\" \/><p id=\"caption-attachment-469543\" class=\"wp-caption-text\">En choisissant Les M\u00e9nuires ou Val Thorens, vous aurez acc\u00e8s au domaine skiable des Trois Vall\u00e9es.<\/p><\/div>\n<h2>Les vall\u00e9es de la Tarentaise<\/h2>\n<p>On commence par les <strong>Alpes du Nord<\/strong> avec les <strong>vall\u00e9es de la Tarentaise<\/strong> qui sont connues pour abriter le domaine skiable mythique des<strong> 3 Vall\u00e9es<\/strong>. Et comme celui-ci est situ\u00e9 en altitude (jusqu&rsquo;\u00e0 <strong>3 230 m\u00e8tres<\/strong>), vous \u00eates assur\u00e9 d&rsquo;avoir de la neige entre janvier et mars.<\/p>\n<h3>La vall\u00e9e des Belleville<\/h3>\n<p>La <strong>vall\u00e9e des Belleville<\/strong> abrite la station la plus haute d&rsquo;Europe : <strong>Val Thorens<\/strong>. Situ\u00e9e \u00e0 pr\u00e8s de 2 300 m\u00e8tres d&rsquo;altitude, elle est forc\u00e9ment la moins impact\u00e9e quand les temp\u00e9ratures hivernales sont hautes. Il faut savoir qu&rsquo;\u00e0 cette altitude, <strong>la neige naturelle tient sans difficult\u00e9<\/strong> durant tout l&rsquo;hiver, ce qui inclut logiquement janvier-mars. Notez qu&rsquo;\u00e0 proximit\u00e9 de cette station, on trouve aussi <strong>Les M\u00e9nuires<\/strong> qui n&rsquo;a rien \u00e0 lui envier pour ce qui est de l&rsquo;enneigement.<\/p>\n<p>Pour profiter pleinement de cette neige, mieux vaut tout de m\u00eame s\u00e9lectionner un <strong>h\u00e9bergement en altitude <\/strong>plut\u00f4t qu&rsquo;en fond de vall\u00e9e. Vous aurez en plus<strong> acc\u00e8s directement aux pistes<\/strong>, ce qui est plus pratique en famille. On peut notamment <a href=\"https:\/\/www.sowell.fr\/d\/france\/montagne\/alpes\/\">citer les r\u00e9sidences de Sowell dans les Alpes<\/a> qui sont souvent tr\u00e8s bien situ\u00e9es et qui offrent tout le confort n\u00e9cessaire.<\/p>\n<h3>La vall\u00e9e de Saint-Bon<\/h3>\n<p>Se trouvant plus \u00e0 l&rsquo;est, cette vall\u00e9e est surtout r\u00e9put\u00e9e pour accueillir la <strong>station de Courchevel<\/strong> situ\u00e9e \u00e0 <strong>1 850 <\/strong>m\u00e8tres d&rsquo;altitude. Celle-ci permet aussi d&rsquo;acc\u00e9der au domaine des Trois Vall\u00e9es et vous n&rsquo;aurez donc pas \u00e0 vous inqui\u00e9ter : l&rsquo;enneigement est assur\u00e9 entre janvier et mars. Et m\u00eame sur<strong> Courchevel Village<\/strong> (1 550 m\u00e8tres), vous serez plut\u00f4t tranquille \u00e9tant donn\u00e9 que l&rsquo;enneigement moyen au bas du domaine ne descend jamais en dessous de<strong> 50 cm<\/strong>.<\/p>\n<h3>La vall\u00e9e des Allues<\/h3>\n<p>La vall\u00e9e des Allues abrite le domaine de M\u00e9ribel qui comprend plusieurs stations connues : <strong>M\u00e9ribel-Village<\/strong> (1 400 m), <strong>M\u00e9ribel Centre <\/strong>(1 450 \u00e0 1 700 m) \u00a0et <strong>M\u00e9ribel-Mottaret<\/strong> (1 750 \u00e0 1 800 m). Ici encore, on est sur ce qui se fait de mieux en termes d&rsquo;enneigement avec des niveaux similaires \u00e0 la vall\u00e9e de Saint-Bon. Parfait donc pour un s\u00e9jour au ski entre janvier et mars !<\/p>\n<blockquote class=\"wp-embedded-content\" data-secret=\"cT8cLU5lB1\"><p><a href=\"https:\/\/www.reead.com\/fr\/pulls-moches-noel-avis-4611422022\/\">Pulls moches de no\u00ebl : on n\u2019est pas beaux dedans ?<\/a><\/p><\/blockquote>\n<p><iframe loading=\"lazy\" class=\"wp-embedded-content\" sandbox=\"allow-scripts\" security=\"restricted\" style=\"position: absolute; visibility: hidden;\" title=\"\u00ab\u00a0Pulls moches de no\u00ebl : on n\u2019est pas beaux dedans ?\u00a0\u00bb \u2014 Conseils Voyage, Mode Homme et Lifestyle\" src=\"https:\/\/www.reead.com\/fr\/pulls-moches-noel-avis-4611422022\/embed\/#?secret=EYQQwVcJx9#?secret=cT8cLU5lB1\" data-secret=\"cT8cLU5lB1\" width=\"600\" height=\"338\" frameborder=\"0\" marginwidth=\"0\" marginheight=\"0\" scrolling=\"no\"><\/iframe><\/p>\n<h2>La vall\u00e9e de l&rsquo;Ubaye<\/h2>\n<p>Direction les <strong>Alpes du Sud<\/strong> avec la <strong>vall\u00e9e de l&rsquo;Ubaye <\/strong>qui ne d\u00e9\u00e7oit jamais chaque ann\u00e9e. Malgr\u00e9 un ensoleillement g\u00e9n\u00e9reux, l&rsquo;altitude suffit en effet pour s\u00e9curiser l&rsquo;enneigement. Mention sp\u00e9ciale \u00e0 la <strong>station de Pra Loup<\/strong> (1 600 m\u00e8tres) qui n&rsquo;a pas connu de r\u00e9elle difficult\u00e9 durant l&rsquo;hiver 2025 alors que celui-ci a \u00e9t\u00e9 particuli\u00e8rement doux.<\/p>\n<h2>La vall\u00e9e de la Tin\u00e9e<\/h2>\n<p>On termine par la <strong>vall\u00e9e de la Tin\u00e9e<\/strong> qui abrite <strong>Isola 2000<\/strong>. Comme son nom l&rsquo;indique, cette station est situ\u00e9e \u00e0 pr\u00e8s de <strong>2 000 m\u00e8tres<\/strong> d&rsquo;altitude. C&rsquo;est suffisant pour avoir de la neige assur\u00e9e jusqu&rsquo;au d\u00e9but du mois d&rsquo;avril !<\/p>\n\n\n<div class=\"kk-star-ratings kksr-auto kksr-align-left kksr-valign-bottom\"\n    data-payload='{&quot;align&quot;:&quot;left&quot;,&quot;id&quot;:&quot;469540&quot;,&quot;slug&quot;:&quot;default&quot;,&quot;valign&quot;:&quot;bottom&quot;,&quot;ignore&quot;:&quot;&quot;,&quot;reference&quot;:&quot;auto&quot;,&quot;class&quot;:&quot;&quot;,&quot;count&quot;:&quot;1&quot;,&quot;legendonly&quot;:&quot;&quot;,&quot;readonly&quot;:&quot;&quot;,&quot;score&quot;:&quot;5&quot;,&quot;starsonly&quot;:&quot;&quot;,&quot;best&quot;:&quot;5&quot;,&quot;gap&quot;:&quot;4&quot;,&quot;greet&quot;:&quot;Votez pour ce post&quot;,&quot;legend&quot;:&quot;5\\\/5 - (1 vote)&quot;,&quot;size&quot;:&quot;24&quot;,&quot;title&quot;:&quot;Enneigement en janvier-mars : quelles vall\u00e9es alpines offrent le plus de garanties ?&quot;,&quot;width&quot;:&quot;138&quot;,&quot;_legend&quot;:&quot;{score}\\\/{best} - ({count} {votes})&quot;,&quot;font_factor&quot;:&quot;1.25&quot;}'>\n            \n<div class=\"kksr-stars\">\n    \n<div class=\"kksr-stars-inactive\">\n            <div class=\"kksr-star\" data-star=\"1\" style=\"padding-right: 4px\">\n            \n\n<div class=\"kksr-icon\" style=\"width: 24px; height: 24px;\"><\/div>\n        <\/div>\n            <div class=\"kksr-star\" data-star=\"2\" style=\"padding-right: 4px\">\n            \n\n<div class=\"kksr-icon\" style=\"width: 24px; height: 24px;\"><\/div>\n        <\/div>\n            <div class=\"kksr-star\" data-star=\"3\" style=\"padding-right: 4px\">\n            \n\n<div class=\"kksr-icon\" style=\"width: 24px; height: 24px;\"><\/div>\n        <\/div>\n            <div class=\"kksr-star\" data-star=\"4\" style=\"padding-right: 4px\">\n            \n\n<div class=\"kksr-icon\" style=\"width: 24px; height: 24px;\"><\/div>\n        <\/div>\n            <div class=\"kksr-star\" data-star=\"5\" style=\"padding-right: 4px\">\n            \n\n<div class=\"kksr-icon\" style=\"width: 24px; height: 24px;\"><\/div>\n        <\/div>\n    <\/div>\n    \n<div class=\"kksr-stars-active\" style=\"width: 138px;\">\n            <div class=\"kksr-star\" style=\"padding-right: 4px\">\n            \n\n<div class=\"kksr-icon\" style=\"width: 24px; height: 24px;\"><\/div>\n        <\/div>\n            <div class=\"kksr-star\" style=\"padding-right: 4px\">\n            \n\n<div class=\"kksr-icon\" style=\"width: 24px; height: 24px;\"><\/div>\n        <\/div>\n            <div class=\"kksr-star\" style=\"padding-right: 4px\">\n            \n\n<div class=\"kksr-icon\" style=\"width: 24px; height: 24px;\"><\/div>\n        <\/div>\n            <div class=\"kksr-star\" style=\"padding-right: 4px\">\n            \n\n<div class=\"kksr-icon\" style=\"width: 24px; height: 24px;\"><\/div>\n        <\/div>\n            <div class=\"kksr-star\" style=\"padding-right: 4px\">\n            \n\n<div class=\"kksr-icon\" style=\"width: 24px; height: 24px;\"><\/div>\n        <\/div>\n    <\/div>\n<\/div>\n                \n\n<div class=\"kksr-legend\" style=\"font-size: 19.2px;\">\n            5\/5 - (1 vote)    <\/div>\n    <\/div>","protected":false},"excerpt":{"rendered":"<p>Les vall\u00e9es alpines les mieux enneig\u00e9es pour l&rsquo;hiver 2026-2027 : Tarentaise, Belleville, Ubaye, Tin\u00e9e. Ski garanti en altitude.<\/p>","protected":false},"author":6,"featured_media":469543,"comment_status":"open","ping_status":"open","sticky":false,"template":"","format":"standard","meta":{"footnotes":""},"categories":[541],"tags":[6000],"class_list":["post-469540","post","type-post","status-publish","format-standard","has-post-thumbnail","hentry","category-voyage","tag-france"],"yoast_head":"<!-- This site is optimized with the Yoast SEO Premium plugin v28.3 (Yoast SEO v28.3) - https:\/\/yoast.com\/product\/yoast-seo-premium-wordpress\/ -->\n<title>Enneigement hiver 2026 : les vall\u00e9es des Alpes les plus s\u00fbres<\/title>\n<meta name=\"description\" content=\"Les vall\u00e9es alpines les mieux enneig\u00e9es pour l&#039;hiver 2026-2027 : Tarentaise, Belleville, Ubaye, Tin\u00e9e. Ski garanti en altitude.\" \/>\n<meta name=\"robots\" content=\"index, follow, max-snippet:-1, max-image-preview:large, max-video-preview:-1\" \/>\n<link rel=\"canonical\" href=\"https:\/\/www.reead.com\/fr\/enneigement-en-janvier-mars-4695402026\/\" \/>\n<meta property=\"og:locale\" content=\"fr_FR\" \/>\n<meta property=\"og:type\" content=\"article\" \/>\n<meta property=\"og:title\" content=\"Enneigement en janvier-mars : quelles vall\u00e9es alpines offrent le plus de garanties ?\" \/>\n<meta property=\"og:description\" content=\"Les vall\u00e9es alpines les mieux enneig\u00e9es pour l&#039;hiver 2026-2027 : Tarentaise, Belleville, Ubaye, Tin\u00e9e. Ski garanti en altitude.\" \/>\n<meta property=\"og:url\" content=\"https:\/\/www.reead.com\/fr\/enneigement-en-janvier-mars-4695402026\/\" \/>\n<meta property=\"og:site_name\" content=\"Conseils Voyage, Mode Homme et Lifestyle\" \/>\n<meta property=\"article:publisher\" content=\"https:\/\/www.facebook.com\/welovereead\" \/>\n<meta property=\"article:published_time\" content=\"2026-09-02T23:34:36+00:00\" \/>\n<meta property=\"og:image\" content=\"https:\/\/www.reead.com\/fr\/wp-content\/uploads\/2026\/09\/Enneigement-en-janvier-mars.jpg\" \/>\n\t<meta property=\"og:image:width\" content=\"1500\" \/>\n\t<meta property=\"og:image:height\" content=\"1000\" \/>\n\t<meta property=\"og:image:type\" content=\"image\/jpeg\" \/>\n<meta name=\"author\" content=\"La R\u00e9dac Reead.com\" \/>\n<meta name=\"twitter:card\" content=\"summary_large_image\" \/>\n<meta name=\"twitter:creator\" content=\"@reead\" \/>\n<meta name=\"twitter:site\" content=\"@blogdereead\" \/>\n<script type=\"application\/ld+json\" class=\"yoast-schema-graph\">{\"@context\":\"https:\\\/\\\/schema.org\",\"@graph\":[{\"@type\":\"Article\",\"@id\":\"https:\\\/\\\/www.reead.com\\\/fr\\\/enneigement-en-janvier-mars-4695402026\\\/#article\",\"isPartOf\":{\"@id\":\"https:\\\/\\\/www.reead.com\\\/fr\\\/enneigement-en-janvier-mars-4695402026\\\/\"},\"author\":{\"name\":\"La R\u00e9dac Reead.com\",\"@id\":\"https:\\\/\\\/www.reead.com\\\/fr\\\/#\\\/schema\\\/person\\\/43bf0419400390bc01899c5d52c6d02f\"},\"headline\":\"Enneigement en janvier-mars : quelles vall\u00e9es alpines offrent le plus de garanties ?\",\"datePublished\":\"2026-09-02T23:34:36+00:00\",\"mainEntityOfPage\":{\"@id\":\"https:\\\/\\\/www.reead.com\\\/fr\\\/enneigement-en-janvier-mars-4695402026\\\/\"},\"wordCount\":618,\"commentCount\":0,\"publisher\":{\"@id\":\"https:\\\/\\\/www.reead.com\\\/fr\\\/#\\\/schema\\\/person\\\/551a8a4b469ab53c0b48bcd3846fb3c6\"},\"image\":{\"@id\":\"https:\\\/\\\/www.reead.com\\\/fr\\\/enneigement-en-janvier-mars-4695402026\\\/#primaryimage\"},\"thumbnailUrl\":\"https:\\\/\\\/www.reead.com\\\/fr\\\/wp-content\\\/uploads\\\/2026\\\/09\\\/Enneigement-en-janvier-mars.jpg\",\"keywords\":[\"France\"],\"articleSection\":[\"Voyage\"],\"inLanguage\":\"fr-FR\",\"potentialAction\":[{\"@type\":\"CommentAction\",\"name\":\"Comment\",\"target\":[\"https:\\\/\\\/www.reead.com\\\/fr\\\/enneigement-en-janvier-mars-4695402026\\\/#respond\"]}]},{\"@type\":\"WebPage\",\"@id\":\"https:\\\/\\\/www.reead.com\\\/fr\\\/enneigement-en-janvier-mars-4695402026\\\/\",\"url\":\"https:\\\/\\\/www.reead.com\\\/fr\\\/enneigement-en-janvier-mars-4695402026\\\/\",\"name\":\"Enneigement hiver 2026 : les vall\u00e9es des Alpes les plus s\u00fbres\",\"isPartOf\":{\"@id\":\"https:\\\/\\\/www.reead.com\\\/fr\\\/#website\"},\"primaryImageOfPage\":{\"@id\":\"https:\\\/\\\/www.reead.com\\\/fr\\\/enneigement-en-janvier-mars-4695402026\\\/#primaryimage\"},\"image\":{\"@id\":\"https:\\\/\\\/www.reead.com\\\/fr\\\/enneigement-en-janvier-mars-4695402026\\\/#primaryimage\"},\"thumbnailUrl\":\"https:\\\/\\\/www.reead.com\\\/fr\\\/wp-content\\\/uploads\\\/2026\\\/09\\\/Enneigement-en-janvier-mars.jpg\",\"datePublished\":\"2026-09-02T23:34:36+00:00\",\"description\":\"Les vall\u00e9es alpines les mieux enneig\u00e9es pour l'hiver 2026-2027 : Tarentaise, Belleville, Ubaye, Tin\u00e9e. Ski garanti en altitude.\",\"breadcrumb\":{\"@id\":\"https:\\\/\\\/www.reead.com\\\/fr\\\/enneigement-en-janvier-mars-4695402026\\\/#breadcrumb\"},\"inLanguage\":\"fr-FR\",\"potentialAction\":[{\"@type\":\"ReadAction\",\"target\":[\"https:\\\/\\\/www.reead.com\\\/fr\\\/enneigement-en-janvier-mars-4695402026\\\/\"]}]},{\"@type\":\"ImageObject\",\"inLanguage\":\"fr-FR\",\"@id\":\"https:\\\/\\\/www.reead.com\\\/fr\\\/enneigement-en-janvier-mars-4695402026\\\/#primaryimage\",\"url\":\"https:\\\/\\\/www.reead.com\\\/fr\\\/wp-content\\\/uploads\\\/2026\\\/09\\\/Enneigement-en-janvier-mars.jpg\",\"contentUrl\":\"https:\\\/\\\/www.reead.com\\\/fr\\\/wp-content\\\/uploads\\\/2026\\\/09\\\/Enneigement-en-janvier-mars.jpg\",\"width\":1500,\"height\":1000,\"caption\":\"Enneigement en janvier-mars\"},{\"@type\":\"BreadcrumbList\",\"@id\":\"https:\\\/\\\/www.reead.com\\\/fr\\\/enneigement-en-janvier-mars-4695402026\\\/#breadcrumb\",\"itemListElement\":[{\"@type\":\"ListItem\",\"position\":1,\"name\":\"Accueil\",\"item\":\"https:\\\/\\\/www.reead.com\\\/fr\\\/\"},{\"@type\":\"ListItem\",\"position\":2,\"name\":\"Voyage\",\"item\":\"https:\\\/\\\/www.reead.com\\\/fr\\\/voyage\\\/\"},{\"@type\":\"ListItem\",\"position\":3,\"name\":\"Enneigement en janvier-mars : quelles vall\u00e9es alpines offrent le plus de garanties ?\"}]},{\"@type\":\"WebSite\",\"@id\":\"https:\\\/\\\/www.reead.com\\\/fr\\\/#website\",\"url\":\"https:\\\/\\\/www.reead.com\\\/fr\\\/\",\"name\":\"Reead.com\",\"description\":\"Conseils Voyage, Mode Homme et Lifestyle\",\"publisher\":{\"@id\":\"https:\\\/\\\/www.reead.com\\\/fr\\\/#\\\/schema\\\/person\\\/551a8a4b469ab53c0b48bcd3846fb3c6\"},\"potentialAction\":[{\"@type\":\"SearchAction\",\"target\":{\"@type\":\"EntryPoint\",\"urlTemplate\":\"https:\\\/\\\/www.reead.com\\\/fr\\\/?s={search_term_string}\"},\"query-input\":{\"@type\":\"PropertyValueSpecification\",\"valueRequired\":true,\"valueName\":\"search_term_string\"}}],\"inLanguage\":\"fr-FR\"},{\"@type\":[\"Person\",\"Organization\"],\"@id\":\"https:\\\/\\\/www.reead.com\\\/fr\\\/#\\\/schema\\\/person\\\/551a8a4b469ab53c0b48bcd3846fb3c6\",\"name\":\"Reead\",\"image\":{\"@type\":\"ImageObject\",\"inLanguage\":\"fr-FR\",\"@id\":\"https:\\\/\\\/www.reead.com\\\/fr\\\/wp-content\\\/uploads\\\/2018\\\/12\\\/reead.jpg\",\"url\":\"https:\\\/\\\/www.reead.com\\\/fr\\\/wp-content\\\/uploads\\\/2018\\\/12\\\/reead.jpg\",\"contentUrl\":\"https:\\\/\\\/www.reead.com\\\/fr\\\/wp-content\\\/uploads\\\/2018\\\/12\\\/reead.jpg\",\"width\":900,\"height\":610,\"caption\":\"Reead\"},\"logo\":{\"@id\":\"https:\\\/\\\/www.reead.com\\\/fr\\\/wp-content\\\/uploads\\\/2018\\\/12\\\/reead.jpg\"},\"description\":\"Reead est un blogueur voyage fran\u00e7ais bas\u00e9 \u00e0 Las Vegas et le fondateur de Reead.com, un blog lanc\u00e9 en 2009 consacr\u00e9 aux voyages, aux miles et aux programmes de fid\u00e9lit\u00e9. Sp\u00e9cialis\u00e9 dans les cartes de cr\u00e9dit voyage, les miles et points, ainsi que les programmes comme Flying Blue, American Express Membership Rewards ou les alliances a\u00e9riennes, il partage des strat\u00e9gies concr\u00e8tes pour r\u00e9duire le co\u00fbt des voyages et optimiser les r\u00e9compenses des cartes de cr\u00e9dit. Install\u00e9 aux \u00c9tats-Unis, Reead publie \u00e9galement des guides pour visiter les USA, des analyses de programmes de fid\u00e9lit\u00e9 et des retours d\u2019exp\u00e9rience sur les compagnies a\u00e9riennes, h\u00f4tels et cartes premium. Depuis plus de 15 ans, ses articles aident les voyageurs \u00e0 comprendre les miles, accumuler des points plus rapidement et voyager dans de meilleures conditions pour moins cher. Survivant du cancer, il partage aussi une vision simple : profiter de la vie et explorer le monde intelligemment.\",\"sameAs\":[\"https:\\\/\\\/www.reead.com\\\/fr\\\/\",\"https:\\\/\\\/www.facebook.com\\\/welovereead\",\"https:\\\/\\\/www.instagram.com\\\/reead\\\/?hl=fr\",\"https:\\\/\\\/www.pinterest.com\\\/reead\\\/\",\"https:\\\/\\\/x.com\\\/blogdereead\",\"https:\\\/\\\/www.youtube.com\\\/reead\"],\"gender\":\"homme\",\"knowsAbout\":[\"Voyage\",\"miles et points\"],\"knowsLanguage\":[\"Anglais\",\"Fran\u00e7ais\"],\"publishingPrinciples\":\"https:\\\/\\\/www.reead.com\\\/fr\\\/politique-de-publication\\\/\"},{\"@type\":\"Person\",\"@id\":\"https:\\\/\\\/www.reead.com\\\/fr\\\/#\\\/schema\\\/person\\\/43bf0419400390bc01899c5d52c6d02f\",\"name\":\"La R\u00e9dac Reead.com\",\"image\":{\"@type\":\"ImageObject\",\"inLanguage\":\"fr-FR\",\"@id\":\"https:\\\/\\\/secure.gravatar.com\\\/avatar\\\/52abbce686654ea811e2d66f2a9d0e94d0915d1381bf3a4acf7adbd1d73b4547?s=96&d=mm&r=g\",\"url\":\"https:\\\/\\\/secure.gravatar.com\\\/avatar\\\/52abbce686654ea811e2d66f2a9d0e94d0915d1381bf3a4acf7adbd1d73b4547?s=96&d=mm&r=g\",\"contentUrl\":\"https:\\\/\\\/secure.gravatar.com\\\/avatar\\\/52abbce686654ea811e2d66f2a9d0e94d0915d1381bf3a4acf7adbd1d73b4547?s=96&d=mm&r=g\",\"caption\":\"La R\u00e9dac Reead.com\"},\"description\":\"Article r\u00e9dig\u00e9 par un membre de la r\u00e9daction Reead.com\"}]}<\/script>\n<!-- \/ Yoast SEO Premium plugin. -->","yoast_head_json":{"title":"Enneigement hiver 2026 : les vall\u00e9es des Alpes les plus s\u00fbres","description":"Les vall\u00e9es alpines les mieux enneig\u00e9es pour l'hiver 2026-2027 : Tarentaise, Belleville, Ubaye, Tin\u00e9e. Ski garanti en altitude.","robots":{"index":"index","follow":"follow","max-snippet":"max-snippet:-1","max-image-preview":"max-image-preview:large","max-video-preview":"max-video-preview:-1"},"canonical":"https:\/\/www.reead.com\/fr\/enneigement-en-janvier-mars-4695402026\/","og_locale":"fr_FR","og_type":"article","og_title":"Enneigement en janvier-mars : quelles vall\u00e9es alpines offrent le plus de garanties ?","og_description":"Les vall\u00e9es alpines les mieux enneig\u00e9es pour l'hiver 2026-2027 : Tarentaise, Belleville, Ubaye, Tin\u00e9e. Ski garanti en altitude.","og_url":"https:\/\/www.reead.com\/fr\/enneigement-en-janvier-mars-4695402026\/","og_site_name":"Conseils Voyage, Mode Homme et Lifestyle","article_publisher":"https:\/\/www.facebook.com\/welovereead","article_published_time":"2026-09-02T23:34:36+00:00","og_image":[{"width":1500,"height":1000,"url":"https:\/\/www.reead.com\/fr\/wp-content\/uploads\/2026\/09\/Enneigement-en-janvier-mars.jpg","type":"image\/jpeg"}],"author":"La R\u00e9dac Reead.com","twitter_card":"summary_large_image","twitter_creator":"@reead","twitter_site":"@blogdereead","schema":{"@context":"https:\/\/schema.org","@graph":[{"@type":"Article","@id":"https:\/\/www.reead.com\/fr\/enneigement-en-janvier-mars-4695402026\/#article","isPartOf":{"@id":"https:\/\/www.reead.com\/fr\/enneigement-en-janvier-mars-4695402026\/"},"author":{"name":"La R\u00e9dac Reead.com","@id":"https:\/\/www.reead.com\/fr\/#\/schema\/person\/43bf0419400390bc01899c5d52c6d02f"},"headline":"Enneigement en janvier-mars : quelles vall\u00e9es alpines offrent le plus de garanties ?","datePublished":"2026-09-02T23:34:36+00:00","mainEntityOfPage":{"@id":"https:\/\/www.reead.com\/fr\/enneigement-en-janvier-mars-4695402026\/"},"wordCount":618,"commentCount":0,"publisher":{"@id":"https:\/\/www.reead.com\/fr\/#\/schema\/person\/551a8a4b469ab53c0b48bcd3846fb3c6"},"image":{"@id":"https:\/\/www.reead.com\/fr\/enneigement-en-janvier-mars-4695402026\/#primaryimage"},"thumbnailUrl":"https:\/\/www.reead.com\/fr\/wp-content\/uploads\/2026\/09\/Enneigement-en-janvier-mars.jpg","keywords":["France"],"articleSection":["Voyage"],"inLanguage":"fr-FR","potentialAction":[{"@type":"CommentAction","name":"Comment","target":["https:\/\/www.reead.com\/fr\/enneigement-en-janvier-mars-4695402026\/#respond"]}]},{"@type":"WebPage","@id":"https:\/\/www.reead.com\/fr\/enneigement-en-janvier-mars-4695402026\/","url":"https:\/\/www.reead.com\/fr\/enneigement-en-janvier-mars-4695402026\/","name":"Enneigement hiver 2026 : les vall\u00e9es des Alpes les plus s\u00fbres","isPartOf":{"@id":"https:\/\/www.reead.com\/fr\/#website"},"primaryImageOfPage":{"@id":"https:\/\/www.reead.com\/fr\/enneigement-en-janvier-mars-4695402026\/#primaryimage"},"image":{"@id":"https:\/\/www.reead.com\/fr\/enneigement-en-janvier-mars-4695402026\/#primaryimage"},"thumbnailUrl":"https:\/\/www.reead.com\/fr\/wp-content\/uploads\/2026\/09\/Enneigement-en-janvier-mars.jpg","datePublished":"2026-09-02T23:34:36+00:00","description":"Les vall\u00e9es alpines les mieux enneig\u00e9es pour l'hiver 2026-2027 : Tarentaise, Belleville, Ubaye, Tin\u00e9e. Ski garanti en altitude.","breadcrumb":{"@id":"https:\/\/www.reead.com\/fr\/enneigement-en-janvier-mars-4695402026\/#breadcrumb"},"inLanguage":"fr-FR","potentialAction":[{"@type":"ReadAction","target":["https:\/\/www.reead.com\/fr\/enneigement-en-janvier-mars-4695402026\/"]}]},{"@type":"ImageObject","inLanguage":"fr-FR","@id":"https:\/\/www.reead.com\/fr\/enneigement-en-janvier-mars-4695402026\/#primaryimage","url":"https:\/\/www.reead.com\/fr\/wp-content\/uploads\/2026\/09\/Enneigement-en-janvier-mars.jpg","contentUrl":"https:\/\/www.reead.com\/fr\/wp-content\/uploads\/2026\/09\/Enneigement-en-janvier-mars.jpg","width":1500,"height":1000,"caption":"Enneigement en janvier-mars"},{"@type":"BreadcrumbList","@id":"https:\/\/www.reead.com\/fr\/enneigement-en-janvier-mars-4695402026\/#breadcrumb","itemListElement":[{"@type":"ListItem","position":1,"name":"Accueil","item":"https:\/\/www.reead.com\/fr\/"},{"@type":"ListItem","position":2,"name":"Voyage","item":"https:\/\/www.reead.com\/fr\/voyage\/"},{"@type":"ListItem","position":3,"name":"Enneigement en janvier-mars : quelles vall\u00e9es alpines offrent le plus de garanties ?"}]},{"@type":"WebSite","@id":"https:\/\/www.reead.com\/fr\/#website","url":"https:\/\/www.reead.com\/fr\/","name":"Reead.com","description":"Conseils Voyage, Mode Homme et Lifestyle","publisher":{"@id":"https:\/\/www.reead.com\/fr\/#\/schema\/person\/551a8a4b469ab53c0b48bcd3846fb3c6"},"potentialAction":[{"@type":"SearchAction","target":{"@type":"EntryPoint","urlTemplate":"https:\/\/www.reead.com\/fr\/?s={search_term_string}"},"query-input":{"@type":"PropertyValueSpecification","valueRequired":true,"valueName":"search_term_string"}}],"inLanguage":"fr-FR"},{"@type":["Person","Organization"],"@id":"https:\/\/www.reead.com\/fr\/#\/schema\/person\/551a8a4b469ab53c0b48bcd3846fb3c6","name":"Reead","image":{"@type":"ImageObject","inLanguage":"fr-FR","@id":"https:\/\/www.reead.com\/fr\/wp-content\/uploads\/2018\/12\/reead.jpg","url":"https:\/\/www.reead.com\/fr\/wp-content\/uploads\/2018\/12\/reead.jpg","contentUrl":"https:\/\/www.reead.com\/fr\/wp-content\/uploads\/2018\/12\/reead.jpg","width":900,"height":610,"caption":"Reead"},"logo":{"@id":"https:\/\/www.reead.com\/fr\/wp-content\/uploads\/2018\/12\/reead.jpg"},"description":"Reead est un blogueur voyage fran\u00e7ais bas\u00e9 \u00e0 Las Vegas et le fondateur de Reead.com, un blog lanc\u00e9 en 2009 consacr\u00e9 aux voyages, aux miles et aux programmes de fid\u00e9lit\u00e9. Sp\u00e9cialis\u00e9 dans les cartes de cr\u00e9dit voyage, les miles et points, ainsi que les programmes comme Flying Blue, American Express Membership Rewards ou les alliances a\u00e9riennes, il partage des strat\u00e9gies concr\u00e8tes pour r\u00e9duire le co\u00fbt des voyages et optimiser les r\u00e9compenses des cartes de cr\u00e9dit. Install\u00e9 aux \u00c9tats-Unis, Reead publie \u00e9galement des guides pour visiter les USA, des analyses de programmes de fid\u00e9lit\u00e9 et des retours d\u2019exp\u00e9rience sur les compagnies a\u00e9riennes, h\u00f4tels et cartes premium. Depuis plus de 15 ans, ses articles aident les voyageurs \u00e0 comprendre les miles, accumuler des points plus rapidement et voyager dans de meilleures conditions pour moins cher. Survivant du cancer, il partage aussi une vision simple : profiter de la vie et explorer le monde intelligemment.","sameAs":["https:\/\/www.reead.com\/fr\/","https:\/\/www.facebook.com\/welovereead","https:\/\/www.instagram.com\/reead\/?hl=fr","https:\/\/www.pinterest.com\/reead\/","https:\/\/x.com\/blogdereead","https:\/\/www.youtube.com\/reead"],"gender":"homme","knowsAbout":["Voyage","miles et points"],"knowsLanguage":["Anglais","Fran\u00e7ais"],"publishingPrinciples":"https:\/\/www.reead.com\/fr\/politique-de-publication\/"},{"@type":"Person","@id":"https:\/\/www.reead.com\/fr\/#\/schema\/person\/43bf0419400390bc01899c5d52c6d02f","name":"La R\u00e9dac Reead.com","image":{"@type":"ImageObject","inLanguage":"fr-FR","@id":"https:\/\/secure.gravatar.com\/avatar\/52abbce686654ea811e2d66f2a9d0e94d0915d1381bf3a4acf7adbd1d73b4547?s=96&d=mm&r=g","url":"https:\/\/secure.gravatar.com\/avatar\/52abbce686654ea811e2d66f2a9d0e94d0915d1381bf3a4acf7adbd1d73b4547?s=96&d=mm&r=g","contentUrl":"https:\/\/secure.gravatar.com\/avatar\/52abbce686654ea811e2d66f2a9d0e94d0915d1381bf3a4acf7adbd1d73b4547?s=96&d=mm&r=g","caption":"La R\u00e9dac Reead.com"},"description":"Article r\u00e9dig\u00e9 par un membre de la r\u00e9daction Reead.com"}]}},"_links":{"self":[{"href":"https:\/\/www.reead.com\/fr\/wp-json\/wp\/v2\/posts\/469540","targetHints":{"allow":["GET"]}}],"collection":[{"href":"https:\/\/www.reead.com\/fr\/wp-json\/wp\/v2\/posts"}],"about":[{"href":"https:\/\/www.reead.com\/fr\/wp-json\/wp\/v2\/types\/post"}],"author":[{"embeddable":true,"href":"https:\/\/www.reead.com\/fr\/wp-json\/wp\/v2\/users\/6"}],"replies":[{"embeddable":true,"href":"https:\/\/www.reead.com\/fr\/wp-json\/wp\/v2\/comments?post=469540"}],"version-history":[{"count":5,"href":"https:\/\/www.reead.com\/fr\/wp-json\/wp\/v2\/posts\/469540\/revisions"}],"predecessor-version":[{"id":469546,"href":"https:\/\/www.reead.com\/fr\/wp-json\/wp\/v2\/posts\/469540\/revisions\/469546"}],"wp:featuredmedia":[{"embeddable":true,"href":"https:\/\/www.reead.com\/fr\/wp-json\/wp\/v2\/media\/469543"}],"wp:attachment":[{"href":"https:\/\/www.reead.com\/fr\/wp-json\/wp\/v2\/media?parent=469540"}],"wp:term":[{"taxonomy":"category","embeddable":true,"href":"https:\/\/www.reead.com\/fr\/wp-json\/wp\/v2\/categories?post=469540"},{"taxonomy":"post_tag","embeddable":true,"href":"https:\/\/www.reead.com\/fr\/wp-json\/wp\/v2\/tags?post=469540"}],"curies":[{"name":"wp","href":"https:\/\/api.w.org\/{rel}","templated":true}]}}