{"id":463737,"date":"2023-08-29T08:00:51","date_gmt":"2023-08-29T06:00:51","guid":{"rendered":"https:\/\/www.reead.com\/fr\/?p=463737"},"modified":"2023-08-21T18:05:12","modified_gmt":"2023-08-21T16:05:12","slug":"week-end-montreal-ete-planning","status":"publish","type":"post","link":"https:\/\/www.reead.com\/fr\/week-end-montreal-ete-planning-4637372023\/","title":{"rendered":"Week-end \u00e0 Montr\u00e9al en \u00e9t\u00e9 : planning de choses \u00e0 faire !"},"content":{"rendered":"<p>De l&rsquo;art urbain, un jardin extraordinaire, une pause gourmande et gastronomique, une d\u00e9gustation de rhum&#8230; <a class=\"wpil_keyword_link\" href=\"https:\/\/www.reead.com\/fr\/voyage\/montreal\/\"   title=\"Montr\u00e9al\" data-wpil-keyword-link=\"linked\">Montr\u00e9al<\/a> insulaire et portuaire se r\u00e9v\u00e8le multiforme aux curieux qui souhaitent prendre du temps de ce c\u00f4t\u00e9 de l&rsquo;Atlantique.<\/p>\n<p>De mai \u00e0 septembre, en plein c\u0153ur de l&rsquo;\u00e9t\u00e9, la ville se remet doucement des rigueurs de l&rsquo;hiver et ouvre en grand son immense terrain d&rsquo;explorations. Merveilles d&rsquo;architecture, espaces naturels au milieu des buildings, le tout bord\u00e9 par l&rsquo;immuable Saint-Laurent ; Montr\u00e9al est riche de singularit\u00e9s et de panoramas contrast\u00e9s. Je vous en dis plus sur cette destination baroque et insolite.<\/p>\n<div id=\"attachment_463783\" style=\"width: 1510px\" class=\"wp-caption alignnone\"><img loading=\"lazy\" decoding=\"async\" aria-describedby=\"caption-attachment-463783\" class=\"size-full wp-image-463783\" src=\"https:\/\/www.reead.com\/fr\/wp-content\/uploads\/2023\/08\/Montre\u0301al-en-ete-2.jpg\" alt=\"Montr\u00e9al en \u00e9t\u00e9\" width=\"1500\" height=\"1000\" srcset=\"https:\/\/www.reead.com\/fr\/wp-content\/uploads\/2023\/08\/Montre\u0301al-en-ete-2.jpg 1500w,  https:\/\/www.reead.com\/fr\/wp-content\/uploads\/2023\/08\/Montre\u0301al-en-ete-2-610x407.jpg 610w,  https:\/\/www.reead.com\/fr\/wp-content\/uploads\/2023\/08\/Montre\u0301al-en-ete-2-960x640.jpg 960w,  https:\/\/www.reead.com\/fr\/wp-content\/uploads\/2023\/08\/Montre\u0301al-en-ete-2-768x512.jpg 768w,  https:\/\/www.reead.com\/fr\/wp-content\/uploads\/2023\/08\/Montre\u0301al-en-ete-2-272x182.jpg 272w\" sizes=\"auto, (max-width: 1500px) 100vw, 1500px\" \/><p id=\"caption-attachment-463783\" class=\"wp-caption-text\">Photo (c) : Shutterstock<\/p><\/div>\n<h2><strong>3 petits tours pour une vue \u00e0 360 degr\u00e9s<\/strong><\/h2>\n<p>Je pense que la meilleure fa\u00e7on d&rsquo;appr\u00e9hender une ville, d&rsquo;en comprendre le fonctionnement, est de commencer la visite dans les hauteurs. Et pour cela, rien de mieux qu&rsquo;une cabine perch\u00e9e \u00e0 60 m\u00e8tres du sol pour envelopper le paysage grandiose de Montr\u00e9al.<\/p>\n<p>Pendant une vingtaine de minutes, la plus grande roue d&rsquo;observation du <strong><a href=\"https:\/\/www.reead.com\/fr\/canada\/\" target=\"_blank\" rel=\"noopener\">Canada<\/a><\/strong> domine la ville et donne le sentiment de caresser le Mont-Royal et ses trois sommets, la Grosse Montagne, l&rsquo;Outremont et le Mont Westmount. Au sud se dressent les b\u00e2timents historiques, les maisons aux corniches ouvrag\u00e9es du Vieux-Montr\u00e9al et la place Jacques-Cartier en hommage au c\u00e9l\u00e8bre navigateur fran\u00e7ais, premier Europ\u00e9en \u00e0 remonter le fleuve.<\/p>\n<h2><strong>\u00c0 la rencontre de l&rsquo;art urbain<\/strong><\/h2>\n<p>Retour sur terre pour un itin\u00e9raire artistique dans la ville. Parmi les nombreuses initiatives propos\u00e9es, les parcours Art Public rassemblent plus d&rsquo;une vingtaine de randonn\u00e9es urbaines pour d\u00e9couvrir les \u0153uvres de 558 artistes. De 30 minutes \u00e0 2 heures, la rencontre avec le monde des arts se fait autant en journ\u00e9e qu&rsquo;en nocturne.<\/p>\n<p>Pour exemple, la Ruelle des Fortifications au Centre de commerce mondial, l&rsquo;\u00e9quivalent du World Trade de ce c\u00f4t\u00e9 du continent am\u00e9ricain, propose de voir un authentique segment en b\u00e9ton du mur de Berlin offert \u00e0 la ville comme un t\u00e9moin de l&rsquo;histoire et est expos\u00e9 \u00e0 l&rsquo;endroit m\u00eame o\u00f9 jadis les fortifications de Montr\u00e9al s&rsquo;\u00e9rigeaient. Une bonne mani\u00e8re de parcourir le monde et de remonter le temps sans prendre l&rsquo;avion.<\/p>\n<h2><strong>200 \u0153uvres pour un hommage fleuri au vivant<\/strong><\/h2>\n<p>Apr\u00e8s Shanghai, le Japon, la France, les \u00c9tats-Unis entre autres, l&rsquo;exposition <strong><a href=\"https:\/\/www.reead.com\/fr\/mosaicultures-de-montreal-2013-photos-77282013\/\" target=\"_blank\" rel=\"noopener\">Mosa\u00efculture ou l&rsquo;art du massif fleuri revient \u00e0 Montr\u00e9al<\/a><\/strong> pour une \u00e9dition centr\u00e9e sur la fragilit\u00e9 de la vie. Pr\u00e8s de 200 cr\u00e9ations bi-dimensionnelles ou tri-dimensionnelles sont pr\u00e9sent\u00e9es aux visiteurs. Elles auront n\u00e9cessit\u00e9 plus de 6 millions de plantes choisies pour leurs couleurs ou la beaut\u00e9 de leurs feuillages.<\/p>\n<p>Dans ce jardin magnifique o\u00f9 les hommes auront \u0153uvr\u00e9 plus de 9 mois, les ours, les morses, les \u00e9l\u00e9phants se font sculptures vivantes et monumentales \u00e0 travers 20 tableaux th\u00e9matiques pour dire l&rsquo;importance du vivant et de la biodiversit\u00e9. Je vous recommande de ne pas louper cette exposition lors de votre s\u00e9jour \u00e0 Montr\u00e9al.<\/p>\n<div id=\"attachment_463784\" style=\"width: 1510px\" class=\"wp-caption alignnone\"><img loading=\"lazy\" decoding=\"async\" aria-describedby=\"caption-attachment-463784\" class=\"size-full wp-image-463784\" src=\"https:\/\/www.reead.com\/fr\/wp-content\/uploads\/2023\/08\/Montre\u0301al-en-ete.jpg\" alt=\"Montr\u00e9al en \u00e9t\u00e9\" width=\"1500\" height=\"1000\" srcset=\"https:\/\/www.reead.com\/fr\/wp-content\/uploads\/2023\/08\/Montre\u0301al-en-ete.jpg 1500w,  https:\/\/www.reead.com\/fr\/wp-content\/uploads\/2023\/08\/Montre\u0301al-en-ete-610x407.jpg 610w,  https:\/\/www.reead.com\/fr\/wp-content\/uploads\/2023\/08\/Montre\u0301al-en-ete-960x640.jpg 960w,  https:\/\/www.reead.com\/fr\/wp-content\/uploads\/2023\/08\/Montre\u0301al-en-ete-768x512.jpg 768w,  https:\/\/www.reead.com\/fr\/wp-content\/uploads\/2023\/08\/Montre\u0301al-en-ete-272x182.jpg 272w\" sizes=\"auto, (max-width: 1500px) 100vw, 1500px\" \/><p id=\"caption-attachment-463784\" class=\"wp-caption-text\">Photo (c) : Shutterstock<\/p><\/div>\n<h2><strong>Entre chocolat et cupcake, la pause gourmande du go\u00fbter<\/strong><\/h2>\n<p><strong><a href=\"https:\/\/www.reead.com\/fr\/juliette-et-chocolat-73262013\/\" target=\"_blank\" rel=\"noopener\">Juliette est une amoureuse du chocolat<\/a><\/strong> depuis l&rsquo;enfance. \u00c0 22 ans \u00e0 peine, elle ouvre \u00e0 Montr\u00e9al le premier bar \u00e0 chocolat du pays pour convertir aux plaisirs sucr\u00e9s tous ceux et celles qui ne seraient pas encore tomb\u00e9s dans la marmite. Au fur et \u00e0 mesure des ann\u00e9es, l&rsquo;offre s&rsquo;est \u00e9toff\u00e9e. Juliette et Chocolat est plus qu&rsquo;une simple boutique puisqu&rsquo;elle invite petits et grands \u00e0 d\u00e9guster sur place avec leur c\u0153ur d&rsquo;enfant des brownies, des cookies, des fondues et autres gourmandises chocolat\u00e9es dans l&rsquo;un des dix restaurants diss\u00e9min\u00e9s de part et d&rsquo;autre de la ville.<\/p>\n<p>C&rsquo;est du c\u00f4t\u00e9 de la Promenade Fleury dans le quartier Ahuntsic de Montr\u00e9al qu&rsquo;Isabelle a ouvert sa boutique d\u00e9di\u00e9e aux becs sucr\u00e9s, o\u00f9 elle imagine et r\u00e9alise des sabl\u00e9s et des cupcakes chics et raffin\u00e9s. Entour\u00e9e de son \u00e9quipe, elle con\u00e7oit des p\u00e2tisseries artisanales \u00e0 base d&rsquo;ingr\u00e9dients frais et savoureux. Rien que de les voir, j&rsquo;en salive d&rsquo;avance !<\/p>\n<p><iframe loading=\"lazy\" title=\"Le r\u00f4cher pralin\u00e9 | Juliette &amp; Chocolat\" width=\"1170\" height=\"658\" src=\"https:\/\/www.youtube.com\/embed\/7LMXFbQy3Bo?feature=oembed\" frameborder=\"0\" allow=\"accelerometer; autoplay; clipboard-write; encrypted-media; gyroscope; picture-in-picture; web-share\" allowfullscreen><\/iframe><\/p>\n<p>Dans ce commerce pas comme les autres, <strong><a href=\"https:\/\/www.reead.com\/fr\/sweet-isabelle-les-sables-trop-bon-78682013\/\" target=\"_blank\" rel=\"noopener\">Sweet Isabelle<\/a> <\/strong>fabrique des g\u00e2teaux personnalis\u00e9s pour un anniversaire, un mariage, une naissance. Et comble de la customisation, il est possible d&rsquo;apporter une photo qui sera imprim\u00e9e sur une feuille de sucre \u00e0 l&rsquo;aide d&rsquo;encres comestibles ! Dans cet atelier chaleureux, enfants et parents peuvent apprendre ensemble \u00e0 d\u00e9corer les cupcakes qu&rsquo;ils d\u00e9gusteront sit\u00f4t faits.<\/p>\n<h2><strong>Des Charentes \u00e0 Montr\u00e9al <\/strong><\/h2>\n<p>C&rsquo;est dans une portion de Rosemont \u00e0 deux blocs de la Petite Patrie, un quartier familial de Montr\u00e9al, que St\u00e9phane et Lilian le bouilleur de cru ont install\u00e9 l&rsquo;alambic venu de Charente. C&rsquo;est \u00e9galement en France, entre les vignes de Franche-Comt\u00e9, qu&rsquo;il a appris les secrets de la double distillation et que l&rsquo;id\u00e9e a germ\u00e9 de mettre son art au service du terroir qu\u00e9b\u00e9cois. Rhum blanc, rhum \u00e9pic\u00e9 \u00e0 base de canneberge, de poivre de Kampot et de cardamome, gin \u00e0 la rhubarbe, whisky, pastis, la distillerie de Montr\u00e9al propose une visite de 2 heures pour d\u00e9couvrir l&rsquo;histoire de ces deux passionn\u00e9s et s&rsquo;initier \u00e0 la d\u00e9gustation d&rsquo;eaux-de-vie \u00e9tonnantes. Et j&rsquo;ai le sentiment que ce n&rsquo;est pas de trop compte tenu du travail sur le go\u00fbt que les deux comp\u00e8res mettent un point d&rsquo;honneur \u00e0 peaufiner.<\/p>\n<h2><strong>Un spectacle pour toutes les envies<\/strong><\/h2>\n<p>Complexe de six salles, Place des Arts accueille une maison symphonique, un th\u00e9\u00e2tre, un op\u00e9ra national et offre une vari\u00e9t\u00e9 de programmation exceptionnelle dans toutes les disciplines, musique classique, danse contemporaine, pop, jazz, rock, chanson francophone ou encore humour. En produisant et accueillant des artistes du monde entier, Place des Arts fait vivre la culture sous toutes ses formes et de belle mani\u00e8re en proposant des repr\u00e9sentations tant\u00f4t grandioses ou intimistes.<\/p>\n<h2><strong>La gastronomie sous le signe de l&rsquo;\u00e9motion<\/strong><\/h2>\n<p>La maison <a href=\"https:\/\/www.reead.com\/fr\/europea-le-meilleur-diner-de-ma-vie-etait-ici-81952014\/\" target=\"_blank\" rel=\"noopener\"><strong>Europ\u00e9a du chef J\u00e9r\u00f4me Ferrer<\/strong><\/a> n&rsquo;est pas un restaurant comme les autres. \u00c9lu en 2018 restaurant de l&rsquo;ann\u00e9e de toutes les provinces et territoires du Canada, il s&rsquo;acharne \u00e0 faire briller la richesse culinaire du pays et mettre en valeur les produits des artisans et des producteurs locaux. De la brasserie \u00e0 la table gastronomique, le chef explore, surprend, transporte&#8230;<\/p>\n<p>Que dire d&rsquo;un cake de crabe aux \u00e9corces de citron confit, d&rsquo;un m\u00e9daillon de foie gras au torchon sur riz souffl\u00e9 et bonbon p\u00e9tillant ou encore d&rsquo;une immersion dans l&rsquo;huitre du Nouveau-Brunswick et son \u00e9cume moelleuse des Maritimes de l&rsquo;Est. Pour avoir le plaisir de s&rsquo;attabler dans ce restaurant d&rsquo;exception, je vous recommande fortement de r\u00e9server.<\/p>\n\n\n<div class=\"kk-star-ratings kksr-auto kksr-align-left kksr-valign-bottom\"\n    data-payload='{&quot;align&quot;:&quot;left&quot;,&quot;id&quot;:&quot;463737&quot;,&quot;slug&quot;:&quot;default&quot;,&quot;valign&quot;:&quot;bottom&quot;,&quot;ignore&quot;:&quot;&quot;,&quot;reference&quot;:&quot;auto&quot;,&quot;class&quot;:&quot;&quot;,&quot;count&quot;:&quot;1&quot;,&quot;legendonly&quot;:&quot;&quot;,&quot;readonly&quot;:&quot;&quot;,&quot;score&quot;:&quot;5&quot;,&quot;starsonly&quot;:&quot;&quot;,&quot;best&quot;:&quot;5&quot;,&quot;gap&quot;:&quot;4&quot;,&quot;greet&quot;:&quot;Votez pour ce post&quot;,&quot;legend&quot;:&quot;5\\\/5 - (1 vote)&quot;,&quot;size&quot;:&quot;24&quot;,&quot;title&quot;:&quot;Week-end \u00e0 Montr\u00e9al en \u00e9t\u00e9 : planning de choses \u00e0 faire !&quot;,&quot;width&quot;:&quot;138&quot;,&quot;_legend&quot;:&quot;{score}\\\/{best} - ({count} {votes})&quot;,&quot;font_factor&quot;:&quot;1.25&quot;}'>\n            \n<div class=\"kksr-stars\">\n    \n<div class=\"kksr-stars-inactive\">\n            <div class=\"kksr-star\" data-star=\"1\" style=\"padding-right: 4px\">\n            \n\n<div class=\"kksr-icon\" style=\"width: 24px; height: 24px;\"><\/div>\n        <\/div>\n            <div class=\"kksr-star\" data-star=\"2\" style=\"padding-right: 4px\">\n            \n\n<div class=\"kksr-icon\" style=\"width: 24px; height: 24px;\"><\/div>\n        <\/div>\n            <div class=\"kksr-star\" data-star=\"3\" style=\"padding-right: 4px\">\n            \n\n<div class=\"kksr-icon\" style=\"width: 24px; height: 24px;\"><\/div>\n        <\/div>\n            <div class=\"kksr-star\" data-star=\"4\" style=\"padding-right: 4px\">\n            \n\n<div class=\"kksr-icon\" style=\"width: 24px; height: 24px;\"><\/div>\n        <\/div>\n            <div class=\"kksr-star\" data-star=\"5\" style=\"padding-right: 4px\">\n            \n\n<div class=\"kksr-icon\" style=\"width: 24px; height: 24px;\"><\/div>\n        <\/div>\n    <\/div>\n    \n<div class=\"kksr-stars-active\" style=\"width: 138px;\">\n            <div class=\"kksr-star\" style=\"padding-right: 4px\">\n            \n\n<div class=\"kksr-icon\" style=\"width: 24px; height: 24px;\"><\/div>\n        <\/div>\n            <div class=\"kksr-star\" style=\"padding-right: 4px\">\n            \n\n<div class=\"kksr-icon\" style=\"width: 24px; height: 24px;\"><\/div>\n        <\/div>\n            <div class=\"kksr-star\" style=\"padding-right: 4px\">\n            \n\n<div class=\"kksr-icon\" style=\"width: 24px; height: 24px;\"><\/div>\n        <\/div>\n            <div class=\"kksr-star\" style=\"padding-right: 4px\">\n            \n\n<div class=\"kksr-icon\" style=\"width: 24px; height: 24px;\"><\/div>\n        <\/div>\n            <div class=\"kksr-star\" style=\"padding-right: 4px\">\n            \n\n<div class=\"kksr-icon\" style=\"width: 24px; height: 24px;\"><\/div>\n        <\/div>\n    <\/div>\n<\/div>\n                \n\n<div class=\"kksr-legend\" style=\"font-size: 19.2px;\">\n            5\/5 - (1 vote)    <\/div>\n    <\/div>","protected":false},"excerpt":{"rendered":"<p>De l&rsquo;art urbain, un jardin extraordinaire, une parenth\u00e8se gastronomique, Montr\u00e9al a plus d&rsquo;une bonne surprise \u00e0 offrir aux visiteurs curieux. Suivez le guide !<\/p>","protected":false},"author":1,"featured_media":463783,"comment_status":"open","ping_status":"open","sticky":false,"template":"","format":"standard","meta":{"footnotes":""},"categories":[1059,541],"tags":[5999],"class_list":["post-463737","post","type-post","status-publish","format-standard","has-post-thumbnail","hentry","category-montreal","category-voyage","tag-canada"],"yoast_head":"<!-- This site is optimized with the Yoast SEO Premium plugin v27.4 (Yoast SEO v27.4) - https:\/\/yoast.com\/product\/yoast-seo-premium-wordpress\/ -->\n<title>Week-end \u00e0 Montr\u00e9al en \u00e9t\u00e9 : planning de choses \u00e0 faire !<\/title>\n<meta name=\"description\" content=\"De l&#039;art urbain, un jardin extraordinaire, une parenth\u00e8se gastronomique, Montr\u00e9al a plus d&#039;une bonne surprise \u00e0 offrir aux visiteurs curieux.\" \/>\n<meta name=\"robots\" content=\"index, follow, max-snippet:-1, max-image-preview:large, max-video-preview:-1\" \/>\n<link rel=\"canonical\" href=\"https:\/\/www.reead.com\/fr\/week-end-montreal-ete-planning-4637372023\/\" \/>\n<meta property=\"og:locale\" content=\"fr_FR\" \/>\n<meta property=\"og:type\" content=\"article\" \/>\n<meta property=\"og:title\" content=\"Week-end \u00e0 Montr\u00e9al en \u00e9t\u00e9 : planning de choses \u00e0 faire !\" \/>\n<meta property=\"og:description\" content=\"De l&#039;art urbain, un jardin extraordinaire, une parenth\u00e8se gastronomique, Montr\u00e9al a plus d&#039;une bonne surprise \u00e0 offrir aux visiteurs curieux.\" \/>\n<meta property=\"og:url\" content=\"https:\/\/www.reead.com\/fr\/week-end-montreal-ete-planning-4637372023\/\" \/>\n<meta property=\"og:site_name\" content=\"Conseils Voyage, Mode Homme et Lifestyle\" \/>\n<meta property=\"article:publisher\" content=\"https:\/\/www.facebook.com\/welovereead\" \/>\n<meta property=\"article:author\" content=\"https:\/\/www.facebook.com\/welovereead\" \/>\n<meta property=\"article:published_time\" content=\"2023-08-29T06:00:51+00:00\" \/>\n<meta property=\"og:image\" content=\"https:\/\/www.reead.com\/fr\/wp-content\/uploads\/2023\/08\/Montre\u0301al-en-ete-2.jpg\" \/>\n\t<meta property=\"og:image:width\" content=\"1500\" \/>\n\t<meta property=\"og:image:height\" content=\"1000\" \/>\n\t<meta property=\"og:image:type\" content=\"image\/jpeg\" \/>\n<meta name=\"author\" content=\"Reead\" \/>\n<meta name=\"twitter:card\" content=\"summary_large_image\" \/>\n<meta name=\"twitter:creator\" content=\"@blogdereead\" \/>\n<meta name=\"twitter:site\" content=\"@blogdereead\" \/>\n<script type=\"application\/ld+json\" class=\"yoast-schema-graph\">{\"@context\":\"https:\\\/\\\/schema.org\",\"@graph\":[{\"@type\":\"Article\",\"@id\":\"https:\\\/\\\/www.reead.com\\\/fr\\\/week-end-montreal-ete-planning-4637372023\\\/#article\",\"isPartOf\":{\"@id\":\"https:\\\/\\\/www.reead.com\\\/fr\\\/week-end-montreal-ete-planning-4637372023\\\/\"},\"author\":{\"name\":\"Reead\",\"@id\":\"https:\\\/\\\/www.reead.com\\\/fr\\\/#\\\/schema\\\/person\\\/551a8a4b469ab53c0b48bcd3846fb3c6\"},\"headline\":\"Week-end \u00e0 Montr\u00e9al en \u00e9t\u00e9 : planning de choses \u00e0 faire !\",\"datePublished\":\"2023-08-29T06:00:51+00:00\",\"mainEntityOfPage\":{\"@id\":\"https:\\\/\\\/www.reead.com\\\/fr\\\/week-end-montreal-ete-planning-4637372023\\\/\"},\"wordCount\":1185,\"commentCount\":0,\"publisher\":{\"@id\":\"https:\\\/\\\/www.reead.com\\\/fr\\\/#\\\/schema\\\/person\\\/551a8a4b469ab53c0b48bcd3846fb3c6\"},\"image\":{\"@id\":\"https:\\\/\\\/www.reead.com\\\/fr\\\/week-end-montreal-ete-planning-4637372023\\\/#primaryimage\"},\"thumbnailUrl\":\"https:\\\/\\\/www.reead.com\\\/fr\\\/wp-content\\\/uploads\\\/2023\\\/08\\\/Montre\u0301al-en-ete-2.jpg\",\"keywords\":[\"Canada\"],\"articleSection\":[\"Montr\u00e9al\",\"Voyage\"],\"inLanguage\":\"fr-FR\",\"potentialAction\":[{\"@type\":\"CommentAction\",\"name\":\"Comment\",\"target\":[\"https:\\\/\\\/www.reead.com\\\/fr\\\/week-end-montreal-ete-planning-4637372023\\\/#respond\"]}]},{\"@type\":\"WebPage\",\"@id\":\"https:\\\/\\\/www.reead.com\\\/fr\\\/week-end-montreal-ete-planning-4637372023\\\/\",\"url\":\"https:\\\/\\\/www.reead.com\\\/fr\\\/week-end-montreal-ete-planning-4637372023\\\/\",\"name\":\"Week-end \u00e0 Montr\u00e9al en \u00e9t\u00e9 : planning de choses \u00e0 faire !\",\"isPartOf\":{\"@id\":\"https:\\\/\\\/www.reead.com\\\/fr\\\/#website\"},\"primaryImageOfPage\":{\"@id\":\"https:\\\/\\\/www.reead.com\\\/fr\\\/week-end-montreal-ete-planning-4637372023\\\/#primaryimage\"},\"image\":{\"@id\":\"https:\\\/\\\/www.reead.com\\\/fr\\\/week-end-montreal-ete-planning-4637372023\\\/#primaryimage\"},\"thumbnailUrl\":\"https:\\\/\\\/www.reead.com\\\/fr\\\/wp-content\\\/uploads\\\/2023\\\/08\\\/Montre\u0301al-en-ete-2.jpg\",\"datePublished\":\"2023-08-29T06:00:51+00:00\",\"description\":\"De l'art urbain, un jardin extraordinaire, une parenth\u00e8se gastronomique, Montr\u00e9al a plus d'une bonne surprise \u00e0 offrir aux visiteurs curieux.\",\"breadcrumb\":{\"@id\":\"https:\\\/\\\/www.reead.com\\\/fr\\\/week-end-montreal-ete-planning-4637372023\\\/#breadcrumb\"},\"inLanguage\":\"fr-FR\",\"potentialAction\":[{\"@type\":\"ReadAction\",\"target\":[\"https:\\\/\\\/www.reead.com\\\/fr\\\/week-end-montreal-ete-planning-4637372023\\\/\"]}]},{\"@type\":\"ImageObject\",\"inLanguage\":\"fr-FR\",\"@id\":\"https:\\\/\\\/www.reead.com\\\/fr\\\/week-end-montreal-ete-planning-4637372023\\\/#primaryimage\",\"url\":\"https:\\\/\\\/www.reead.com\\\/fr\\\/wp-content\\\/uploads\\\/2023\\\/08\\\/Montre\u0301al-en-ete-2.jpg\",\"contentUrl\":\"https:\\\/\\\/www.reead.com\\\/fr\\\/wp-content\\\/uploads\\\/2023\\\/08\\\/Montre\u0301al-en-ete-2.jpg\",\"width\":1500,\"height\":1000,\"caption\":\"Photo (c) : Shutterstock\"},{\"@type\":\"BreadcrumbList\",\"@id\":\"https:\\\/\\\/www.reead.com\\\/fr\\\/week-end-montreal-ete-planning-4637372023\\\/#breadcrumb\",\"itemListElement\":[{\"@type\":\"ListItem\",\"position\":1,\"name\":\"Accueil\",\"item\":\"https:\\\/\\\/www.reead.com\\\/fr\\\/\"},{\"@type\":\"ListItem\",\"position\":2,\"name\":\"Voyage\",\"item\":\"https:\\\/\\\/www.reead.com\\\/fr\\\/voyage\\\/\"},{\"@type\":\"ListItem\",\"position\":3,\"name\":\"Montr\u00e9al\",\"item\":\"https:\\\/\\\/www.reead.com\\\/fr\\\/voyage\\\/montreal\\\/\"},{\"@type\":\"ListItem\",\"position\":4,\"name\":\"Week-end \u00e0 Montr\u00e9al en \u00e9t\u00e9 : planning de choses \u00e0 faire !\"}]},{\"@type\":\"WebSite\",\"@id\":\"https:\\\/\\\/www.reead.com\\\/fr\\\/#website\",\"url\":\"https:\\\/\\\/www.reead.com\\\/fr\\\/\",\"name\":\"Reead.com\",\"description\":\"Conseils Voyage, Mode Homme et Lifestyle\",\"publisher\":{\"@id\":\"https:\\\/\\\/www.reead.com\\\/fr\\\/#\\\/schema\\\/person\\\/551a8a4b469ab53c0b48bcd3846fb3c6\"},\"potentialAction\":[{\"@type\":\"SearchAction\",\"target\":{\"@type\":\"EntryPoint\",\"urlTemplate\":\"https:\\\/\\\/www.reead.com\\\/fr\\\/?s={search_term_string}\"},\"query-input\":{\"@type\":\"PropertyValueSpecification\",\"valueRequired\":true,\"valueName\":\"search_term_string\"}}],\"inLanguage\":\"fr-FR\"},{\"@type\":[\"Person\",\"Organization\"],\"@id\":\"https:\\\/\\\/www.reead.com\\\/fr\\\/#\\\/schema\\\/person\\\/551a8a4b469ab53c0b48bcd3846fb3c6\",\"name\":\"Reead\",\"image\":{\"@type\":\"ImageObject\",\"inLanguage\":\"fr-FR\",\"@id\":\"https:\\\/\\\/www.reead.com\\\/fr\\\/wp-content\\\/uploads\\\/2018\\\/12\\\/reead.jpg\",\"url\":\"https:\\\/\\\/www.reead.com\\\/fr\\\/wp-content\\\/uploads\\\/2018\\\/12\\\/reead.jpg\",\"contentUrl\":\"https:\\\/\\\/www.reead.com\\\/fr\\\/wp-content\\\/uploads\\\/2018\\\/12\\\/reead.jpg\",\"width\":900,\"height\":610,\"caption\":\"Reead\"},\"logo\":{\"@id\":\"https:\\\/\\\/www.reead.com\\\/fr\\\/wp-content\\\/uploads\\\/2018\\\/12\\\/reead.jpg\"},\"description\":\"Reead est un blogueur voyage fran\u00e7ais bas\u00e9 \u00e0 Las Vegas et le fondateur de Reead.com, un blog lanc\u00e9 en 2009 consacr\u00e9 aux voyages, aux miles et aux programmes de fid\u00e9lit\u00e9. Sp\u00e9cialis\u00e9 dans les cartes de cr\u00e9dit voyage, les miles et points, ainsi que les programmes comme Flying Blue, American Express Membership Rewards ou les alliances a\u00e9riennes, il partage des strat\u00e9gies concr\u00e8tes pour r\u00e9duire le co\u00fbt des voyages et optimiser les r\u00e9compenses des cartes de cr\u00e9dit. Install\u00e9 aux \u00c9tats-Unis, Reead publie \u00e9galement des guides pour visiter les USA, des analyses de programmes de fid\u00e9lit\u00e9 et des retours d\u2019exp\u00e9rience sur les compagnies a\u00e9riennes, h\u00f4tels et cartes premium. Depuis plus de 15 ans, ses articles aident les voyageurs \u00e0 comprendre les miles, accumuler des points plus rapidement et voyager dans de meilleures conditions pour moins cher. Survivant du cancer, il partage aussi une vision simple : profiter de la vie et explorer le monde intelligemment.\",\"sameAs\":[\"https:\\\/\\\/www.reead.com\\\/fr\\\/\",\"https:\\\/\\\/www.facebook.com\\\/welovereead\",\"https:\\\/\\\/www.instagram.com\\\/reead\\\/?hl=fr\",\"https:\\\/\\\/www.pinterest.com\\\/reead\\\/\",\"https:\\\/\\\/x.com\\\/blogdereead\",\"https:\\\/\\\/www.youtube.com\\\/reead\"],\"gender\":\"homme\",\"knowsAbout\":[\"Voyage\",\"miles et points\"],\"knowsLanguage\":[\"Anglais\",\"Fran\u00e7ais\"],\"publishingPrinciples\":\"https:\\\/\\\/www.reead.com\\\/fr\\\/politique-de-publication\\\/\"}]}<\/script>\n<!-- \/ Yoast SEO Premium plugin. -->","yoast_head_json":{"title":"Week-end \u00e0 Montr\u00e9al en \u00e9t\u00e9 : planning de choses \u00e0 faire !","description":"De l'art urbain, un jardin extraordinaire, une parenth\u00e8se gastronomique, Montr\u00e9al a plus d'une bonne surprise \u00e0 offrir aux visiteurs curieux.","robots":{"index":"index","follow":"follow","max-snippet":"max-snippet:-1","max-image-preview":"max-image-preview:large","max-video-preview":"max-video-preview:-1"},"canonical":"https:\/\/www.reead.com\/fr\/week-end-montreal-ete-planning-4637372023\/","og_locale":"fr_FR","og_type":"article","og_title":"Week-end \u00e0 Montr\u00e9al en \u00e9t\u00e9 : planning de choses \u00e0 faire !","og_description":"De l'art urbain, un jardin extraordinaire, une parenth\u00e8se gastronomique, Montr\u00e9al a plus d'une bonne surprise \u00e0 offrir aux visiteurs curieux.","og_url":"https:\/\/www.reead.com\/fr\/week-end-montreal-ete-planning-4637372023\/","og_site_name":"Conseils Voyage, Mode Homme et Lifestyle","article_publisher":"https:\/\/www.facebook.com\/welovereead","article_author":"https:\/\/www.facebook.com\/welovereead","article_published_time":"2023-08-29T06:00:51+00:00","og_image":[{"width":1500,"height":1000,"url":"https:\/\/www.reead.com\/fr\/wp-content\/uploads\/2023\/08\/Montre\u0301al-en-ete-2.jpg","type":"image\/jpeg"}],"author":"Reead","twitter_card":"summary_large_image","twitter_creator":"@blogdereead","twitter_site":"@blogdereead","schema":{"@context":"https:\/\/schema.org","@graph":[{"@type":"Article","@id":"https:\/\/www.reead.com\/fr\/week-end-montreal-ete-planning-4637372023\/#article","isPartOf":{"@id":"https:\/\/www.reead.com\/fr\/week-end-montreal-ete-planning-4637372023\/"},"author":{"name":"Reead","@id":"https:\/\/www.reead.com\/fr\/#\/schema\/person\/551a8a4b469ab53c0b48bcd3846fb3c6"},"headline":"Week-end \u00e0 Montr\u00e9al en \u00e9t\u00e9 : planning de choses \u00e0 faire !","datePublished":"2023-08-29T06:00:51+00:00","mainEntityOfPage":{"@id":"https:\/\/www.reead.com\/fr\/week-end-montreal-ete-planning-4637372023\/"},"wordCount":1185,"commentCount":0,"publisher":{"@id":"https:\/\/www.reead.com\/fr\/#\/schema\/person\/551a8a4b469ab53c0b48bcd3846fb3c6"},"image":{"@id":"https:\/\/www.reead.com\/fr\/week-end-montreal-ete-planning-4637372023\/#primaryimage"},"thumbnailUrl":"https:\/\/www.reead.com\/fr\/wp-content\/uploads\/2023\/08\/Montre\u0301al-en-ete-2.jpg","keywords":["Canada"],"articleSection":["Montr\u00e9al","Voyage"],"inLanguage":"fr-FR","potentialAction":[{"@type":"CommentAction","name":"Comment","target":["https:\/\/www.reead.com\/fr\/week-end-montreal-ete-planning-4637372023\/#respond"]}]},{"@type":"WebPage","@id":"https:\/\/www.reead.com\/fr\/week-end-montreal-ete-planning-4637372023\/","url":"https:\/\/www.reead.com\/fr\/week-end-montreal-ete-planning-4637372023\/","name":"Week-end \u00e0 Montr\u00e9al en \u00e9t\u00e9 : planning de choses \u00e0 faire !","isPartOf":{"@id":"https:\/\/www.reead.com\/fr\/#website"},"primaryImageOfPage":{"@id":"https:\/\/www.reead.com\/fr\/week-end-montreal-ete-planning-4637372023\/#primaryimage"},"image":{"@id":"https:\/\/www.reead.com\/fr\/week-end-montreal-ete-planning-4637372023\/#primaryimage"},"thumbnailUrl":"https:\/\/www.reead.com\/fr\/wp-content\/uploads\/2023\/08\/Montre\u0301al-en-ete-2.jpg","datePublished":"2023-08-29T06:00:51+00:00","description":"De l'art urbain, un jardin extraordinaire, une parenth\u00e8se gastronomique, Montr\u00e9al a plus d'une bonne surprise \u00e0 offrir aux visiteurs curieux.","breadcrumb":{"@id":"https:\/\/www.reead.com\/fr\/week-end-montreal-ete-planning-4637372023\/#breadcrumb"},"inLanguage":"fr-FR","potentialAction":[{"@type":"ReadAction","target":["https:\/\/www.reead.com\/fr\/week-end-montreal-ete-planning-4637372023\/"]}]},{"@type":"ImageObject","inLanguage":"fr-FR","@id":"https:\/\/www.reead.com\/fr\/week-end-montreal-ete-planning-4637372023\/#primaryimage","url":"https:\/\/www.reead.com\/fr\/wp-content\/uploads\/2023\/08\/Montre\u0301al-en-ete-2.jpg","contentUrl":"https:\/\/www.reead.com\/fr\/wp-content\/uploads\/2023\/08\/Montre\u0301al-en-ete-2.jpg","width":1500,"height":1000,"caption":"Photo (c) : Shutterstock"},{"@type":"BreadcrumbList","@id":"https:\/\/www.reead.com\/fr\/week-end-montreal-ete-planning-4637372023\/#breadcrumb","itemListElement":[{"@type":"ListItem","position":1,"name":"Accueil","item":"https:\/\/www.reead.com\/fr\/"},{"@type":"ListItem","position":2,"name":"Voyage","item":"https:\/\/www.reead.com\/fr\/voyage\/"},{"@type":"ListItem","position":3,"name":"Montr\u00e9al","item":"https:\/\/www.reead.com\/fr\/voyage\/montreal\/"},{"@type":"ListItem","position":4,"name":"Week-end \u00e0 Montr\u00e9al en \u00e9t\u00e9 : planning de choses \u00e0 faire !"}]},{"@type":"WebSite","@id":"https:\/\/www.reead.com\/fr\/#website","url":"https:\/\/www.reead.com\/fr\/","name":"Reead.com","description":"Conseils Voyage, Mode Homme et Lifestyle","publisher":{"@id":"https:\/\/www.reead.com\/fr\/#\/schema\/person\/551a8a4b469ab53c0b48bcd3846fb3c6"},"potentialAction":[{"@type":"SearchAction","target":{"@type":"EntryPoint","urlTemplate":"https:\/\/www.reead.com\/fr\/?s={search_term_string}"},"query-input":{"@type":"PropertyValueSpecification","valueRequired":true,"valueName":"search_term_string"}}],"inLanguage":"fr-FR"},{"@type":["Person","Organization"],"@id":"https:\/\/www.reead.com\/fr\/#\/schema\/person\/551a8a4b469ab53c0b48bcd3846fb3c6","name":"Reead","image":{"@type":"ImageObject","inLanguage":"fr-FR","@id":"https:\/\/www.reead.com\/fr\/wp-content\/uploads\/2018\/12\/reead.jpg","url":"https:\/\/www.reead.com\/fr\/wp-content\/uploads\/2018\/12\/reead.jpg","contentUrl":"https:\/\/www.reead.com\/fr\/wp-content\/uploads\/2018\/12\/reead.jpg","width":900,"height":610,"caption":"Reead"},"logo":{"@id":"https:\/\/www.reead.com\/fr\/wp-content\/uploads\/2018\/12\/reead.jpg"},"description":"Reead est un blogueur voyage fran\u00e7ais bas\u00e9 \u00e0 Las Vegas et le fondateur de Reead.com, un blog lanc\u00e9 en 2009 consacr\u00e9 aux voyages, aux miles et aux programmes de fid\u00e9lit\u00e9. Sp\u00e9cialis\u00e9 dans les cartes de cr\u00e9dit voyage, les miles et points, ainsi que les programmes comme Flying Blue, American Express Membership Rewards ou les alliances a\u00e9riennes, il partage des strat\u00e9gies concr\u00e8tes pour r\u00e9duire le co\u00fbt des voyages et optimiser les r\u00e9compenses des cartes de cr\u00e9dit. Install\u00e9 aux \u00c9tats-Unis, Reead publie \u00e9galement des guides pour visiter les USA, des analyses de programmes de fid\u00e9lit\u00e9 et des retours d\u2019exp\u00e9rience sur les compagnies a\u00e9riennes, h\u00f4tels et cartes premium. Depuis plus de 15 ans, ses articles aident les voyageurs \u00e0 comprendre les miles, accumuler des points plus rapidement et voyager dans de meilleures conditions pour moins cher. Survivant du cancer, il partage aussi une vision simple : profiter de la vie et explorer le monde intelligemment.","sameAs":["https:\/\/www.reead.com\/fr\/","https:\/\/www.facebook.com\/welovereead","https:\/\/www.instagram.com\/reead\/?hl=fr","https:\/\/www.pinterest.com\/reead\/","https:\/\/x.com\/blogdereead","https:\/\/www.youtube.com\/reead"],"gender":"homme","knowsAbout":["Voyage","miles et points"],"knowsLanguage":["Anglais","Fran\u00e7ais"],"publishingPrinciples":"https:\/\/www.reead.com\/fr\/politique-de-publication\/"}]}},"_links":{"self":[{"href":"https:\/\/www.reead.com\/fr\/wp-json\/wp\/v2\/posts\/463737","targetHints":{"allow":["GET"]}}],"collection":[{"href":"https:\/\/www.reead.com\/fr\/wp-json\/wp\/v2\/posts"}],"about":[{"href":"https:\/\/www.reead.com\/fr\/wp-json\/wp\/v2\/types\/post"}],"author":[{"embeddable":true,"href":"https:\/\/www.reead.com\/fr\/wp-json\/wp\/v2\/users\/1"}],"replies":[{"embeddable":true,"href":"https:\/\/www.reead.com\/fr\/wp-json\/wp\/v2\/comments?post=463737"}],"version-history":[{"count":0,"href":"https:\/\/www.reead.com\/fr\/wp-json\/wp\/v2\/posts\/463737\/revisions"}],"wp:featuredmedia":[{"embeddable":true,"href":"https:\/\/www.reead.com\/fr\/wp-json\/wp\/v2\/media\/463783"}],"wp:attachment":[{"href":"https:\/\/www.reead.com\/fr\/wp-json\/wp\/v2\/media?parent=463737"}],"wp:term":[{"taxonomy":"category","embeddable":true,"href":"https:\/\/www.reead.com\/fr\/wp-json\/wp\/v2\/categories?post=463737"},{"taxonomy":"post_tag","embeddable":true,"href":"https:\/\/www.reead.com\/fr\/wp-json\/wp\/v2\/tags?post=463737"}],"curies":[{"name":"wp","href":"https:\/\/api.w.org\/{rel}","templated":true}]}}