{"id":463695,"date":"2023-08-10T22:00:10","date_gmt":"2023-08-10T20:00:10","guid":{"rendered":"https:\/\/www.reead.com\/fr\/?p=463695"},"modified":"2024-09-15T16:37:11","modified_gmt":"2024-09-15T14:37:11","slug":"location-de-food-truck-prix","status":"publish","type":"post","link":"https:\/\/www.reead.com\/fr\/location-de-food-truck-prix-4636952023\/","title":{"rendered":"Location de food truck pour un \u00e9v\u00e8nement : quels sont les prix\u2009?"},"content":{"rendered":"<p><span style=\"font-weight: 400;\">Les food trucks une tendance de plus en plus populaire dans le monde de la restauration. Quel que soit le type d&rsquo;\u00e9v\u00e9nement \u00e0 organiser, <\/span><a href=\"https:\/\/locafoodtruck.fr\/location\/prix\" target=\"_blank\" rel=\"noopener\"><span style=\"font-weight: 400;\">louer un food truck<\/span><\/a><span style=\"font-weight: 400;\"> peut \u00eatre une excellente option pour offrir \u00e0 vos invit\u00e9s une exp\u00e9rience culinaire unique. Quel budget allouer pour sa location\u2009?<\/span><\/p>\n<div id=\"attachment_463696\" style=\"width: 1510px\" class=\"wp-caption alignnone\"><img loading=\"lazy\" decoding=\"async\" aria-describedby=\"caption-attachment-463696\" class=\"size-full wp-image-463696\" src=\"https:\/\/www.reead.com\/fr\/wp-content\/uploads\/2023\/08\/prix-Location-de-food-truck.jpg\" alt=\"prix Location de food truck\" width=\"1500\" height=\"1000\" srcset=\"https:\/\/www.reead.com\/fr\/wp-content\/uploads\/2023\/08\/prix-Location-de-food-truck.jpg 1500w,  https:\/\/www.reead.com\/fr\/wp-content\/uploads\/2023\/08\/prix-Location-de-food-truck-610x407.jpg 610w,  https:\/\/www.reead.com\/fr\/wp-content\/uploads\/2023\/08\/prix-Location-de-food-truck-960x640.jpg 960w,  https:\/\/www.reead.com\/fr\/wp-content\/uploads\/2023\/08\/prix-Location-de-food-truck-768x512.jpg 768w,  https:\/\/www.reead.com\/fr\/wp-content\/uploads\/2023\/08\/prix-Location-de-food-truck-272x182.jpg 272w\" sizes=\"auto, (max-width: 1500px) 100vw, 1500px\" \/><p id=\"caption-attachment-463696\" class=\"wp-caption-text\">\u00a9 Can Stock Photo \/ pancale<\/p><\/div>\n<h2><b>Les \u00e9l\u00e9ments qui impactent sur le prix de la location d\u2019un food truck\u2009?\u00a0<\/b><\/h2>\n<p><span style=\"font-weight: 400;\">Il n\u2019y a pas de co\u00fbt de location fixe pour ce type de prestation. En effet, cela varie en fonction de plusieurs facteurs, dont ci-apr\u00e8s les plus importants.<\/span><\/p>\n<h3><b>La dur\u00e9e de la location\u00a0<\/b><\/h3>\n<p><span style=\"font-weight: 400;\">Le prix de location d\u2019un food truck variera en fonction de la dur\u00e9e de l&rsquo;\u00e9v\u00e9nement. Mais dans certains cas, vous pouvez b\u00e9n\u00e9ficier d\u2019une r\u00e9duction \u00e0 partir du deuxi\u00e8me jour.<\/span><\/p>\n<h3><b>Le nombre d\u2019invit\u00e9s\u00a0<\/b><\/h3>\n<p><span style=\"font-weight: 400;\">Si vous pr\u00e9voyez un grand \u00e9v\u00e9nement avec un grand nombre d\u2019invit\u00e9s, le prix de la location du food truck peut augmenter pour r\u00e9pondre \u00e0 la demande.<\/span><\/p>\n<h3><b>La date de l&rsquo;\u00e9v\u00e9nement<\/b><\/h3>\n<p><span style=\"font-weight: 400;\">Si vous \u00eates <strong>flexible avec les dates et les heures de votre \u00e9v\u00e9nement<\/strong>, vous pouvez essayer de r\u00e9server le food truck lorsqu\u2019il est moins sollicit\u00e9. Cela pourrait vous permettre d\u2019obtenir un meilleur tarif.<\/span><\/p>\n<h3><b>Les services inclus<\/b><\/h3>\n<p><span style=\"font-weight: 400;\">Certains food trucks offrent des services suppl\u00e9mentaires, tels que la fourniture de vaisselle, la d\u00e9coration de l\u2019espace ou l\u2019embauche de serveurs. Ces services optionnels peuvent entra\u00eener des co\u00fbts en plus.<\/span><\/p>\n<h3><b>La popularit\u00e9 du food truck\u00a0<\/b><\/h3>\n<p><span style=\"font-weight: 400;\">Certains \u00e9tablissement itin\u00e9rants sont plus populaires que d\u2019autres : les plus connus peuvent demander des tarifs plus \u00e9lev\u00e9s en raison de leur r\u00e9putation et de leur notori\u00e9t\u00e9.<\/span><\/p>\n<h2><b>Combien \u00e7a co\u00fbte de louer un camion-traiteur selon le type de repas\u2009?\u00a0<\/b><\/h2>\n<p><span style=\"font-weight: 400;\">Le prix de la location d\u2019un food truck variera en fonction du type de repas que vous souhaitez.<\/span><\/p>\n<p><span style=\"font-weight: 400;\">Voici quelques exemples de prix r\u00e9els sur le march\u00e9 :<\/span><\/p>\n<ul>\n<li style=\"font-weight: 400;\" aria-level=\"1\"><span style=\"font-weight: 400;\">Pour un <strong>salad bar<\/strong>, le prix est de 6,50 \u20ac par personne.\u00a0<\/span><\/li>\n<li style=\"font-weight: 400;\" aria-level=\"1\"><span style=\"font-weight: 400;\">Pour un <strong>Fish and Chips<\/strong> co\u00fbte 7 \u20ac par personne.\u00a0<\/span><\/li>\n<li style=\"font-weight: 400;\" aria-level=\"1\"><span style=\"font-weight: 400;\">Pour la <strong>cuisine traditionnelle<\/strong>, le tarif minimum s\u2019\u00e9l\u00e8ve \u00e0 7 \u20ac par personne, mais le tarif minimum du plat servi est de 800 \u20ac.\u00a0<\/span><\/li>\n<li style=\"font-weight: 400;\" aria-level=\"1\"><span style=\"font-weight: 400;\">Pour une <strong>pizza<\/strong>, le prix est de 10 \u20ac par personne, avec un tarif minimum de 300 \u20ac.\u00a0<\/span><\/li>\n<li style=\"font-weight: 400;\" aria-level=\"1\"><span style=\"font-weight: 400;\">Pour un <strong>burger<\/strong>, le prix est de 13,50 \u20ac par personne pour une formule hamburger avec frites et sauces \u00e0 volont\u00e9.<\/span><\/li>\n<li><span style=\"font-weight: 400;\">La cuisine <strong>mexicaine<\/strong> vaut 14 \u20ac par personne.\u00a0<\/span><\/li>\n<li><span style=\"font-weight: 400;\">Pour une <strong>formule \u00e0 volont\u00e9<\/strong>, il faut pr\u00e9voir 15 \u20ac par personne, avec des frais kilom\u00e9triques de 1 \u20ac par kilom\u00e8tre aller-retour compris.<\/span><\/li>\n<li><span style=\"font-weight: 400;\">Pour une personne <strong>vegan<\/strong>, le menu varie entre 12 \u00e0 25 \u20ac<\/span><\/li>\n<li style=\"font-weight: 400;\" aria-level=\"1\"><span style=\"font-weight: 400;\">Louer un <strong>italien<\/strong> \u00e9quivaut 15 \u20ac \u00e0 26 \u20ac par personne, avec des tarifs qui augmentent si vous ajoutez un dessert.<\/span><\/li>\n<\/ul>\n<p><span style=\"font-weight: 400;\">Pr\u00e9voyez en plus jusqu&rsquo;\u00e0 125 \u20ac pour le personnel et 80 \u20ac de frais de d\u00e9placement.<\/span><\/p>\n<h2><b>Indices de prix selon le type d\u2019\u00e9v\u00e8nement\u00a0<\/b><\/h2>\n<p><span style=\"font-weight: 400;\">Bapt\u00eame, mariage, anniversaire, s\u00e9minaire ou r\u00e9union en entreprise, la nature de l\u2019\u00e9v\u00e8nement \u00e0 organiser influe fortement sur le co\u00fbt final.<\/span><\/p>\n<p><span style=\"font-weight: 400;\">Ainsi la location du food truck <strong>pour un mariage<\/strong> peut varier de 800 \u20ac \u00e0 2000 \u20ac en fonction de la dur\u00e9e de l&rsquo;\u00e9v\u00e9nement et du nombre d\u2019invit\u00e9s.<\/span><\/p>\n<p><span style=\"font-weight: 400;\">Si vous souhaitez confier la pr\u00e9paration et la restauration pour votre <strong>f\u00eate d\u2019anniversaire<\/strong> \u00e0 un camion &#8211; traiteur, pr\u00e9voyez entre 500 \u20ac \u00e0 1500 \u20ac. Ce prix variera en fonction du type de repas et de la dur\u00e9e de l\u2019\u00e9v\u00e8nement.<\/span><\/p>\n<p><span style=\"font-weight: 400;\">Pour une <strong>pendaison de cr\u00e9maill\u00e8re<\/strong>, le budget de la location est de 400 \u20ac \u00e0 1000 \u20ac en fonction du nombre d\u2019invit\u00e9s et des services inclus.<\/span><\/p>\n<p><span style=\"font-weight: 400;\">Beaucoup plus chic, le budget pour louer un camion traiteur pour <strong>un \u00e9v\u00e9nement d\u2019entreprise<\/strong> varie entre 1000 \u20ac \u00e0 3000 \u20ac. La dur\u00e9e de l\u2019\u00e9v\u00e8nement, le nombre d\u2019invit\u00e9s ainsi que les services requis impacteront sur le co\u00fbt final.<\/span><\/p>\n<p><span style=\"font-weight: 400;\">Il va de soi que ces derniers peuvent \u00eatre plus \u00e9lev\u00e9s dans les milieux urbains, car la demande est plus \u00e9lev\u00e9e que l\u2019offre. \u00c0 <a class=\"wpil_keyword_link\" title=\"Paris\" href=\"https:\/\/www.reead.com\/fr\/voyage\/paris\/\" data-wpil-keyword-link=\"linked\">Paris<\/a> et en r\u00e9gion parisienne, le prix du menu pour louer un food truck est compris entre 12 \u00e0 16\u00a0\u20ac pour la pizza. Dans les milieux ruraux, il sera plus bas et variera entre 8 \u00e0 10\u00a0\u20ac par personne. Il est donc recommand\u00e9 de v\u00e9rifier les tarifs locaux pour obtenir une estimation plus pr\u00e9cise.<\/span><\/p>\n<h2><b>Les avantages du food-truck<\/b><\/h2>\n<p><span style=\"font-weight: 400;\">Le food truck apporte une touche d\u2019originalit\u00e9 et de diversit\u00e9 \u00e0 votre menu. Les food trucks proposent souvent des repas et des collations uniques et d\u00e9licieuses qui peuvent plaire \u00e0 tous les go\u00fbts lors d&rsquo;un anniversaire ou <a href=\"https:\/\/www.reead.com\/fr\/idees-mariage-insolites-4632952023\/\" target=\"_blank\" rel=\"noopener\"><strong>d&rsquo;un mariage<\/strong><\/a>. De plus, ils offrent une exp\u00e9rience culinaire interactive o\u00f9 vos invit\u00e9s peuvent voir leur repas pr\u00e9par\u00e9 sous leurs yeux.<\/span><\/p>\n<p><span style=\"font-weight: 400;\">Cela permet de lib\u00e9rer de l\u2019espace dans votre cuisine ou votre lieu de r\u00e9ception, car le food truck dispose de tout ce dont il a besoin pour cuisiner et servir les repas. En plus de ces avantages, avoir un camion &#8211; traiteur dans son jardin ne manque pas d\u2019\u00eatre convivial. Variant d\u2019un engin \u00e0 un autre, son design peut \u00eatre particuli\u00e8rement attrayant. Il peut s\u2019accorder au th\u00e8me que vous avez choisi pour votre s\u00e9minaire, r\u00e9union ou \u00e9v\u00e9nement familial.\u00a0<\/span><\/p>\n\n\n<div class=\"kk-star-ratings kksr-auto kksr-align-left kksr-valign-bottom\"\n    data-payload='{&quot;align&quot;:&quot;left&quot;,&quot;id&quot;:&quot;463695&quot;,&quot;slug&quot;:&quot;default&quot;,&quot;valign&quot;:&quot;bottom&quot;,&quot;ignore&quot;:&quot;&quot;,&quot;reference&quot;:&quot;auto&quot;,&quot;class&quot;:&quot;&quot;,&quot;count&quot;:&quot;4&quot;,&quot;legendonly&quot;:&quot;&quot;,&quot;readonly&quot;:&quot;&quot;,&quot;score&quot;:&quot;4.7&quot;,&quot;starsonly&quot;:&quot;&quot;,&quot;best&quot;:&quot;5&quot;,&quot;gap&quot;:&quot;4&quot;,&quot;greet&quot;:&quot;Votez pour ce post&quot;,&quot;legend&quot;:&quot;4.7\\\/5 - (4 votes)&quot;,&quot;size&quot;:&quot;24&quot;,&quot;title&quot;:&quot;Location de food truck pour un \u00e9v\u00e8nement : quels sont les prix\u2009?&quot;,&quot;width&quot;:&quot;129.6&quot;,&quot;_legend&quot;:&quot;{score}\\\/{best} - ({count} {votes})&quot;,&quot;font_factor&quot;:&quot;1.25&quot;}'>\n            \n<div class=\"kksr-stars\">\n    \n<div class=\"kksr-stars-inactive\">\n            <div class=\"kksr-star\" data-star=\"1\" style=\"padding-right: 4px\">\n            \n\n<div class=\"kksr-icon\" style=\"width: 24px; height: 24px;\"><\/div>\n        <\/div>\n            <div class=\"kksr-star\" data-star=\"2\" style=\"padding-right: 4px\">\n            \n\n<div class=\"kksr-icon\" style=\"width: 24px; height: 24px;\"><\/div>\n        <\/div>\n            <div class=\"kksr-star\" data-star=\"3\" style=\"padding-right: 4px\">\n            \n\n<div class=\"kksr-icon\" style=\"width: 24px; height: 24px;\"><\/div>\n        <\/div>\n            <div class=\"kksr-star\" data-star=\"4\" style=\"padding-right: 4px\">\n            \n\n<div class=\"kksr-icon\" style=\"width: 24px; height: 24px;\"><\/div>\n        <\/div>\n            <div class=\"kksr-star\" data-star=\"5\" style=\"padding-right: 4px\">\n            \n\n<div class=\"kksr-icon\" style=\"width: 24px; height: 24px;\"><\/div>\n        <\/div>\n    <\/div>\n    \n<div class=\"kksr-stars-active\" style=\"width: 129.6px;\">\n            <div class=\"kksr-star\" style=\"padding-right: 4px\">\n            \n\n<div class=\"kksr-icon\" style=\"width: 24px; height: 24px;\"><\/div>\n        <\/div>\n            <div class=\"kksr-star\" style=\"padding-right: 4px\">\n            \n\n<div class=\"kksr-icon\" style=\"width: 24px; height: 24px;\"><\/div>\n        <\/div>\n            <div class=\"kksr-star\" style=\"padding-right: 4px\">\n            \n\n<div class=\"kksr-icon\" style=\"width: 24px; height: 24px;\"><\/div>\n        <\/div>\n            <div class=\"kksr-star\" style=\"padding-right: 4px\">\n            \n\n<div class=\"kksr-icon\" style=\"width: 24px; height: 24px;\"><\/div>\n        <\/div>\n            <div class=\"kksr-star\" style=\"padding-right: 4px\">\n            \n\n<div class=\"kksr-icon\" style=\"width: 24px; height: 24px;\"><\/div>\n        <\/div>\n    <\/div>\n<\/div>\n                \n\n<div class=\"kksr-legend\" style=\"font-size: 19.2px;\">\n            4.7\/5 - (4 votes)    <\/div>\n    <\/div>","protected":false},"excerpt":{"rendered":"<p>Besoin d&rsquo;un food truck pour votre \u00e9v\u00e9nement ? D\u00e9couvrez nos tarifs de location. Expertise culinaire pour r\u00e9ussir votre occasion sp\u00e9ciale.<\/p>","protected":false},"author":6,"featured_media":463696,"comment_status":"open","ping_status":"open","sticky":false,"template":"","format":"standard","meta":{"footnotes":""},"categories":[560],"tags":[],"class_list":["post-463695","post","type-post","status-publish","format-standard","has-post-thumbnail","hentry","category-lifestyle"],"yoast_head":"<!-- This site is optimized with the Yoast SEO Premium plugin v27.4 (Yoast SEO v27.4) - https:\/\/yoast.com\/product\/yoast-seo-premium-wordpress\/ -->\n<title>Location de food truck pour un \u00e9v\u00e8nement : quels sont les prix\u2009?<\/title>\n<meta name=\"description\" content=\"Besoin d&#039;un food truck pour votre \u00e9v\u00e9nement ? D\u00e9couvrez nos tarifs de location. Expertise culinaire pour r\u00e9ussir votre occasion sp\u00e9ciale.\" \/>\n<meta name=\"robots\" content=\"index, follow, max-snippet:-1, max-image-preview:large, max-video-preview:-1\" \/>\n<link rel=\"canonical\" href=\"https:\/\/www.reead.com\/fr\/location-de-food-truck-prix-4636952023\/\" \/>\n<meta property=\"og:locale\" content=\"fr_FR\" \/>\n<meta property=\"og:type\" content=\"article\" \/>\n<meta property=\"og:title\" content=\"Location de food truck pour un \u00e9v\u00e8nement : quels sont les prix\u2009?\" \/>\n<meta property=\"og:description\" content=\"Besoin d&#039;un food truck pour votre \u00e9v\u00e9nement ? D\u00e9couvrez nos tarifs de location. Expertise culinaire pour r\u00e9ussir votre occasion sp\u00e9ciale.\" \/>\n<meta property=\"og:url\" content=\"https:\/\/www.reead.com\/fr\/location-de-food-truck-prix-4636952023\/\" \/>\n<meta property=\"og:site_name\" content=\"Conseils Voyage, Mode Homme et Lifestyle\" \/>\n<meta property=\"article:publisher\" content=\"https:\/\/www.facebook.com\/welovereead\" \/>\n<meta property=\"article:published_time\" content=\"2023-08-10T20:00:10+00:00\" \/>\n<meta property=\"article:modified_time\" content=\"2024-09-15T14:37:11+00:00\" \/>\n<meta property=\"og:image\" content=\"https:\/\/www.reead.com\/fr\/wp-content\/uploads\/2023\/08\/prix-Location-de-food-truck.jpg\" \/>\n\t<meta property=\"og:image:width\" content=\"1500\" \/>\n\t<meta property=\"og:image:height\" content=\"1000\" \/>\n\t<meta property=\"og:image:type\" content=\"image\/jpeg\" \/>\n<meta name=\"author\" content=\"La R\u00e9dac Reead.com\" \/>\n<meta name=\"twitter:card\" content=\"summary_large_image\" \/>\n<meta name=\"twitter:creator\" content=\"@reead\" \/>\n<meta name=\"twitter:site\" content=\"@blogdereead\" \/>\n<script type=\"application\/ld+json\" class=\"yoast-schema-graph\">{\"@context\":\"https:\\\/\\\/schema.org\",\"@graph\":[{\"@type\":\"Article\",\"@id\":\"https:\\\/\\\/www.reead.com\\\/fr\\\/location-de-food-truck-prix-4636952023\\\/#article\",\"isPartOf\":{\"@id\":\"https:\\\/\\\/www.reead.com\\\/fr\\\/location-de-food-truck-prix-4636952023\\\/\"},\"author\":{\"name\":\"La R\u00e9dac Reead.com\",\"@id\":\"https:\\\/\\\/www.reead.com\\\/fr\\\/#\\\/schema\\\/person\\\/43bf0419400390bc01899c5d52c6d02f\"},\"headline\":\"Location de food truck pour un \u00e9v\u00e8nement : quels sont les prix\u2009?\",\"datePublished\":\"2023-08-10T20:00:10+00:00\",\"dateModified\":\"2024-09-15T14:37:11+00:00\",\"mainEntityOfPage\":{\"@id\":\"https:\\\/\\\/www.reead.com\\\/fr\\\/location-de-food-truck-prix-4636952023\\\/\"},\"wordCount\":896,\"commentCount\":0,\"publisher\":{\"@id\":\"https:\\\/\\\/www.reead.com\\\/fr\\\/#\\\/schema\\\/person\\\/551a8a4b469ab53c0b48bcd3846fb3c6\"},\"image\":{\"@id\":\"https:\\\/\\\/www.reead.com\\\/fr\\\/location-de-food-truck-prix-4636952023\\\/#primaryimage\"},\"thumbnailUrl\":\"https:\\\/\\\/www.reead.com\\\/fr\\\/wp-content\\\/uploads\\\/2023\\\/08\\\/prix-Location-de-food-truck.jpg\",\"articleSection\":[\"Lifestyle\"],\"inLanguage\":\"fr-FR\",\"potentialAction\":[{\"@type\":\"CommentAction\",\"name\":\"Comment\",\"target\":[\"https:\\\/\\\/www.reead.com\\\/fr\\\/location-de-food-truck-prix-4636952023\\\/#respond\"]}]},{\"@type\":\"WebPage\",\"@id\":\"https:\\\/\\\/www.reead.com\\\/fr\\\/location-de-food-truck-prix-4636952023\\\/\",\"url\":\"https:\\\/\\\/www.reead.com\\\/fr\\\/location-de-food-truck-prix-4636952023\\\/\",\"name\":\"Location de food truck pour un \u00e9v\u00e8nement : quels sont les prix\u2009?\",\"isPartOf\":{\"@id\":\"https:\\\/\\\/www.reead.com\\\/fr\\\/#website\"},\"primaryImageOfPage\":{\"@id\":\"https:\\\/\\\/www.reead.com\\\/fr\\\/location-de-food-truck-prix-4636952023\\\/#primaryimage\"},\"image\":{\"@id\":\"https:\\\/\\\/www.reead.com\\\/fr\\\/location-de-food-truck-prix-4636952023\\\/#primaryimage\"},\"thumbnailUrl\":\"https:\\\/\\\/www.reead.com\\\/fr\\\/wp-content\\\/uploads\\\/2023\\\/08\\\/prix-Location-de-food-truck.jpg\",\"datePublished\":\"2023-08-10T20:00:10+00:00\",\"dateModified\":\"2024-09-15T14:37:11+00:00\",\"description\":\"Besoin d'un food truck pour votre \u00e9v\u00e9nement ? D\u00e9couvrez nos tarifs de location. Expertise culinaire pour r\u00e9ussir votre occasion sp\u00e9ciale.\",\"breadcrumb\":{\"@id\":\"https:\\\/\\\/www.reead.com\\\/fr\\\/location-de-food-truck-prix-4636952023\\\/#breadcrumb\"},\"inLanguage\":\"fr-FR\",\"potentialAction\":[{\"@type\":\"ReadAction\",\"target\":[\"https:\\\/\\\/www.reead.com\\\/fr\\\/location-de-food-truck-prix-4636952023\\\/\"]}]},{\"@type\":\"ImageObject\",\"inLanguage\":\"fr-FR\",\"@id\":\"https:\\\/\\\/www.reead.com\\\/fr\\\/location-de-food-truck-prix-4636952023\\\/#primaryimage\",\"url\":\"https:\\\/\\\/www.reead.com\\\/fr\\\/wp-content\\\/uploads\\\/2023\\\/08\\\/prix-Location-de-food-truck.jpg\",\"contentUrl\":\"https:\\\/\\\/www.reead.com\\\/fr\\\/wp-content\\\/uploads\\\/2023\\\/08\\\/prix-Location-de-food-truck.jpg\",\"width\":1500,\"height\":1000,\"caption\":\"\u00a9 Can Stock Photo \\\/ pancale\"},{\"@type\":\"BreadcrumbList\",\"@id\":\"https:\\\/\\\/www.reead.com\\\/fr\\\/location-de-food-truck-prix-4636952023\\\/#breadcrumb\",\"itemListElement\":[{\"@type\":\"ListItem\",\"position\":1,\"name\":\"Accueil\",\"item\":\"https:\\\/\\\/www.reead.com\\\/fr\\\/\"},{\"@type\":\"ListItem\",\"position\":2,\"name\":\"Lifestyle\",\"item\":\"https:\\\/\\\/www.reead.com\\\/fr\\\/lifestyle\\\/\"},{\"@type\":\"ListItem\",\"position\":3,\"name\":\"Location de food truck pour un \u00e9v\u00e8nement : quels sont les prix\u2009?\"}]},{\"@type\":\"WebSite\",\"@id\":\"https:\\\/\\\/www.reead.com\\\/fr\\\/#website\",\"url\":\"https:\\\/\\\/www.reead.com\\\/fr\\\/\",\"name\":\"Reead.com\",\"description\":\"Conseils Voyage, Mode Homme et Lifestyle\",\"publisher\":{\"@id\":\"https:\\\/\\\/www.reead.com\\\/fr\\\/#\\\/schema\\\/person\\\/551a8a4b469ab53c0b48bcd3846fb3c6\"},\"potentialAction\":[{\"@type\":\"SearchAction\",\"target\":{\"@type\":\"EntryPoint\",\"urlTemplate\":\"https:\\\/\\\/www.reead.com\\\/fr\\\/?s={search_term_string}\"},\"query-input\":{\"@type\":\"PropertyValueSpecification\",\"valueRequired\":true,\"valueName\":\"search_term_string\"}}],\"inLanguage\":\"fr-FR\"},{\"@type\":[\"Person\",\"Organization\"],\"@id\":\"https:\\\/\\\/www.reead.com\\\/fr\\\/#\\\/schema\\\/person\\\/551a8a4b469ab53c0b48bcd3846fb3c6\",\"name\":\"Reead\",\"image\":{\"@type\":\"ImageObject\",\"inLanguage\":\"fr-FR\",\"@id\":\"https:\\\/\\\/www.reead.com\\\/fr\\\/wp-content\\\/uploads\\\/2018\\\/12\\\/reead.jpg\",\"url\":\"https:\\\/\\\/www.reead.com\\\/fr\\\/wp-content\\\/uploads\\\/2018\\\/12\\\/reead.jpg\",\"contentUrl\":\"https:\\\/\\\/www.reead.com\\\/fr\\\/wp-content\\\/uploads\\\/2018\\\/12\\\/reead.jpg\",\"width\":900,\"height\":610,\"caption\":\"Reead\"},\"logo\":{\"@id\":\"https:\\\/\\\/www.reead.com\\\/fr\\\/wp-content\\\/uploads\\\/2018\\\/12\\\/reead.jpg\"},\"description\":\"Reead est un blogueur voyage fran\u00e7ais bas\u00e9 \u00e0 Las Vegas et le fondateur de Reead.com, un blog lanc\u00e9 en 2009 consacr\u00e9 aux voyages, aux miles et aux programmes de fid\u00e9lit\u00e9. Sp\u00e9cialis\u00e9 dans les cartes de cr\u00e9dit voyage, les miles et points, ainsi que les programmes comme Flying Blue, American Express Membership Rewards ou les alliances a\u00e9riennes, il partage des strat\u00e9gies concr\u00e8tes pour r\u00e9duire le co\u00fbt des voyages et optimiser les r\u00e9compenses des cartes de cr\u00e9dit. Install\u00e9 aux \u00c9tats-Unis, Reead publie \u00e9galement des guides pour visiter les USA, des analyses de programmes de fid\u00e9lit\u00e9 et des retours d\u2019exp\u00e9rience sur les compagnies a\u00e9riennes, h\u00f4tels et cartes premium. Depuis plus de 15 ans, ses articles aident les voyageurs \u00e0 comprendre les miles, accumuler des points plus rapidement et voyager dans de meilleures conditions pour moins cher. Survivant du cancer, il partage aussi une vision simple : profiter de la vie et explorer le monde intelligemment.\",\"sameAs\":[\"https:\\\/\\\/www.reead.com\\\/fr\\\/\",\"https:\\\/\\\/www.facebook.com\\\/welovereead\",\"https:\\\/\\\/www.instagram.com\\\/reead\\\/?hl=fr\",\"https:\\\/\\\/www.pinterest.com\\\/reead\\\/\",\"https:\\\/\\\/x.com\\\/blogdereead\",\"https:\\\/\\\/www.youtube.com\\\/reead\"],\"gender\":\"homme\",\"knowsAbout\":[\"Voyage\",\"miles et points\"],\"knowsLanguage\":[\"Anglais\",\"Fran\u00e7ais\"],\"publishingPrinciples\":\"https:\\\/\\\/www.reead.com\\\/fr\\\/politique-de-publication\\\/\"},{\"@type\":\"Person\",\"@id\":\"https:\\\/\\\/www.reead.com\\\/fr\\\/#\\\/schema\\\/person\\\/43bf0419400390bc01899c5d52c6d02f\",\"name\":\"La R\u00e9dac Reead.com\",\"image\":{\"@type\":\"ImageObject\",\"inLanguage\":\"fr-FR\",\"@id\":\"https:\\\/\\\/secure.gravatar.com\\\/avatar\\\/52abbce686654ea811e2d66f2a9d0e94d0915d1381bf3a4acf7adbd1d73b4547?s=96&d=mm&r=g\",\"url\":\"https:\\\/\\\/secure.gravatar.com\\\/avatar\\\/52abbce686654ea811e2d66f2a9d0e94d0915d1381bf3a4acf7adbd1d73b4547?s=96&d=mm&r=g\",\"contentUrl\":\"https:\\\/\\\/secure.gravatar.com\\\/avatar\\\/52abbce686654ea811e2d66f2a9d0e94d0915d1381bf3a4acf7adbd1d73b4547?s=96&d=mm&r=g\",\"caption\":\"La R\u00e9dac Reead.com\"},\"description\":\"Article r\u00e9dig\u00e9 par un membre de la r\u00e9daction Reead.com\"}]}<\/script>\n<!-- \/ Yoast SEO Premium plugin. -->","yoast_head_json":{"title":"Location de food truck pour un \u00e9v\u00e8nement : quels sont les prix\u2009?","description":"Besoin d'un food truck pour votre \u00e9v\u00e9nement ? D\u00e9couvrez nos tarifs de location. Expertise culinaire pour r\u00e9ussir votre occasion sp\u00e9ciale.","robots":{"index":"index","follow":"follow","max-snippet":"max-snippet:-1","max-image-preview":"max-image-preview:large","max-video-preview":"max-video-preview:-1"},"canonical":"https:\/\/www.reead.com\/fr\/location-de-food-truck-prix-4636952023\/","og_locale":"fr_FR","og_type":"article","og_title":"Location de food truck pour un \u00e9v\u00e8nement : quels sont les prix\u2009?","og_description":"Besoin d'un food truck pour votre \u00e9v\u00e9nement ? D\u00e9couvrez nos tarifs de location. Expertise culinaire pour r\u00e9ussir votre occasion sp\u00e9ciale.","og_url":"https:\/\/www.reead.com\/fr\/location-de-food-truck-prix-4636952023\/","og_site_name":"Conseils Voyage, Mode Homme et Lifestyle","article_publisher":"https:\/\/www.facebook.com\/welovereead","article_published_time":"2023-08-10T20:00:10+00:00","article_modified_time":"2024-09-15T14:37:11+00:00","og_image":[{"width":1500,"height":1000,"url":"https:\/\/www.reead.com\/fr\/wp-content\/uploads\/2023\/08\/prix-Location-de-food-truck.jpg","type":"image\/jpeg"}],"author":"La R\u00e9dac Reead.com","twitter_card":"summary_large_image","twitter_creator":"@reead","twitter_site":"@blogdereead","schema":{"@context":"https:\/\/schema.org","@graph":[{"@type":"Article","@id":"https:\/\/www.reead.com\/fr\/location-de-food-truck-prix-4636952023\/#article","isPartOf":{"@id":"https:\/\/www.reead.com\/fr\/location-de-food-truck-prix-4636952023\/"},"author":{"name":"La R\u00e9dac Reead.com","@id":"https:\/\/www.reead.com\/fr\/#\/schema\/person\/43bf0419400390bc01899c5d52c6d02f"},"headline":"Location de food truck pour un \u00e9v\u00e8nement : quels sont les prix\u2009?","datePublished":"2023-08-10T20:00:10+00:00","dateModified":"2024-09-15T14:37:11+00:00","mainEntityOfPage":{"@id":"https:\/\/www.reead.com\/fr\/location-de-food-truck-prix-4636952023\/"},"wordCount":896,"commentCount":0,"publisher":{"@id":"https:\/\/www.reead.com\/fr\/#\/schema\/person\/551a8a4b469ab53c0b48bcd3846fb3c6"},"image":{"@id":"https:\/\/www.reead.com\/fr\/location-de-food-truck-prix-4636952023\/#primaryimage"},"thumbnailUrl":"https:\/\/www.reead.com\/fr\/wp-content\/uploads\/2023\/08\/prix-Location-de-food-truck.jpg","articleSection":["Lifestyle"],"inLanguage":"fr-FR","potentialAction":[{"@type":"CommentAction","name":"Comment","target":["https:\/\/www.reead.com\/fr\/location-de-food-truck-prix-4636952023\/#respond"]}]},{"@type":"WebPage","@id":"https:\/\/www.reead.com\/fr\/location-de-food-truck-prix-4636952023\/","url":"https:\/\/www.reead.com\/fr\/location-de-food-truck-prix-4636952023\/","name":"Location de food truck pour un \u00e9v\u00e8nement : quels sont les prix\u2009?","isPartOf":{"@id":"https:\/\/www.reead.com\/fr\/#website"},"primaryImageOfPage":{"@id":"https:\/\/www.reead.com\/fr\/location-de-food-truck-prix-4636952023\/#primaryimage"},"image":{"@id":"https:\/\/www.reead.com\/fr\/location-de-food-truck-prix-4636952023\/#primaryimage"},"thumbnailUrl":"https:\/\/www.reead.com\/fr\/wp-content\/uploads\/2023\/08\/prix-Location-de-food-truck.jpg","datePublished":"2023-08-10T20:00:10+00:00","dateModified":"2024-09-15T14:37:11+00:00","description":"Besoin d'un food truck pour votre \u00e9v\u00e9nement ? D\u00e9couvrez nos tarifs de location. Expertise culinaire pour r\u00e9ussir votre occasion sp\u00e9ciale.","breadcrumb":{"@id":"https:\/\/www.reead.com\/fr\/location-de-food-truck-prix-4636952023\/#breadcrumb"},"inLanguage":"fr-FR","potentialAction":[{"@type":"ReadAction","target":["https:\/\/www.reead.com\/fr\/location-de-food-truck-prix-4636952023\/"]}]},{"@type":"ImageObject","inLanguage":"fr-FR","@id":"https:\/\/www.reead.com\/fr\/location-de-food-truck-prix-4636952023\/#primaryimage","url":"https:\/\/www.reead.com\/fr\/wp-content\/uploads\/2023\/08\/prix-Location-de-food-truck.jpg","contentUrl":"https:\/\/www.reead.com\/fr\/wp-content\/uploads\/2023\/08\/prix-Location-de-food-truck.jpg","width":1500,"height":1000,"caption":"\u00a9 Can Stock Photo \/ pancale"},{"@type":"BreadcrumbList","@id":"https:\/\/www.reead.com\/fr\/location-de-food-truck-prix-4636952023\/#breadcrumb","itemListElement":[{"@type":"ListItem","position":1,"name":"Accueil","item":"https:\/\/www.reead.com\/fr\/"},{"@type":"ListItem","position":2,"name":"Lifestyle","item":"https:\/\/www.reead.com\/fr\/lifestyle\/"},{"@type":"ListItem","position":3,"name":"Location de food truck pour un \u00e9v\u00e8nement : quels sont les prix\u2009?"}]},{"@type":"WebSite","@id":"https:\/\/www.reead.com\/fr\/#website","url":"https:\/\/www.reead.com\/fr\/","name":"Reead.com","description":"Conseils Voyage, Mode Homme et Lifestyle","publisher":{"@id":"https:\/\/www.reead.com\/fr\/#\/schema\/person\/551a8a4b469ab53c0b48bcd3846fb3c6"},"potentialAction":[{"@type":"SearchAction","target":{"@type":"EntryPoint","urlTemplate":"https:\/\/www.reead.com\/fr\/?s={search_term_string}"},"query-input":{"@type":"PropertyValueSpecification","valueRequired":true,"valueName":"search_term_string"}}],"inLanguage":"fr-FR"},{"@type":["Person","Organization"],"@id":"https:\/\/www.reead.com\/fr\/#\/schema\/person\/551a8a4b469ab53c0b48bcd3846fb3c6","name":"Reead","image":{"@type":"ImageObject","inLanguage":"fr-FR","@id":"https:\/\/www.reead.com\/fr\/wp-content\/uploads\/2018\/12\/reead.jpg","url":"https:\/\/www.reead.com\/fr\/wp-content\/uploads\/2018\/12\/reead.jpg","contentUrl":"https:\/\/www.reead.com\/fr\/wp-content\/uploads\/2018\/12\/reead.jpg","width":900,"height":610,"caption":"Reead"},"logo":{"@id":"https:\/\/www.reead.com\/fr\/wp-content\/uploads\/2018\/12\/reead.jpg"},"description":"Reead est un blogueur voyage fran\u00e7ais bas\u00e9 \u00e0 Las Vegas et le fondateur de Reead.com, un blog lanc\u00e9 en 2009 consacr\u00e9 aux voyages, aux miles et aux programmes de fid\u00e9lit\u00e9. Sp\u00e9cialis\u00e9 dans les cartes de cr\u00e9dit voyage, les miles et points, ainsi que les programmes comme Flying Blue, American Express Membership Rewards ou les alliances a\u00e9riennes, il partage des strat\u00e9gies concr\u00e8tes pour r\u00e9duire le co\u00fbt des voyages et optimiser les r\u00e9compenses des cartes de cr\u00e9dit. Install\u00e9 aux \u00c9tats-Unis, Reead publie \u00e9galement des guides pour visiter les USA, des analyses de programmes de fid\u00e9lit\u00e9 et des retours d\u2019exp\u00e9rience sur les compagnies a\u00e9riennes, h\u00f4tels et cartes premium. Depuis plus de 15 ans, ses articles aident les voyageurs \u00e0 comprendre les miles, accumuler des points plus rapidement et voyager dans de meilleures conditions pour moins cher. Survivant du cancer, il partage aussi une vision simple : profiter de la vie et explorer le monde intelligemment.","sameAs":["https:\/\/www.reead.com\/fr\/","https:\/\/www.facebook.com\/welovereead","https:\/\/www.instagram.com\/reead\/?hl=fr","https:\/\/www.pinterest.com\/reead\/","https:\/\/x.com\/blogdereead","https:\/\/www.youtube.com\/reead"],"gender":"homme","knowsAbout":["Voyage","miles et points"],"knowsLanguage":["Anglais","Fran\u00e7ais"],"publishingPrinciples":"https:\/\/www.reead.com\/fr\/politique-de-publication\/"},{"@type":"Person","@id":"https:\/\/www.reead.com\/fr\/#\/schema\/person\/43bf0419400390bc01899c5d52c6d02f","name":"La R\u00e9dac Reead.com","image":{"@type":"ImageObject","inLanguage":"fr-FR","@id":"https:\/\/secure.gravatar.com\/avatar\/52abbce686654ea811e2d66f2a9d0e94d0915d1381bf3a4acf7adbd1d73b4547?s=96&d=mm&r=g","url":"https:\/\/secure.gravatar.com\/avatar\/52abbce686654ea811e2d66f2a9d0e94d0915d1381bf3a4acf7adbd1d73b4547?s=96&d=mm&r=g","contentUrl":"https:\/\/secure.gravatar.com\/avatar\/52abbce686654ea811e2d66f2a9d0e94d0915d1381bf3a4acf7adbd1d73b4547?s=96&d=mm&r=g","caption":"La R\u00e9dac Reead.com"},"description":"Article r\u00e9dig\u00e9 par un membre de la r\u00e9daction Reead.com"}]}},"_links":{"self":[{"href":"https:\/\/www.reead.com\/fr\/wp-json\/wp\/v2\/posts\/463695","targetHints":{"allow":["GET"]}}],"collection":[{"href":"https:\/\/www.reead.com\/fr\/wp-json\/wp\/v2\/posts"}],"about":[{"href":"https:\/\/www.reead.com\/fr\/wp-json\/wp\/v2\/types\/post"}],"author":[{"embeddable":true,"href":"https:\/\/www.reead.com\/fr\/wp-json\/wp\/v2\/users\/6"}],"replies":[{"embeddable":true,"href":"https:\/\/www.reead.com\/fr\/wp-json\/wp\/v2\/comments?post=463695"}],"version-history":[{"count":0,"href":"https:\/\/www.reead.com\/fr\/wp-json\/wp\/v2\/posts\/463695\/revisions"}],"wp:featuredmedia":[{"embeddable":true,"href":"https:\/\/www.reead.com\/fr\/wp-json\/wp\/v2\/media\/463696"}],"wp:attachment":[{"href":"https:\/\/www.reead.com\/fr\/wp-json\/wp\/v2\/media?parent=463695"}],"wp:term":[{"taxonomy":"category","embeddable":true,"href":"https:\/\/www.reead.com\/fr\/wp-json\/wp\/v2\/categories?post=463695"},{"taxonomy":"post_tag","embeddable":true,"href":"https:\/\/www.reead.com\/fr\/wp-json\/wp\/v2\/tags?post=463695"}],"curies":[{"name":"wp","href":"https:\/\/api.w.org\/{rel}","templated":true}]}}