{"id":463146,"date":"2023-07-03T07:00:44","date_gmt":"2023-07-03T05:00:44","guid":{"rendered":"https:\/\/www.reead.com\/fr\/?p=463146"},"modified":"2023-06-06T01:57:04","modified_gmt":"2023-06-05T23:57:04","slug":"greffe-cheveux-masquer-cicatrices","status":"publish","type":"post","link":"https:\/\/www.reead.com\/fr\/greffe-cheveux-masquer-cicatrices-4631462023\/","title":{"rendered":"Greffe de cheveux : comment masquer les cicatrices \u00e0 l&rsquo;arri\u00e8re ?"},"content":{"rendered":"<p>\u00c0 cause d&rsquo;un ph\u00e9nom\u00e8ne de calvitie ou bien \u00e0 cause d&rsquo;un traumatisme cr\u00e2nien, il est possible qu&rsquo;une zone, plus ou moins grande, du cr\u00e2ne se d\u00e9garnisse et que les cheveux tomb\u00e9s ne repoussent plus. Ce ph\u00e9nom\u00e8ne, pourtant naturel, peut \u00eatre source de complexes aussi bien chez l&rsquo;homme que chez la femme.<\/p>\n<p>La <strong><a href=\"https:\/\/www.reead.com\/fr\/greffe-cheveux-fonctionnement-3933862020\/\" target=\"_blank\" rel=\"noopener\">greffe de cheveux<\/a><\/strong> est un secteur porteur de chirurgie plastique qui se d\u00e9veloppe de plus en plus avec un grand boom sur ces cinq derni\u00e8res ann\u00e9es. Gr\u00e2ce \u00e0 des techniques de plus en plus pointues, la greffe laisse moins de cicatrices qu&rsquo;auparavant. Toutefois, si vos cicatrices sont trop visibles, voici comment les masquer.<\/p>\n<p><img loading=\"lazy\" decoding=\"async\" class=\"alignnone size-full wp-image-463150\" src=\"https:\/\/www.reead.com\/fr\/wp-content\/uploads\/2023\/07\/masquer-les-cicatrices-greffe-de-cheveux-2.jpg\" alt=\"masquer les cicatrices d'une greffe de cheveux\" width=\"1500\" height=\"1000\" srcset=\"https:\/\/www.reead.com\/fr\/wp-content\/uploads\/2023\/07\/masquer-les-cicatrices-greffe-de-cheveux-2.jpg 1500w,  https:\/\/www.reead.com\/fr\/wp-content\/uploads\/2023\/07\/masquer-les-cicatrices-greffe-de-cheveux-2-610x407.jpg 610w,  https:\/\/www.reead.com\/fr\/wp-content\/uploads\/2023\/07\/masquer-les-cicatrices-greffe-de-cheveux-2-960x640.jpg 960w,  https:\/\/www.reead.com\/fr\/wp-content\/uploads\/2023\/07\/masquer-les-cicatrices-greffe-de-cheveux-2-768x512.jpg 768w,  https:\/\/www.reead.com\/fr\/wp-content\/uploads\/2023\/07\/masquer-les-cicatrices-greffe-de-cheveux-2-272x182.jpg 272w\" sizes=\"auto, (max-width: 1500px) 100vw, 1500px\" \/><\/p>\n<h2><strong>Qu&rsquo;est-ce qu&rsquo;une greffe de cheveux ?<\/strong><\/h2>\n<p>Le principe des implants capillaires est simple \u00e0 appr\u00e9hender : il s&rsquo;agit de pr\u00e9lever des cheveux (greffons) dans la zone de la couronne arri\u00e8re, c&rsquo;est-\u00e0-dire \u00e0 l&rsquo;arri\u00e8re du cr\u00e2ne, pour les r\u00e9implanter sur les zones d\u00e9garnies. Auparavant, pour obtenir les greffons, il n&rsquo;\u00e9tait pas rare de r\u00e9cup\u00e9rer toute une bande de cheveux. Malheureusement, cette pratique \u00e9tait assez inesth\u00e9tique puisqu&rsquo;elle pouvait laisser une large cicatrice \u00e0 l&rsquo;arri\u00e8re du cr\u00e2ne.<\/p>\n<p>De nos jours, un pr\u00e9l\u00e8vement cheveu par cheveu est privil\u00e9gi\u00e9. C&rsquo;est ce qu&rsquo;on appelle la micro greffe. Cette <strong><a href=\"https:\/\/www.reead.com\/fr\/chirurgie-esthetique-hommes-3915672020\/\" target=\"_blank\" rel=\"noopener\">chirurgie esth\u00e9tique<\/a><\/strong> permet de retrouver une chevelure naturelle puisqu&rsquo;elle est constitu\u00e9e de vos propres cheveux. Toutefois, elle n\u00e9cessite plusieurs s\u00e9ances pour \u00eatre men\u00e9e \u00e0 terme et attendre le cycle de pousse normal du cheveu pour voir les premiers r\u00e9sultats.<\/p>\n<p>Ces greffes capillaires peuvent compl\u00e9ter, voire totalement remplacer des interventions simples, comme la r\u00e9duction de tonsure ou les lambeaux capillaires. Malgr\u00e9 des r\u00e9sultats probants, tr\u00e8s rapides, les cicatrices laiss\u00e9es par l&rsquo;intervention sont assez disgracieuses.<\/p>\n<h2><strong>Pourquoi r\u00e9aliser une greffe de cheveux ?<\/strong><\/h2>\n<p>La <strong><a href=\"https:\/\/www.reead.com\/fr\/alternatives-greffe-cheveux-4539352021\/\" target=\"_blank\" rel=\"noopener\">greffe de cheveux n&rsquo;est pas seulement l&rsquo;apanage des cr\u00e2nes d\u00e9garnis<\/a><\/strong> et autres tonsures capillaires. En effet, les implants peuvent aussi \u00eatre mis en place pour apporter plus de volume \u00e0 une chevelure trop plate ou encore pour corriger une ligne de cheveux in\u00e9gale.<\/p>\n<p>La greffe de cheveux permet un r\u00e9sultat naturel, et ainsi de d\u00e9complexer les hommes et les femmes par rapport \u00e0 leur chevelure. Puisque ce sont vos propres cheveux qui sont implant\u00e9s sur les zones n\u00e9cessaires, il n&rsquo;y a aucun risque de rejet ou de traitement particulier apr\u00e8s la greffe. De plus, le r\u00e9sultat est permanent. La greffe d&rsquo;implants capillaires peut litt\u00e9ralement booster votre confiance en vous.<\/p>\n<h2><strong>Quels sont les risques d&rsquo;une greffe de cheveux ?<\/strong><\/h2>\n<p>Comme tout acte chirurgical, la greffe de cheveux peut aussi comporter des risques. En effet, il peut y avoir des risques d&rsquo;infections. C&rsquo;est pourquoi avant d&rsquo;avoir recours \u00e0 cette chirurgie, il est conseill\u00e9 de se renseigner soigneusement sur la clinique ainsi que sur le praticien. M\u00eame lors du rendez-vous pour la greffe, vous pouvez refuser si l&rsquo;hygi\u00e8ne et les locaux vous paraissent douteux. Puisque vos propres cheveux sont pr\u00e9lev\u00e9s depuis votre cuir chevelu, il peut y avoir des saignements durant l&rsquo;op\u00e9ration.<\/p>\n<p>La greffe de cheveux peut \u00eatre assez douloureuse, le praticien pourra donc proc\u00e9der \u00e0 une anesth\u00e9sie locale pour soulager votre inconfort. Les risques de cette anesth\u00e9sie sont les m\u00eames que pour tous les types de s\u00e9datifs. Pensez \u00e0 faire part \u00e0 votre m\u00e9decin de vos pathologies et ant\u00e9c\u00e9dents m\u00e9dicaux pouvant entrer en interaction avec le produit anesth\u00e9siant.<\/p>\n<p>Enfin, le risque de cicatrices visibles et permanentes n&rsquo;est, bien s\u00fbr, pas \u00e0 exclure lors du pr\u00e9l\u00e8vement des greffons.<\/p>\n<h2><strong>Greffe et cicatrices : comment les masquer ?<\/strong><\/h2>\n<p>Heureusement, la technologie de greffe conna\u00eet des avanc\u00e9es majeures ces derni\u00e8res ann\u00e9es, le risque de cicatrices inesth\u00e9tiques est de plus en plus faible. Dans le cas de cicatrices d\u00e9j\u00e0 existantes, il est possible de faire appel \u00e0 des techniques r\u00e9paratrices.<\/p>\n<h3><strong>La r\u00e9section-suture<\/strong><\/h3>\n<p>Cette technique consiste en une excision de la cicatrice visible pour en refaire une autre qui sera plus fine et discr\u00e8te. Le r\u00e9sultat d\u00e9finitif de cette op\u00e9ration ne sera effectif qu&rsquo;apr\u00e8s plusieurs mois de cicatrisation. Toutefois, il arrive en fonction du sujet que cette m\u00e9thode ne soit pas la plus adapt\u00e9e.<\/p>\n<h3><strong>Le micro-tatouage (SMP)<\/strong><\/h3>\n<p>Comme son nom l&rsquo;indique, il s&rsquo;agit ici de camoufler la cicatrice existante \u00e0 l&rsquo;aide d&rsquo;un tatouage. Les pigments m\u00e9dicaux permettent d&rsquo;att\u00e9nuer la cicatrice sans l&rsquo;occulter totalement. Une alternative est l&rsquo;utilisation de pigments r\u00e9sorbables, semi-permanents. Dessin\u00e9s comme des points de petite taille, ils pourront diminuer la blancheur de votre cicatrice pour la dissimuler dans la chevelure. Toutefois, ce proc\u00e9d\u00e9 n&rsquo;est pas d\u00e9finitif et doit \u00eatre r\u00e9p\u00e9t\u00e9 tous les ans, car au fur et \u00e0 mesure, les micro gouttes d&rsquo;encre ont tendance \u00e0 s&rsquo;effacer.<\/p>\n<p><img loading=\"lazy\" decoding=\"async\" class=\"alignnone size-full wp-image-463151\" src=\"https:\/\/www.reead.com\/fr\/wp-content\/uploads\/2023\/07\/masquer-les-cicatrices-greffe-de-cheveux.jpg\" alt=\"micro-tatouage pour masquer les cicatrices de greffe de cheveux\" width=\"1500\" height=\"1000\" data-wp-editing=\"1\" srcset=\"https:\/\/www.reead.com\/fr\/wp-content\/uploads\/2023\/07\/masquer-les-cicatrices-greffe-de-cheveux.jpg 1500w,  https:\/\/www.reead.com\/fr\/wp-content\/uploads\/2023\/07\/masquer-les-cicatrices-greffe-de-cheveux-610x407.jpg 610w,  https:\/\/www.reead.com\/fr\/wp-content\/uploads\/2023\/07\/masquer-les-cicatrices-greffe-de-cheveux-960x640.jpg 960w,  https:\/\/www.reead.com\/fr\/wp-content\/uploads\/2023\/07\/masquer-les-cicatrices-greffe-de-cheveux-768x512.jpg 768w,  https:\/\/www.reead.com\/fr\/wp-content\/uploads\/2023\/07\/masquer-les-cicatrices-greffe-de-cheveux-272x182.jpg 272w\" sizes=\"auto, (max-width: 1500px) 100vw, 1500px\" \/><\/p>\n<h3><strong>La microgreffe de cheveux sur la cicatrice<\/strong><\/h3>\n<p>Cette troisi\u00e8me technique est tr\u00e8s efficace pour cacher naturellement la cicatrice puisque cette derni\u00e8re sera recouverte de vos propres greffons de cheveux.<\/p>\n<h2>Mot de la fin<\/h2>\n<p>Avant toute intervention, il est recommand\u00e9 d&rsquo;\u00e9tudier le bien-fond\u00e9 de votre envie de recourir \u00e0 une chirurgie esth\u00e9tique. Prenez en compte que tout acte m\u00e9dical peut comporter des risques, c&rsquo;est pourquoi une d\u00e9cision m\u00fbrement r\u00e9fl\u00e9chie sera de bon augure pour vous d\u00e9barrasser de vos complexes et cicatrices.<\/p>\n\n\n<div class=\"kk-star-ratings kksr-auto kksr-align-left kksr-valign-bottom\"\n    data-payload='{&quot;align&quot;:&quot;left&quot;,&quot;id&quot;:&quot;463146&quot;,&quot;slug&quot;:&quot;default&quot;,&quot;valign&quot;:&quot;bottom&quot;,&quot;ignore&quot;:&quot;&quot;,&quot;reference&quot;:&quot;auto&quot;,&quot;class&quot;:&quot;&quot;,&quot;count&quot;:&quot;2&quot;,&quot;legendonly&quot;:&quot;&quot;,&quot;readonly&quot;:&quot;&quot;,&quot;score&quot;:&quot;5&quot;,&quot;starsonly&quot;:&quot;&quot;,&quot;best&quot;:&quot;5&quot;,&quot;gap&quot;:&quot;4&quot;,&quot;greet&quot;:&quot;Votez pour ce post&quot;,&quot;legend&quot;:&quot;5\\\/5 - (2 votes)&quot;,&quot;size&quot;:&quot;24&quot;,&quot;title&quot;:&quot;Greffe de cheveux : comment masquer les cicatrices \u00e0 l\\u0026#039;arri\u00e8re ?&quot;,&quot;width&quot;:&quot;138&quot;,&quot;_legend&quot;:&quot;{score}\\\/{best} - ({count} {votes})&quot;,&quot;font_factor&quot;:&quot;1.25&quot;}'>\n            \n<div class=\"kksr-stars\">\n    \n<div class=\"kksr-stars-inactive\">\n            <div class=\"kksr-star\" data-star=\"1\" style=\"padding-right: 4px\">\n            \n\n<div class=\"kksr-icon\" style=\"width: 24px; height: 24px;\"><\/div>\n        <\/div>\n            <div class=\"kksr-star\" data-star=\"2\" style=\"padding-right: 4px\">\n            \n\n<div class=\"kksr-icon\" style=\"width: 24px; height: 24px;\"><\/div>\n        <\/div>\n            <div class=\"kksr-star\" data-star=\"3\" style=\"padding-right: 4px\">\n            \n\n<div class=\"kksr-icon\" style=\"width: 24px; height: 24px;\"><\/div>\n        <\/div>\n            <div class=\"kksr-star\" data-star=\"4\" style=\"padding-right: 4px\">\n            \n\n<div class=\"kksr-icon\" style=\"width: 24px; height: 24px;\"><\/div>\n        <\/div>\n            <div class=\"kksr-star\" data-star=\"5\" style=\"padding-right: 4px\">\n            \n\n<div class=\"kksr-icon\" style=\"width: 24px; height: 24px;\"><\/div>\n        <\/div>\n    <\/div>\n    \n<div class=\"kksr-stars-active\" style=\"width: 138px;\">\n            <div class=\"kksr-star\" style=\"padding-right: 4px\">\n            \n\n<div class=\"kksr-icon\" style=\"width: 24px; height: 24px;\"><\/div>\n        <\/div>\n            <div class=\"kksr-star\" style=\"padding-right: 4px\">\n            \n\n<div class=\"kksr-icon\" style=\"width: 24px; height: 24px;\"><\/div>\n        <\/div>\n            <div class=\"kksr-star\" style=\"padding-right: 4px\">\n            \n\n<div class=\"kksr-icon\" style=\"width: 24px; height: 24px;\"><\/div>\n        <\/div>\n            <div class=\"kksr-star\" style=\"padding-right: 4px\">\n            \n\n<div class=\"kksr-icon\" style=\"width: 24px; height: 24px;\"><\/div>\n        <\/div>\n            <div class=\"kksr-star\" style=\"padding-right: 4px\">\n            \n\n<div class=\"kksr-icon\" style=\"width: 24px; height: 24px;\"><\/div>\n        <\/div>\n    <\/div>\n<\/div>\n                \n\n<div class=\"kksr-legend\" style=\"font-size: 19.2px;\">\n            5\/5 - (2 votes)    <\/div>\n    <\/div>","protected":false},"excerpt":{"rendered":"<p>Greffe de cheveux : Quelles solutions pour masquer les cicatrices \u00e0 l&rsquo;arri\u00e8re ? Tout savoir pour faire le bon choix.<\/p>","protected":false},"author":1,"featured_media":463150,"comment_status":"open","ping_status":"open","sticky":false,"template":"","format":"standard","meta":{"footnotes":""},"categories":[7531,7532],"tags":[1257],"class_list":["post-463146","post","type-post","status-publish","format-standard","has-post-thumbnail","hentry","category-beaute-homme","category-soins-cheveux-homme","tag-tatouage"],"yoast_head":"<!-- This site is optimized with the Yoast SEO Premium plugin v27.4 (Yoast SEO v27.4) - https:\/\/yoast.com\/product\/yoast-seo-premium-wordpress\/ -->\n<title>Greffe de cheveux : comment masquer les cicatrices \u00e0 l&#039;arri\u00e8re ?<\/title>\n<meta name=\"description\" content=\"Greffe de cheveux : Quelles solutions pour masquer les cicatrices \u00e0 l&#039;arri\u00e8re ? Tout savoir pour faire le bon choix.\" \/>\n<meta name=\"robots\" content=\"index, follow, max-snippet:-1, max-image-preview:large, max-video-preview:-1\" \/>\n<link rel=\"canonical\" href=\"https:\/\/www.reead.com\/fr\/greffe-cheveux-masquer-cicatrices-4631462023\/\" \/>\n<meta property=\"og:locale\" content=\"fr_FR\" \/>\n<meta property=\"og:type\" content=\"article\" \/>\n<meta property=\"og:title\" content=\"Greffe de cheveux : comment masquer les cicatrices \u00e0 l&#039;arri\u00e8re ?\" \/>\n<meta property=\"og:description\" content=\"Greffe de cheveux : Quelles solutions pour masquer les cicatrices \u00e0 l&#039;arri\u00e8re ? Tout savoir pour faire le bon choix.\" \/>\n<meta property=\"og:url\" content=\"https:\/\/www.reead.com\/fr\/greffe-cheveux-masquer-cicatrices-4631462023\/\" \/>\n<meta property=\"og:site_name\" content=\"Conseils Voyage, Mode Homme et Lifestyle\" \/>\n<meta property=\"article:publisher\" content=\"https:\/\/www.facebook.com\/welovereead\" \/>\n<meta property=\"article:author\" content=\"https:\/\/www.facebook.com\/welovereead\" \/>\n<meta property=\"article:published_time\" content=\"2023-07-03T05:00:44+00:00\" \/>\n<meta property=\"og:image\" content=\"https:\/\/www.reead.com\/fr\/wp-content\/uploads\/2023\/07\/masquer-les-cicatrices-greffe-de-cheveux-2.jpg\" \/>\n\t<meta property=\"og:image:width\" content=\"1500\" \/>\n\t<meta property=\"og:image:height\" content=\"1000\" \/>\n\t<meta property=\"og:image:type\" content=\"image\/jpeg\" \/>\n<meta name=\"author\" content=\"Reead\" \/>\n<meta name=\"twitter:card\" content=\"summary_large_image\" \/>\n<meta name=\"twitter:creator\" content=\"@blogdereead\" \/>\n<meta name=\"twitter:site\" content=\"@blogdereead\" \/>\n<script type=\"application\/ld+json\" class=\"yoast-schema-graph\">{\"@context\":\"https:\\\/\\\/schema.org\",\"@graph\":[{\"@type\":\"Article\",\"@id\":\"https:\\\/\\\/www.reead.com\\\/fr\\\/greffe-cheveux-masquer-cicatrices-4631462023\\\/#article\",\"isPartOf\":{\"@id\":\"https:\\\/\\\/www.reead.com\\\/fr\\\/greffe-cheveux-masquer-cicatrices-4631462023\\\/\"},\"author\":{\"name\":\"Reead\",\"@id\":\"https:\\\/\\\/www.reead.com\\\/fr\\\/#\\\/schema\\\/person\\\/551a8a4b469ab53c0b48bcd3846fb3c6\"},\"headline\":\"Greffe de cheveux : comment masquer les cicatrices \u00e0 l&rsquo;arri\u00e8re ?\",\"datePublished\":\"2023-07-03T05:00:44+00:00\",\"mainEntityOfPage\":{\"@id\":\"https:\\\/\\\/www.reead.com\\\/fr\\\/greffe-cheveux-masquer-cicatrices-4631462023\\\/\"},\"wordCount\":946,\"commentCount\":0,\"publisher\":{\"@id\":\"https:\\\/\\\/www.reead.com\\\/fr\\\/#\\\/schema\\\/person\\\/551a8a4b469ab53c0b48bcd3846fb3c6\"},\"image\":{\"@id\":\"https:\\\/\\\/www.reead.com\\\/fr\\\/greffe-cheveux-masquer-cicatrices-4631462023\\\/#primaryimage\"},\"thumbnailUrl\":\"https:\\\/\\\/www.reead.com\\\/fr\\\/wp-content\\\/uploads\\\/2023\\\/07\\\/masquer-les-cicatrices-greffe-de-cheveux-2.jpg\",\"keywords\":[\"Tatouage\"],\"articleSection\":[\"Beaut\u00e9 Homme\",\"Coupes de cheveux pour homme et soins\"],\"inLanguage\":\"fr-FR\",\"potentialAction\":[{\"@type\":\"CommentAction\",\"name\":\"Comment\",\"target\":[\"https:\\\/\\\/www.reead.com\\\/fr\\\/greffe-cheveux-masquer-cicatrices-4631462023\\\/#respond\"]}]},{\"@type\":\"WebPage\",\"@id\":\"https:\\\/\\\/www.reead.com\\\/fr\\\/greffe-cheveux-masquer-cicatrices-4631462023\\\/\",\"url\":\"https:\\\/\\\/www.reead.com\\\/fr\\\/greffe-cheveux-masquer-cicatrices-4631462023\\\/\",\"name\":\"Greffe de cheveux : comment masquer les cicatrices \u00e0 l'arri\u00e8re ?\",\"isPartOf\":{\"@id\":\"https:\\\/\\\/www.reead.com\\\/fr\\\/#website\"},\"primaryImageOfPage\":{\"@id\":\"https:\\\/\\\/www.reead.com\\\/fr\\\/greffe-cheveux-masquer-cicatrices-4631462023\\\/#primaryimage\"},\"image\":{\"@id\":\"https:\\\/\\\/www.reead.com\\\/fr\\\/greffe-cheveux-masquer-cicatrices-4631462023\\\/#primaryimage\"},\"thumbnailUrl\":\"https:\\\/\\\/www.reead.com\\\/fr\\\/wp-content\\\/uploads\\\/2023\\\/07\\\/masquer-les-cicatrices-greffe-de-cheveux-2.jpg\",\"datePublished\":\"2023-07-03T05:00:44+00:00\",\"description\":\"Greffe de cheveux : Quelles solutions pour masquer les cicatrices \u00e0 l'arri\u00e8re ? Tout savoir pour faire le bon choix.\",\"breadcrumb\":{\"@id\":\"https:\\\/\\\/www.reead.com\\\/fr\\\/greffe-cheveux-masquer-cicatrices-4631462023\\\/#breadcrumb\"},\"inLanguage\":\"fr-FR\",\"potentialAction\":[{\"@type\":\"ReadAction\",\"target\":[\"https:\\\/\\\/www.reead.com\\\/fr\\\/greffe-cheveux-masquer-cicatrices-4631462023\\\/\"]}]},{\"@type\":\"ImageObject\",\"inLanguage\":\"fr-FR\",\"@id\":\"https:\\\/\\\/www.reead.com\\\/fr\\\/greffe-cheveux-masquer-cicatrices-4631462023\\\/#primaryimage\",\"url\":\"https:\\\/\\\/www.reead.com\\\/fr\\\/wp-content\\\/uploads\\\/2023\\\/07\\\/masquer-les-cicatrices-greffe-de-cheveux-2.jpg\",\"contentUrl\":\"https:\\\/\\\/www.reead.com\\\/fr\\\/wp-content\\\/uploads\\\/2023\\\/07\\\/masquer-les-cicatrices-greffe-de-cheveux-2.jpg\",\"width\":1500,\"height\":1000,\"caption\":\"masquer les cicatrices d'une greffe de cheveux avec des micro tattouages\"},{\"@type\":\"BreadcrumbList\",\"@id\":\"https:\\\/\\\/www.reead.com\\\/fr\\\/greffe-cheveux-masquer-cicatrices-4631462023\\\/#breadcrumb\",\"itemListElement\":[{\"@type\":\"ListItem\",\"position\":1,\"name\":\"Accueil\",\"item\":\"https:\\\/\\\/www.reead.com\\\/fr\\\/\"},{\"@type\":\"ListItem\",\"position\":2,\"name\":\"Beaut\u00e9 Homme\",\"item\":\"https:\\\/\\\/www.reead.com\\\/fr\\\/beaute-homme\\\/\"},{\"@type\":\"ListItem\",\"position\":3,\"name\":\"Coupes de cheveux pour homme et soins\",\"item\":\"https:\\\/\\\/www.reead.com\\\/fr\\\/beaute-homme\\\/soins-cheveux-homme\\\/\"},{\"@type\":\"ListItem\",\"position\":4,\"name\":\"Greffe de cheveux : comment masquer les cicatrices \u00e0 l&rsquo;arri\u00e8re ?\"}]},{\"@type\":\"WebSite\",\"@id\":\"https:\\\/\\\/www.reead.com\\\/fr\\\/#website\",\"url\":\"https:\\\/\\\/www.reead.com\\\/fr\\\/\",\"name\":\"Reead.com\",\"description\":\"Conseils Voyage, Mode Homme et Lifestyle\",\"publisher\":{\"@id\":\"https:\\\/\\\/www.reead.com\\\/fr\\\/#\\\/schema\\\/person\\\/551a8a4b469ab53c0b48bcd3846fb3c6\"},\"potentialAction\":[{\"@type\":\"SearchAction\",\"target\":{\"@type\":\"EntryPoint\",\"urlTemplate\":\"https:\\\/\\\/www.reead.com\\\/fr\\\/?s={search_term_string}\"},\"query-input\":{\"@type\":\"PropertyValueSpecification\",\"valueRequired\":true,\"valueName\":\"search_term_string\"}}],\"inLanguage\":\"fr-FR\"},{\"@type\":[\"Person\",\"Organization\"],\"@id\":\"https:\\\/\\\/www.reead.com\\\/fr\\\/#\\\/schema\\\/person\\\/551a8a4b469ab53c0b48bcd3846fb3c6\",\"name\":\"Reead\",\"image\":{\"@type\":\"ImageObject\",\"inLanguage\":\"fr-FR\",\"@id\":\"https:\\\/\\\/www.reead.com\\\/fr\\\/wp-content\\\/uploads\\\/2018\\\/12\\\/reead.jpg\",\"url\":\"https:\\\/\\\/www.reead.com\\\/fr\\\/wp-content\\\/uploads\\\/2018\\\/12\\\/reead.jpg\",\"contentUrl\":\"https:\\\/\\\/www.reead.com\\\/fr\\\/wp-content\\\/uploads\\\/2018\\\/12\\\/reead.jpg\",\"width\":900,\"height\":610,\"caption\":\"Reead\"},\"logo\":{\"@id\":\"https:\\\/\\\/www.reead.com\\\/fr\\\/wp-content\\\/uploads\\\/2018\\\/12\\\/reead.jpg\"},\"description\":\"Reead est un blogueur voyage fran\u00e7ais bas\u00e9 \u00e0 Las Vegas et le fondateur de Reead.com, un blog lanc\u00e9 en 2009 consacr\u00e9 aux voyages, aux miles et aux programmes de fid\u00e9lit\u00e9. Sp\u00e9cialis\u00e9 dans les cartes de cr\u00e9dit voyage, les miles et points, ainsi que les programmes comme Flying Blue, American Express Membership Rewards ou les alliances a\u00e9riennes, il partage des strat\u00e9gies concr\u00e8tes pour r\u00e9duire le co\u00fbt des voyages et optimiser les r\u00e9compenses des cartes de cr\u00e9dit. Install\u00e9 aux \u00c9tats-Unis, Reead publie \u00e9galement des guides pour visiter les USA, des analyses de programmes de fid\u00e9lit\u00e9 et des retours d\u2019exp\u00e9rience sur les compagnies a\u00e9riennes, h\u00f4tels et cartes premium. Depuis plus de 15 ans, ses articles aident les voyageurs \u00e0 comprendre les miles, accumuler des points plus rapidement et voyager dans de meilleures conditions pour moins cher. Survivant du cancer, il partage aussi une vision simple : profiter de la vie et explorer le monde intelligemment.\",\"sameAs\":[\"https:\\\/\\\/www.reead.com\\\/fr\\\/\",\"https:\\\/\\\/www.facebook.com\\\/welovereead\",\"https:\\\/\\\/www.instagram.com\\\/reead\\\/?hl=fr\",\"https:\\\/\\\/www.pinterest.com\\\/reead\\\/\",\"https:\\\/\\\/x.com\\\/blogdereead\",\"https:\\\/\\\/www.youtube.com\\\/reead\"],\"gender\":\"homme\",\"knowsAbout\":[\"Voyage\",\"miles et points\"],\"knowsLanguage\":[\"Anglais\",\"Fran\u00e7ais\"],\"publishingPrinciples\":\"https:\\\/\\\/www.reead.com\\\/fr\\\/politique-de-publication\\\/\"}]}<\/script>\n<!-- \/ Yoast SEO Premium plugin. -->","yoast_head_json":{"title":"Greffe de cheveux : comment masquer les cicatrices \u00e0 l'arri\u00e8re ?","description":"Greffe de cheveux : Quelles solutions pour masquer les cicatrices \u00e0 l'arri\u00e8re ? Tout savoir pour faire le bon choix.","robots":{"index":"index","follow":"follow","max-snippet":"max-snippet:-1","max-image-preview":"max-image-preview:large","max-video-preview":"max-video-preview:-1"},"canonical":"https:\/\/www.reead.com\/fr\/greffe-cheveux-masquer-cicatrices-4631462023\/","og_locale":"fr_FR","og_type":"article","og_title":"Greffe de cheveux : comment masquer les cicatrices \u00e0 l'arri\u00e8re ?","og_description":"Greffe de cheveux : Quelles solutions pour masquer les cicatrices \u00e0 l'arri\u00e8re ? Tout savoir pour faire le bon choix.","og_url":"https:\/\/www.reead.com\/fr\/greffe-cheveux-masquer-cicatrices-4631462023\/","og_site_name":"Conseils Voyage, Mode Homme et Lifestyle","article_publisher":"https:\/\/www.facebook.com\/welovereead","article_author":"https:\/\/www.facebook.com\/welovereead","article_published_time":"2023-07-03T05:00:44+00:00","og_image":[{"width":1500,"height":1000,"url":"https:\/\/www.reead.com\/fr\/wp-content\/uploads\/2023\/07\/masquer-les-cicatrices-greffe-de-cheveux-2.jpg","type":"image\/jpeg"}],"author":"Reead","twitter_card":"summary_large_image","twitter_creator":"@blogdereead","twitter_site":"@blogdereead","schema":{"@context":"https:\/\/schema.org","@graph":[{"@type":"Article","@id":"https:\/\/www.reead.com\/fr\/greffe-cheveux-masquer-cicatrices-4631462023\/#article","isPartOf":{"@id":"https:\/\/www.reead.com\/fr\/greffe-cheveux-masquer-cicatrices-4631462023\/"},"author":{"name":"Reead","@id":"https:\/\/www.reead.com\/fr\/#\/schema\/person\/551a8a4b469ab53c0b48bcd3846fb3c6"},"headline":"Greffe de cheveux : comment masquer les cicatrices \u00e0 l&rsquo;arri\u00e8re ?","datePublished":"2023-07-03T05:00:44+00:00","mainEntityOfPage":{"@id":"https:\/\/www.reead.com\/fr\/greffe-cheveux-masquer-cicatrices-4631462023\/"},"wordCount":946,"commentCount":0,"publisher":{"@id":"https:\/\/www.reead.com\/fr\/#\/schema\/person\/551a8a4b469ab53c0b48bcd3846fb3c6"},"image":{"@id":"https:\/\/www.reead.com\/fr\/greffe-cheveux-masquer-cicatrices-4631462023\/#primaryimage"},"thumbnailUrl":"https:\/\/www.reead.com\/fr\/wp-content\/uploads\/2023\/07\/masquer-les-cicatrices-greffe-de-cheveux-2.jpg","keywords":["Tatouage"],"articleSection":["Beaut\u00e9 Homme","Coupes de cheveux pour homme et soins"],"inLanguage":"fr-FR","potentialAction":[{"@type":"CommentAction","name":"Comment","target":["https:\/\/www.reead.com\/fr\/greffe-cheveux-masquer-cicatrices-4631462023\/#respond"]}]},{"@type":"WebPage","@id":"https:\/\/www.reead.com\/fr\/greffe-cheveux-masquer-cicatrices-4631462023\/","url":"https:\/\/www.reead.com\/fr\/greffe-cheveux-masquer-cicatrices-4631462023\/","name":"Greffe de cheveux : comment masquer les cicatrices \u00e0 l'arri\u00e8re ?","isPartOf":{"@id":"https:\/\/www.reead.com\/fr\/#website"},"primaryImageOfPage":{"@id":"https:\/\/www.reead.com\/fr\/greffe-cheveux-masquer-cicatrices-4631462023\/#primaryimage"},"image":{"@id":"https:\/\/www.reead.com\/fr\/greffe-cheveux-masquer-cicatrices-4631462023\/#primaryimage"},"thumbnailUrl":"https:\/\/www.reead.com\/fr\/wp-content\/uploads\/2023\/07\/masquer-les-cicatrices-greffe-de-cheveux-2.jpg","datePublished":"2023-07-03T05:00:44+00:00","description":"Greffe de cheveux : Quelles solutions pour masquer les cicatrices \u00e0 l'arri\u00e8re ? Tout savoir pour faire le bon choix.","breadcrumb":{"@id":"https:\/\/www.reead.com\/fr\/greffe-cheveux-masquer-cicatrices-4631462023\/#breadcrumb"},"inLanguage":"fr-FR","potentialAction":[{"@type":"ReadAction","target":["https:\/\/www.reead.com\/fr\/greffe-cheveux-masquer-cicatrices-4631462023\/"]}]},{"@type":"ImageObject","inLanguage":"fr-FR","@id":"https:\/\/www.reead.com\/fr\/greffe-cheveux-masquer-cicatrices-4631462023\/#primaryimage","url":"https:\/\/www.reead.com\/fr\/wp-content\/uploads\/2023\/07\/masquer-les-cicatrices-greffe-de-cheveux-2.jpg","contentUrl":"https:\/\/www.reead.com\/fr\/wp-content\/uploads\/2023\/07\/masquer-les-cicatrices-greffe-de-cheveux-2.jpg","width":1500,"height":1000,"caption":"masquer les cicatrices d'une greffe de cheveux avec des micro tattouages"},{"@type":"BreadcrumbList","@id":"https:\/\/www.reead.com\/fr\/greffe-cheveux-masquer-cicatrices-4631462023\/#breadcrumb","itemListElement":[{"@type":"ListItem","position":1,"name":"Accueil","item":"https:\/\/www.reead.com\/fr\/"},{"@type":"ListItem","position":2,"name":"Beaut\u00e9 Homme","item":"https:\/\/www.reead.com\/fr\/beaute-homme\/"},{"@type":"ListItem","position":3,"name":"Coupes de cheveux pour homme et soins","item":"https:\/\/www.reead.com\/fr\/beaute-homme\/soins-cheveux-homme\/"},{"@type":"ListItem","position":4,"name":"Greffe de cheveux : comment masquer les cicatrices \u00e0 l&rsquo;arri\u00e8re ?"}]},{"@type":"WebSite","@id":"https:\/\/www.reead.com\/fr\/#website","url":"https:\/\/www.reead.com\/fr\/","name":"Reead.com","description":"Conseils Voyage, Mode Homme et Lifestyle","publisher":{"@id":"https:\/\/www.reead.com\/fr\/#\/schema\/person\/551a8a4b469ab53c0b48bcd3846fb3c6"},"potentialAction":[{"@type":"SearchAction","target":{"@type":"EntryPoint","urlTemplate":"https:\/\/www.reead.com\/fr\/?s={search_term_string}"},"query-input":{"@type":"PropertyValueSpecification","valueRequired":true,"valueName":"search_term_string"}}],"inLanguage":"fr-FR"},{"@type":["Person","Organization"],"@id":"https:\/\/www.reead.com\/fr\/#\/schema\/person\/551a8a4b469ab53c0b48bcd3846fb3c6","name":"Reead","image":{"@type":"ImageObject","inLanguage":"fr-FR","@id":"https:\/\/www.reead.com\/fr\/wp-content\/uploads\/2018\/12\/reead.jpg","url":"https:\/\/www.reead.com\/fr\/wp-content\/uploads\/2018\/12\/reead.jpg","contentUrl":"https:\/\/www.reead.com\/fr\/wp-content\/uploads\/2018\/12\/reead.jpg","width":900,"height":610,"caption":"Reead"},"logo":{"@id":"https:\/\/www.reead.com\/fr\/wp-content\/uploads\/2018\/12\/reead.jpg"},"description":"Reead est un blogueur voyage fran\u00e7ais bas\u00e9 \u00e0 Las Vegas et le fondateur de Reead.com, un blog lanc\u00e9 en 2009 consacr\u00e9 aux voyages, aux miles et aux programmes de fid\u00e9lit\u00e9. Sp\u00e9cialis\u00e9 dans les cartes de cr\u00e9dit voyage, les miles et points, ainsi que les programmes comme Flying Blue, American Express Membership Rewards ou les alliances a\u00e9riennes, il partage des strat\u00e9gies concr\u00e8tes pour r\u00e9duire le co\u00fbt des voyages et optimiser les r\u00e9compenses des cartes de cr\u00e9dit. Install\u00e9 aux \u00c9tats-Unis, Reead publie \u00e9galement des guides pour visiter les USA, des analyses de programmes de fid\u00e9lit\u00e9 et des retours d\u2019exp\u00e9rience sur les compagnies a\u00e9riennes, h\u00f4tels et cartes premium. Depuis plus de 15 ans, ses articles aident les voyageurs \u00e0 comprendre les miles, accumuler des points plus rapidement et voyager dans de meilleures conditions pour moins cher. Survivant du cancer, il partage aussi une vision simple : profiter de la vie et explorer le monde intelligemment.","sameAs":["https:\/\/www.reead.com\/fr\/","https:\/\/www.facebook.com\/welovereead","https:\/\/www.instagram.com\/reead\/?hl=fr","https:\/\/www.pinterest.com\/reead\/","https:\/\/x.com\/blogdereead","https:\/\/www.youtube.com\/reead"],"gender":"homme","knowsAbout":["Voyage","miles et points"],"knowsLanguage":["Anglais","Fran\u00e7ais"],"publishingPrinciples":"https:\/\/www.reead.com\/fr\/politique-de-publication\/"}]}},"_links":{"self":[{"href":"https:\/\/www.reead.com\/fr\/wp-json\/wp\/v2\/posts\/463146","targetHints":{"allow":["GET"]}}],"collection":[{"href":"https:\/\/www.reead.com\/fr\/wp-json\/wp\/v2\/posts"}],"about":[{"href":"https:\/\/www.reead.com\/fr\/wp-json\/wp\/v2\/types\/post"}],"author":[{"embeddable":true,"href":"https:\/\/www.reead.com\/fr\/wp-json\/wp\/v2\/users\/1"}],"replies":[{"embeddable":true,"href":"https:\/\/www.reead.com\/fr\/wp-json\/wp\/v2\/comments?post=463146"}],"version-history":[{"count":0,"href":"https:\/\/www.reead.com\/fr\/wp-json\/wp\/v2\/posts\/463146\/revisions"}],"wp:featuredmedia":[{"embeddable":true,"href":"https:\/\/www.reead.com\/fr\/wp-json\/wp\/v2\/media\/463150"}],"wp:attachment":[{"href":"https:\/\/www.reead.com\/fr\/wp-json\/wp\/v2\/media?parent=463146"}],"wp:term":[{"taxonomy":"category","embeddable":true,"href":"https:\/\/www.reead.com\/fr\/wp-json\/wp\/v2\/categories?post=463146"},{"taxonomy":"post_tag","embeddable":true,"href":"https:\/\/www.reead.com\/fr\/wp-json\/wp\/v2\/tags?post=463146"}],"curies":[{"name":"wp","href":"https:\/\/api.w.org\/{rel}","templated":true}]}}