{"id":460907,"date":"2022-10-28T15:32:43","date_gmt":"2022-10-28T13:32:43","guid":{"rendered":"https:\/\/www.reead.com\/fr\/?p=460907"},"modified":"2025-05-22T00:15:34","modified_gmt":"2025-05-21T22:15:34","slug":"plus-beaux-sites-naturels-france","status":"publish","type":"post","link":"https:\/\/www.reead.com\/fr\/plus-beaux-sites-naturels-france-4609072022\/","title":{"rendered":"Top 10 des plus beaux sites naturels de France"},"content":{"rendered":"<p>La France est la premi\u00e8re destination touristique au monde depuis plusieurs d\u00e9cennies. Elle s\u00e9duit les visiteurs par son patrimoine historique et culturel exceptionnel, sa grande diversit\u00e9 de lieux d\u2019int\u00e9r\u00eat touristiques et la beaut\u00e9 de ses paysages naturels.<\/p>\n<p>Il serait impossible de faire une s\u00e9lection compl\u00e8te de toutes les merveilles naturelles fran\u00e7aises tant celles-ci sont nombreuses. La <strong><a href=\"https:\/\/www.reead.com\/fr\/france\/\" target=\"_blank\" rel=\"noopener\">France<\/a><\/strong> m\u00e9tropolitaine, la Corse et les territoires d\u2019Outre-Mer regorgent de sites \u00e0 couper le souffle.<\/p>\n<p>Alors, envie de vous mettre au vert ? Voici 10 endroits \u00e0 d\u00e9couvrir pour passer un s\u00e9jour inoubliable en France en quittant <a class=\"wpil_keyword_link\" title=\"Paris\" href=\"https:\/\/www.reead.com\/fr\/voyage\/paris\/\" data-wpil-keyword-link=\"linked\">Paris<\/a> et les grandes villes.<\/p>\n<blockquote><p>Remarque importante : les visiteurs non europ\u00e9ens \u00e9ligibles, dont les Canadiens, devront obtenir un <a href=\"https:\/\/www.etias.ca\/fr\/pays-etias\/etias-france\/\" target=\"_blank\" rel=\"noopener\">ETIAS pour la France avant d\u2019entrer dans le pays d\u00e8s l\u2019ann\u00e9e prochaine<\/a>.<\/p><\/blockquote>\n<h2>1. La baie du Mont-Saint-Michel<\/h2>\n<p>Class\u00e9e au patrimoine mondial de l\u2019UNESCO, la <a href=\"https:\/\/www.manchetourisme.com\/baie-mont-saint-michel\" target=\"_blank\" rel=\"noopener\">baie du Mont-Saint-Michel<\/a> est c\u00e9l\u00e8bre pour ses mar\u00e9es spectaculaires. En plus de son fameux c\u0153ur fortifi\u00e9, la baie se d\u00e9marque par son immense \u00e9tendue de sable, ses pr\u00e9s sal\u00e9s et son importante vari\u00e9t\u00e9 d\u2019oiseaux.<\/p>\n<p>\u00c0 mar\u00e9e basse, il est possible de traverser la baie \u00e0 pied pour partir \u00e0 la d\u00e9couverte des sables mouvants et de l\u2019environnement naturel qui entoure le Mont-Saint-Michel. Enlevez vos chaussures et vivez une exp\u00e9rience unique !<\/p>\n<p><img loading=\"lazy\" decoding=\"async\" class=\"alignnone size-full wp-image-460911\" src=\"https:\/\/www.reead.com\/fr\/wp-content\/uploads\/2022\/10\/Mont-Saint-Michel-France.jpg\" alt=\"plus beaux sites naturels de France\" width=\"1500\" height=\"1000\" srcset=\"https:\/\/www.reead.com\/fr\/wp-content\/uploads\/2022\/10\/Mont-Saint-Michel-France.jpg 1500w,  https:\/\/www.reead.com\/fr\/wp-content\/uploads\/2022\/10\/Mont-Saint-Michel-France-610x407.jpg 610w,  https:\/\/www.reead.com\/fr\/wp-content\/uploads\/2022\/10\/Mont-Saint-Michel-France-960x640.jpg 960w,  https:\/\/www.reead.com\/fr\/wp-content\/uploads\/2022\/10\/Mont-Saint-Michel-France-768x512.jpg 768w,  https:\/\/www.reead.com\/fr\/wp-content\/uploads\/2022\/10\/Mont-Saint-Michel-France-272x182.jpg 272w\" sizes=\"auto, (max-width: 1500px) 100vw, 1500px\" \/><\/p>\n<h2>2. Les falaises d\u2019\u00c9tretat<\/h2>\n<p>Les falaises d\u2019\u00c9tretat, en Normandie, font partie des paysages les plus c\u00e9l\u00e8bres de France. V\u00e9ritable joyau naturel, ces falaises de craie blanche aux longues plages de galets ont inspir\u00e9 de nombreux artistes, dont Claude Monet, Gustave Courbet et Guy de Maupassant.<\/p>\n<p>La porte d\u2019Aval est le site le plus connu d\u2019\u00c9tretat. En prenant les escaliers, vous pouvez atteindre le sommet et acc\u00e9der \u00e0 une plateforme d\u2019observation pour profiter d\u2019une vue imprenable.<\/p>\n<blockquote class=\"instagram-media\" style=\"background: #FFF; border: 0; border-radius: 3px; box-shadow: 0 0 1px 0 rgba(0,0,0,0.5),0 1px 10px 0 rgba(0,0,0,0.15); margin: 1px; max-width: 540px; min-width: 326px; padding: 0; width: calc(100% - 2px);\" data-instgrm-permalink=\"https:\/\/www.instagram.com\/p\/CkFzShQINTO\/?utm_source=ig_embed&amp;utm_campaign=loading\" data-instgrm-version=\"14\">\n<div style=\"padding: 16px;\">\n<p>&nbsp;<\/p>\n<div style=\"display: flex; flex-direction: row; align-items: center;\">\n<div style=\"background-color: #f4f4f4; border-radius: 50%; flex-grow: 0; height: 40px; margin-right: 14px; width: 40px;\"><\/div>\n<div style=\"display: flex; flex-direction: column; flex-grow: 1; justify-content: center;\">\n<div style=\"background-color: #f4f4f4; border-radius: 4px; flex-grow: 0; height: 14px; margin-bottom: 6px; width: 100px;\"><\/div>\n<div style=\"background-color: #f4f4f4; border-radius: 4px; flex-grow: 0; height: 14px; width: 60px;\"><\/div>\n<\/div>\n<\/div>\n<div style=\"padding: 19% 0;\"><\/div>\n<div style=\"display: block; height: 50px; margin: 0 auto 12px; width: 50px;\"><\/div>\n<div style=\"padding-top: 8px;\">\n<div style=\"color: #3897f0; font-family: Arial,sans-serif; font-size: 14px; font-style: normal; font-weight: 550; line-height: 18px;\">View this post on Instagram<\/div>\n<\/div>\n<div style=\"padding: 12.5% 0;\"><\/div>\n<div style=\"display: flex; flex-direction: row; margin-bottom: 14px; align-items: center;\">\n<div>\n<div style=\"background-color: #f4f4f4; border-radius: 50%; height: 12.5px; width: 12.5px; transform: translateX(0px) translateY(7px);\"><\/div>\n<div style=\"background-color: #f4f4f4; height: 12.5px; transform: rotate(-45deg) translateX(3px) translateY(1px); width: 12.5px; flex-grow: 0; margin-right: 14px; margin-left: 2px;\"><\/div>\n<div style=\"background-color: #f4f4f4; border-radius: 50%; height: 12.5px; width: 12.5px; transform: translateX(9px) translateY(-18px);\"><\/div>\n<\/div>\n<div style=\"margin-left: 8px;\">\n<div style=\"background-color: #f4f4f4; border-radius: 50%; flex-grow: 0; height: 20px; width: 20px;\"><\/div>\n<div style=\"width: 0; height: 0; border-top: 2px solid transparent; border-left: 6px solid #f4f4f4; border-bottom: 2px solid transparent; transform: translateX(16px) translateY(-4px) rotate(30deg);\"><\/div>\n<\/div>\n<div style=\"margin-left: auto;\">\n<div style=\"width: 0px; border-top: 8px solid #F4F4F4; border-right: 8px solid transparent; transform: translateY(16px);\"><\/div>\n<div style=\"background-color: #f4f4f4; flex-grow: 0; height: 12px; width: 16px; transform: translateY(-4px);\"><\/div>\n<div style=\"width: 0; height: 0; border-top: 8px solid #F4F4F4; border-left: 8px solid transparent; transform: translateY(-4px) translateX(8px);\"><\/div>\n<\/div>\n<\/div>\n<div style=\"display: flex; flex-direction: column; flex-grow: 1; justify-content: center; margin-bottom: 24px;\">\n<div style=\"background-color: #f4f4f4; border-radius: 4px; flex-grow: 0; height: 14px; margin-bottom: 6px; width: 224px;\"><\/div>\n<div style=\"background-color: #f4f4f4; border-radius: 4px; flex-grow: 0; height: 14px; width: 144px;\"><\/div>\n<\/div>\n<p>&nbsp;<\/p>\n<p style=\"color: #c9c8cd; font-family: Arial,sans-serif; font-size: 14px; line-height: 17px; margin-bottom: 0; margin-top: 8px; overflow: hidden; padding: 8px 0 7px; text-align: center; text-overflow: ellipsis; white-space: nowrap;\"><a style=\"color: #c9c8cd; font-family: Arial,sans-serif; font-size: 14px; font-style: normal; font-weight: normal; line-height: 17px; text-decoration: none;\" href=\"https:\/\/www.instagram.com\/p\/CkFzShQINTO\/?utm_source=ig_embed&amp;utm_campaign=loading\" target=\"_blank\" rel=\"noopener\">A post shared by @lehavre_etretat_tourisme<\/a><\/p>\n<\/div>\n<\/blockquote>\n<p><script async src=\"\/\/www.instagram.com\/embed.js\"><\/script><\/p>\n<h2>3. La dune du Pilat<\/h2>\n<p>Avec ses 114 m\u00e8tres de haut, la <a href=\"https:\/\/bassin-arcachon.com\/nos-incontournables\/la-dune-du-pilat\/\" target=\"_blank\" rel=\"noopener\">dune du Pilat<\/a> est la plus haute dune d\u2019Europe. Situ\u00e9e dans le sud-ouest de la France, elle a \u00e9t\u00e9 form\u00e9e par les vents, les courants et le sable pour cr\u00e9er un paysage atypique.<\/p>\n<p>En grimpant au sommet de la dune, vous aurez une vue exceptionnelle \u00e0 360 degr\u00e9s sur le bassin d\u2019Arcachon, avec la c\u00f4te Atlantique d\u2019un c\u00f4t\u00e9 et la for\u00eat des Landes de l\u2019autre.<\/p>\n<blockquote class=\"instagram-media\" style=\"background: #FFF; border: 0; border-radius: 3px; box-shadow: 0 0 1px 0 rgba(0,0,0,0.5),0 1px 10px 0 rgba(0,0,0,0.15); margin: 1px; max-width: 540px; min-width: 326px; padding: 0; width: calc(100% - 2px);\" data-instgrm-permalink=\"https:\/\/www.instagram.com\/p\/CjBB_Ucs7OE\/?utm_source=ig_embed&amp;utm_campaign=loading\" data-instgrm-version=\"14\">\n<div style=\"padding: 16px;\">\n<p>&nbsp;<\/p>\n<div style=\"display: flex; flex-direction: row; align-items: center;\">\n<div style=\"background-color: #f4f4f4; border-radius: 50%; flex-grow: 0; height: 40px; margin-right: 14px; width: 40px;\"><\/div>\n<div style=\"display: flex; flex-direction: column; flex-grow: 1; justify-content: center;\">\n<div style=\"background-color: #f4f4f4; border-radius: 4px; flex-grow: 0; height: 14px; margin-bottom: 6px; width: 100px;\"><\/div>\n<div style=\"background-color: #f4f4f4; border-radius: 4px; flex-grow: 0; height: 14px; width: 60px;\"><\/div>\n<\/div>\n<\/div>\n<div style=\"padding: 19% 0;\"><\/div>\n<div style=\"display: block; height: 50px; margin: 0 auto 12px; width: 50px;\"><\/div>\n<div style=\"padding-top: 8px;\">\n<div style=\"color: #3897f0; font-family: Arial,sans-serif; font-size: 14px; font-style: normal; font-weight: 550; line-height: 18px;\">View this post on Instagram<\/div>\n<\/div>\n<div style=\"padding: 12.5% 0;\"><\/div>\n<div style=\"display: flex; flex-direction: row; margin-bottom: 14px; align-items: center;\">\n<div>\n<div style=\"background-color: #f4f4f4; border-radius: 50%; height: 12.5px; width: 12.5px; transform: translateX(0px) translateY(7px);\"><\/div>\n<div style=\"background-color: #f4f4f4; height: 12.5px; transform: rotate(-45deg) translateX(3px) translateY(1px); width: 12.5px; flex-grow: 0; margin-right: 14px; margin-left: 2px;\"><\/div>\n<div style=\"background-color: #f4f4f4; border-radius: 50%; height: 12.5px; width: 12.5px; transform: translateX(9px) translateY(-18px);\"><\/div>\n<\/div>\n<div style=\"margin-left: 8px;\">\n<div style=\"background-color: #f4f4f4; border-radius: 50%; flex-grow: 0; height: 20px; width: 20px;\"><\/div>\n<div style=\"width: 0; height: 0; border-top: 2px solid transparent; border-left: 6px solid #f4f4f4; border-bottom: 2px solid transparent; transform: translateX(16px) translateY(-4px) rotate(30deg);\"><\/div>\n<\/div>\n<div style=\"margin-left: auto;\">\n<div style=\"width: 0px; border-top: 8px solid #F4F4F4; border-right: 8px solid transparent; transform: translateY(16px);\"><\/div>\n<div style=\"background-color: #f4f4f4; flex-grow: 0; height: 12px; width: 16px; transform: translateY(-4px);\"><\/div>\n<div style=\"width: 0; height: 0; border-top: 8px solid #F4F4F4; border-left: 8px solid transparent; transform: translateY(-4px) translateX(8px);\"><\/div>\n<\/div>\n<\/div>\n<div style=\"display: flex; flex-direction: column; flex-grow: 1; justify-content: center; margin-bottom: 24px;\">\n<div style=\"background-color: #f4f4f4; border-radius: 4px; flex-grow: 0; height: 14px; margin-bottom: 6px; width: 224px;\"><\/div>\n<div style=\"background-color: #f4f4f4; border-radius: 4px; flex-grow: 0; height: 14px; width: 144px;\"><\/div>\n<\/div>\n<p>&nbsp;<\/p>\n<p style=\"color: #c9c8cd; font-family: Arial,sans-serif; font-size: 14px; line-height: 17px; margin-bottom: 0; margin-top: 8px; overflow: hidden; padding: 8px 0 7px; text-align: center; text-overflow: ellipsis; white-space: nowrap;\"><a style=\"color: #c9c8cd; font-family: Arial,sans-serif; font-size: 14px; font-style: normal; font-weight: normal; line-height: 17px; text-decoration: none;\" href=\"https:\/\/www.instagram.com\/p\/CjBB_Ucs7OE\/?utm_source=ig_embed&amp;utm_campaign=loading\" target=\"_blank\" rel=\"noopener\">A post shared by Bassin d&rsquo;Arcachon (@bassindarcachon)<\/a><\/p>\n<\/div>\n<\/blockquote>\n<p><script async src=\"\/\/www.instagram.com\/embed.js\"><\/script><\/p>\n<h2>4. Les calanques de Piana<\/h2>\n<p>Les calanques de Piana (calanche di Piana) se trouvent \u00e0 mi-chemin entre Calvi et Ajaccio en Corse. Ce petit cha\u00eenon montagneux est connu pour ses falaises de granit rose se jetant dans les eaux cristallines de la mer M\u00e9diterran\u00e9e.<\/p>\n<p>Le bateau est l\u2019une des meilleures mani\u00e8res de visiter ce site naturel, class\u00e9 au patrimoine mondial de l\u2019UNESCO. Une sortie en mer depuis le port de Porto est une excursion qui vaut le d\u00e9tour !<\/p>\n<h2>5. Les gorges du Verdon<\/h2>\n<p>Les <a href=\"https:\/\/lesgorgesduverdon.fr\/\" target=\"_blank\" rel=\"noopener\">gorges du Verdon<\/a> sont un ensemble de gorges s\u2019\u00e9tirant sur pr\u00e8s de 100 kilom\u00e8tres au c\u0153ur de la Provence, ce qui en fait le plus grand canyon d\u2019Europe.<\/p>\n<p>Pour profiter des paysages majestueux des gorges du Verdon, rien de mieux que de monter \u00e0 bord d\u2019un cano\u00eb pour parcourir la rivi\u00e8re \u00e9meraude qui serpente entre ses falaises pouvant, par endroit, atteindre 750 m\u00e8tres de haut.<\/p>\n<blockquote class=\"instagram-media\" style=\"background: #FFF; border: 0; border-radius: 3px; box-shadow: 0 0 1px 0 rgba(0,0,0,0.5),0 1px 10px 0 rgba(0,0,0,0.15); margin: 1px; max-width: 540px; min-width: 326px; padding: 0; width: calc(100% - 2px);\" data-instgrm-permalink=\"https:\/\/www.instagram.com\/p\/B_4uQrKI-If\/?utm_source=ig_embed&amp;utm_campaign=loading\" data-instgrm-version=\"14\">\n<div style=\"padding: 16px;\">\n<p>&nbsp;<\/p>\n<div style=\"display: flex; flex-direction: row; align-items: center;\">\n<div style=\"background-color: #f4f4f4; border-radius: 50%; flex-grow: 0; height: 40px; margin-right: 14px; width: 40px;\"><\/div>\n<div style=\"display: flex; flex-direction: column; flex-grow: 1; justify-content: center;\">\n<div style=\"background-color: #f4f4f4; border-radius: 4px; flex-grow: 0; height: 14px; margin-bottom: 6px; width: 100px;\"><\/div>\n<div style=\"background-color: #f4f4f4; border-radius: 4px; flex-grow: 0; height: 14px; width: 60px;\"><\/div>\n<\/div>\n<\/div>\n<div style=\"padding: 19% 0;\"><\/div>\n<div style=\"display: block; height: 50px; margin: 0 auto 12px; width: 50px;\"><\/div>\n<div style=\"padding-top: 8px;\">\n<div style=\"color: #3897f0; font-family: Arial,sans-serif; font-size: 14px; font-style: normal; font-weight: 550; line-height: 18px;\">View this post on Instagram<\/div>\n<\/div>\n<div style=\"padding: 12.5% 0;\"><\/div>\n<div style=\"display: flex; flex-direction: row; margin-bottom: 14px; align-items: center;\">\n<div>\n<div style=\"background-color: #f4f4f4; border-radius: 50%; height: 12.5px; width: 12.5px; transform: translateX(0px) translateY(7px);\"><\/div>\n<div style=\"background-color: #f4f4f4; height: 12.5px; transform: rotate(-45deg) translateX(3px) translateY(1px); width: 12.5px; flex-grow: 0; margin-right: 14px; margin-left: 2px;\"><\/div>\n<div style=\"background-color: #f4f4f4; border-radius: 50%; height: 12.5px; width: 12.5px; transform: translateX(9px) translateY(-18px);\"><\/div>\n<\/div>\n<div style=\"margin-left: 8px;\">\n<div style=\"background-color: #f4f4f4; border-radius: 50%; flex-grow: 0; height: 20px; width: 20px;\"><\/div>\n<div style=\"width: 0; height: 0; border-top: 2px solid transparent; border-left: 6px solid #f4f4f4; border-bottom: 2px solid transparent; transform: translateX(16px) translateY(-4px) rotate(30deg);\"><\/div>\n<\/div>\n<div style=\"margin-left: auto;\">\n<div style=\"width: 0px; border-top: 8px solid #F4F4F4; border-right: 8px solid transparent; transform: translateY(16px);\"><\/div>\n<div style=\"background-color: #f4f4f4; flex-grow: 0; height: 12px; width: 16px; transform: translateY(-4px);\"><\/div>\n<div style=\"width: 0; height: 0; border-top: 8px solid #F4F4F4; border-left: 8px solid transparent; transform: translateY(-4px) translateX(8px);\"><\/div>\n<\/div>\n<\/div>\n<div style=\"display: flex; flex-direction: column; flex-grow: 1; justify-content: center; margin-bottom: 24px;\">\n<div style=\"background-color: #f4f4f4; border-radius: 4px; flex-grow: 0; height: 14px; margin-bottom: 6px; width: 224px;\"><\/div>\n<div style=\"background-color: #f4f4f4; border-radius: 4px; flex-grow: 0; height: 14px; width: 144px;\"><\/div>\n<\/div>\n<p>&nbsp;<\/p>\n<p style=\"color: #c9c8cd; font-family: Arial,sans-serif; font-size: 14px; line-height: 17px; margin-bottom: 0; margin-top: 8px; overflow: hidden; padding: 8px 0 7px; text-align: center; text-overflow: ellipsis; white-space: nowrap;\"><a style=\"color: #c9c8cd; font-family: Arial,sans-serif; font-size: 14px; font-style: normal; font-weight: normal; line-height: 17px; text-decoration: none;\" href=\"https:\/\/www.instagram.com\/p\/B_4uQrKI-If\/?utm_source=ig_embed&amp;utm_campaign=loading\" target=\"_blank\" rel=\"noopener\">A post shared by Gorges du Verdon (@gorgesduverdon)<\/a><\/p>\n<\/div>\n<\/blockquote>\n<p><script async src=\"\/\/www.instagram.com\/embed.js\"><\/script><\/p>\n<h2>6. Le cirque de Navacelles<\/h2>\n<p>Le <a href=\"https:\/\/www.cirquenavacelles.com\/\" target=\"_blank\" rel=\"noopener\">cirque de Navacelles<\/a>, surnomm\u00e9 le \u00ab Grand Canyon de l&rsquo;H\u00e9rault \u00bb, est une ar\u00e8ne naturelle exceptionnelle form\u00e9e par un m\u00e9andre recoup\u00e9 par la Vis situ\u00e9 dans la r\u00e9gion de l\u2019Occitanie, au sud de la France.<\/p>\n<p>Au c\u0153ur du cirque, entour\u00e9 d\u2019une faune et d\u2019une flore sauvages et d\u2019impressionnantes falaises calcaires, se trouve le petit village pittoresque de Navacelles et sa magnifique cascade.<\/p>\n<h2>7. Le mont Aiguille<\/h2>\n<p>Le mont Aiguille est un immense pic en forme de dent culminant \u00e0 2087 m\u00e8tres d\u2019altitude dans le massif du Vercors. Consid\u00e9r\u00e9 comme l\u2019une des 7 merveilles du Dauphin\u00e9, il est particuli\u00e8rement appr\u00e9ci\u00e9 des alpinistes et des amateurs de randonn\u00e9e.<\/p>\n<p>Au sommet de cette immense roche calcaire, les visiteurs profitent d\u2019un panorama \u00e9poustouflant sur les paysages environnants et peuvent notamment apercevoir le Mont Blanc.<\/p>\n<blockquote class=\"instagram-media\" style=\"background: #FFF; border: 0; border-radius: 3px; box-shadow: 0 0 1px 0 rgba(0,0,0,0.5),0 1px 10px 0 rgba(0,0,0,0.15); margin: 1px; max-width: 540px; min-width: 326px; padding: 0; width: calc(100% - 2px);\" data-instgrm-permalink=\"https:\/\/www.instagram.com\/p\/CGps_2VINSj\/?utm_source=ig_embed&amp;utm_campaign=loading\" data-instgrm-version=\"14\">\n<div style=\"padding: 16px;\">\n<p>&nbsp;<\/p>\n<div style=\"display: flex; flex-direction: row; align-items: center;\">\n<div style=\"background-color: #f4f4f4; border-radius: 50%; flex-grow: 0; height: 40px; margin-right: 14px; width: 40px;\"><\/div>\n<div style=\"display: flex; flex-direction: column; flex-grow: 1; justify-content: center;\">\n<div style=\"background-color: #f4f4f4; border-radius: 4px; flex-grow: 0; height: 14px; margin-bottom: 6px; width: 100px;\"><\/div>\n<div style=\"background-color: #f4f4f4; border-radius: 4px; flex-grow: 0; height: 14px; width: 60px;\"><\/div>\n<\/div>\n<\/div>\n<div style=\"padding: 19% 0;\"><\/div>\n<div style=\"display: block; height: 50px; margin: 0 auto 12px; width: 50px;\"><\/div>\n<div style=\"padding-top: 8px;\">\n<div style=\"color: #3897f0; font-family: Arial,sans-serif; font-size: 14px; font-style: normal; font-weight: 550; line-height: 18px;\">View this post on Instagram<\/div>\n<\/div>\n<div style=\"padding: 12.5% 0;\"><\/div>\n<div style=\"display: flex; flex-direction: row; margin-bottom: 14px; align-items: center;\">\n<div>\n<div style=\"background-color: #f4f4f4; border-radius: 50%; height: 12.5px; width: 12.5px; transform: translateX(0px) translateY(7px);\"><\/div>\n<div style=\"background-color: #f4f4f4; height: 12.5px; transform: rotate(-45deg) translateX(3px) translateY(1px); width: 12.5px; flex-grow: 0; margin-right: 14px; margin-left: 2px;\"><\/div>\n<div style=\"background-color: #f4f4f4; border-radius: 50%; height: 12.5px; width: 12.5px; transform: translateX(9px) translateY(-18px);\"><\/div>\n<\/div>\n<div style=\"margin-left: 8px;\">\n<div style=\"background-color: #f4f4f4; border-radius: 50%; flex-grow: 0; height: 20px; width: 20px;\"><\/div>\n<div style=\"width: 0; height: 0; border-top: 2px solid transparent; border-left: 6px solid #f4f4f4; border-bottom: 2px solid transparent; transform: translateX(16px) translateY(-4px) rotate(30deg);\"><\/div>\n<\/div>\n<div style=\"margin-left: auto;\">\n<div style=\"width: 0px; border-top: 8px solid #F4F4F4; border-right: 8px solid transparent; transform: translateY(16px);\"><\/div>\n<div style=\"background-color: #f4f4f4; flex-grow: 0; height: 12px; width: 16px; transform: translateY(-4px);\"><\/div>\n<div style=\"width: 0; height: 0; border-top: 8px solid #F4F4F4; border-left: 8px solid transparent; transform: translateY(-4px) translateX(8px);\"><\/div>\n<\/div>\n<\/div>\n<div style=\"display: flex; flex-direction: column; flex-grow: 1; justify-content: center; margin-bottom: 24px;\">\n<div style=\"background-color: #f4f4f4; border-radius: 4px; flex-grow: 0; height: 14px; margin-bottom: 6px; width: 224px;\"><\/div>\n<div style=\"background-color: #f4f4f4; border-radius: 4px; flex-grow: 0; height: 14px; width: 144px;\"><\/div>\n<\/div>\n<p>&nbsp;<\/p>\n<p style=\"color: #c9c8cd; font-family: Arial,sans-serif; font-size: 14px; line-height: 17px; margin-bottom: 0; margin-top: 8px; overflow: hidden; padding: 8px 0 7px; text-align: center; text-overflow: ellipsis; white-space: nowrap;\"><a style=\"color: #c9c8cd; font-family: Arial,sans-serif; font-size: 14px; font-style: normal; font-weight: normal; line-height: 17px; text-decoration: none;\" href=\"https:\/\/www.instagram.com\/p\/CGps_2VINSj\/?utm_source=ig_embed&amp;utm_campaign=loading\" target=\"_blank\" rel=\"noopener\">A post shared by Inspiration Vercors \u2728 (@inspirationvercors)<\/a><\/p>\n<\/div>\n<\/blockquote>\n<p><script async src=\"\/\/www.instagram.com\/embed.js\"><\/script><\/p>\n<h2>8. Les calanques de Cassis<\/h2>\n<p>Les calanques de Cassis, aussi connues comme les calanques de Marseille, font partie des lieux incontournables de la <strong><a href=\"https:\/\/www.reead.com\/fr\/5-choses-a-voir-absolument-cote-dazur-404062018\/\" target=\"_blank\" rel=\"noopener\">C\u00f4te d&rsquo;Azur<\/a><\/strong>.<\/p>\n<p>Consid\u00e9r\u00e9e comme un site unique au monde, cette zone naturelle s\u00e9duit par ses falaises majestueuses et ses eaux turquoise. Plong\u00e9e, randonn\u00e9e, promenade en bateau, les activit\u00e9s ne manquent pas pour d\u00e9couvrir la beaut\u00e9 des calanques.<\/p>\n<h2>9. La Camargue<\/h2>\n<p>La Camargue est un parc naturel d\u2019exception au bord de la mer M\u00e9diterran\u00e9e. Cette zone humide et sauvage de 150 000 hectares a \u00e9t\u00e9 reconnue r\u00e9serve de la biosph\u00e8re par l\u2019UNESCO.<\/p>\n<p>Elle abrite une immense population de chevaux et d\u2019oiseaux, et plus particuli\u00e8rement une grande quantit\u00e9 de flamants roses. Un v\u00e9ritable paradis pour les amoureux de la nature.<\/p>\n<blockquote class=\"wp-embedded-content\" data-secret=\"roP5Sb8bwH\"><p><a href=\"https:\/\/www.reead.com\/fr\/activites-ardeche-ete-4655072024\/\">5 activit\u00e9s \u00e0 faire en Ard\u00e8che en \u00e9t\u00e9 !<\/a><\/p><\/blockquote>\n<p><iframe loading=\"lazy\" class=\"wp-embedded-content\" sandbox=\"allow-scripts\" security=\"restricted\" style=\"position: absolute; visibility: hidden;\" title=\"\u00ab\u00a05 activit\u00e9s \u00e0 faire en Ard\u00e8che en \u00e9t\u00e9 !\u00a0\u00bb &#8212; Blog lifestyle, voyage et mode homme par Reead\" src=\"https:\/\/www.reead.com\/fr\/activites-ardeche-ete-4655072024\/embed\/#?secret=G2UIUtTOLd#?secret=roP5Sb8bwH\" data-secret=\"roP5Sb8bwH\" width=\"600\" height=\"338\" frameborder=\"0\" marginwidth=\"0\" marginheight=\"0\" scrolling=\"no\"><\/iframe><\/p>\n<h2>10. L\u2019Aiguille du Midi<\/h2>\n<p>Culminant \u00e0 3842 m\u00e8tres d\u2019altitude, l\u2019<a href=\"https:\/\/www.chamonix.com\/la-vallee\/incontournables\/aiguille-du-midi\" target=\"_blank\" rel=\"noopener\">Aiguille du Midi<\/a> est un sommet incontournable dans le massif du Mont Blanc offrant une vue impressionnante sur <a href=\"https:\/\/www.reead.com\/fr\/alpes-en-hiver-guide-4651082024\/\" target=\"_blank\" rel=\"noopener\"><strong>les Alpes fran\u00e7aises<\/strong><\/a>, suisses et italiennes.<\/p>\n<p>La mont\u00e9e en t\u00e9l\u00e9ph\u00e9rique est une v\u00e9ritable exp\u00e9rience \u00e0 elle seule. Ouvrez grand les yeux en vous \u00e9loignant du sol pour observer les magnifiques paysages de haute montagne qui vous entourent.<\/p>\n<blockquote class=\"instagram-media\" style=\"background: #FFF; border: 0; border-radius: 3px; box-shadow: 0 0 1px 0 rgba(0,0,0,0.5),0 1px 10px 0 rgba(0,0,0,0.15); margin: 1px; max-width: 540px; min-width: 326px; padding: 0; width: calc(100% - 2px);\" data-instgrm-permalink=\"https:\/\/www.instagram.com\/p\/CcFC0sqsq-l\/?utm_source=ig_embed&amp;utm_campaign=loading\" data-instgrm-version=\"14\">\n<div style=\"padding: 16px;\">\n<p>&nbsp;<\/p>\n<div style=\"display: flex; flex-direction: row; align-items: center;\">\n<div style=\"background-color: #f4f4f4; border-radius: 50%; flex-grow: 0; height: 40px; margin-right: 14px; width: 40px;\"><\/div>\n<div style=\"display: flex; flex-direction: column; flex-grow: 1; justify-content: center;\">\n<div style=\"background-color: #f4f4f4; border-radius: 4px; flex-grow: 0; height: 14px; margin-bottom: 6px; width: 100px;\"><\/div>\n<div style=\"background-color: #f4f4f4; border-radius: 4px; flex-grow: 0; height: 14px; width: 60px;\"><\/div>\n<\/div>\n<\/div>\n<div style=\"padding: 19% 0;\"><\/div>\n<div style=\"display: block; height: 50px; margin: 0 auto 12px; width: 50px;\"><\/div>\n<div style=\"padding-top: 8px;\">\n<div style=\"color: #3897f0; font-family: Arial,sans-serif; font-size: 14px; font-style: normal; font-weight: 550; line-height: 18px;\">View this post on Instagram<\/div>\n<\/div>\n<div style=\"padding: 12.5% 0;\"><\/div>\n<div style=\"display: flex; flex-direction: row; margin-bottom: 14px; align-items: center;\">\n<div>\n<div style=\"background-color: #f4f4f4; border-radius: 50%; height: 12.5px; width: 12.5px; transform: translateX(0px) translateY(7px);\"><\/div>\n<div style=\"background-color: #f4f4f4; height: 12.5px; transform: rotate(-45deg) translateX(3px) translateY(1px); width: 12.5px; flex-grow: 0; margin-right: 14px; margin-left: 2px;\"><\/div>\n<div style=\"background-color: #f4f4f4; border-radius: 50%; height: 12.5px; width: 12.5px; transform: translateX(9px) translateY(-18px);\"><\/div>\n<\/div>\n<div style=\"margin-left: 8px;\">\n<div style=\"background-color: #f4f4f4; border-radius: 50%; flex-grow: 0; height: 20px; width: 20px;\"><\/div>\n<div style=\"width: 0; height: 0; border-top: 2px solid transparent; border-left: 6px solid #f4f4f4; border-bottom: 2px solid transparent; transform: translateX(16px) translateY(-4px) rotate(30deg);\"><\/div>\n<\/div>\n<div style=\"margin-left: auto;\">\n<div style=\"width: 0px; border-top: 8px solid #F4F4F4; border-right: 8px solid transparent; transform: translateY(16px);\"><\/div>\n<div style=\"background-color: #f4f4f4; flex-grow: 0; height: 12px; width: 16px; transform: translateY(-4px);\"><\/div>\n<div style=\"width: 0; height: 0; border-top: 8px solid #F4F4F4; border-left: 8px solid transparent; transform: translateY(-4px) translateX(8px);\"><\/div>\n<\/div>\n<\/div>\n<div style=\"display: flex; flex-direction: column; flex-grow: 1; justify-content: center; margin-bottom: 24px;\">\n<div style=\"background-color: #f4f4f4; border-radius: 4px; flex-grow: 0; height: 14px; margin-bottom: 6px; width: 224px;\"><\/div>\n<div style=\"background-color: #f4f4f4; border-radius: 4px; flex-grow: 0; height: 14px; width: 144px;\"><\/div>\n<\/div>\n<p>&nbsp;<\/p>\n<p style=\"color: #c9c8cd; font-family: Arial,sans-serif; font-size: 14px; line-height: 17px; margin-bottom: 0; margin-top: 8px; overflow: hidden; padding: 8px 0 7px; text-align: center; text-overflow: ellipsis; white-space: nowrap;\"><a style=\"color: #c9c8cd; font-family: Arial,sans-serif; font-size: 14px; font-style: normal; font-weight: normal; line-height: 17px; text-decoration: none;\" href=\"https:\/\/www.instagram.com\/p\/CcFC0sqsq-l\/?utm_source=ig_embed&amp;utm_campaign=loading\" target=\"_blank\" rel=\"noopener\">A post shared by Chamonix-Mont-Blanc (@chamonixmontblanc)<\/a><\/p>\n<\/div>\n<\/blockquote>\n<p><script async src=\"\/\/www.instagram.com\/embed.js\"><\/script><\/p>\n\n\n<div class=\"kk-star-ratings kksr-auto kksr-align-left kksr-valign-bottom\"\n    data-payload='{&quot;align&quot;:&quot;left&quot;,&quot;id&quot;:&quot;460907&quot;,&quot;slug&quot;:&quot;default&quot;,&quot;valign&quot;:&quot;bottom&quot;,&quot;ignore&quot;:&quot;&quot;,&quot;reference&quot;:&quot;auto&quot;,&quot;class&quot;:&quot;&quot;,&quot;count&quot;:&quot;4&quot;,&quot;legendonly&quot;:&quot;&quot;,&quot;readonly&quot;:&quot;&quot;,&quot;score&quot;:&quot;5&quot;,&quot;starsonly&quot;:&quot;&quot;,&quot;best&quot;:&quot;5&quot;,&quot;gap&quot;:&quot;4&quot;,&quot;greet&quot;:&quot;Votez pour ce post&quot;,&quot;legend&quot;:&quot;5\\\/5 - (4 votes)&quot;,&quot;size&quot;:&quot;24&quot;,&quot;title&quot;:&quot;Top 10 des plus beaux sites naturels de France&quot;,&quot;width&quot;:&quot;138&quot;,&quot;_legend&quot;:&quot;{score}\\\/{best} - ({count} {votes})&quot;,&quot;font_factor&quot;:&quot;1.25&quot;}'>\n            \n<div class=\"kksr-stars\">\n    \n<div class=\"kksr-stars-inactive\">\n            <div class=\"kksr-star\" data-star=\"1\" style=\"padding-right: 4px\">\n            \n\n<div class=\"kksr-icon\" style=\"width: 24px; height: 24px;\"><\/div>\n        <\/div>\n            <div class=\"kksr-star\" data-star=\"2\" style=\"padding-right: 4px\">\n            \n\n<div class=\"kksr-icon\" style=\"width: 24px; height: 24px;\"><\/div>\n        <\/div>\n            <div class=\"kksr-star\" data-star=\"3\" style=\"padding-right: 4px\">\n            \n\n<div class=\"kksr-icon\" style=\"width: 24px; height: 24px;\"><\/div>\n        <\/div>\n            <div class=\"kksr-star\" data-star=\"4\" style=\"padding-right: 4px\">\n            \n\n<div class=\"kksr-icon\" style=\"width: 24px; height: 24px;\"><\/div>\n        <\/div>\n            <div class=\"kksr-star\" data-star=\"5\" style=\"padding-right: 4px\">\n            \n\n<div class=\"kksr-icon\" style=\"width: 24px; height: 24px;\"><\/div>\n        <\/div>\n    <\/div>\n    \n<div class=\"kksr-stars-active\" style=\"width: 138px;\">\n            <div class=\"kksr-star\" style=\"padding-right: 4px\">\n            \n\n<div class=\"kksr-icon\" style=\"width: 24px; height: 24px;\"><\/div>\n        <\/div>\n            <div class=\"kksr-star\" style=\"padding-right: 4px\">\n            \n\n<div class=\"kksr-icon\" style=\"width: 24px; height: 24px;\"><\/div>\n        <\/div>\n            <div class=\"kksr-star\" style=\"padding-right: 4px\">\n            \n\n<div class=\"kksr-icon\" style=\"width: 24px; height: 24px;\"><\/div>\n        <\/div>\n            <div class=\"kksr-star\" style=\"padding-right: 4px\">\n            \n\n<div class=\"kksr-icon\" style=\"width: 24px; height: 24px;\"><\/div>\n        <\/div>\n            <div class=\"kksr-star\" style=\"padding-right: 4px\">\n            \n\n<div class=\"kksr-icon\" style=\"width: 24px; height: 24px;\"><\/div>\n        <\/div>\n    <\/div>\n<\/div>\n                \n\n<div class=\"kksr-legend\" style=\"font-size: 19.2px;\">\n            5\/5 - (4 votes)    <\/div>\n    <\/div>","protected":false},"excerpt":{"rendered":"<p>Envie de d\u00e9couvrir les plus beaux sites naturels de France ? Voici notre Top 10 \u00e0 absolument voir !<\/p>","protected":false},"author":6,"featured_media":460911,"comment_status":"open","ping_status":"open","sticky":false,"template":"","format":"standard","meta":{"footnotes":""},"categories":[541],"tags":[6000],"class_list":["post-460907","post","type-post","status-publish","format-standard","has-post-thumbnail","hentry","category-voyage","tag-france"],"yoast_head":"<!-- This site is optimized with the Yoast SEO Premium plugin v27.4 (Yoast SEO v27.4) - https:\/\/yoast.com\/product\/yoast-seo-premium-wordpress\/ -->\n<title>Top 10 des plus beaux sites naturels de France<\/title>\n<meta name=\"description\" content=\"Envie de d\u00e9couvrir les plus beaux sites naturels de France ? Voici notre Top 10 \u00e0 absolument voir !\" \/>\n<meta name=\"robots\" content=\"index, follow, max-snippet:-1, max-image-preview:large, max-video-preview:-1\" \/>\n<link rel=\"canonical\" href=\"https:\/\/www.reead.com\/fr\/plus-beaux-sites-naturels-france-4609072022\/\" \/>\n<meta property=\"og:locale\" content=\"fr_FR\" \/>\n<meta property=\"og:type\" content=\"article\" \/>\n<meta property=\"og:title\" content=\"Top 10 des plus beaux sites naturels de France\" \/>\n<meta property=\"og:description\" content=\"Envie de d\u00e9couvrir les plus beaux sites naturels de France ? Voici notre Top 10 \u00e0 absolument voir !\" \/>\n<meta property=\"og:url\" content=\"https:\/\/www.reead.com\/fr\/plus-beaux-sites-naturels-france-4609072022\/\" \/>\n<meta property=\"og:site_name\" content=\"Conseils Voyage, Mode Homme et Lifestyle\" \/>\n<meta property=\"article:publisher\" content=\"https:\/\/www.facebook.com\/welovereead\" \/>\n<meta property=\"article:published_time\" content=\"2022-10-28T13:32:43+00:00\" \/>\n<meta property=\"article:modified_time\" content=\"2025-05-21T22:15:34+00:00\" \/>\n<meta property=\"og:image\" content=\"https:\/\/www.reead.com\/fr\/wp-content\/uploads\/2022\/10\/Mont-Saint-Michel-France.jpg\" \/>\n\t<meta property=\"og:image:width\" content=\"1500\" \/>\n\t<meta property=\"og:image:height\" content=\"1000\" \/>\n\t<meta property=\"og:image:type\" content=\"image\/jpeg\" \/>\n<meta name=\"author\" content=\"La R\u00e9dac Reead.com\" \/>\n<meta name=\"twitter:card\" content=\"summary_large_image\" \/>\n<meta name=\"twitter:creator\" content=\"@reead\" \/>\n<meta name=\"twitter:site\" content=\"@blogdereead\" \/>\n<script type=\"application\/ld+json\" class=\"yoast-schema-graph\">{\"@context\":\"https:\\\/\\\/schema.org\",\"@graph\":[{\"@type\":\"Article\",\"@id\":\"https:\\\/\\\/www.reead.com\\\/fr\\\/plus-beaux-sites-naturels-france-4609072022\\\/#article\",\"isPartOf\":{\"@id\":\"https:\\\/\\\/www.reead.com\\\/fr\\\/plus-beaux-sites-naturels-france-4609072022\\\/\"},\"author\":{\"name\":\"La R\u00e9dac Reead.com\",\"@id\":\"https:\\\/\\\/www.reead.com\\\/fr\\\/#\\\/schema\\\/person\\\/43bf0419400390bc01899c5d52c6d02f\"},\"headline\":\"Top 10 des plus beaux sites naturels de France\",\"datePublished\":\"2022-10-28T13:32:43+00:00\",\"dateModified\":\"2025-05-21T22:15:34+00:00\",\"mainEntityOfPage\":{\"@id\":\"https:\\\/\\\/www.reead.com\\\/fr\\\/plus-beaux-sites-naturels-france-4609072022\\\/\"},\"wordCount\":995,\"commentCount\":0,\"publisher\":{\"@id\":\"https:\\\/\\\/www.reead.com\\\/fr\\\/#\\\/schema\\\/person\\\/551a8a4b469ab53c0b48bcd3846fb3c6\"},\"image\":{\"@id\":\"https:\\\/\\\/www.reead.com\\\/fr\\\/plus-beaux-sites-naturels-france-4609072022\\\/#primaryimage\"},\"thumbnailUrl\":\"https:\\\/\\\/www.reead.com\\\/fr\\\/wp-content\\\/uploads\\\/2022\\\/10\\\/Mont-Saint-Michel-France.jpg\",\"keywords\":[\"France\"],\"articleSection\":[\"Voyage\"],\"inLanguage\":\"fr-FR\",\"potentialAction\":[{\"@type\":\"CommentAction\",\"name\":\"Comment\",\"target\":[\"https:\\\/\\\/www.reead.com\\\/fr\\\/plus-beaux-sites-naturels-france-4609072022\\\/#respond\"]}]},{\"@type\":\"WebPage\",\"@id\":\"https:\\\/\\\/www.reead.com\\\/fr\\\/plus-beaux-sites-naturels-france-4609072022\\\/\",\"url\":\"https:\\\/\\\/www.reead.com\\\/fr\\\/plus-beaux-sites-naturels-france-4609072022\\\/\",\"name\":\"Top 10 des plus beaux sites naturels de France\",\"isPartOf\":{\"@id\":\"https:\\\/\\\/www.reead.com\\\/fr\\\/#website\"},\"primaryImageOfPage\":{\"@id\":\"https:\\\/\\\/www.reead.com\\\/fr\\\/plus-beaux-sites-naturels-france-4609072022\\\/#primaryimage\"},\"image\":{\"@id\":\"https:\\\/\\\/www.reead.com\\\/fr\\\/plus-beaux-sites-naturels-france-4609072022\\\/#primaryimage\"},\"thumbnailUrl\":\"https:\\\/\\\/www.reead.com\\\/fr\\\/wp-content\\\/uploads\\\/2022\\\/10\\\/Mont-Saint-Michel-France.jpg\",\"datePublished\":\"2022-10-28T13:32:43+00:00\",\"dateModified\":\"2025-05-21T22:15:34+00:00\",\"description\":\"Envie de d\u00e9couvrir les plus beaux sites naturels de France ? Voici notre Top 10 \u00e0 absolument voir !\",\"breadcrumb\":{\"@id\":\"https:\\\/\\\/www.reead.com\\\/fr\\\/plus-beaux-sites-naturels-france-4609072022\\\/#breadcrumb\"},\"inLanguage\":\"fr-FR\",\"potentialAction\":[{\"@type\":\"ReadAction\",\"target\":[\"https:\\\/\\\/www.reead.com\\\/fr\\\/plus-beaux-sites-naturels-france-4609072022\\\/\"]}]},{\"@type\":\"ImageObject\",\"inLanguage\":\"fr-FR\",\"@id\":\"https:\\\/\\\/www.reead.com\\\/fr\\\/plus-beaux-sites-naturels-france-4609072022\\\/#primaryimage\",\"url\":\"https:\\\/\\\/www.reead.com\\\/fr\\\/wp-content\\\/uploads\\\/2022\\\/10\\\/Mont-Saint-Michel-France.jpg\",\"contentUrl\":\"https:\\\/\\\/www.reead.com\\\/fr\\\/wp-content\\\/uploads\\\/2022\\\/10\\\/Mont-Saint-Michel-France.jpg\",\"width\":1500,\"height\":1000,\"caption\":\"plus beaux sites naturels de France\"},{\"@type\":\"BreadcrumbList\",\"@id\":\"https:\\\/\\\/www.reead.com\\\/fr\\\/plus-beaux-sites-naturels-france-4609072022\\\/#breadcrumb\",\"itemListElement\":[{\"@type\":\"ListItem\",\"position\":1,\"name\":\"Accueil\",\"item\":\"https:\\\/\\\/www.reead.com\\\/fr\\\/\"},{\"@type\":\"ListItem\",\"position\":2,\"name\":\"Voyage\",\"item\":\"https:\\\/\\\/www.reead.com\\\/fr\\\/voyage\\\/\"},{\"@type\":\"ListItem\",\"position\":3,\"name\":\"Top 10 des plus beaux sites naturels de France\"}]},{\"@type\":\"WebSite\",\"@id\":\"https:\\\/\\\/www.reead.com\\\/fr\\\/#website\",\"url\":\"https:\\\/\\\/www.reead.com\\\/fr\\\/\",\"name\":\"Reead.com\",\"description\":\"Conseils Voyage, Mode Homme et Lifestyle\",\"publisher\":{\"@id\":\"https:\\\/\\\/www.reead.com\\\/fr\\\/#\\\/schema\\\/person\\\/551a8a4b469ab53c0b48bcd3846fb3c6\"},\"potentialAction\":[{\"@type\":\"SearchAction\",\"target\":{\"@type\":\"EntryPoint\",\"urlTemplate\":\"https:\\\/\\\/www.reead.com\\\/fr\\\/?s={search_term_string}\"},\"query-input\":{\"@type\":\"PropertyValueSpecification\",\"valueRequired\":true,\"valueName\":\"search_term_string\"}}],\"inLanguage\":\"fr-FR\"},{\"@type\":[\"Person\",\"Organization\"],\"@id\":\"https:\\\/\\\/www.reead.com\\\/fr\\\/#\\\/schema\\\/person\\\/551a8a4b469ab53c0b48bcd3846fb3c6\",\"name\":\"Reead\",\"image\":{\"@type\":\"ImageObject\",\"inLanguage\":\"fr-FR\",\"@id\":\"https:\\\/\\\/www.reead.com\\\/fr\\\/wp-content\\\/uploads\\\/2018\\\/12\\\/reead.jpg\",\"url\":\"https:\\\/\\\/www.reead.com\\\/fr\\\/wp-content\\\/uploads\\\/2018\\\/12\\\/reead.jpg\",\"contentUrl\":\"https:\\\/\\\/www.reead.com\\\/fr\\\/wp-content\\\/uploads\\\/2018\\\/12\\\/reead.jpg\",\"width\":900,\"height\":610,\"caption\":\"Reead\"},\"logo\":{\"@id\":\"https:\\\/\\\/www.reead.com\\\/fr\\\/wp-content\\\/uploads\\\/2018\\\/12\\\/reead.jpg\"},\"description\":\"Reead est un blogueur voyage fran\u00e7ais bas\u00e9 \u00e0 Las Vegas et le fondateur de Reead.com, un blog lanc\u00e9 en 2009 consacr\u00e9 aux voyages, aux miles et aux programmes de fid\u00e9lit\u00e9. Sp\u00e9cialis\u00e9 dans les cartes de cr\u00e9dit voyage, les miles et points, ainsi que les programmes comme Flying Blue, American Express Membership Rewards ou les alliances a\u00e9riennes, il partage des strat\u00e9gies concr\u00e8tes pour r\u00e9duire le co\u00fbt des voyages et optimiser les r\u00e9compenses des cartes de cr\u00e9dit. Install\u00e9 aux \u00c9tats-Unis, Reead publie \u00e9galement des guides pour visiter les USA, des analyses de programmes de fid\u00e9lit\u00e9 et des retours d\u2019exp\u00e9rience sur les compagnies a\u00e9riennes, h\u00f4tels et cartes premium. Depuis plus de 15 ans, ses articles aident les voyageurs \u00e0 comprendre les miles, accumuler des points plus rapidement et voyager dans de meilleures conditions pour moins cher. Survivant du cancer, il partage aussi une vision simple : profiter de la vie et explorer le monde intelligemment.\",\"sameAs\":[\"https:\\\/\\\/www.reead.com\\\/fr\\\/\",\"https:\\\/\\\/www.facebook.com\\\/welovereead\",\"https:\\\/\\\/www.instagram.com\\\/reead\\\/?hl=fr\",\"https:\\\/\\\/www.pinterest.com\\\/reead\\\/\",\"https:\\\/\\\/x.com\\\/blogdereead\",\"https:\\\/\\\/www.youtube.com\\\/reead\"],\"gender\":\"homme\",\"knowsAbout\":[\"Voyage\",\"miles et points\"],\"knowsLanguage\":[\"Anglais\",\"Fran\u00e7ais\"],\"publishingPrinciples\":\"https:\\\/\\\/www.reead.com\\\/fr\\\/politique-de-publication\\\/\"},{\"@type\":\"Person\",\"@id\":\"https:\\\/\\\/www.reead.com\\\/fr\\\/#\\\/schema\\\/person\\\/43bf0419400390bc01899c5d52c6d02f\",\"name\":\"La R\u00e9dac Reead.com\",\"image\":{\"@type\":\"ImageObject\",\"inLanguage\":\"fr-FR\",\"@id\":\"https:\\\/\\\/secure.gravatar.com\\\/avatar\\\/52abbce686654ea811e2d66f2a9d0e94d0915d1381bf3a4acf7adbd1d73b4547?s=96&d=mm&r=g\",\"url\":\"https:\\\/\\\/secure.gravatar.com\\\/avatar\\\/52abbce686654ea811e2d66f2a9d0e94d0915d1381bf3a4acf7adbd1d73b4547?s=96&d=mm&r=g\",\"contentUrl\":\"https:\\\/\\\/secure.gravatar.com\\\/avatar\\\/52abbce686654ea811e2d66f2a9d0e94d0915d1381bf3a4acf7adbd1d73b4547?s=96&d=mm&r=g\",\"caption\":\"La R\u00e9dac Reead.com\"},\"description\":\"Article r\u00e9dig\u00e9 par un membre de la r\u00e9daction Reead.com\"}]}<\/script>\n<!-- \/ Yoast SEO Premium plugin. -->","yoast_head_json":{"title":"Top 10 des plus beaux sites naturels de France","description":"Envie de d\u00e9couvrir les plus beaux sites naturels de France ? Voici notre Top 10 \u00e0 absolument voir !","robots":{"index":"index","follow":"follow","max-snippet":"max-snippet:-1","max-image-preview":"max-image-preview:large","max-video-preview":"max-video-preview:-1"},"canonical":"https:\/\/www.reead.com\/fr\/plus-beaux-sites-naturels-france-4609072022\/","og_locale":"fr_FR","og_type":"article","og_title":"Top 10 des plus beaux sites naturels de France","og_description":"Envie de d\u00e9couvrir les plus beaux sites naturels de France ? Voici notre Top 10 \u00e0 absolument voir !","og_url":"https:\/\/www.reead.com\/fr\/plus-beaux-sites-naturels-france-4609072022\/","og_site_name":"Conseils Voyage, Mode Homme et Lifestyle","article_publisher":"https:\/\/www.facebook.com\/welovereead","article_published_time":"2022-10-28T13:32:43+00:00","article_modified_time":"2025-05-21T22:15:34+00:00","og_image":[{"width":1500,"height":1000,"url":"https:\/\/www.reead.com\/fr\/wp-content\/uploads\/2022\/10\/Mont-Saint-Michel-France.jpg","type":"image\/jpeg"}],"author":"La R\u00e9dac Reead.com","twitter_card":"summary_large_image","twitter_creator":"@reead","twitter_site":"@blogdereead","schema":{"@context":"https:\/\/schema.org","@graph":[{"@type":"Article","@id":"https:\/\/www.reead.com\/fr\/plus-beaux-sites-naturels-france-4609072022\/#article","isPartOf":{"@id":"https:\/\/www.reead.com\/fr\/plus-beaux-sites-naturels-france-4609072022\/"},"author":{"name":"La R\u00e9dac Reead.com","@id":"https:\/\/www.reead.com\/fr\/#\/schema\/person\/43bf0419400390bc01899c5d52c6d02f"},"headline":"Top 10 des plus beaux sites naturels de France","datePublished":"2022-10-28T13:32:43+00:00","dateModified":"2025-05-21T22:15:34+00:00","mainEntityOfPage":{"@id":"https:\/\/www.reead.com\/fr\/plus-beaux-sites-naturels-france-4609072022\/"},"wordCount":995,"commentCount":0,"publisher":{"@id":"https:\/\/www.reead.com\/fr\/#\/schema\/person\/551a8a4b469ab53c0b48bcd3846fb3c6"},"image":{"@id":"https:\/\/www.reead.com\/fr\/plus-beaux-sites-naturels-france-4609072022\/#primaryimage"},"thumbnailUrl":"https:\/\/www.reead.com\/fr\/wp-content\/uploads\/2022\/10\/Mont-Saint-Michel-France.jpg","keywords":["France"],"articleSection":["Voyage"],"inLanguage":"fr-FR","potentialAction":[{"@type":"CommentAction","name":"Comment","target":["https:\/\/www.reead.com\/fr\/plus-beaux-sites-naturels-france-4609072022\/#respond"]}]},{"@type":"WebPage","@id":"https:\/\/www.reead.com\/fr\/plus-beaux-sites-naturels-france-4609072022\/","url":"https:\/\/www.reead.com\/fr\/plus-beaux-sites-naturels-france-4609072022\/","name":"Top 10 des plus beaux sites naturels de France","isPartOf":{"@id":"https:\/\/www.reead.com\/fr\/#website"},"primaryImageOfPage":{"@id":"https:\/\/www.reead.com\/fr\/plus-beaux-sites-naturels-france-4609072022\/#primaryimage"},"image":{"@id":"https:\/\/www.reead.com\/fr\/plus-beaux-sites-naturels-france-4609072022\/#primaryimage"},"thumbnailUrl":"https:\/\/www.reead.com\/fr\/wp-content\/uploads\/2022\/10\/Mont-Saint-Michel-France.jpg","datePublished":"2022-10-28T13:32:43+00:00","dateModified":"2025-05-21T22:15:34+00:00","description":"Envie de d\u00e9couvrir les plus beaux sites naturels de France ? Voici notre Top 10 \u00e0 absolument voir !","breadcrumb":{"@id":"https:\/\/www.reead.com\/fr\/plus-beaux-sites-naturels-france-4609072022\/#breadcrumb"},"inLanguage":"fr-FR","potentialAction":[{"@type":"ReadAction","target":["https:\/\/www.reead.com\/fr\/plus-beaux-sites-naturels-france-4609072022\/"]}]},{"@type":"ImageObject","inLanguage":"fr-FR","@id":"https:\/\/www.reead.com\/fr\/plus-beaux-sites-naturels-france-4609072022\/#primaryimage","url":"https:\/\/www.reead.com\/fr\/wp-content\/uploads\/2022\/10\/Mont-Saint-Michel-France.jpg","contentUrl":"https:\/\/www.reead.com\/fr\/wp-content\/uploads\/2022\/10\/Mont-Saint-Michel-France.jpg","width":1500,"height":1000,"caption":"plus beaux sites naturels de France"},{"@type":"BreadcrumbList","@id":"https:\/\/www.reead.com\/fr\/plus-beaux-sites-naturels-france-4609072022\/#breadcrumb","itemListElement":[{"@type":"ListItem","position":1,"name":"Accueil","item":"https:\/\/www.reead.com\/fr\/"},{"@type":"ListItem","position":2,"name":"Voyage","item":"https:\/\/www.reead.com\/fr\/voyage\/"},{"@type":"ListItem","position":3,"name":"Top 10 des plus beaux sites naturels de France"}]},{"@type":"WebSite","@id":"https:\/\/www.reead.com\/fr\/#website","url":"https:\/\/www.reead.com\/fr\/","name":"Reead.com","description":"Conseils Voyage, Mode Homme et Lifestyle","publisher":{"@id":"https:\/\/www.reead.com\/fr\/#\/schema\/person\/551a8a4b469ab53c0b48bcd3846fb3c6"},"potentialAction":[{"@type":"SearchAction","target":{"@type":"EntryPoint","urlTemplate":"https:\/\/www.reead.com\/fr\/?s={search_term_string}"},"query-input":{"@type":"PropertyValueSpecification","valueRequired":true,"valueName":"search_term_string"}}],"inLanguage":"fr-FR"},{"@type":["Person","Organization"],"@id":"https:\/\/www.reead.com\/fr\/#\/schema\/person\/551a8a4b469ab53c0b48bcd3846fb3c6","name":"Reead","image":{"@type":"ImageObject","inLanguage":"fr-FR","@id":"https:\/\/www.reead.com\/fr\/wp-content\/uploads\/2018\/12\/reead.jpg","url":"https:\/\/www.reead.com\/fr\/wp-content\/uploads\/2018\/12\/reead.jpg","contentUrl":"https:\/\/www.reead.com\/fr\/wp-content\/uploads\/2018\/12\/reead.jpg","width":900,"height":610,"caption":"Reead"},"logo":{"@id":"https:\/\/www.reead.com\/fr\/wp-content\/uploads\/2018\/12\/reead.jpg"},"description":"Reead est un blogueur voyage fran\u00e7ais bas\u00e9 \u00e0 Las Vegas et le fondateur de Reead.com, un blog lanc\u00e9 en 2009 consacr\u00e9 aux voyages, aux miles et aux programmes de fid\u00e9lit\u00e9. Sp\u00e9cialis\u00e9 dans les cartes de cr\u00e9dit voyage, les miles et points, ainsi que les programmes comme Flying Blue, American Express Membership Rewards ou les alliances a\u00e9riennes, il partage des strat\u00e9gies concr\u00e8tes pour r\u00e9duire le co\u00fbt des voyages et optimiser les r\u00e9compenses des cartes de cr\u00e9dit. Install\u00e9 aux \u00c9tats-Unis, Reead publie \u00e9galement des guides pour visiter les USA, des analyses de programmes de fid\u00e9lit\u00e9 et des retours d\u2019exp\u00e9rience sur les compagnies a\u00e9riennes, h\u00f4tels et cartes premium. Depuis plus de 15 ans, ses articles aident les voyageurs \u00e0 comprendre les miles, accumuler des points plus rapidement et voyager dans de meilleures conditions pour moins cher. Survivant du cancer, il partage aussi une vision simple : profiter de la vie et explorer le monde intelligemment.","sameAs":["https:\/\/www.reead.com\/fr\/","https:\/\/www.facebook.com\/welovereead","https:\/\/www.instagram.com\/reead\/?hl=fr","https:\/\/www.pinterest.com\/reead\/","https:\/\/x.com\/blogdereead","https:\/\/www.youtube.com\/reead"],"gender":"homme","knowsAbout":["Voyage","miles et points"],"knowsLanguage":["Anglais","Fran\u00e7ais"],"publishingPrinciples":"https:\/\/www.reead.com\/fr\/politique-de-publication\/"},{"@type":"Person","@id":"https:\/\/www.reead.com\/fr\/#\/schema\/person\/43bf0419400390bc01899c5d52c6d02f","name":"La R\u00e9dac Reead.com","image":{"@type":"ImageObject","inLanguage":"fr-FR","@id":"https:\/\/secure.gravatar.com\/avatar\/52abbce686654ea811e2d66f2a9d0e94d0915d1381bf3a4acf7adbd1d73b4547?s=96&d=mm&r=g","url":"https:\/\/secure.gravatar.com\/avatar\/52abbce686654ea811e2d66f2a9d0e94d0915d1381bf3a4acf7adbd1d73b4547?s=96&d=mm&r=g","contentUrl":"https:\/\/secure.gravatar.com\/avatar\/52abbce686654ea811e2d66f2a9d0e94d0915d1381bf3a4acf7adbd1d73b4547?s=96&d=mm&r=g","caption":"La R\u00e9dac Reead.com"},"description":"Article r\u00e9dig\u00e9 par un membre de la r\u00e9daction Reead.com"}]}},"_links":{"self":[{"href":"https:\/\/www.reead.com\/fr\/wp-json\/wp\/v2\/posts\/460907","targetHints":{"allow":["GET"]}}],"collection":[{"href":"https:\/\/www.reead.com\/fr\/wp-json\/wp\/v2\/posts"}],"about":[{"href":"https:\/\/www.reead.com\/fr\/wp-json\/wp\/v2\/types\/post"}],"author":[{"embeddable":true,"href":"https:\/\/www.reead.com\/fr\/wp-json\/wp\/v2\/users\/6"}],"replies":[{"embeddable":true,"href":"https:\/\/www.reead.com\/fr\/wp-json\/wp\/v2\/comments?post=460907"}],"version-history":[{"count":0,"href":"https:\/\/www.reead.com\/fr\/wp-json\/wp\/v2\/posts\/460907\/revisions"}],"wp:featuredmedia":[{"embeddable":true,"href":"https:\/\/www.reead.com\/fr\/wp-json\/wp\/v2\/media\/460911"}],"wp:attachment":[{"href":"https:\/\/www.reead.com\/fr\/wp-json\/wp\/v2\/media?parent=460907"}],"wp:term":[{"taxonomy":"category","embeddable":true,"href":"https:\/\/www.reead.com\/fr\/wp-json\/wp\/v2\/categories?post=460907"},{"taxonomy":"post_tag","embeddable":true,"href":"https:\/\/www.reead.com\/fr\/wp-json\/wp\/v2\/tags?post=460907"}],"curies":[{"name":"wp","href":"https:\/\/api.w.org\/{rel}","templated":true}]}}