{"id":460535,"date":"2022-09-23T14:43:33","date_gmt":"2022-09-23T12:43:33","guid":{"rendered":"https:\/\/www.reead.com\/fr\/?p=460535"},"modified":"2022-10-04T15:50:51","modified_gmt":"2022-10-04T13:50:51","slug":"jeans-eco-responsables","status":"publish","type":"post","link":"https:\/\/www.reead.com\/fr\/jeans-eco-responsables-4605352022\/","title":{"rendered":"Jeans eco-responsables \u00ab\u00a0denim in progress\u00a0\u00bb : tout ce que vous devez savoir !"},"content":{"rendered":"<p>Le jean denim est un composant essentiel du dressing masculin. Jules a d\u00e9cid\u00e9 de revisiter le jean pour l&rsquo;int\u00e9grer dans une d\u00e9marche \u00e9coresponsable sous le nom de \u00ab Denim In Progress \u00bb. D\u00e9couvrez la strat\u00e9gie d\u00e9velopp\u00e9e par cette marque vestimentaire pour r\u00e9duire son impact sur l&rsquo;environnement.<\/p>\n<h2><strong>Plusieurs mod\u00e8les pour tous les go\u00fbts<\/strong><\/h2>\n<p>Jules a d\u00e9ploy\u00e9 une large gamme de jeans \u00ab Denim In Progress \u00bb. Les clients peuvent s\u00e9lectionner un pantalon bleu fonc\u00e9, bleu clair, noir ou encore d\u00e9lav\u00e9. Les coupes sont \u00e9galement vari\u00e9es : straight, regular, skinny ou slim. Toutes les envies de mode seront combl\u00e9es.<\/p>\n<p>La qualit\u00e9 de r\u00e9alisation des jeans certifi\u00e9s \u00ab In Progress \u00bb est r\u00e9elle. Ces v\u00eatements sont con\u00e7us avec soin pour int\u00e9grer la garde-robe de n&rsquo;importe quel homme. Les diff\u00e9rents mod\u00e8les s&rsquo;adaptent tr\u00e8s bien \u00e0 l&rsquo;ensemble des morphologies.<\/p>\n<div id=\"attachment_460538\" style=\"width: 1610px\" class=\"wp-caption alignnone\"><img loading=\"lazy\" decoding=\"async\" aria-describedby=\"caption-attachment-460538\" class=\"size-full wp-image-460538\" src=\"https:\/\/www.reead.com\/fr\/wp-content\/uploads\/2022\/09\/Jeans-eco-responsables.jpg\" alt=\"Jeans eco-responsables\" width=\"1600\" height=\"1065\" srcset=\"https:\/\/www.reead.com\/fr\/wp-content\/uploads\/2022\/09\/Jeans-eco-responsables.jpg 1600w,  https:\/\/www.reead.com\/fr\/wp-content\/uploads\/2022\/09\/Jeans-eco-responsables-610x406.jpg 610w,  https:\/\/www.reead.com\/fr\/wp-content\/uploads\/2022\/09\/Jeans-eco-responsables-960x639.jpg 960w,  https:\/\/www.reead.com\/fr\/wp-content\/uploads\/2022\/09\/Jeans-eco-responsables-768x511.jpg 768w,  https:\/\/www.reead.com\/fr\/wp-content\/uploads\/2022\/09\/Jeans-eco-responsables-1536x1022.jpg 1536w,  https:\/\/www.reead.com\/fr\/wp-content\/uploads\/2022\/09\/Jeans-eco-responsables-272x182.jpg 272w\" sizes=\"auto, (max-width: 1600px) 100vw, 1600px\" \/><p id=\"caption-attachment-460538\" class=\"wp-caption-text\">\u00a9 Can Stock Photo \/ Mark2121<\/p><\/div>\n<h2><strong>L&rsquo;objectif z\u00e9ro d\u00e9chet textile de Jules<\/strong><\/h2>\n<p>Bien au-del\u00e0 du label \u00ab In Progress \u00bb, la marque souhaite atteindre l&rsquo;objectif du z\u00e9ro d\u00e9chet textile pour ses <a href=\"https:\/\/www.jules.com\/fr-fr\/l\/denim-in-progress\/\" target=\"_blank\" rel=\"noopener\">jeans \u00e9co-responsables et \u00e9thiques<\/a> (de Jules), c&rsquo;est-\u00e0-dire ne produire que les produits qui peuvent \u00eatre vendus en boutiques. Gr\u00e2ce \u00e0 cette d\u00e9marche, Jules a \u00e9conomis\u00e9 pr\u00e8s de 1,3 million de pi\u00e8ces en 2019. L&rsquo;ann\u00e9e suivante, ce sont encore 500 000 pi\u00e8ces qui n&rsquo;ont pas \u00e9t\u00e9 con\u00e7ues. Songez ainsi aux \u00e9conomies d&rsquo;\u00e9nergie r\u00e9alis\u00e9es lors de la production.<\/p>\n<h2><strong>Le label \u00ab In Progress \u00bb<\/strong><\/h2>\n<h3><strong>Des collections de v\u00eatements responsables<\/strong><\/h3>\n<p>Les jeans b\u00e9n\u00e9ficiant du label \u00ab In Progress \u00bb sont confectionn\u00e9s avec des mati\u00e8res durables. Ainsi, ceux-ci sont con\u00e7us \u00e0 base de fibres recycl\u00e9es. 70 % de la collection Denim de Jules est compos\u00e9e \u00e0 partir de polyester recycl\u00e9 et 47 % de celle-ci est fabriqu\u00e9e avec du coton recycl\u00e9. Ces mati\u00e8res recycl\u00e9es sont r\u00e9cup\u00e9r\u00e9es sur la production d&rsquo;anciens v\u00eatements et parmi les chutes de tissus. Plus rien ne se perd dans les ateliers de confection.<\/p>\n<p>En 2022, la collection \u00ab In Progress \u00bb composait 35 % des produits vendus en boutique. Quant \u00e0 la collection \u00ab Denim In Progress \u00bb, 70 % d&rsquo;entre elle est compos\u00e9e \u00e0 base de fibres recycl\u00e9es. \u00c0 l&rsquo;horizon 2025, la marque fran\u00e7aise ambitionne de labelliser 50 % de sa collection \u00ab In Progress \u00bb.<\/p>\n<h3><strong>Des mati\u00e8res naturelles respectueuses de l&rsquo;environnement<\/strong><\/h3>\n<p>Par ces petits gestes simples, Jules \u00e9conomise sur les ressources pour produire les mati\u00e8res essentielles \u00e0 la confection de v\u00eatements. La marque a d\u00e9cid\u00e9 encore de privil\u00e9gier les mati\u00e8res naturelles respectueuses de l&rsquo;environnement comme le lin. Cette plante ne demande que tr\u00e8s peu d&rsquo;eau pour sa culture. Elle n&rsquo;a besoin \u00e9galement que d&rsquo;une faible quantit\u00e9 d&rsquo;engrais chimiques.<\/p>\n<p>Quant au coton, il est cultiv\u00e9 selon des proc\u00e9dures strictement encadr\u00e9es, d\u00e9finies par l&rsquo;agriculture biologique. Ainsi, les consommateurs ont l&rsquo;assurance d&rsquo;avoir dans leurs jeans du coton cultiv\u00e9 sans pesticides ni substances chimiques.<\/p>\n<p><strong>Des jeans en bouteilles de plastique recycl\u00e9es<\/strong><\/p>\n<p>Certaines pi\u00e8ces sont fabriqu\u00e9es \u00e0 partir de bouteilles en plastique. C&rsquo;est ainsi l&rsquo;assurance d&rsquo;\u00e9conomiser des ressources aussi pr\u00e9cieuses que l&rsquo;eau et l&rsquo;\u00e9nergie. En effet, l&rsquo;industrie classique du jean n\u00e9cessite \u00e9norm\u00e9ment d&rsquo;eau et l&#8217;emploi de nombreux produits chimiques. L&#8217;emploi de bouteilles en plastique recycl\u00e9es permet de r\u00e9duire l&rsquo;impact sur l&rsquo;environnement de l&rsquo;industrie.<\/p>\n<p>Les risques dermatologiques sont limit\u00e9s ainsi pour les <strong><a href=\"https:\/\/www.reead.com\/fr\/comment-choisir-jean-91702014\/\" target=\"_blank\" rel=\"noopener\">hommes portant ces jeans<\/a><\/strong>. Le mat\u00e9riau obtenu ne pose aucun probl\u00e8me pour la respiration du jean et l&rsquo;\u00e9vacuation de la transpiration.<\/p>\n<p>Les d\u00e9marches et exigences li\u00e9es au label d\u00e9velopp\u00e9 par Jules permettent de r\u00e9duire l&rsquo;impact \u00e9cologique de la marque sur l&rsquo;environnement. La marque vestimentaire contribue ainsi \u00e0 limiter les effets de ses activit\u00e9s sur le r\u00e9chauffement climatique.<\/p>\n<h3><strong>Tout est not\u00e9 sur l&rsquo;\u00e9tiquette !<\/strong><\/h3>\n<p>Les \u00e9tiquettes pr\u00e9sentes sur l&rsquo;ensemble des produits permettent aux consommateurs de d\u00e9couvrir la composition des v\u00eatements ainsi que leur mode de fabrication \u00e9coresponsable. Ces \u00e9tiquettes sont vertes. Le site Internet de la marque les pr\u00e9sente avec un bandeau vert. Le consommateur est ainsi \u00e9clair\u00e9 lors de ses achats. Un mode de consommation plus respectueux de l&rsquo;environnement d\u00e9barque dans une enseigne fran\u00e7aise de v\u00eatements. C&rsquo;est le d\u00e9but d&rsquo;une r\u00e9volution vestimentaire.<\/p>\n\n\n<div class=\"kk-star-ratings kksr-auto kksr-align-left kksr-valign-bottom\"\n    data-payload='{&quot;align&quot;:&quot;left&quot;,&quot;id&quot;:&quot;460535&quot;,&quot;slug&quot;:&quot;default&quot;,&quot;valign&quot;:&quot;bottom&quot;,&quot;ignore&quot;:&quot;&quot;,&quot;reference&quot;:&quot;auto&quot;,&quot;class&quot;:&quot;&quot;,&quot;count&quot;:&quot;1&quot;,&quot;legendonly&quot;:&quot;&quot;,&quot;readonly&quot;:&quot;&quot;,&quot;score&quot;:&quot;5&quot;,&quot;starsonly&quot;:&quot;&quot;,&quot;best&quot;:&quot;5&quot;,&quot;gap&quot;:&quot;4&quot;,&quot;greet&quot;:&quot;Votez pour ce post&quot;,&quot;legend&quot;:&quot;5\\\/5 - (1 vote)&quot;,&quot;size&quot;:&quot;24&quot;,&quot;title&quot;:&quot;Jeans eco-responsables \\u0026quot;denim in progress\\u0026quot; : tout ce que vous devez savoir !&quot;,&quot;width&quot;:&quot;138&quot;,&quot;_legend&quot;:&quot;{score}\\\/{best} - ({count} {votes})&quot;,&quot;font_factor&quot;:&quot;1.25&quot;}'>\n            \n<div class=\"kksr-stars\">\n    \n<div class=\"kksr-stars-inactive\">\n            <div class=\"kksr-star\" data-star=\"1\" style=\"padding-right: 4px\">\n            \n\n<div class=\"kksr-icon\" style=\"width: 24px; height: 24px;\"><\/div>\n        <\/div>\n            <div class=\"kksr-star\" data-star=\"2\" style=\"padding-right: 4px\">\n            \n\n<div class=\"kksr-icon\" style=\"width: 24px; height: 24px;\"><\/div>\n        <\/div>\n            <div class=\"kksr-star\" data-star=\"3\" style=\"padding-right: 4px\">\n            \n\n<div class=\"kksr-icon\" style=\"width: 24px; height: 24px;\"><\/div>\n        <\/div>\n            <div class=\"kksr-star\" data-star=\"4\" style=\"padding-right: 4px\">\n            \n\n<div class=\"kksr-icon\" style=\"width: 24px; height: 24px;\"><\/div>\n        <\/div>\n            <div class=\"kksr-star\" data-star=\"5\" style=\"padding-right: 4px\">\n            \n\n<div class=\"kksr-icon\" style=\"width: 24px; height: 24px;\"><\/div>\n        <\/div>\n    <\/div>\n    \n<div class=\"kksr-stars-active\" style=\"width: 138px;\">\n            <div class=\"kksr-star\" style=\"padding-right: 4px\">\n            \n\n<div class=\"kksr-icon\" style=\"width: 24px; height: 24px;\"><\/div>\n        <\/div>\n            <div class=\"kksr-star\" style=\"padding-right: 4px\">\n            \n\n<div class=\"kksr-icon\" style=\"width: 24px; height: 24px;\"><\/div>\n        <\/div>\n            <div class=\"kksr-star\" style=\"padding-right: 4px\">\n            \n\n<div class=\"kksr-icon\" style=\"width: 24px; height: 24px;\"><\/div>\n        <\/div>\n            <div class=\"kksr-star\" style=\"padding-right: 4px\">\n            \n\n<div class=\"kksr-icon\" style=\"width: 24px; height: 24px;\"><\/div>\n        <\/div>\n            <div class=\"kksr-star\" style=\"padding-right: 4px\">\n            \n\n<div class=\"kksr-icon\" style=\"width: 24px; height: 24px;\"><\/div>\n        <\/div>\n    <\/div>\n<\/div>\n                \n\n<div class=\"kksr-legend\" style=\"font-size: 19.2px;\">\n            5\/5 - (1 vote)    <\/div>\n    <\/div>","protected":false},"excerpt":{"rendered":"<p>Le jean \u00e9coresponsable fran\u00e7ais, Denim in Progress : Tout ce que vous devez savoir !<\/p>","protected":false},"author":6,"featured_media":460538,"comment_status":"open","ping_status":"open","sticky":false,"template":"","format":"standard","meta":{"footnotes":""},"categories":[552,578],"tags":[913],"class_list":["post-460535","post","type-post","status-publish","format-standard","has-post-thumbnail","hentry","category-mode-homme","category-jeans-shorts-hommes","tag-jean-homme"],"yoast_head":"<!-- This site is optimized with the Yoast SEO Premium plugin v27.4 (Yoast SEO v27.4) - https:\/\/yoast.com\/product\/yoast-seo-premium-wordpress\/ -->\n<title>Jeans eco-responsables &quot;denim in progress&quot; : On vous dit tout !<\/title>\n<meta name=\"description\" content=\"Le jean \u00e9coresponsable fran\u00e7ais, Denim in Progress : Tout ce que vous devez savoir !\" \/>\n<meta name=\"robots\" content=\"index, follow, max-snippet:-1, max-image-preview:large, max-video-preview:-1\" \/>\n<link rel=\"canonical\" href=\"https:\/\/www.reead.com\/fr\/jeans-eco-responsables-4605352022\/\" \/>\n<meta property=\"og:locale\" content=\"fr_FR\" \/>\n<meta property=\"og:type\" content=\"article\" \/>\n<meta property=\"og:title\" content=\"Jeans eco-responsables &quot;denim in progress&quot; : tout ce que vous devez savoir !\" \/>\n<meta property=\"og:description\" content=\"Le jean \u00e9coresponsable fran\u00e7ais, Denim in Progress : Tout ce que vous devez savoir !\" \/>\n<meta property=\"og:url\" content=\"https:\/\/www.reead.com\/fr\/jeans-eco-responsables-4605352022\/\" \/>\n<meta property=\"og:site_name\" content=\"Conseils Voyage, Mode Homme et Lifestyle\" \/>\n<meta property=\"article:publisher\" content=\"https:\/\/www.facebook.com\/welovereead\" \/>\n<meta property=\"article:published_time\" content=\"2022-09-23T12:43:33+00:00\" \/>\n<meta property=\"article:modified_time\" content=\"2022-10-04T13:50:51+00:00\" \/>\n<meta property=\"og:image\" content=\"https:\/\/www.reead.com\/fr\/wp-content\/uploads\/2022\/09\/Jeans-eco-responsables.jpg\" \/>\n\t<meta property=\"og:image:width\" content=\"1600\" \/>\n\t<meta property=\"og:image:height\" content=\"1065\" \/>\n\t<meta property=\"og:image:type\" content=\"image\/jpeg\" \/>\n<meta name=\"author\" content=\"La R\u00e9dac Reead.com\" \/>\n<meta name=\"twitter:card\" content=\"summary_large_image\" \/>\n<meta name=\"twitter:creator\" content=\"@reead\" \/>\n<meta name=\"twitter:site\" content=\"@blogdereead\" \/>\n<script type=\"application\/ld+json\" class=\"yoast-schema-graph\">{\"@context\":\"https:\\\/\\\/schema.org\",\"@graph\":[{\"@type\":\"Article\",\"@id\":\"https:\\\/\\\/www.reead.com\\\/fr\\\/jeans-eco-responsables-4605352022\\\/#article\",\"isPartOf\":{\"@id\":\"https:\\\/\\\/www.reead.com\\\/fr\\\/jeans-eco-responsables-4605352022\\\/\"},\"author\":{\"name\":\"La R\u00e9dac Reead.com\",\"@id\":\"https:\\\/\\\/www.reead.com\\\/fr\\\/#\\\/schema\\\/person\\\/43bf0419400390bc01899c5d52c6d02f\"},\"headline\":\"Jeans eco-responsables \u00ab\u00a0denim in progress\u00a0\u00bb : tout ce que vous devez savoir !\",\"datePublished\":\"2022-09-23T12:43:33+00:00\",\"dateModified\":\"2022-10-04T13:50:51+00:00\",\"mainEntityOfPage\":{\"@id\":\"https:\\\/\\\/www.reead.com\\\/fr\\\/jeans-eco-responsables-4605352022\\\/\"},\"wordCount\":760,\"commentCount\":0,\"publisher\":{\"@id\":\"https:\\\/\\\/www.reead.com\\\/fr\\\/#\\\/schema\\\/person\\\/551a8a4b469ab53c0b48bcd3846fb3c6\"},\"image\":{\"@id\":\"https:\\\/\\\/www.reead.com\\\/fr\\\/jeans-eco-responsables-4605352022\\\/#primaryimage\"},\"thumbnailUrl\":\"https:\\\/\\\/www.reead.com\\\/fr\\\/wp-content\\\/uploads\\\/2022\\\/09\\\/Jeans-eco-responsables.jpg\",\"keywords\":[\"Jean pour homme\"],\"articleSection\":[\"Conseils Mode homme\",\"Les bas : Pantalons, jeans et shorts\"],\"inLanguage\":\"fr-FR\",\"potentialAction\":[{\"@type\":\"CommentAction\",\"name\":\"Comment\",\"target\":[\"https:\\\/\\\/www.reead.com\\\/fr\\\/jeans-eco-responsables-4605352022\\\/#respond\"]}]},{\"@type\":\"WebPage\",\"@id\":\"https:\\\/\\\/www.reead.com\\\/fr\\\/jeans-eco-responsables-4605352022\\\/\",\"url\":\"https:\\\/\\\/www.reead.com\\\/fr\\\/jeans-eco-responsables-4605352022\\\/\",\"name\":\"Jeans eco-responsables \\\"denim in progress\\\" : On vous dit tout !\",\"isPartOf\":{\"@id\":\"https:\\\/\\\/www.reead.com\\\/fr\\\/#website\"},\"primaryImageOfPage\":{\"@id\":\"https:\\\/\\\/www.reead.com\\\/fr\\\/jeans-eco-responsables-4605352022\\\/#primaryimage\"},\"image\":{\"@id\":\"https:\\\/\\\/www.reead.com\\\/fr\\\/jeans-eco-responsables-4605352022\\\/#primaryimage\"},\"thumbnailUrl\":\"https:\\\/\\\/www.reead.com\\\/fr\\\/wp-content\\\/uploads\\\/2022\\\/09\\\/Jeans-eco-responsables.jpg\",\"datePublished\":\"2022-09-23T12:43:33+00:00\",\"dateModified\":\"2022-10-04T13:50:51+00:00\",\"description\":\"Le jean \u00e9coresponsable fran\u00e7ais, Denim in Progress : Tout ce que vous devez savoir !\",\"breadcrumb\":{\"@id\":\"https:\\\/\\\/www.reead.com\\\/fr\\\/jeans-eco-responsables-4605352022\\\/#breadcrumb\"},\"inLanguage\":\"fr-FR\",\"potentialAction\":[{\"@type\":\"ReadAction\",\"target\":[\"https:\\\/\\\/www.reead.com\\\/fr\\\/jeans-eco-responsables-4605352022\\\/\"]}]},{\"@type\":\"ImageObject\",\"inLanguage\":\"fr-FR\",\"@id\":\"https:\\\/\\\/www.reead.com\\\/fr\\\/jeans-eco-responsables-4605352022\\\/#primaryimage\",\"url\":\"https:\\\/\\\/www.reead.com\\\/fr\\\/wp-content\\\/uploads\\\/2022\\\/09\\\/Jeans-eco-responsables.jpg\",\"contentUrl\":\"https:\\\/\\\/www.reead.com\\\/fr\\\/wp-content\\\/uploads\\\/2022\\\/09\\\/Jeans-eco-responsables.jpg\",\"width\":1600,\"height\":1065,\"caption\":\"\u00a9 Can Stock Photo \\\/ Mark2121\"},{\"@type\":\"BreadcrumbList\",\"@id\":\"https:\\\/\\\/www.reead.com\\\/fr\\\/jeans-eco-responsables-4605352022\\\/#breadcrumb\",\"itemListElement\":[{\"@type\":\"ListItem\",\"position\":1,\"name\":\"Accueil\",\"item\":\"https:\\\/\\\/www.reead.com\\\/fr\\\/\"},{\"@type\":\"ListItem\",\"position\":2,\"name\":\"Conseils Mode homme\",\"item\":\"https:\\\/\\\/www.reead.com\\\/fr\\\/mode-homme\\\/\"},{\"@type\":\"ListItem\",\"position\":3,\"name\":\"Les bas : Pantalons, jeans et shorts\",\"item\":\"https:\\\/\\\/www.reead.com\\\/fr\\\/mode-homme\\\/jeans-shorts-hommes\\\/\"},{\"@type\":\"ListItem\",\"position\":4,\"name\":\"Jeans eco-responsables &#8220;denim in progress&#8221; : tout ce que vous devez savoir !\"}]},{\"@type\":\"WebSite\",\"@id\":\"https:\\\/\\\/www.reead.com\\\/fr\\\/#website\",\"url\":\"https:\\\/\\\/www.reead.com\\\/fr\\\/\",\"name\":\"Reead.com\",\"description\":\"Conseils Voyage, Mode Homme et Lifestyle\",\"publisher\":{\"@id\":\"https:\\\/\\\/www.reead.com\\\/fr\\\/#\\\/schema\\\/person\\\/551a8a4b469ab53c0b48bcd3846fb3c6\"},\"potentialAction\":[{\"@type\":\"SearchAction\",\"target\":{\"@type\":\"EntryPoint\",\"urlTemplate\":\"https:\\\/\\\/www.reead.com\\\/fr\\\/?s={search_term_string}\"},\"query-input\":{\"@type\":\"PropertyValueSpecification\",\"valueRequired\":true,\"valueName\":\"search_term_string\"}}],\"inLanguage\":\"fr-FR\"},{\"@type\":[\"Person\",\"Organization\"],\"@id\":\"https:\\\/\\\/www.reead.com\\\/fr\\\/#\\\/schema\\\/person\\\/551a8a4b469ab53c0b48bcd3846fb3c6\",\"name\":\"Reead\",\"image\":{\"@type\":\"ImageObject\",\"inLanguage\":\"fr-FR\",\"@id\":\"https:\\\/\\\/www.reead.com\\\/fr\\\/wp-content\\\/uploads\\\/2018\\\/12\\\/reead.jpg\",\"url\":\"https:\\\/\\\/www.reead.com\\\/fr\\\/wp-content\\\/uploads\\\/2018\\\/12\\\/reead.jpg\",\"contentUrl\":\"https:\\\/\\\/www.reead.com\\\/fr\\\/wp-content\\\/uploads\\\/2018\\\/12\\\/reead.jpg\",\"width\":900,\"height\":610,\"caption\":\"Reead\"},\"logo\":{\"@id\":\"https:\\\/\\\/www.reead.com\\\/fr\\\/wp-content\\\/uploads\\\/2018\\\/12\\\/reead.jpg\"},\"description\":\"Reead est un blogueur voyage fran\u00e7ais bas\u00e9 \u00e0 Las Vegas et le fondateur de Reead.com, un blog lanc\u00e9 en 2009 consacr\u00e9 aux voyages, aux miles et aux programmes de fid\u00e9lit\u00e9. Sp\u00e9cialis\u00e9 dans les cartes de cr\u00e9dit voyage, les miles et points, ainsi que les programmes comme Flying Blue, American Express Membership Rewards ou les alliances a\u00e9riennes, il partage des strat\u00e9gies concr\u00e8tes pour r\u00e9duire le co\u00fbt des voyages et optimiser les r\u00e9compenses des cartes de cr\u00e9dit. Install\u00e9 aux \u00c9tats-Unis, Reead publie \u00e9galement des guides pour visiter les USA, des analyses de programmes de fid\u00e9lit\u00e9 et des retours d\u2019exp\u00e9rience sur les compagnies a\u00e9riennes, h\u00f4tels et cartes premium. Depuis plus de 15 ans, ses articles aident les voyageurs \u00e0 comprendre les miles, accumuler des points plus rapidement et voyager dans de meilleures conditions pour moins cher. Survivant du cancer, il partage aussi une vision simple : profiter de la vie et explorer le monde intelligemment.\",\"sameAs\":[\"https:\\\/\\\/www.reead.com\\\/fr\\\/\",\"https:\\\/\\\/www.facebook.com\\\/welovereead\",\"https:\\\/\\\/www.instagram.com\\\/reead\\\/?hl=fr\",\"https:\\\/\\\/www.pinterest.com\\\/reead\\\/\",\"https:\\\/\\\/x.com\\\/blogdereead\",\"https:\\\/\\\/www.youtube.com\\\/reead\"],\"gender\":\"homme\",\"knowsAbout\":[\"Voyage\",\"miles et points\"],\"knowsLanguage\":[\"Anglais\",\"Fran\u00e7ais\"],\"publishingPrinciples\":\"https:\\\/\\\/www.reead.com\\\/fr\\\/politique-de-publication\\\/\"},{\"@type\":\"Person\",\"@id\":\"https:\\\/\\\/www.reead.com\\\/fr\\\/#\\\/schema\\\/person\\\/43bf0419400390bc01899c5d52c6d02f\",\"name\":\"La R\u00e9dac Reead.com\",\"image\":{\"@type\":\"ImageObject\",\"inLanguage\":\"fr-FR\",\"@id\":\"https:\\\/\\\/secure.gravatar.com\\\/avatar\\\/52abbce686654ea811e2d66f2a9d0e94d0915d1381bf3a4acf7adbd1d73b4547?s=96&d=mm&r=g\",\"url\":\"https:\\\/\\\/secure.gravatar.com\\\/avatar\\\/52abbce686654ea811e2d66f2a9d0e94d0915d1381bf3a4acf7adbd1d73b4547?s=96&d=mm&r=g\",\"contentUrl\":\"https:\\\/\\\/secure.gravatar.com\\\/avatar\\\/52abbce686654ea811e2d66f2a9d0e94d0915d1381bf3a4acf7adbd1d73b4547?s=96&d=mm&r=g\",\"caption\":\"La R\u00e9dac Reead.com\"},\"description\":\"Article r\u00e9dig\u00e9 par un membre de la r\u00e9daction Reead.com\"}]}<\/script>\n<!-- \/ Yoast SEO Premium plugin. -->","yoast_head_json":{"title":"Jeans eco-responsables \"denim in progress\" : On vous dit tout !","description":"Le jean \u00e9coresponsable fran\u00e7ais, Denim in Progress : Tout ce que vous devez savoir !","robots":{"index":"index","follow":"follow","max-snippet":"max-snippet:-1","max-image-preview":"max-image-preview:large","max-video-preview":"max-video-preview:-1"},"canonical":"https:\/\/www.reead.com\/fr\/jeans-eco-responsables-4605352022\/","og_locale":"fr_FR","og_type":"article","og_title":"Jeans eco-responsables \"denim in progress\" : tout ce que vous devez savoir !","og_description":"Le jean \u00e9coresponsable fran\u00e7ais, Denim in Progress : Tout ce que vous devez savoir !","og_url":"https:\/\/www.reead.com\/fr\/jeans-eco-responsables-4605352022\/","og_site_name":"Conseils Voyage, Mode Homme et Lifestyle","article_publisher":"https:\/\/www.facebook.com\/welovereead","article_published_time":"2022-09-23T12:43:33+00:00","article_modified_time":"2022-10-04T13:50:51+00:00","og_image":[{"width":1600,"height":1065,"url":"https:\/\/www.reead.com\/fr\/wp-content\/uploads\/2022\/09\/Jeans-eco-responsables.jpg","type":"image\/jpeg"}],"author":"La R\u00e9dac Reead.com","twitter_card":"summary_large_image","twitter_creator":"@reead","twitter_site":"@blogdereead","schema":{"@context":"https:\/\/schema.org","@graph":[{"@type":"Article","@id":"https:\/\/www.reead.com\/fr\/jeans-eco-responsables-4605352022\/#article","isPartOf":{"@id":"https:\/\/www.reead.com\/fr\/jeans-eco-responsables-4605352022\/"},"author":{"name":"La R\u00e9dac Reead.com","@id":"https:\/\/www.reead.com\/fr\/#\/schema\/person\/43bf0419400390bc01899c5d52c6d02f"},"headline":"Jeans eco-responsables \u00ab\u00a0denim in progress\u00a0\u00bb : tout ce que vous devez savoir !","datePublished":"2022-09-23T12:43:33+00:00","dateModified":"2022-10-04T13:50:51+00:00","mainEntityOfPage":{"@id":"https:\/\/www.reead.com\/fr\/jeans-eco-responsables-4605352022\/"},"wordCount":760,"commentCount":0,"publisher":{"@id":"https:\/\/www.reead.com\/fr\/#\/schema\/person\/551a8a4b469ab53c0b48bcd3846fb3c6"},"image":{"@id":"https:\/\/www.reead.com\/fr\/jeans-eco-responsables-4605352022\/#primaryimage"},"thumbnailUrl":"https:\/\/www.reead.com\/fr\/wp-content\/uploads\/2022\/09\/Jeans-eco-responsables.jpg","keywords":["Jean pour homme"],"articleSection":["Conseils Mode homme","Les bas : Pantalons, jeans et shorts"],"inLanguage":"fr-FR","potentialAction":[{"@type":"CommentAction","name":"Comment","target":["https:\/\/www.reead.com\/fr\/jeans-eco-responsables-4605352022\/#respond"]}]},{"@type":"WebPage","@id":"https:\/\/www.reead.com\/fr\/jeans-eco-responsables-4605352022\/","url":"https:\/\/www.reead.com\/fr\/jeans-eco-responsables-4605352022\/","name":"Jeans eco-responsables \"denim in progress\" : On vous dit tout !","isPartOf":{"@id":"https:\/\/www.reead.com\/fr\/#website"},"primaryImageOfPage":{"@id":"https:\/\/www.reead.com\/fr\/jeans-eco-responsables-4605352022\/#primaryimage"},"image":{"@id":"https:\/\/www.reead.com\/fr\/jeans-eco-responsables-4605352022\/#primaryimage"},"thumbnailUrl":"https:\/\/www.reead.com\/fr\/wp-content\/uploads\/2022\/09\/Jeans-eco-responsables.jpg","datePublished":"2022-09-23T12:43:33+00:00","dateModified":"2022-10-04T13:50:51+00:00","description":"Le jean \u00e9coresponsable fran\u00e7ais, Denim in Progress : Tout ce que vous devez savoir !","breadcrumb":{"@id":"https:\/\/www.reead.com\/fr\/jeans-eco-responsables-4605352022\/#breadcrumb"},"inLanguage":"fr-FR","potentialAction":[{"@type":"ReadAction","target":["https:\/\/www.reead.com\/fr\/jeans-eco-responsables-4605352022\/"]}]},{"@type":"ImageObject","inLanguage":"fr-FR","@id":"https:\/\/www.reead.com\/fr\/jeans-eco-responsables-4605352022\/#primaryimage","url":"https:\/\/www.reead.com\/fr\/wp-content\/uploads\/2022\/09\/Jeans-eco-responsables.jpg","contentUrl":"https:\/\/www.reead.com\/fr\/wp-content\/uploads\/2022\/09\/Jeans-eco-responsables.jpg","width":1600,"height":1065,"caption":"\u00a9 Can Stock Photo \/ Mark2121"},{"@type":"BreadcrumbList","@id":"https:\/\/www.reead.com\/fr\/jeans-eco-responsables-4605352022\/#breadcrumb","itemListElement":[{"@type":"ListItem","position":1,"name":"Accueil","item":"https:\/\/www.reead.com\/fr\/"},{"@type":"ListItem","position":2,"name":"Conseils Mode homme","item":"https:\/\/www.reead.com\/fr\/mode-homme\/"},{"@type":"ListItem","position":3,"name":"Les bas : Pantalons, jeans et shorts","item":"https:\/\/www.reead.com\/fr\/mode-homme\/jeans-shorts-hommes\/"},{"@type":"ListItem","position":4,"name":"Jeans eco-responsables &#8220;denim in progress&#8221; : tout ce que vous devez savoir !"}]},{"@type":"WebSite","@id":"https:\/\/www.reead.com\/fr\/#website","url":"https:\/\/www.reead.com\/fr\/","name":"Reead.com","description":"Conseils Voyage, Mode Homme et Lifestyle","publisher":{"@id":"https:\/\/www.reead.com\/fr\/#\/schema\/person\/551a8a4b469ab53c0b48bcd3846fb3c6"},"potentialAction":[{"@type":"SearchAction","target":{"@type":"EntryPoint","urlTemplate":"https:\/\/www.reead.com\/fr\/?s={search_term_string}"},"query-input":{"@type":"PropertyValueSpecification","valueRequired":true,"valueName":"search_term_string"}}],"inLanguage":"fr-FR"},{"@type":["Person","Organization"],"@id":"https:\/\/www.reead.com\/fr\/#\/schema\/person\/551a8a4b469ab53c0b48bcd3846fb3c6","name":"Reead","image":{"@type":"ImageObject","inLanguage":"fr-FR","@id":"https:\/\/www.reead.com\/fr\/wp-content\/uploads\/2018\/12\/reead.jpg","url":"https:\/\/www.reead.com\/fr\/wp-content\/uploads\/2018\/12\/reead.jpg","contentUrl":"https:\/\/www.reead.com\/fr\/wp-content\/uploads\/2018\/12\/reead.jpg","width":900,"height":610,"caption":"Reead"},"logo":{"@id":"https:\/\/www.reead.com\/fr\/wp-content\/uploads\/2018\/12\/reead.jpg"},"description":"Reead est un blogueur voyage fran\u00e7ais bas\u00e9 \u00e0 Las Vegas et le fondateur de Reead.com, un blog lanc\u00e9 en 2009 consacr\u00e9 aux voyages, aux miles et aux programmes de fid\u00e9lit\u00e9. Sp\u00e9cialis\u00e9 dans les cartes de cr\u00e9dit voyage, les miles et points, ainsi que les programmes comme Flying Blue, American Express Membership Rewards ou les alliances a\u00e9riennes, il partage des strat\u00e9gies concr\u00e8tes pour r\u00e9duire le co\u00fbt des voyages et optimiser les r\u00e9compenses des cartes de cr\u00e9dit. Install\u00e9 aux \u00c9tats-Unis, Reead publie \u00e9galement des guides pour visiter les USA, des analyses de programmes de fid\u00e9lit\u00e9 et des retours d\u2019exp\u00e9rience sur les compagnies a\u00e9riennes, h\u00f4tels et cartes premium. Depuis plus de 15 ans, ses articles aident les voyageurs \u00e0 comprendre les miles, accumuler des points plus rapidement et voyager dans de meilleures conditions pour moins cher. Survivant du cancer, il partage aussi une vision simple : profiter de la vie et explorer le monde intelligemment.","sameAs":["https:\/\/www.reead.com\/fr\/","https:\/\/www.facebook.com\/welovereead","https:\/\/www.instagram.com\/reead\/?hl=fr","https:\/\/www.pinterest.com\/reead\/","https:\/\/x.com\/blogdereead","https:\/\/www.youtube.com\/reead"],"gender":"homme","knowsAbout":["Voyage","miles et points"],"knowsLanguage":["Anglais","Fran\u00e7ais"],"publishingPrinciples":"https:\/\/www.reead.com\/fr\/politique-de-publication\/"},{"@type":"Person","@id":"https:\/\/www.reead.com\/fr\/#\/schema\/person\/43bf0419400390bc01899c5d52c6d02f","name":"La R\u00e9dac Reead.com","image":{"@type":"ImageObject","inLanguage":"fr-FR","@id":"https:\/\/secure.gravatar.com\/avatar\/52abbce686654ea811e2d66f2a9d0e94d0915d1381bf3a4acf7adbd1d73b4547?s=96&d=mm&r=g","url":"https:\/\/secure.gravatar.com\/avatar\/52abbce686654ea811e2d66f2a9d0e94d0915d1381bf3a4acf7adbd1d73b4547?s=96&d=mm&r=g","contentUrl":"https:\/\/secure.gravatar.com\/avatar\/52abbce686654ea811e2d66f2a9d0e94d0915d1381bf3a4acf7adbd1d73b4547?s=96&d=mm&r=g","caption":"La R\u00e9dac Reead.com"},"description":"Article r\u00e9dig\u00e9 par un membre de la r\u00e9daction Reead.com"}]}},"_links":{"self":[{"href":"https:\/\/www.reead.com\/fr\/wp-json\/wp\/v2\/posts\/460535","targetHints":{"allow":["GET"]}}],"collection":[{"href":"https:\/\/www.reead.com\/fr\/wp-json\/wp\/v2\/posts"}],"about":[{"href":"https:\/\/www.reead.com\/fr\/wp-json\/wp\/v2\/types\/post"}],"author":[{"embeddable":true,"href":"https:\/\/www.reead.com\/fr\/wp-json\/wp\/v2\/users\/6"}],"replies":[{"embeddable":true,"href":"https:\/\/www.reead.com\/fr\/wp-json\/wp\/v2\/comments?post=460535"}],"version-history":[{"count":0,"href":"https:\/\/www.reead.com\/fr\/wp-json\/wp\/v2\/posts\/460535\/revisions"}],"wp:featuredmedia":[{"embeddable":true,"href":"https:\/\/www.reead.com\/fr\/wp-json\/wp\/v2\/media\/460538"}],"wp:attachment":[{"href":"https:\/\/www.reead.com\/fr\/wp-json\/wp\/v2\/media?parent=460535"}],"wp:term":[{"taxonomy":"category","embeddable":true,"href":"https:\/\/www.reead.com\/fr\/wp-json\/wp\/v2\/categories?post=460535"},{"taxonomy":"post_tag","embeddable":true,"href":"https:\/\/www.reead.com\/fr\/wp-json\/wp\/v2\/tags?post=460535"}],"curies":[{"name":"wp","href":"https:\/\/api.w.org\/{rel}","templated":true}]}}