{"id":456600,"date":"2021-12-06T22:49:31","date_gmt":"2021-12-06T20:49:31","guid":{"rendered":"https:\/\/www.reead.com\/fr\/?p=456600"},"modified":"2024-06-14T20:44:45","modified_gmt":"2024-06-14T18:44:45","slug":"vignettes-critair-zones-faibles-emissions","status":"publish","type":"post","link":"https:\/\/www.reead.com\/fr\/vignettes-critair-zones-faibles-emissions-4566002021\/","title":{"rendered":"Vignettes Crit&rsquo;Air : les zones \u00e0 faibles \u00e9missions s&rsquo;\u00e9tendent"},"content":{"rendered":"<p>Cet autocollant rond correspond \u00e0 une classe de v\u00e9hicule d\u00e9finie en fonction des \u00e9missions polluantes. Aujourd&rsquo;hui, de plus en plus de collectivit\u00e9s fran\u00e7aises se trouvent dans l&rsquo;obligation de d\u00e9terminer des Zones \u00e0 Faibles \u00c9missions dites ZFE dans le cadre de l&rsquo;am\u00e9lioration de la qualit\u00e9 de l&rsquo;air.<\/p>\n<div id=\"attachment_456619\" style=\"width: 1310px\" class=\"wp-caption alignnone\"><img loading=\"lazy\" decoding=\"async\" aria-describedby=\"caption-attachment-456619\" class=\"size-full wp-image-456619\" src=\"https:\/\/www.reead.com\/fr\/wp-content\/uploads\/2021\/12\/Vignettes-Crit-Air.jpg\" alt=\"Vignettes Crit'Air\" width=\"1300\" height=\"867\" srcset=\"https:\/\/www.reead.com\/fr\/wp-content\/uploads\/2021\/12\/Vignettes-Crit-Air.jpg 1300w,  https:\/\/www.reead.com\/fr\/wp-content\/uploads\/2021\/12\/Vignettes-Crit-Air-610x407.jpg 610w,  https:\/\/www.reead.com\/fr\/wp-content\/uploads\/2021\/12\/Vignettes-Crit-Air-960x640.jpg 960w,  https:\/\/www.reead.com\/fr\/wp-content\/uploads\/2021\/12\/Vignettes-Crit-Air-768x512.jpg 768w,  https:\/\/www.reead.com\/fr\/wp-content\/uploads\/2021\/12\/Vignettes-Crit-Air-272x182.jpg 272w\" sizes=\"auto, (max-width: 1300px) 100vw, 1300px\" \/><p id=\"caption-attachment-456619\" class=\"wp-caption-text\">\u00a9 Can Stock Photo \/ studiostoks<\/p><\/div>\n<h2>Rappel sur la r\u00e9glementation concernant les zones \u00e0 faibles \u00e9missions<\/h2>\n<p>La zone \u00e0 faible \u00e9mission ou ZFE r\u00e9sulte de l&rsquo;annulation des zones d&rsquo;actions prioritaires par l&rsquo;air (ZAPA) par la loi n\u00b0 2015-992 portant sur la transition \u00e9nerg\u00e9tique (article 48). <strong>Elle remplace la zone \u00e0 circulation restreinte<\/strong> (ZCR). Il s&rsquo;agit d&rsquo;espaces mis en \u0153uvre par des collectivit\u00e9s sur une partie ou la totalit\u00e9 de leur territoire. Selon l&rsquo;ADEME, la mise en place des ZFE r\u00e9duirait jusqu&rsquo;\u00e0 12 % les concentrations de dioxyde d&rsquo;azote de particules PM10, et jusqu&rsquo;\u00e0 15 % les particules PM2.5.<\/p>\n<p>Ces espaces permettent \u00e9galement de favoriser le d\u00e9veloppement des \u00e9nergies renouvelables r\u00e9duisant ainsi consid\u00e9rablement les nuisances sonores, les \u00e9missions de particules fines et de gaz \u00e0 effet de serre. Par application de l&rsquo;article R.318-2, les v\u00e9hicules circulant dans une zone \u00e0 faibles \u00e9missions doivent \u00eatre identifi\u00e9s en fonction de leurs \u00e9missions polluantes gr\u00e2ce \u00e0 leur certificat qualit\u00e9 de l&rsquo;air qui permet de d\u00e9terminer <strong>leur classe environnementale<\/strong>.<\/p>\n<h2>Les 6 classes de la vignette Crit&rsquo;Air<\/h2>\n<p>Dans cette perspective \u00e9cologique, l&rsquo;\u00c9tat a ainsi mis en place la <a href=\"https:\/\/www.vignette-pollution.org\/c\/villes-critair\">vignette Crit&rsquo;Air pour r\u00e9duire la pollution<\/a> atmosph\u00e9rique : ce certificat classe les v\u00e9hicules en 6 cat\u00e9gories en fonction de leur type, leur motorisation et la norme europ\u00e9enne d&rsquo;\u00e9missions polluantes (norme Euro) qu&rsquo;ils respectent. Il est \u00e0 noter que les v\u00e9hicules les plus polluants n&rsquo;ont pas droit au certificat qualit\u00e9 de l&rsquo;air et sont donc non class\u00e9s. C&rsquo;est <strong>l&rsquo;arr\u00eat\u00e9 du 21 juin 2016<\/strong> qui d\u00e9finit la classification des v\u00e9hicules par application de l&rsquo;article R. 318-2 du Code de la route.<\/p>\n<p><img loading=\"lazy\" decoding=\"async\" class=\"alignnone size-full wp-image-456621\" src=\"https:\/\/www.reead.com\/fr\/wp-content\/uploads\/2021\/12\/vignettes-emissions-etendent-faibles.jpg\" alt=\"zone \u00e0 faibles \u00e9missions\" width=\"1300\" height=\"867\" srcset=\"https:\/\/www.reead.com\/fr\/wp-content\/uploads\/2021\/12\/vignettes-emissions-etendent-faibles.jpg 1300w,  https:\/\/www.reead.com\/fr\/wp-content\/uploads\/2021\/12\/vignettes-emissions-etendent-faibles-610x407.jpg 610w,  https:\/\/www.reead.com\/fr\/wp-content\/uploads\/2021\/12\/vignettes-emissions-etendent-faibles-960x640.jpg 960w,  https:\/\/www.reead.com\/fr\/wp-content\/uploads\/2021\/12\/vignettes-emissions-etendent-faibles-768x512.jpg 768w,  https:\/\/www.reead.com\/fr\/wp-content\/uploads\/2021\/12\/vignettes-emissions-etendent-faibles-272x182.jpg 272w\" sizes=\"auto, (max-width: 1300px) 100vw, 1300px\" \/><\/p>\n<h3>La pastille verte et blanche : Crit&rsquo;Air<\/h3>\n<p>La pastille verte et blanche est attribu\u00e9e aux v\u00e9hicules ayant z\u00e9ro \u00e9mission polluante. Ce sont principalement les <strong>automobiles 100 % \u00e9lectriques ou hydrog\u00e8nes<\/strong> tels que le Peugeot Ion, la Telsa Model S ou encore le Nissan Leaf.<\/p>\n<h3>La pastille mauve : Crit&rsquo;Air 1<\/h3>\n<p>La vignette Crit&rsquo;Air 1 ou pastille mauve est accord\u00e9e aux <strong>v\u00e9hicules gaz et hybrides rechargeables,<\/strong> ainsi que certaines <strong><a href=\"https:\/\/www.reead.com\/fr\/acheter-voiture-sans-permis-4535722021\/\">voitures sans permis<\/a><\/strong>. Ce certificat qualit\u00e9 de l&rsquo;air est \u00e9galement octroy\u00e9 aux v\u00e9hicules essence et assimil\u00e9s qui respectent les normes Euro 5 et 6.<\/p>\n<h3>La pastille jaune : Crit&rsquo;Air 2<\/h3>\n<p>La pastille jaune d\u00e9signe les v\u00e9hicules essence ou hybrides conformes \u00e0 la norme Euro 4. La vignette Crit&rsquo;Air 2 concerne \u00e9galement les automobiles r\u00e9pondant aux <strong>normes Euro 5 et 6<\/strong>. Parmi cette classe de v\u00e9hicules, on retrouve entre autres la Citro\u00ebn C4 essence 2008, la Renault Clio 4 diesels 2013 et bien d&rsquo;autres.<\/p>\n<h3>La pastille orange : Crit&rsquo;Air 3<\/h3>\n<p>Les v\u00e9hicules concern\u00e9s par la pastille orange sont ceux \u00e0 essence et hybrides r\u00e9pondant aux normes Euro 2 et Euro 3. Les voitures diesel conformes \u00e0 la norme Euro 4 font aussi partie de cette classe. C&rsquo;est par exemple le cas de la Peugeot 207 1,6 litre diesel 2008 et de la Renault Twingo 1 1,2 litre 1998.<\/p>\n<h3>La pastille marron : Crit&rsquo;Air 4<\/h3>\n<p>Les v\u00e9hicules disposant de la pastille marron ou vignette Crit&rsquo;Air 4 sont<strong> les diesels qui r\u00e9pondent \u00e0 la norme Euro 3<\/strong>. La Peugeot 307 diesels 2002 et l&rsquo;Opel Astra diesel 2004 font par exemple partie de cette classe de v\u00e9hicules.<\/p>\n<h3>La pastille grise : Crit&rsquo;Air 5<\/h3>\n<p>La pastille grise est la classe des v\u00e9hicules diesel qui respectent la norme Euro 2. Dans cette cat\u00e9gorie, il y a par exemple la Peugeot 806 diesel 1997 et la Citro\u00ebn Saxo diesel 1999.<\/p>\n<h2>Les zones \u00e0 faibles \u00e9missions en France en 2021<\/h2>\n<p>En 2020, de nombreuses villes ont suivi l&rsquo;exemple des grandes m\u00e9tropoles dans la mise en place de zones \u00e0 faibles \u00e9missions. L&rsquo;augmentation de ces p\u00e9rim\u00e8tres s&rsquo;accompagne bien souvent d&rsquo;autres restrictions propres \u00e0 chaque ville.<\/p>\n<h3><strong>ZFE Paris<\/strong><\/h3>\n<p>\u00c0 <a class=\"wpil_keyword_link\" title=\"Paris\" href=\"https:\/\/www.reead.com\/fr\/voyage\/paris\/\" data-wpil-keyword-link=\"linked\">Paris<\/a>, par exemple, cette ann\u00e9e 2021 marque<strong> l&rsquo;interdiction de circulation des v\u00e9hicules Crit&rsquo;Air 4 dans les zones \u00e0 faibles \u00e9missions<\/strong>. Ce sera le tour des Crit&rsquo;Air 3 en d\u00e9but d&rsquo;ann\u00e9e 2022 et des Crit&rsquo;Air 2 en 2024. Ici, l&rsquo;objectif est de d\u00e9barrasser d\u00e9finitivement la capitale des v\u00e9hicules polluants, en particulier les diesels. Notons que les automobiles Crit&rsquo;Air 5 n&rsquo;ont plus le droit de circuler dans les ZFE de la m\u00e9tropole du Grand Paris depuis le 1er juillet 2019.<\/p>\n<h3><strong>ZFE Grenoble<\/strong><\/h3>\n<p>Concernant la m\u00e9tropole de Grenoble et le d\u00e9partement de l&rsquo;Is\u00e8re, les v\u00e9hicules non class\u00e9s n&rsquo;ont pas le droit de circuler \u00e0 partir du 5e jour d&rsquo;un pic de pollution. Si ce dernier persiste, les Crit&rsquo;Air 4 et 5 seront \u00e9galement interdits. En revanche, les v\u00e9hicules utilitaires et poids lourds ne disposant pas du certificat de qualit\u00e9 de l&rsquo;air n&rsquo;ont<strong> pas le droit de circuler dans une ZFE du lundi au vendredi de 6 \u00e0 19h<\/strong> toute l&rsquo;ann\u00e9e.<\/p>\n<p><iframe loading=\"lazy\" style=\"display: block; margin-left: auto; margin-right: auto;\" src=\"https:\/\/www.youtube.com\/embed\/y1Ft_O7i7ws\" width=\"500\" height=\"375\" frameborder=\"0\" allowfullscreen=\"allowfullscreen\"><\/iframe><\/p>\n<h3><strong>ZFE Toulouse<\/strong><\/h3>\n<p>\u00c0 Toulouse, les v\u00e9hicules non class\u00e9s et disposant de la pastille marron et grise n&rsquo;ont plus le droit de circuler lorsque le pic de pollution dure pendant plus de 2 jours, sauf en cas de covoiturage de plus de 3 personnes. Le non-respect de cette r\u00e9glementation est passible d&rsquo;une amende de 68 \u00e0 180 euros.<\/p>\n<h3><strong>ZFE Rennes<\/strong><\/h3>\n<p>\u00c0 Rennes, ce n&rsquo;est qu&rsquo;\u00e0 partir du 4e jour de pic de pollution que les v\u00e9hicules Crit&rsquo;Air peuvent circuler. Ceux des classes 4 et 5 quant \u00e0 eux<strong> ne circuleront que le 6e jour du pic<\/strong>. Cette restriction concerne essentiellement les zones en dehors de la rocade.<\/p>\n<h3><strong>ZFE Lyon<\/strong><\/h3>\n<p>Les v\u00e9hicules avec la vignette Crit&rsquo;Air 3, 4 et 5 seront interdits de circuler au fur et \u00e0 mesure que le pic de pollution persiste dans les villes de Lyon et Villeurbanne. Seuls les v\u00e9hicules Crit&rsquo;Air auront le droit de circuler. Cette r\u00e9glementation porte essentiellement sur les voies m\u00e9tropolitaines, le p\u00e9riph\u00e9rique Nord, l&rsquo;A42 et le boulevard Laurent Bonneway.<\/p>\n<h3><strong>ZFE Strasbourg et Annecy<\/strong><\/h3>\n<p>Dans la ville de Strasbourg, les restrictions s&rsquo;appliquent entre 6h et 22h, d\u00e8s le 4e jour du pic de pollution. En plus de ceux qui sont non class\u00e9s, les v\u00e9hicules interdits sont ceux appartenant aux classes 4 et 5. Il est \u00e0 noter que <strong>cette mesure concerne 32 communes de l&rsquo;Eurom\u00e9tropole \u00e0 partir de 2021<\/strong>.<\/p>\n<p>Par ailleurs, dans certaines rues d&rsquo;Annecy, les automobiles avec la pastille marron et grise ne peuvent plus circuler en cas de pic de pollution. D&rsquo;autres villes et d\u00e9partements comme Montpellier, Nice, Reims, Marseille et la m\u00e9tropole de Rouen-Normandie pr\u00e9voient tr\u00e8s prochainement d&rsquo;instaurer une ZFE pour r\u00e9duire la pollution et am\u00e9liorer la qualit\u00e9 de l&rsquo;air.<\/p>\n\n\n<div class=\"kk-star-ratings kksr-auto kksr-align-left kksr-valign-bottom\"\n    data-payload='{&quot;align&quot;:&quot;left&quot;,&quot;id&quot;:&quot;456600&quot;,&quot;slug&quot;:&quot;default&quot;,&quot;valign&quot;:&quot;bottom&quot;,&quot;ignore&quot;:&quot;&quot;,&quot;reference&quot;:&quot;auto&quot;,&quot;class&quot;:&quot;&quot;,&quot;count&quot;:&quot;3&quot;,&quot;legendonly&quot;:&quot;&quot;,&quot;readonly&quot;:&quot;&quot;,&quot;score&quot;:&quot;5&quot;,&quot;starsonly&quot;:&quot;&quot;,&quot;best&quot;:&quot;5&quot;,&quot;gap&quot;:&quot;4&quot;,&quot;greet&quot;:&quot;Votez pour ce post&quot;,&quot;legend&quot;:&quot;5\\\/5 - (3 votes)&quot;,&quot;size&quot;:&quot;24&quot;,&quot;title&quot;:&quot;Vignettes Crit\\u0026#039;Air : les zones \u00e0 faibles \u00e9missions s\\u0026#039;\u00e9tendent&quot;,&quot;width&quot;:&quot;138&quot;,&quot;_legend&quot;:&quot;{score}\\\/{best} - ({count} {votes})&quot;,&quot;font_factor&quot;:&quot;1.25&quot;}'>\n            \n<div class=\"kksr-stars\">\n    \n<div class=\"kksr-stars-inactive\">\n            <div class=\"kksr-star\" data-star=\"1\" style=\"padding-right: 4px\">\n            \n\n<div class=\"kksr-icon\" style=\"width: 24px; height: 24px;\"><\/div>\n        <\/div>\n            <div class=\"kksr-star\" data-star=\"2\" style=\"padding-right: 4px\">\n            \n\n<div class=\"kksr-icon\" style=\"width: 24px; height: 24px;\"><\/div>\n        <\/div>\n            <div class=\"kksr-star\" data-star=\"3\" style=\"padding-right: 4px\">\n            \n\n<div class=\"kksr-icon\" style=\"width: 24px; height: 24px;\"><\/div>\n        <\/div>\n            <div class=\"kksr-star\" data-star=\"4\" style=\"padding-right: 4px\">\n            \n\n<div class=\"kksr-icon\" style=\"width: 24px; height: 24px;\"><\/div>\n        <\/div>\n            <div class=\"kksr-star\" data-star=\"5\" style=\"padding-right: 4px\">\n            \n\n<div class=\"kksr-icon\" style=\"width: 24px; height: 24px;\"><\/div>\n        <\/div>\n    <\/div>\n    \n<div class=\"kksr-stars-active\" style=\"width: 138px;\">\n            <div class=\"kksr-star\" style=\"padding-right: 4px\">\n            \n\n<div class=\"kksr-icon\" style=\"width: 24px; height: 24px;\"><\/div>\n        <\/div>\n            <div class=\"kksr-star\" style=\"padding-right: 4px\">\n            \n\n<div class=\"kksr-icon\" style=\"width: 24px; height: 24px;\"><\/div>\n        <\/div>\n            <div class=\"kksr-star\" style=\"padding-right: 4px\">\n            \n\n<div class=\"kksr-icon\" style=\"width: 24px; height: 24px;\"><\/div>\n        <\/div>\n            <div class=\"kksr-star\" style=\"padding-right: 4px\">\n            \n\n<div class=\"kksr-icon\" style=\"width: 24px; height: 24px;\"><\/div>\n        <\/div>\n            <div class=\"kksr-star\" style=\"padding-right: 4px\">\n            \n\n<div class=\"kksr-icon\" style=\"width: 24px; height: 24px;\"><\/div>\n        <\/div>\n    <\/div>\n<\/div>\n                \n\n<div class=\"kksr-legend\" style=\"font-size: 19.2px;\">\n            5\/5 - (3 votes)    <\/div>\n    <\/div>","protected":false},"excerpt":{"rendered":"<p>Plac\u00e9e pr\u00e8s du certificat d&rsquo;assurance \u00e0 droite du pare-brise, la vignette Crit&rsquo;Air est notamment obligatoire pour v\u00e9hiculer \u00e0 Paris, Toulouse, Lyon, Lille, Grenoble et Strasbourg.<\/p>","protected":false},"author":6,"featured_media":456619,"comment_status":"open","ping_status":"open","sticky":false,"template":"","format":"standard","meta":{"footnotes":""},"categories":[13265,560],"tags":[],"class_list":["post-456600","post","type-post","status-publish","format-standard","has-post-thumbnail","hentry","category-auto","category-lifestyle"],"yoast_head":"<!-- This site is optimized with the Yoast SEO Premium plugin v27.4 (Yoast SEO v27.4) - https:\/\/yoast.com\/product\/yoast-seo-premium-wordpress\/ -->\n<title>Vignettes Crit&#039;Air : les zones \u00e0 faibles \u00e9missions s&#039;\u00e9tendent<\/title>\n<meta name=\"description\" content=\"La vignette Crit&#039;Air est d\u00e9sormais obligatoire pour v\u00e9hiculer \u00e0 Paris, Toulouse, Lyon, Lille, Grenoble et Strasbourg. En savoir plus !\" \/>\n<meta name=\"robots\" content=\"index, follow, max-snippet:-1, max-image-preview:large, max-video-preview:-1\" \/>\n<link rel=\"canonical\" href=\"https:\/\/www.reead.com\/fr\/vignettes-critair-zones-faibles-emissions-4566002021\/\" \/>\n<meta property=\"og:locale\" content=\"fr_FR\" \/>\n<meta property=\"og:type\" content=\"article\" \/>\n<meta property=\"og:title\" content=\"Vignettes Crit&#039;Air : les zones \u00e0 faibles \u00e9missions s&#039;\u00e9tendent\" \/>\n<meta property=\"og:description\" content=\"La vignette Crit&#039;Air est d\u00e9sormais obligatoire pour v\u00e9hiculer \u00e0 Paris, Toulouse, Lyon, Lille, Grenoble et Strasbourg. En savoir plus !\" \/>\n<meta property=\"og:url\" content=\"https:\/\/www.reead.com\/fr\/vignettes-critair-zones-faibles-emissions-4566002021\/\" \/>\n<meta property=\"og:site_name\" content=\"Conseils Voyage, Mode Homme et Lifestyle\" \/>\n<meta property=\"article:publisher\" content=\"https:\/\/www.facebook.com\/welovereead\" \/>\n<meta property=\"article:published_time\" content=\"2021-12-06T20:49:31+00:00\" \/>\n<meta property=\"article:modified_time\" content=\"2024-06-14T18:44:45+00:00\" \/>\n<meta property=\"og:image\" content=\"https:\/\/www.reead.com\/fr\/wp-content\/uploads\/2021\/12\/Vignettes-Crit-Air.jpg\" \/>\n\t<meta property=\"og:image:width\" content=\"1300\" \/>\n\t<meta property=\"og:image:height\" content=\"867\" \/>\n\t<meta property=\"og:image:type\" content=\"image\/jpeg\" \/>\n<meta name=\"author\" content=\"La R\u00e9dac Reead.com\" \/>\n<meta name=\"twitter:card\" content=\"summary_large_image\" \/>\n<meta name=\"twitter:creator\" content=\"@reead\" \/>\n<meta name=\"twitter:site\" content=\"@blogdereead\" \/>\n<script type=\"application\/ld+json\" class=\"yoast-schema-graph\">{\"@context\":\"https:\\\/\\\/schema.org\",\"@graph\":[{\"@type\":\"Article\",\"@id\":\"https:\\\/\\\/www.reead.com\\\/fr\\\/vignettes-critair-zones-faibles-emissions-4566002021\\\/#article\",\"isPartOf\":{\"@id\":\"https:\\\/\\\/www.reead.com\\\/fr\\\/vignettes-critair-zones-faibles-emissions-4566002021\\\/\"},\"author\":{\"name\":\"La R\u00e9dac Reead.com\",\"@id\":\"https:\\\/\\\/www.reead.com\\\/fr\\\/#\\\/schema\\\/person\\\/43bf0419400390bc01899c5d52c6d02f\"},\"headline\":\"Vignettes Crit&rsquo;Air : les zones \u00e0 faibles \u00e9missions s&rsquo;\u00e9tendent\",\"datePublished\":\"2021-12-06T20:49:31+00:00\",\"dateModified\":\"2024-06-14T18:44:45+00:00\",\"mainEntityOfPage\":{\"@id\":\"https:\\\/\\\/www.reead.com\\\/fr\\\/vignettes-critair-zones-faibles-emissions-4566002021\\\/\"},\"wordCount\":1157,\"commentCount\":0,\"publisher\":{\"@id\":\"https:\\\/\\\/www.reead.com\\\/fr\\\/#\\\/schema\\\/person\\\/551a8a4b469ab53c0b48bcd3846fb3c6\"},\"image\":{\"@id\":\"https:\\\/\\\/www.reead.com\\\/fr\\\/vignettes-critair-zones-faibles-emissions-4566002021\\\/#primaryimage\"},\"thumbnailUrl\":\"https:\\\/\\\/www.reead.com\\\/fr\\\/wp-content\\\/uploads\\\/2021\\\/12\\\/Vignettes-Crit-Air.jpg\",\"articleSection\":[\"Auto et 2 roues\",\"Lifestyle\"],\"inLanguage\":\"fr-FR\",\"potentialAction\":[{\"@type\":\"CommentAction\",\"name\":\"Comment\",\"target\":[\"https:\\\/\\\/www.reead.com\\\/fr\\\/vignettes-critair-zones-faibles-emissions-4566002021\\\/#respond\"]}]},{\"@type\":\"WebPage\",\"@id\":\"https:\\\/\\\/www.reead.com\\\/fr\\\/vignettes-critair-zones-faibles-emissions-4566002021\\\/\",\"url\":\"https:\\\/\\\/www.reead.com\\\/fr\\\/vignettes-critair-zones-faibles-emissions-4566002021\\\/\",\"name\":\"Vignettes Crit'Air : les zones \u00e0 faibles \u00e9missions s'\u00e9tendent\",\"isPartOf\":{\"@id\":\"https:\\\/\\\/www.reead.com\\\/fr\\\/#website\"},\"primaryImageOfPage\":{\"@id\":\"https:\\\/\\\/www.reead.com\\\/fr\\\/vignettes-critair-zones-faibles-emissions-4566002021\\\/#primaryimage\"},\"image\":{\"@id\":\"https:\\\/\\\/www.reead.com\\\/fr\\\/vignettes-critair-zones-faibles-emissions-4566002021\\\/#primaryimage\"},\"thumbnailUrl\":\"https:\\\/\\\/www.reead.com\\\/fr\\\/wp-content\\\/uploads\\\/2021\\\/12\\\/Vignettes-Crit-Air.jpg\",\"datePublished\":\"2021-12-06T20:49:31+00:00\",\"dateModified\":\"2024-06-14T18:44:45+00:00\",\"description\":\"La vignette Crit'Air est d\u00e9sormais obligatoire pour v\u00e9hiculer \u00e0 Paris, Toulouse, Lyon, Lille, Grenoble et Strasbourg. En savoir plus !\",\"breadcrumb\":{\"@id\":\"https:\\\/\\\/www.reead.com\\\/fr\\\/vignettes-critair-zones-faibles-emissions-4566002021\\\/#breadcrumb\"},\"inLanguage\":\"fr-FR\",\"potentialAction\":[{\"@type\":\"ReadAction\",\"target\":[\"https:\\\/\\\/www.reead.com\\\/fr\\\/vignettes-critair-zones-faibles-emissions-4566002021\\\/\"]}]},{\"@type\":\"ImageObject\",\"inLanguage\":\"fr-FR\",\"@id\":\"https:\\\/\\\/www.reead.com\\\/fr\\\/vignettes-critair-zones-faibles-emissions-4566002021\\\/#primaryimage\",\"url\":\"https:\\\/\\\/www.reead.com\\\/fr\\\/wp-content\\\/uploads\\\/2021\\\/12\\\/Vignettes-Crit-Air.jpg\",\"contentUrl\":\"https:\\\/\\\/www.reead.com\\\/fr\\\/wp-content\\\/uploads\\\/2021\\\/12\\\/Vignettes-Crit-Air.jpg\",\"width\":1300,\"height\":867,\"caption\":\"\u00a9 Can Stock Photo \\\/ studiostoks\"},{\"@type\":\"BreadcrumbList\",\"@id\":\"https:\\\/\\\/www.reead.com\\\/fr\\\/vignettes-critair-zones-faibles-emissions-4566002021\\\/#breadcrumb\",\"itemListElement\":[{\"@type\":\"ListItem\",\"position\":1,\"name\":\"Accueil\",\"item\":\"https:\\\/\\\/www.reead.com\\\/fr\\\/\"},{\"@type\":\"ListItem\",\"position\":2,\"name\":\"Lifestyle\",\"item\":\"https:\\\/\\\/www.reead.com\\\/fr\\\/lifestyle\\\/\"},{\"@type\":\"ListItem\",\"position\":3,\"name\":\"Auto et 2 roues\",\"item\":\"https:\\\/\\\/www.reead.com\\\/fr\\\/lifestyle\\\/auto\\\/\"},{\"@type\":\"ListItem\",\"position\":4,\"name\":\"Vignettes Crit&#8217;Air : les zones \u00e0 faibles \u00e9missions s&#8217;\u00e9tendent\"}]},{\"@type\":\"WebSite\",\"@id\":\"https:\\\/\\\/www.reead.com\\\/fr\\\/#website\",\"url\":\"https:\\\/\\\/www.reead.com\\\/fr\\\/\",\"name\":\"Reead.com\",\"description\":\"Conseils Voyage, Mode Homme et Lifestyle\",\"publisher\":{\"@id\":\"https:\\\/\\\/www.reead.com\\\/fr\\\/#\\\/schema\\\/person\\\/551a8a4b469ab53c0b48bcd3846fb3c6\"},\"potentialAction\":[{\"@type\":\"SearchAction\",\"target\":{\"@type\":\"EntryPoint\",\"urlTemplate\":\"https:\\\/\\\/www.reead.com\\\/fr\\\/?s={search_term_string}\"},\"query-input\":{\"@type\":\"PropertyValueSpecification\",\"valueRequired\":true,\"valueName\":\"search_term_string\"}}],\"inLanguage\":\"fr-FR\"},{\"@type\":[\"Person\",\"Organization\"],\"@id\":\"https:\\\/\\\/www.reead.com\\\/fr\\\/#\\\/schema\\\/person\\\/551a8a4b469ab53c0b48bcd3846fb3c6\",\"name\":\"Reead\",\"image\":{\"@type\":\"ImageObject\",\"inLanguage\":\"fr-FR\",\"@id\":\"https:\\\/\\\/www.reead.com\\\/fr\\\/wp-content\\\/uploads\\\/2018\\\/12\\\/reead.jpg\",\"url\":\"https:\\\/\\\/www.reead.com\\\/fr\\\/wp-content\\\/uploads\\\/2018\\\/12\\\/reead.jpg\",\"contentUrl\":\"https:\\\/\\\/www.reead.com\\\/fr\\\/wp-content\\\/uploads\\\/2018\\\/12\\\/reead.jpg\",\"width\":900,\"height\":610,\"caption\":\"Reead\"},\"logo\":{\"@id\":\"https:\\\/\\\/www.reead.com\\\/fr\\\/wp-content\\\/uploads\\\/2018\\\/12\\\/reead.jpg\"},\"description\":\"Reead est un blogueur voyage fran\u00e7ais bas\u00e9 \u00e0 Las Vegas et le fondateur de Reead.com, un blog lanc\u00e9 en 2009 consacr\u00e9 aux voyages, aux miles et aux programmes de fid\u00e9lit\u00e9. Sp\u00e9cialis\u00e9 dans les cartes de cr\u00e9dit voyage, les miles et points, ainsi que les programmes comme Flying Blue, American Express Membership Rewards ou les alliances a\u00e9riennes, il partage des strat\u00e9gies concr\u00e8tes pour r\u00e9duire le co\u00fbt des voyages et optimiser les r\u00e9compenses des cartes de cr\u00e9dit. Install\u00e9 aux \u00c9tats-Unis, Reead publie \u00e9galement des guides pour visiter les USA, des analyses de programmes de fid\u00e9lit\u00e9 et des retours d\u2019exp\u00e9rience sur les compagnies a\u00e9riennes, h\u00f4tels et cartes premium. Depuis plus de 15 ans, ses articles aident les voyageurs \u00e0 comprendre les miles, accumuler des points plus rapidement et voyager dans de meilleures conditions pour moins cher. Survivant du cancer, il partage aussi une vision simple : profiter de la vie et explorer le monde intelligemment.\",\"sameAs\":[\"https:\\\/\\\/www.reead.com\\\/fr\\\/\",\"https:\\\/\\\/www.facebook.com\\\/welovereead\",\"https:\\\/\\\/www.instagram.com\\\/reead\\\/?hl=fr\",\"https:\\\/\\\/www.pinterest.com\\\/reead\\\/\",\"https:\\\/\\\/x.com\\\/blogdereead\",\"https:\\\/\\\/www.youtube.com\\\/reead\"],\"gender\":\"homme\",\"knowsAbout\":[\"Voyage\",\"miles et points\"],\"knowsLanguage\":[\"Anglais\",\"Fran\u00e7ais\"],\"publishingPrinciples\":\"https:\\\/\\\/www.reead.com\\\/fr\\\/politique-de-publication\\\/\"},{\"@type\":\"Person\",\"@id\":\"https:\\\/\\\/www.reead.com\\\/fr\\\/#\\\/schema\\\/person\\\/43bf0419400390bc01899c5d52c6d02f\",\"name\":\"La R\u00e9dac Reead.com\",\"image\":{\"@type\":\"ImageObject\",\"inLanguage\":\"fr-FR\",\"@id\":\"https:\\\/\\\/secure.gravatar.com\\\/avatar\\\/52abbce686654ea811e2d66f2a9d0e94d0915d1381bf3a4acf7adbd1d73b4547?s=96&d=mm&r=g\",\"url\":\"https:\\\/\\\/secure.gravatar.com\\\/avatar\\\/52abbce686654ea811e2d66f2a9d0e94d0915d1381bf3a4acf7adbd1d73b4547?s=96&d=mm&r=g\",\"contentUrl\":\"https:\\\/\\\/secure.gravatar.com\\\/avatar\\\/52abbce686654ea811e2d66f2a9d0e94d0915d1381bf3a4acf7adbd1d73b4547?s=96&d=mm&r=g\",\"caption\":\"La R\u00e9dac Reead.com\"},\"description\":\"Article r\u00e9dig\u00e9 par un membre de la r\u00e9daction Reead.com\"}]}<\/script>\n<!-- \/ Yoast SEO Premium plugin. -->","yoast_head_json":{"title":"Vignettes Crit'Air : les zones \u00e0 faibles \u00e9missions s'\u00e9tendent","description":"La vignette Crit'Air est d\u00e9sormais obligatoire pour v\u00e9hiculer \u00e0 Paris, Toulouse, Lyon, Lille, Grenoble et Strasbourg. En savoir plus !","robots":{"index":"index","follow":"follow","max-snippet":"max-snippet:-1","max-image-preview":"max-image-preview:large","max-video-preview":"max-video-preview:-1"},"canonical":"https:\/\/www.reead.com\/fr\/vignettes-critair-zones-faibles-emissions-4566002021\/","og_locale":"fr_FR","og_type":"article","og_title":"Vignettes Crit'Air : les zones \u00e0 faibles \u00e9missions s'\u00e9tendent","og_description":"La vignette Crit'Air est d\u00e9sormais obligatoire pour v\u00e9hiculer \u00e0 Paris, Toulouse, Lyon, Lille, Grenoble et Strasbourg. En savoir plus !","og_url":"https:\/\/www.reead.com\/fr\/vignettes-critair-zones-faibles-emissions-4566002021\/","og_site_name":"Conseils Voyage, Mode Homme et Lifestyle","article_publisher":"https:\/\/www.facebook.com\/welovereead","article_published_time":"2021-12-06T20:49:31+00:00","article_modified_time":"2024-06-14T18:44:45+00:00","og_image":[{"width":1300,"height":867,"url":"https:\/\/www.reead.com\/fr\/wp-content\/uploads\/2021\/12\/Vignettes-Crit-Air.jpg","type":"image\/jpeg"}],"author":"La R\u00e9dac Reead.com","twitter_card":"summary_large_image","twitter_creator":"@reead","twitter_site":"@blogdereead","schema":{"@context":"https:\/\/schema.org","@graph":[{"@type":"Article","@id":"https:\/\/www.reead.com\/fr\/vignettes-critair-zones-faibles-emissions-4566002021\/#article","isPartOf":{"@id":"https:\/\/www.reead.com\/fr\/vignettes-critair-zones-faibles-emissions-4566002021\/"},"author":{"name":"La R\u00e9dac Reead.com","@id":"https:\/\/www.reead.com\/fr\/#\/schema\/person\/43bf0419400390bc01899c5d52c6d02f"},"headline":"Vignettes Crit&rsquo;Air : les zones \u00e0 faibles \u00e9missions s&rsquo;\u00e9tendent","datePublished":"2021-12-06T20:49:31+00:00","dateModified":"2024-06-14T18:44:45+00:00","mainEntityOfPage":{"@id":"https:\/\/www.reead.com\/fr\/vignettes-critair-zones-faibles-emissions-4566002021\/"},"wordCount":1157,"commentCount":0,"publisher":{"@id":"https:\/\/www.reead.com\/fr\/#\/schema\/person\/551a8a4b469ab53c0b48bcd3846fb3c6"},"image":{"@id":"https:\/\/www.reead.com\/fr\/vignettes-critair-zones-faibles-emissions-4566002021\/#primaryimage"},"thumbnailUrl":"https:\/\/www.reead.com\/fr\/wp-content\/uploads\/2021\/12\/Vignettes-Crit-Air.jpg","articleSection":["Auto et 2 roues","Lifestyle"],"inLanguage":"fr-FR","potentialAction":[{"@type":"CommentAction","name":"Comment","target":["https:\/\/www.reead.com\/fr\/vignettes-critair-zones-faibles-emissions-4566002021\/#respond"]}]},{"@type":"WebPage","@id":"https:\/\/www.reead.com\/fr\/vignettes-critair-zones-faibles-emissions-4566002021\/","url":"https:\/\/www.reead.com\/fr\/vignettes-critair-zones-faibles-emissions-4566002021\/","name":"Vignettes Crit'Air : les zones \u00e0 faibles \u00e9missions s'\u00e9tendent","isPartOf":{"@id":"https:\/\/www.reead.com\/fr\/#website"},"primaryImageOfPage":{"@id":"https:\/\/www.reead.com\/fr\/vignettes-critair-zones-faibles-emissions-4566002021\/#primaryimage"},"image":{"@id":"https:\/\/www.reead.com\/fr\/vignettes-critair-zones-faibles-emissions-4566002021\/#primaryimage"},"thumbnailUrl":"https:\/\/www.reead.com\/fr\/wp-content\/uploads\/2021\/12\/Vignettes-Crit-Air.jpg","datePublished":"2021-12-06T20:49:31+00:00","dateModified":"2024-06-14T18:44:45+00:00","description":"La vignette Crit'Air est d\u00e9sormais obligatoire pour v\u00e9hiculer \u00e0 Paris, Toulouse, Lyon, Lille, Grenoble et Strasbourg. En savoir plus !","breadcrumb":{"@id":"https:\/\/www.reead.com\/fr\/vignettes-critair-zones-faibles-emissions-4566002021\/#breadcrumb"},"inLanguage":"fr-FR","potentialAction":[{"@type":"ReadAction","target":["https:\/\/www.reead.com\/fr\/vignettes-critair-zones-faibles-emissions-4566002021\/"]}]},{"@type":"ImageObject","inLanguage":"fr-FR","@id":"https:\/\/www.reead.com\/fr\/vignettes-critair-zones-faibles-emissions-4566002021\/#primaryimage","url":"https:\/\/www.reead.com\/fr\/wp-content\/uploads\/2021\/12\/Vignettes-Crit-Air.jpg","contentUrl":"https:\/\/www.reead.com\/fr\/wp-content\/uploads\/2021\/12\/Vignettes-Crit-Air.jpg","width":1300,"height":867,"caption":"\u00a9 Can Stock Photo \/ studiostoks"},{"@type":"BreadcrumbList","@id":"https:\/\/www.reead.com\/fr\/vignettes-critair-zones-faibles-emissions-4566002021\/#breadcrumb","itemListElement":[{"@type":"ListItem","position":1,"name":"Accueil","item":"https:\/\/www.reead.com\/fr\/"},{"@type":"ListItem","position":2,"name":"Lifestyle","item":"https:\/\/www.reead.com\/fr\/lifestyle\/"},{"@type":"ListItem","position":3,"name":"Auto et 2 roues","item":"https:\/\/www.reead.com\/fr\/lifestyle\/auto\/"},{"@type":"ListItem","position":4,"name":"Vignettes Crit&#8217;Air : les zones \u00e0 faibles \u00e9missions s&#8217;\u00e9tendent"}]},{"@type":"WebSite","@id":"https:\/\/www.reead.com\/fr\/#website","url":"https:\/\/www.reead.com\/fr\/","name":"Reead.com","description":"Conseils Voyage, Mode Homme et Lifestyle","publisher":{"@id":"https:\/\/www.reead.com\/fr\/#\/schema\/person\/551a8a4b469ab53c0b48bcd3846fb3c6"},"potentialAction":[{"@type":"SearchAction","target":{"@type":"EntryPoint","urlTemplate":"https:\/\/www.reead.com\/fr\/?s={search_term_string}"},"query-input":{"@type":"PropertyValueSpecification","valueRequired":true,"valueName":"search_term_string"}}],"inLanguage":"fr-FR"},{"@type":["Person","Organization"],"@id":"https:\/\/www.reead.com\/fr\/#\/schema\/person\/551a8a4b469ab53c0b48bcd3846fb3c6","name":"Reead","image":{"@type":"ImageObject","inLanguage":"fr-FR","@id":"https:\/\/www.reead.com\/fr\/wp-content\/uploads\/2018\/12\/reead.jpg","url":"https:\/\/www.reead.com\/fr\/wp-content\/uploads\/2018\/12\/reead.jpg","contentUrl":"https:\/\/www.reead.com\/fr\/wp-content\/uploads\/2018\/12\/reead.jpg","width":900,"height":610,"caption":"Reead"},"logo":{"@id":"https:\/\/www.reead.com\/fr\/wp-content\/uploads\/2018\/12\/reead.jpg"},"description":"Reead est un blogueur voyage fran\u00e7ais bas\u00e9 \u00e0 Las Vegas et le fondateur de Reead.com, un blog lanc\u00e9 en 2009 consacr\u00e9 aux voyages, aux miles et aux programmes de fid\u00e9lit\u00e9. Sp\u00e9cialis\u00e9 dans les cartes de cr\u00e9dit voyage, les miles et points, ainsi que les programmes comme Flying Blue, American Express Membership Rewards ou les alliances a\u00e9riennes, il partage des strat\u00e9gies concr\u00e8tes pour r\u00e9duire le co\u00fbt des voyages et optimiser les r\u00e9compenses des cartes de cr\u00e9dit. Install\u00e9 aux \u00c9tats-Unis, Reead publie \u00e9galement des guides pour visiter les USA, des analyses de programmes de fid\u00e9lit\u00e9 et des retours d\u2019exp\u00e9rience sur les compagnies a\u00e9riennes, h\u00f4tels et cartes premium. Depuis plus de 15 ans, ses articles aident les voyageurs \u00e0 comprendre les miles, accumuler des points plus rapidement et voyager dans de meilleures conditions pour moins cher. Survivant du cancer, il partage aussi une vision simple : profiter de la vie et explorer le monde intelligemment.","sameAs":["https:\/\/www.reead.com\/fr\/","https:\/\/www.facebook.com\/welovereead","https:\/\/www.instagram.com\/reead\/?hl=fr","https:\/\/www.pinterest.com\/reead\/","https:\/\/x.com\/blogdereead","https:\/\/www.youtube.com\/reead"],"gender":"homme","knowsAbout":["Voyage","miles et points"],"knowsLanguage":["Anglais","Fran\u00e7ais"],"publishingPrinciples":"https:\/\/www.reead.com\/fr\/politique-de-publication\/"},{"@type":"Person","@id":"https:\/\/www.reead.com\/fr\/#\/schema\/person\/43bf0419400390bc01899c5d52c6d02f","name":"La R\u00e9dac Reead.com","image":{"@type":"ImageObject","inLanguage":"fr-FR","@id":"https:\/\/secure.gravatar.com\/avatar\/52abbce686654ea811e2d66f2a9d0e94d0915d1381bf3a4acf7adbd1d73b4547?s=96&d=mm&r=g","url":"https:\/\/secure.gravatar.com\/avatar\/52abbce686654ea811e2d66f2a9d0e94d0915d1381bf3a4acf7adbd1d73b4547?s=96&d=mm&r=g","contentUrl":"https:\/\/secure.gravatar.com\/avatar\/52abbce686654ea811e2d66f2a9d0e94d0915d1381bf3a4acf7adbd1d73b4547?s=96&d=mm&r=g","caption":"La R\u00e9dac Reead.com"},"description":"Article r\u00e9dig\u00e9 par un membre de la r\u00e9daction Reead.com"}]}},"_links":{"self":[{"href":"https:\/\/www.reead.com\/fr\/wp-json\/wp\/v2\/posts\/456600","targetHints":{"allow":["GET"]}}],"collection":[{"href":"https:\/\/www.reead.com\/fr\/wp-json\/wp\/v2\/posts"}],"about":[{"href":"https:\/\/www.reead.com\/fr\/wp-json\/wp\/v2\/types\/post"}],"author":[{"embeddable":true,"href":"https:\/\/www.reead.com\/fr\/wp-json\/wp\/v2\/users\/6"}],"replies":[{"embeddable":true,"href":"https:\/\/www.reead.com\/fr\/wp-json\/wp\/v2\/comments?post=456600"}],"version-history":[{"count":0,"href":"https:\/\/www.reead.com\/fr\/wp-json\/wp\/v2\/posts\/456600\/revisions"}],"wp:featuredmedia":[{"embeddable":true,"href":"https:\/\/www.reead.com\/fr\/wp-json\/wp\/v2\/media\/456619"}],"wp:attachment":[{"href":"https:\/\/www.reead.com\/fr\/wp-json\/wp\/v2\/media?parent=456600"}],"wp:term":[{"taxonomy":"category","embeddable":true,"href":"https:\/\/www.reead.com\/fr\/wp-json\/wp\/v2\/categories?post=456600"},{"taxonomy":"post_tag","embeddable":true,"href":"https:\/\/www.reead.com\/fr\/wp-json\/wp\/v2\/tags?post=456600"}],"curies":[{"name":"wp","href":"https:\/\/api.w.org\/{rel}","templated":true}]}}