{"id":455511,"date":"2022-01-07T09:00:33","date_gmt":"2022-01-07T07:00:33","guid":{"rendered":"https:\/\/www.reead.com\/fr\/?p=455511"},"modified":"2023-10-06T01:30:28","modified_gmt":"2023-10-05T23:30:28","slug":"givenchy-accord-particulier-eau-de-parfum-avis","status":"publish","type":"post","link":"https:\/\/www.reead.com\/fr\/givenchy-accord-particulier-eau-de-parfum-avis-4555112022\/","title":{"rendered":"Givenchy Accord Particulier Eau de Parfum : un m\u00e9lange qui va \u00e9veiller vos sens"},"content":{"rendered":"<p>Je vous conseille fortement Accord Particulier, une des derni\u00e8res cr\u00e9ations de la maison Givenchy. Ce parfum pour homme se distingue par ses notes \u00e9quilibr\u00e9es. Il se compose de quatre ingr\u00e9dients embl\u00e9matiques de la c\u00e9l\u00e8bre parfumerie. Il pourra se porter seul ou \u00eatre combin\u00e9 \u00e0 d&rsquo;autres senteurs. Zoom sur <strong>Givenchy Accord Particulier Eau de Parfum<\/strong> !<\/p>\n<p><img loading=\"lazy\" decoding=\"async\" class=\"alignnone size-full wp-image-455531\" src=\"https:\/\/www.reead.com\/fr\/wp-content\/uploads\/2021\/09\/accord-particulier-givenchy.jpg\" alt=\"avis Givenchy Accord Particulier Eau de Parfum\" width=\"1300\" height=\"867\" srcset=\"https:\/\/www.reead.com\/fr\/wp-content\/uploads\/2021\/09\/accord-particulier-givenchy.jpg 1300w,  https:\/\/www.reead.com\/fr\/wp-content\/uploads\/2021\/09\/accord-particulier-givenchy-610x407.jpg 610w,  https:\/\/www.reead.com\/fr\/wp-content\/uploads\/2021\/09\/accord-particulier-givenchy-960x640.jpg 960w,  https:\/\/www.reead.com\/fr\/wp-content\/uploads\/2021\/09\/accord-particulier-givenchy-768x512.jpg 768w,  https:\/\/www.reead.com\/fr\/wp-content\/uploads\/2021\/09\/accord-particulier-givenchy-272x182.jpg 272w\" sizes=\"auto, (max-width: 1300px) 100vw, 1300px\" \/><\/p>\n<h2><strong>Accord Particulier : un subtil m\u00e9lange<\/strong><\/h2>\n<p>Ce qui donne un caract\u00e8re si unique \u00e0 ce parfum, c&rsquo;est le subtil m\u00e9lange entre <strong>l&rsquo;essence de Rose Damas<\/strong>, <strong>l&rsquo;essence de Patchouli, le v\u00e9tiver d&rsquo;Ha\u00efti et l&rsquo;Ambrox<\/strong>.<\/p>\n<p>D&rsquo;abord, la <strong>rose de Damas<\/strong> est un grand classique dans le domaine de la parfumerie gr\u00e2ce \u00e0 des propri\u00e9t\u00e9s olfactives uniques, \u00e0 la fois suave, riche et sucr\u00e9e.<\/p>\n<p>Ensuite, <strong>l&rsquo;essence de Patchouli<\/strong> donne une senteur puissante, bois\u00e9e avec <strong>des accents fum\u00e9s camphr\u00e9s et liquoreux<\/strong>. Il est \u00e9galement connu pour ses <strong>vertus apaisantes et aphrodisiaques<\/strong>.<\/p>\n<p>Puis, le <strong>V\u00e9tiver d&rsquo;Ha\u00efti<\/strong> apporte au m\u00e9lange un <strong>parfum pour homme qui est profond et sensuel<\/strong>. Il dispose aussi de vertus relaxantes.<\/p>\n<p>Enfin, <strong>l&rsquo;Ambrox<\/strong> apporte une note de fond. Il sert \u00e0 envelopper les autres essences. De plus, sa <strong>fragrance \u00e0 la fois musqu\u00e9e et sauvage<\/strong> apporte au m\u00e9lange une note sensuelle.<\/p>\n<h2><strong>Un parfum \u00e0 utiliser seul ou en combinaison<\/strong><\/h2>\n<p>Vous pouvez bien s\u00fbr porter Givenchy Accord Particulier Eau de Parfum tout seul. Cependant, le nom qu&rsquo;il porte, \u00ab Accord \u00bb montre qu&rsquo;il est possible de le m\u00e9langer \u00e0 d&rsquo;autres parfums de la collection.<\/p>\n<p>Je ne saurais que vous conseiller de tester le m\u00e9lange avec une des huit personnalit\u00e9s olfactives disponibles chez Givenchy dans la <strong>Collection Particuli\u00e8re<\/strong>. De cette mani\u00e8re, vous pourrez d\u00e9couvrir le parfum qui se mariera le mieux avec votre personnalit\u00e9 par le choc entre deux identit\u00e9s olfactives contrast\u00e9es.<\/p>\n<h2>La Collection Particuli\u00e8re de Givenchy<\/h2>\n<h3><strong>Trouble-f\u00eate<\/strong><\/h3>\n<p>Il offre un esprit aventurier \u00e0 la fois audacieux et insolent. Avec ses notes de feuille de figuier, de s\u00e9same, de jasmins et d&rsquo;encens, ce parfum vous donnera un aspect fougueux et insolent.<\/p>\n<h3><strong>Sans artifice<\/strong><\/h3>\n<p>Qui par son nom m\u00eame cherche un c\u00f4t\u00e9 sinc\u00e8re et pur. Il apporte \u00e0 la fois des notes de gingembre et de th\u00e9 blanc imp\u00e9rial. Un duo accompagn\u00e9 d&rsquo;essence de bergamote, d&rsquo;infusion rose centifolia, de c\u00e8dre et de muscs blancs. Ce qui lui donne un c\u00f4t\u00e9 \u00e9l\u00e9gant et \u00e9pic\u00e9.<\/p>\n<h3><strong>Peur de rien<\/strong><\/h3>\n<p>Courageuse et cr\u00e9ative, cette Eau de Parfum lib\u00e8re l&rsquo;esprit. C&rsquo;est la combinaison audacieuse de l&rsquo;absolu de Narcisse et d&rsquo;orange Tarocco. Le tout enrob\u00e9 et exalt\u00e9 par l&rsquo;essence de bergamote, d&rsquo;absolu de fleur d&rsquo;oranger et d&rsquo;essence d&rsquo;ylang-ylang.<\/p>\n<h3><strong>Oiseau rare<\/strong><\/h3>\n<p>Un parfum \u00e9l\u00e9gant, flamboyant qui dispose d&rsquo;un charisme hors du commun. C&rsquo;est une subtile fusion entre la fleur de pittosporum et le poivre du Sri Lanka. On ajoute \u00e0 ce m\u00e9lange de l&rsquo;essence de c\u00e8dre de Virginie, de l&rsquo;essence de bois de Ga\u00efac et du surabsolu de vanille.<\/p>\n<h3><strong>Indompt\u00e9<\/strong><\/h3>\n<p>Qui fait ressortir le c\u00f4t\u00e9 sauvage et l&rsquo;\u00e9lan fauve avec le m\u00e9lange t\u00e9n\u00e9breux <a href=\"https:\/\/www.reead.com\/fr\/top-parfums-homme-oud-4639722023\/\" target=\"_blank\" rel=\"noopener\"><strong>de l&rsquo;oud<\/strong><\/a> et de la mandarine de Sicile. \u00c0 ce m\u00e9lange s&rsquo;ajoutent la fleur d&rsquo;oranger, le safran et des notes bois\u00e9es et cuir\u00e9es.<\/p>\n<h3><strong>Sans merci<\/strong><\/h3>\n<p>Un parfum avec une force de caract\u00e8re pour s&rsquo;imposer. Il est issu d&rsquo;un m\u00e9lange d&rsquo;essence de Davana et de v\u00e9tiver d&rsquo;Ha\u00efti. Il est accompagn\u00e9 d&rsquo;extrait de Whisky et d&rsquo;essence de Patchouli.<\/p>\n<h3><strong>Gar\u00e7on manqu\u00e9<\/strong><\/h3>\n<p>Un parfum inspir\u00e9 par un esprit de libert\u00e9, de s&rsquo;affranchir des normes. C&rsquo;est une union surprenante et t\u00e9n\u00e9breuse entre la fleur d&rsquo;Osmanthus et le cuir de Grasse. Ce duo est sublim\u00e9 par l&rsquo;encens, le styrax et l&rsquo;essence de bouleau pour d\u00e9passer vos limites. <a href=\"https:\/\/www.reead.com\/fr\/givenchy-garcon-manque-eau-de-parfum-avis-4555102021\/\"><strong>D\u00e9couvrez mon test complet de ce parfum mixte<\/strong><\/a> !<\/p>\n<h2><strong>Enflamm\u00e9<\/strong><\/h2>\n<p>Un parfum qui donne une attirance intense et r\u00e9veille un d\u00e9sir br\u00fblant. C&rsquo;est la rencontre flamboyante entre le surabsolu de vanille ardent et le tabac de Turquie qui lui donne ce charme exalt\u00e9. Il est accompagn\u00e9 d&rsquo;absolu Labdanum, d&rsquo;absolu baume Tolu, d&rsquo;absolu de caf\u00e9 et d&rsquo;essence de patchouli.<\/p>\n<p style=\"text-align: center;\"><a class=\"maxbutton-284 maxbutton maxbutton-acheter-givenchy-accord-particulier-eau-de-parfum\" target=\"_blank\" title=\"Acheter Givenchy Accord Particulier Eau de Parfum\" rel=\"noopener\" href=\"https:\/\/www.givenchybeauty.com\/fr\/fr\/p\/accord-particulier-F10100143.html\" data-mbga=\"{&quot;cat&quot;:&quot;givenchy&quot;,&quot;action&quot;:&quot;click&quot;,&quot;label&quot;:&quot;Accord Particulier Eau de Parfum&quot;,&quot;value&quot;:0,&quot;noninteraction&quot;:&quot;false&quot;}\"><span class='mb-text' data-nofont>Acheter Givenchy Accord Particulier Eau de Parfum<\/span><span class=\"mb-text2\"  data-nofont>Cliquez ici !<\/span><\/a><\/p>\n<h2><strong>Personnalisation du flacon<\/strong><\/h2>\n<p>En plus de cr\u00e9er un parfum unique avec les m\u00e9langes, Givenchy vous propose \u00e9galement la possibilit\u00e9 de personnaliser votre flacon avec votre propre style couture avec notamment des motifs animaliers, des effets marbr\u00e9s ou une plaque grav\u00e9e avec vos initiales.<\/p>\n<div class=\"rd-review\">\n<ul class=\"review-criteria\">\n<li class=\"review-criteria-item\">\n<div class=\"rd-label\">SENTEUR<\/div>\n<div class=\"rd-number\">10<\/div>\n<\/li>\n<li class=\"review-criteria-item\">\n<div class=\"rd-label\">TENUE<\/div>\n<div class=\"rd-number\">10<\/div>\n<\/li>\n<li class=\"review-criteria-item\">\n<div class=\"rd-label\">FLACON<\/div>\n<div class=\"rd-number\">10<\/div>\n<\/li>\n<\/ul>\n<div class=\"review-grade\">\n<div class=\"rd-label\">MA NOTE GLOBALE<\/div>\n<div class=\"rd-number\">10\/10<\/div>\n<\/div>\n<\/div>\n\n\n<div class=\"kk-star-ratings kksr-auto kksr-align-left kksr-valign-bottom\"\n    data-payload='{&quot;align&quot;:&quot;left&quot;,&quot;id&quot;:&quot;455511&quot;,&quot;slug&quot;:&quot;default&quot;,&quot;valign&quot;:&quot;bottom&quot;,&quot;ignore&quot;:&quot;&quot;,&quot;reference&quot;:&quot;auto&quot;,&quot;class&quot;:&quot;&quot;,&quot;count&quot;:&quot;43&quot;,&quot;legendonly&quot;:&quot;&quot;,&quot;readonly&quot;:&quot;&quot;,&quot;score&quot;:&quot;4&quot;,&quot;starsonly&quot;:&quot;&quot;,&quot;best&quot;:&quot;5&quot;,&quot;gap&quot;:&quot;4&quot;,&quot;greet&quot;:&quot;Votez pour ce post&quot;,&quot;legend&quot;:&quot;4\\\/5 - (43 votes)&quot;,&quot;size&quot;:&quot;24&quot;,&quot;title&quot;:&quot;Givenchy Accord Particulier Eau de Parfum : un m\u00e9lange qui va \u00e9veiller vos sens&quot;,&quot;width&quot;:&quot;110&quot;,&quot;_legend&quot;:&quot;{score}\\\/{best} - ({count} {votes})&quot;,&quot;font_factor&quot;:&quot;1.25&quot;}'>\n            \n<div class=\"kksr-stars\">\n    \n<div class=\"kksr-stars-inactive\">\n            <div class=\"kksr-star\" data-star=\"1\" style=\"padding-right: 4px\">\n            \n\n<div class=\"kksr-icon\" style=\"width: 24px; height: 24px;\"><\/div>\n        <\/div>\n            <div class=\"kksr-star\" data-star=\"2\" style=\"padding-right: 4px\">\n            \n\n<div class=\"kksr-icon\" style=\"width: 24px; height: 24px;\"><\/div>\n        <\/div>\n            <div class=\"kksr-star\" data-star=\"3\" style=\"padding-right: 4px\">\n            \n\n<div class=\"kksr-icon\" style=\"width: 24px; height: 24px;\"><\/div>\n        <\/div>\n            <div class=\"kksr-star\" data-star=\"4\" style=\"padding-right: 4px\">\n            \n\n<div class=\"kksr-icon\" style=\"width: 24px; height: 24px;\"><\/div>\n        <\/div>\n            <div class=\"kksr-star\" data-star=\"5\" style=\"padding-right: 4px\">\n            \n\n<div class=\"kksr-icon\" style=\"width: 24px; height: 24px;\"><\/div>\n        <\/div>\n    <\/div>\n    \n<div class=\"kksr-stars-active\" style=\"width: 110px;\">\n            <div class=\"kksr-star\" style=\"padding-right: 4px\">\n            \n\n<div class=\"kksr-icon\" style=\"width: 24px; height: 24px;\"><\/div>\n        <\/div>\n            <div class=\"kksr-star\" style=\"padding-right: 4px\">\n            \n\n<div class=\"kksr-icon\" style=\"width: 24px; height: 24px;\"><\/div>\n        <\/div>\n            <div class=\"kksr-star\" style=\"padding-right: 4px\">\n            \n\n<div class=\"kksr-icon\" style=\"width: 24px; height: 24px;\"><\/div>\n        <\/div>\n            <div class=\"kksr-star\" style=\"padding-right: 4px\">\n            \n\n<div class=\"kksr-icon\" style=\"width: 24px; height: 24px;\"><\/div>\n        <\/div>\n            <div class=\"kksr-star\" style=\"padding-right: 4px\">\n            \n\n<div class=\"kksr-icon\" style=\"width: 24px; height: 24px;\"><\/div>\n        <\/div>\n    <\/div>\n<\/div>\n                \n\n<div class=\"kksr-legend\" style=\"font-size: 19.2px;\">\n            4\/5 - (43 votes)    <\/div>\n    <\/div>","protected":false},"excerpt":{"rendered":"<p>\u00c0 la d\u00e9couverte du parfum pour homme \u00ab\u00a0Givenchy Accord Particulier Eau de Parfum\u00a0\u00bb \u00e0 porter seul ou avec un autre parfum !<\/p>","protected":false},"author":1,"featured_media":455531,"comment_status":"open","ping_status":"open","sticky":false,"template":"","format":"standard","meta":{"footnotes":""},"categories":[7531,558],"tags":[13277,13278],"class_list":["post-455511","post","type-post","status-publish","format-standard","has-post-thumbnail","hentry","category-beaute-homme","category-parfums-hommes","tag-parfums-chypres-homme","tag-parfums-floraux-homme"],"yoast_head":"<!-- This site is optimized with the Yoast SEO Premium plugin v27.4 (Yoast SEO v27.4) - https:\/\/yoast.com\/product\/yoast-seo-premium-wordpress\/ -->\n<title>Givenchy Accord Particulier Eau de Parfum : Test et avis !<\/title>\n<meta name=\"description\" content=\"\u00c0 la d\u00e9couverte du parfum pour homme &quot;Givenchy Accord Particulier Eau de Parfum&quot; \u00e0 porter seul ou avec un autre parfum !\" \/>\n<meta name=\"robots\" content=\"index, follow, max-snippet:-1, max-image-preview:large, max-video-preview:-1\" \/>\n<link rel=\"canonical\" href=\"https:\/\/www.reead.com\/fr\/givenchy-accord-particulier-eau-de-parfum-avis-4555112022\/\" \/>\n<meta property=\"og:locale\" content=\"fr_FR\" \/>\n<meta property=\"og:type\" content=\"article\" \/>\n<meta property=\"og:title\" content=\"Givenchy Accord Particulier Eau de Parfum : un m\u00e9lange qui va \u00e9veiller vos sens\" \/>\n<meta property=\"og:description\" content=\"\u00c0 la d\u00e9couverte du parfum pour homme &quot;Givenchy Accord Particulier Eau de Parfum&quot; \u00e0 porter seul ou avec un autre parfum !\" \/>\n<meta property=\"og:url\" content=\"https:\/\/www.reead.com\/fr\/givenchy-accord-particulier-eau-de-parfum-avis-4555112022\/\" \/>\n<meta property=\"og:site_name\" content=\"Conseils Voyage, Mode Homme et Lifestyle\" \/>\n<meta property=\"article:publisher\" content=\"https:\/\/www.facebook.com\/welovereead\" \/>\n<meta property=\"article:author\" content=\"https:\/\/www.facebook.com\/welovereead\" \/>\n<meta property=\"article:published_time\" content=\"2022-01-07T07:00:33+00:00\" \/>\n<meta property=\"article:modified_time\" content=\"2023-10-05T23:30:28+00:00\" \/>\n<meta property=\"og:image\" content=\"https:\/\/www.reead.com\/fr\/wp-content\/uploads\/2021\/09\/accord-particulier-givenchy.jpg\" \/>\n\t<meta property=\"og:image:width\" content=\"1300\" \/>\n\t<meta property=\"og:image:height\" content=\"867\" \/>\n\t<meta property=\"og:image:type\" content=\"image\/jpeg\" \/>\n<meta name=\"author\" content=\"Reead\" \/>\n<meta name=\"twitter:card\" content=\"summary_large_image\" \/>\n<meta name=\"twitter:creator\" content=\"@blogdereead\" \/>\n<meta name=\"twitter:site\" content=\"@blogdereead\" \/>\n<script type=\"application\/ld+json\" class=\"yoast-schema-graph\">{\"@context\":\"https:\\\/\\\/schema.org\",\"@graph\":[{\"@type\":\"Article\",\"@id\":\"https:\\\/\\\/www.reead.com\\\/fr\\\/givenchy-accord-particulier-eau-de-parfum-avis-4555112022\\\/#article\",\"isPartOf\":{\"@id\":\"https:\\\/\\\/www.reead.com\\\/fr\\\/givenchy-accord-particulier-eau-de-parfum-avis-4555112022\\\/\"},\"author\":{\"name\":\"Reead\",\"@id\":\"https:\\\/\\\/www.reead.com\\\/fr\\\/#\\\/schema\\\/person\\\/551a8a4b469ab53c0b48bcd3846fb3c6\"},\"headline\":\"Givenchy Accord Particulier Eau de Parfum : un m\u00e9lange qui va \u00e9veiller vos sens\",\"datePublished\":\"2022-01-07T07:00:33+00:00\",\"dateModified\":\"2023-10-05T23:30:28+00:00\",\"mainEntityOfPage\":{\"@id\":\"https:\\\/\\\/www.reead.com\\\/fr\\\/givenchy-accord-particulier-eau-de-parfum-avis-4555112022\\\/\"},\"wordCount\":804,\"commentCount\":0,\"publisher\":{\"@id\":\"https:\\\/\\\/www.reead.com\\\/fr\\\/#\\\/schema\\\/person\\\/551a8a4b469ab53c0b48bcd3846fb3c6\"},\"image\":{\"@id\":\"https:\\\/\\\/www.reead.com\\\/fr\\\/givenchy-accord-particulier-eau-de-parfum-avis-4555112022\\\/#primaryimage\"},\"thumbnailUrl\":\"https:\\\/\\\/www.reead.com\\\/fr\\\/wp-content\\\/uploads\\\/2021\\\/09\\\/accord-particulier-givenchy.jpg\",\"keywords\":[\"Parfums chypr\u00e9s pour homme\",\"Parfums floraux pour homme\"],\"articleSection\":[\"Beaut\u00e9 Homme\",\"Meilleurs Parfums pour Homme\"],\"inLanguage\":\"fr-FR\",\"potentialAction\":[{\"@type\":\"CommentAction\",\"name\":\"Comment\",\"target\":[\"https:\\\/\\\/www.reead.com\\\/fr\\\/givenchy-accord-particulier-eau-de-parfum-avis-4555112022\\\/#respond\"]}]},{\"@type\":\"WebPage\",\"@id\":\"https:\\\/\\\/www.reead.com\\\/fr\\\/givenchy-accord-particulier-eau-de-parfum-avis-4555112022\\\/\",\"url\":\"https:\\\/\\\/www.reead.com\\\/fr\\\/givenchy-accord-particulier-eau-de-parfum-avis-4555112022\\\/\",\"name\":\"Givenchy Accord Particulier Eau de Parfum : Test et avis !\",\"isPartOf\":{\"@id\":\"https:\\\/\\\/www.reead.com\\\/fr\\\/#website\"},\"primaryImageOfPage\":{\"@id\":\"https:\\\/\\\/www.reead.com\\\/fr\\\/givenchy-accord-particulier-eau-de-parfum-avis-4555112022\\\/#primaryimage\"},\"image\":{\"@id\":\"https:\\\/\\\/www.reead.com\\\/fr\\\/givenchy-accord-particulier-eau-de-parfum-avis-4555112022\\\/#primaryimage\"},\"thumbnailUrl\":\"https:\\\/\\\/www.reead.com\\\/fr\\\/wp-content\\\/uploads\\\/2021\\\/09\\\/accord-particulier-givenchy.jpg\",\"datePublished\":\"2022-01-07T07:00:33+00:00\",\"dateModified\":\"2023-10-05T23:30:28+00:00\",\"description\":\"\u00c0 la d\u00e9couverte du parfum pour homme \\\"Givenchy Accord Particulier Eau de Parfum\\\" \u00e0 porter seul ou avec un autre parfum !\",\"breadcrumb\":{\"@id\":\"https:\\\/\\\/www.reead.com\\\/fr\\\/givenchy-accord-particulier-eau-de-parfum-avis-4555112022\\\/#breadcrumb\"},\"inLanguage\":\"fr-FR\",\"potentialAction\":[{\"@type\":\"ReadAction\",\"target\":[\"https:\\\/\\\/www.reead.com\\\/fr\\\/givenchy-accord-particulier-eau-de-parfum-avis-4555112022\\\/\"]}]},{\"@type\":\"ImageObject\",\"inLanguage\":\"fr-FR\",\"@id\":\"https:\\\/\\\/www.reead.com\\\/fr\\\/givenchy-accord-particulier-eau-de-parfum-avis-4555112022\\\/#primaryimage\",\"url\":\"https:\\\/\\\/www.reead.com\\\/fr\\\/wp-content\\\/uploads\\\/2021\\\/09\\\/accord-particulier-givenchy.jpg\",\"contentUrl\":\"https:\\\/\\\/www.reead.com\\\/fr\\\/wp-content\\\/uploads\\\/2021\\\/09\\\/accord-particulier-givenchy.jpg\",\"width\":1300,\"height\":867,\"caption\":\"avis Givenchy Accord Particulier Eau de Parfum\"},{\"@type\":\"BreadcrumbList\",\"@id\":\"https:\\\/\\\/www.reead.com\\\/fr\\\/givenchy-accord-particulier-eau-de-parfum-avis-4555112022\\\/#breadcrumb\",\"itemListElement\":[{\"@type\":\"ListItem\",\"position\":1,\"name\":\"Accueil\",\"item\":\"https:\\\/\\\/www.reead.com\\\/fr\\\/\"},{\"@type\":\"ListItem\",\"position\":2,\"name\":\"Beaut\u00e9 Homme\",\"item\":\"https:\\\/\\\/www.reead.com\\\/fr\\\/beaute-homme\\\/\"},{\"@type\":\"ListItem\",\"position\":3,\"name\":\"Meilleurs Parfums pour Homme\",\"item\":\"https:\\\/\\\/www.reead.com\\\/fr\\\/beaute-homme\\\/parfums-hommes\\\/\"},{\"@type\":\"ListItem\",\"position\":4,\"name\":\"Givenchy Accord Particulier Eau de Parfum : un m\u00e9lange qui va \u00e9veiller vos sens\"}]},{\"@type\":\"WebSite\",\"@id\":\"https:\\\/\\\/www.reead.com\\\/fr\\\/#website\",\"url\":\"https:\\\/\\\/www.reead.com\\\/fr\\\/\",\"name\":\"Reead.com\",\"description\":\"Conseils Voyage, Mode Homme et Lifestyle\",\"publisher\":{\"@id\":\"https:\\\/\\\/www.reead.com\\\/fr\\\/#\\\/schema\\\/person\\\/551a8a4b469ab53c0b48bcd3846fb3c6\"},\"potentialAction\":[{\"@type\":\"SearchAction\",\"target\":{\"@type\":\"EntryPoint\",\"urlTemplate\":\"https:\\\/\\\/www.reead.com\\\/fr\\\/?s={search_term_string}\"},\"query-input\":{\"@type\":\"PropertyValueSpecification\",\"valueRequired\":true,\"valueName\":\"search_term_string\"}}],\"inLanguage\":\"fr-FR\"},{\"@type\":[\"Person\",\"Organization\"],\"@id\":\"https:\\\/\\\/www.reead.com\\\/fr\\\/#\\\/schema\\\/person\\\/551a8a4b469ab53c0b48bcd3846fb3c6\",\"name\":\"Reead\",\"image\":{\"@type\":\"ImageObject\",\"inLanguage\":\"fr-FR\",\"@id\":\"https:\\\/\\\/www.reead.com\\\/fr\\\/wp-content\\\/uploads\\\/2018\\\/12\\\/reead.jpg\",\"url\":\"https:\\\/\\\/www.reead.com\\\/fr\\\/wp-content\\\/uploads\\\/2018\\\/12\\\/reead.jpg\",\"contentUrl\":\"https:\\\/\\\/www.reead.com\\\/fr\\\/wp-content\\\/uploads\\\/2018\\\/12\\\/reead.jpg\",\"width\":900,\"height\":610,\"caption\":\"Reead\"},\"logo\":{\"@id\":\"https:\\\/\\\/www.reead.com\\\/fr\\\/wp-content\\\/uploads\\\/2018\\\/12\\\/reead.jpg\"},\"description\":\"Reead est un blogueur voyage fran\u00e7ais bas\u00e9 \u00e0 Las Vegas et le fondateur de Reead.com, un blog lanc\u00e9 en 2009 consacr\u00e9 aux voyages, aux miles et aux programmes de fid\u00e9lit\u00e9. Sp\u00e9cialis\u00e9 dans les cartes de cr\u00e9dit voyage, les miles et points, ainsi que les programmes comme Flying Blue, American Express Membership Rewards ou les alliances a\u00e9riennes, il partage des strat\u00e9gies concr\u00e8tes pour r\u00e9duire le co\u00fbt des voyages et optimiser les r\u00e9compenses des cartes de cr\u00e9dit. Install\u00e9 aux \u00c9tats-Unis, Reead publie \u00e9galement des guides pour visiter les USA, des analyses de programmes de fid\u00e9lit\u00e9 et des retours d\u2019exp\u00e9rience sur les compagnies a\u00e9riennes, h\u00f4tels et cartes premium. Depuis plus de 15 ans, ses articles aident les voyageurs \u00e0 comprendre les miles, accumuler des points plus rapidement et voyager dans de meilleures conditions pour moins cher. Survivant du cancer, il partage aussi une vision simple : profiter de la vie et explorer le monde intelligemment.\",\"sameAs\":[\"https:\\\/\\\/www.reead.com\\\/fr\\\/\",\"https:\\\/\\\/www.facebook.com\\\/welovereead\",\"https:\\\/\\\/www.instagram.com\\\/reead\\\/?hl=fr\",\"https:\\\/\\\/www.pinterest.com\\\/reead\\\/\",\"https:\\\/\\\/x.com\\\/blogdereead\",\"https:\\\/\\\/www.youtube.com\\\/reead\"],\"gender\":\"homme\",\"knowsAbout\":[\"Voyage\",\"miles et points\"],\"knowsLanguage\":[\"Anglais\",\"Fran\u00e7ais\"],\"publishingPrinciples\":\"https:\\\/\\\/www.reead.com\\\/fr\\\/politique-de-publication\\\/\"}]}<\/script>\n<!-- \/ Yoast SEO Premium plugin. -->","yoast_head_json":{"title":"Givenchy Accord Particulier Eau de Parfum : Test et avis !","description":"\u00c0 la d\u00e9couverte du parfum pour homme \"Givenchy Accord Particulier Eau de Parfum\" \u00e0 porter seul ou avec un autre parfum !","robots":{"index":"index","follow":"follow","max-snippet":"max-snippet:-1","max-image-preview":"max-image-preview:large","max-video-preview":"max-video-preview:-1"},"canonical":"https:\/\/www.reead.com\/fr\/givenchy-accord-particulier-eau-de-parfum-avis-4555112022\/","og_locale":"fr_FR","og_type":"article","og_title":"Givenchy Accord Particulier Eau de Parfum : un m\u00e9lange qui va \u00e9veiller vos sens","og_description":"\u00c0 la d\u00e9couverte du parfum pour homme \"Givenchy Accord Particulier Eau de Parfum\" \u00e0 porter seul ou avec un autre parfum !","og_url":"https:\/\/www.reead.com\/fr\/givenchy-accord-particulier-eau-de-parfum-avis-4555112022\/","og_site_name":"Conseils Voyage, Mode Homme et Lifestyle","article_publisher":"https:\/\/www.facebook.com\/welovereead","article_author":"https:\/\/www.facebook.com\/welovereead","article_published_time":"2022-01-07T07:00:33+00:00","article_modified_time":"2023-10-05T23:30:28+00:00","og_image":[{"width":1300,"height":867,"url":"https:\/\/www.reead.com\/fr\/wp-content\/uploads\/2021\/09\/accord-particulier-givenchy.jpg","type":"image\/jpeg"}],"author":"Reead","twitter_card":"summary_large_image","twitter_creator":"@blogdereead","twitter_site":"@blogdereead","schema":{"@context":"https:\/\/schema.org","@graph":[{"@type":"Article","@id":"https:\/\/www.reead.com\/fr\/givenchy-accord-particulier-eau-de-parfum-avis-4555112022\/#article","isPartOf":{"@id":"https:\/\/www.reead.com\/fr\/givenchy-accord-particulier-eau-de-parfum-avis-4555112022\/"},"author":{"name":"Reead","@id":"https:\/\/www.reead.com\/fr\/#\/schema\/person\/551a8a4b469ab53c0b48bcd3846fb3c6"},"headline":"Givenchy Accord Particulier Eau de Parfum : un m\u00e9lange qui va \u00e9veiller vos sens","datePublished":"2022-01-07T07:00:33+00:00","dateModified":"2023-10-05T23:30:28+00:00","mainEntityOfPage":{"@id":"https:\/\/www.reead.com\/fr\/givenchy-accord-particulier-eau-de-parfum-avis-4555112022\/"},"wordCount":804,"commentCount":0,"publisher":{"@id":"https:\/\/www.reead.com\/fr\/#\/schema\/person\/551a8a4b469ab53c0b48bcd3846fb3c6"},"image":{"@id":"https:\/\/www.reead.com\/fr\/givenchy-accord-particulier-eau-de-parfum-avis-4555112022\/#primaryimage"},"thumbnailUrl":"https:\/\/www.reead.com\/fr\/wp-content\/uploads\/2021\/09\/accord-particulier-givenchy.jpg","keywords":["Parfums chypr\u00e9s pour homme","Parfums floraux pour homme"],"articleSection":["Beaut\u00e9 Homme","Meilleurs Parfums pour Homme"],"inLanguage":"fr-FR","potentialAction":[{"@type":"CommentAction","name":"Comment","target":["https:\/\/www.reead.com\/fr\/givenchy-accord-particulier-eau-de-parfum-avis-4555112022\/#respond"]}]},{"@type":"WebPage","@id":"https:\/\/www.reead.com\/fr\/givenchy-accord-particulier-eau-de-parfum-avis-4555112022\/","url":"https:\/\/www.reead.com\/fr\/givenchy-accord-particulier-eau-de-parfum-avis-4555112022\/","name":"Givenchy Accord Particulier Eau de Parfum : Test et avis !","isPartOf":{"@id":"https:\/\/www.reead.com\/fr\/#website"},"primaryImageOfPage":{"@id":"https:\/\/www.reead.com\/fr\/givenchy-accord-particulier-eau-de-parfum-avis-4555112022\/#primaryimage"},"image":{"@id":"https:\/\/www.reead.com\/fr\/givenchy-accord-particulier-eau-de-parfum-avis-4555112022\/#primaryimage"},"thumbnailUrl":"https:\/\/www.reead.com\/fr\/wp-content\/uploads\/2021\/09\/accord-particulier-givenchy.jpg","datePublished":"2022-01-07T07:00:33+00:00","dateModified":"2023-10-05T23:30:28+00:00","description":"\u00c0 la d\u00e9couverte du parfum pour homme \"Givenchy Accord Particulier Eau de Parfum\" \u00e0 porter seul ou avec un autre parfum !","breadcrumb":{"@id":"https:\/\/www.reead.com\/fr\/givenchy-accord-particulier-eau-de-parfum-avis-4555112022\/#breadcrumb"},"inLanguage":"fr-FR","potentialAction":[{"@type":"ReadAction","target":["https:\/\/www.reead.com\/fr\/givenchy-accord-particulier-eau-de-parfum-avis-4555112022\/"]}]},{"@type":"ImageObject","inLanguage":"fr-FR","@id":"https:\/\/www.reead.com\/fr\/givenchy-accord-particulier-eau-de-parfum-avis-4555112022\/#primaryimage","url":"https:\/\/www.reead.com\/fr\/wp-content\/uploads\/2021\/09\/accord-particulier-givenchy.jpg","contentUrl":"https:\/\/www.reead.com\/fr\/wp-content\/uploads\/2021\/09\/accord-particulier-givenchy.jpg","width":1300,"height":867,"caption":"avis Givenchy Accord Particulier Eau de Parfum"},{"@type":"BreadcrumbList","@id":"https:\/\/www.reead.com\/fr\/givenchy-accord-particulier-eau-de-parfum-avis-4555112022\/#breadcrumb","itemListElement":[{"@type":"ListItem","position":1,"name":"Accueil","item":"https:\/\/www.reead.com\/fr\/"},{"@type":"ListItem","position":2,"name":"Beaut\u00e9 Homme","item":"https:\/\/www.reead.com\/fr\/beaute-homme\/"},{"@type":"ListItem","position":3,"name":"Meilleurs Parfums pour Homme","item":"https:\/\/www.reead.com\/fr\/beaute-homme\/parfums-hommes\/"},{"@type":"ListItem","position":4,"name":"Givenchy Accord Particulier Eau de Parfum : un m\u00e9lange qui va \u00e9veiller vos sens"}]},{"@type":"WebSite","@id":"https:\/\/www.reead.com\/fr\/#website","url":"https:\/\/www.reead.com\/fr\/","name":"Reead.com","description":"Conseils Voyage, Mode Homme et Lifestyle","publisher":{"@id":"https:\/\/www.reead.com\/fr\/#\/schema\/person\/551a8a4b469ab53c0b48bcd3846fb3c6"},"potentialAction":[{"@type":"SearchAction","target":{"@type":"EntryPoint","urlTemplate":"https:\/\/www.reead.com\/fr\/?s={search_term_string}"},"query-input":{"@type":"PropertyValueSpecification","valueRequired":true,"valueName":"search_term_string"}}],"inLanguage":"fr-FR"},{"@type":["Person","Organization"],"@id":"https:\/\/www.reead.com\/fr\/#\/schema\/person\/551a8a4b469ab53c0b48bcd3846fb3c6","name":"Reead","image":{"@type":"ImageObject","inLanguage":"fr-FR","@id":"https:\/\/www.reead.com\/fr\/wp-content\/uploads\/2018\/12\/reead.jpg","url":"https:\/\/www.reead.com\/fr\/wp-content\/uploads\/2018\/12\/reead.jpg","contentUrl":"https:\/\/www.reead.com\/fr\/wp-content\/uploads\/2018\/12\/reead.jpg","width":900,"height":610,"caption":"Reead"},"logo":{"@id":"https:\/\/www.reead.com\/fr\/wp-content\/uploads\/2018\/12\/reead.jpg"},"description":"Reead est un blogueur voyage fran\u00e7ais bas\u00e9 \u00e0 Las Vegas et le fondateur de Reead.com, un blog lanc\u00e9 en 2009 consacr\u00e9 aux voyages, aux miles et aux programmes de fid\u00e9lit\u00e9. Sp\u00e9cialis\u00e9 dans les cartes de cr\u00e9dit voyage, les miles et points, ainsi que les programmes comme Flying Blue, American Express Membership Rewards ou les alliances a\u00e9riennes, il partage des strat\u00e9gies concr\u00e8tes pour r\u00e9duire le co\u00fbt des voyages et optimiser les r\u00e9compenses des cartes de cr\u00e9dit. Install\u00e9 aux \u00c9tats-Unis, Reead publie \u00e9galement des guides pour visiter les USA, des analyses de programmes de fid\u00e9lit\u00e9 et des retours d\u2019exp\u00e9rience sur les compagnies a\u00e9riennes, h\u00f4tels et cartes premium. Depuis plus de 15 ans, ses articles aident les voyageurs \u00e0 comprendre les miles, accumuler des points plus rapidement et voyager dans de meilleures conditions pour moins cher. Survivant du cancer, il partage aussi une vision simple : profiter de la vie et explorer le monde intelligemment.","sameAs":["https:\/\/www.reead.com\/fr\/","https:\/\/www.facebook.com\/welovereead","https:\/\/www.instagram.com\/reead\/?hl=fr","https:\/\/www.pinterest.com\/reead\/","https:\/\/x.com\/blogdereead","https:\/\/www.youtube.com\/reead"],"gender":"homme","knowsAbout":["Voyage","miles et points"],"knowsLanguage":["Anglais","Fran\u00e7ais"],"publishingPrinciples":"https:\/\/www.reead.com\/fr\/politique-de-publication\/"}]}},"_links":{"self":[{"href":"https:\/\/www.reead.com\/fr\/wp-json\/wp\/v2\/posts\/455511","targetHints":{"allow":["GET"]}}],"collection":[{"href":"https:\/\/www.reead.com\/fr\/wp-json\/wp\/v2\/posts"}],"about":[{"href":"https:\/\/www.reead.com\/fr\/wp-json\/wp\/v2\/types\/post"}],"author":[{"embeddable":true,"href":"https:\/\/www.reead.com\/fr\/wp-json\/wp\/v2\/users\/1"}],"replies":[{"embeddable":true,"href":"https:\/\/www.reead.com\/fr\/wp-json\/wp\/v2\/comments?post=455511"}],"version-history":[{"count":0,"href":"https:\/\/www.reead.com\/fr\/wp-json\/wp\/v2\/posts\/455511\/revisions"}],"wp:featuredmedia":[{"embeddable":true,"href":"https:\/\/www.reead.com\/fr\/wp-json\/wp\/v2\/media\/455531"}],"wp:attachment":[{"href":"https:\/\/www.reead.com\/fr\/wp-json\/wp\/v2\/media?parent=455511"}],"wp:term":[{"taxonomy":"category","embeddable":true,"href":"https:\/\/www.reead.com\/fr\/wp-json\/wp\/v2\/categories?post=455511"},{"taxonomy":"post_tag","embeddable":true,"href":"https:\/\/www.reead.com\/fr\/wp-json\/wp\/v2\/tags?post=455511"}],"curies":[{"name":"wp","href":"https:\/\/api.w.org\/{rel}","templated":true}]}}