{"id":453444,"date":"2021-05-10T09:00:21","date_gmt":"2021-05-10T07:00:21","guid":{"rendered":"https:\/\/www.reead.com\/fr\/?p=453444"},"modified":"2021-02-07T17:41:27","modified_gmt":"2021-02-07T15:41:27","slug":"couper-jean-en-short","status":"publish","type":"post","link":"https:\/\/www.reead.com\/fr\/couper-jean-en-short-4534442021\/","title":{"rendered":"Comment couper un jean en short ? Mon guide \u00e9tape par \u00e9tape !"},"content":{"rendered":"<p>Nous gardons tous des jeans au fond de nos placards dont il est difficile de nous s\u00e9parer, mais que nous ne portons plus. \u00c0 l&rsquo;heure o\u00f9 le recyclage est au c\u0153ur de la tendance, il est temps de les ressortir pour leur donner une seconde vie en les m\u00e9tamorphosant, et donc tout simplement couper un jean en short !<\/p>\n<p>Le short en jean est la pi\u00e8ce id\u00e9ale pour parfaire son look d&rsquo;\u00e9t\u00e9 ou partir affronter des vacances sous les cocotiers. Avec un polo, un sweatshirt, un tee-shirt ou une chemise, cet intemporel vous permet de vous assurer un look tendance en toute occasion.<\/p>\n<p>C&rsquo;est donc ici et maintenant que je vous guide pas \u00e0 pas, technique bien plus simple que celle qui consiste \u00e0 <a href=\"https:\/\/www.reead.com\/fr\/comment-retrecir-jean-4523192021\/\" target=\"_blank\" rel=\"noopener noreferrer\"><strong>r\u00e9tr\u00e9cir un jean<\/strong><\/a>, pour que vous puissiez r\u00e9aliser un short en jean qui vous sublime et dans lequel vous vous sentez bien les gars !<\/p>\n<div id=\"attachment_453445\" style=\"width: 1210px\" class=\"wp-caption alignnone\"><img loading=\"lazy\" decoding=\"async\" aria-describedby=\"caption-attachment-453445\" class=\"size-full wp-image-453445\" src=\"https:\/\/www.reead.com\/fr\/wp-content\/uploads\/2021\/02\/transformer-jean-en-short.jpg\" alt=\"couper un jean en short\" width=\"1200\" height=\"800\" srcset=\"https:\/\/www.reead.com\/fr\/wp-content\/uploads\/2021\/02\/transformer-jean-en-short.jpg 1200w,  https:\/\/www.reead.com\/fr\/wp-content\/uploads\/2021\/02\/transformer-jean-en-short-610x407.jpg 610w,  https:\/\/www.reead.com\/fr\/wp-content\/uploads\/2021\/02\/transformer-jean-en-short-960x640.jpg 960w,  https:\/\/www.reead.com\/fr\/wp-content\/uploads\/2021\/02\/transformer-jean-en-short-768x512.jpg 768w,  https:\/\/www.reead.com\/fr\/wp-content\/uploads\/2021\/02\/transformer-jean-en-short-272x182.jpg 272w\" sizes=\"auto, (max-width: 1200px) 100vw, 1200px\" \/><p id=\"caption-attachment-453445\" class=\"wp-caption-text\">Oui, j&rsquo;ai eu envie de couper qu&rsquo;une partie du jean et me balader en ville avec ce look !<\/p><\/div>\n<h2><strong>\u00c9tape 1 : comment bien choisir son jean ?<\/strong><\/h2>\n<p>Selon le look que vous souhaitez adopter : skateur, hipster, grunge, hip-hop, surfeur ou workwear, \u00e0 vous de d\u00e9terminer la couleur et la coupe qui vous convient.<\/p>\n<p>Je rappelle quelque chose de logique, mais il faut bien l&rsquo;int\u00e9grer. Le style du jean que vous poss\u00e9dez sera le style de short que vous obtiendrez. Je m&rsquo;explique : si vous prenez un <a href=\"https:\/\/www.reead.com\/fr\/comment-bien-porter-un-jean-slim-116052017\/\" target=\"_blank\" rel=\"noopener noreferrer\"><strong>jean slim<\/strong><\/a>, vous aurez un short serr\u00e9, si vous prenez un jean regular, vous obtiendrez un short ou bermuda regular.<\/p>\n<p>Vous pouvez acheter un jean en friperie qui a du style dans le but de le transformer ou passer \u00e0 l&rsquo;action avec un jean que vous poss\u00e9dez d\u00e9j\u00e0, \u00e0 vous de voir ! Le but \u00e9tant de faire quelque chose de styl\u00e9 sans se ruiner. Vous devez \u00eatre \u00e0 l&rsquo;aise dans votre jean.<\/p>\n<p>Assurez- vous qu&rsquo;il vous aille bien \u00e0 la taille, au fessier et que vos cuisses se sentent \u00e0 l&rsquo;aise dans votre futur short.<\/p>\n<h2><strong>\u00c9tape 2 : le marquage du jean<\/strong><\/h2>\n<p>Petite astuce que je vous donne, si votre jean est neuf, lavez-le et s\u00e9chez-le une fois, avant d&rsquo;entreprendre sa transformation pour vous assurez que sa taille ne bougera plus.<\/p>\n<p>Choisir la bonne taille de short est important pour \u00e9viter de se retrouver avec un short trop court ou trop long. Maintenant, allons-y ! Enfilez votre jean et faites un marquage sur le c\u00f4t\u00e9 ext\u00e9rieur de la cuisse \u00e0 la hauteur que vous souhaitez, \u00e0 l&rsquo;aide d&rsquo;un marqueur ou d&rsquo;une craie.<\/p>\n<p>Pensez que le jean va descendre un peu lorsque vous vous pencherez pour poser votre marque. Enlevez votre jean puis mesurez cette hauteur \u00e0 l&rsquo;aide d&rsquo;un m\u00e8tre (de couturi\u00e8re si vous avez) entre le bout de la jambe et la marque puis reportez-la sur le c\u00f4t\u00e9 interne. Prolongez les rep\u00e8res pour marquer l&rsquo;arri\u00e8re de la jambe. Reportez les mesures sur l&rsquo;autre jambe.<\/p>\n<p>Si vous souhaitez en faire un bermuda, visez la marque au genou ou juste au-dessus. Si vous souhaitez un short plus court, pensez qu&rsquo;il peut \u00eatre judicieux de muscler ses cuisses pour un rendu visuel optimal !<\/p>\n<p>Dans les deux cas, je vous recommande de prendre une marge d&rsquo;environ 3 cm si le but est de faire un revers. Si vous souhaitez un rendu effiloch\u00e9, pensez que le short sera r\u00e9tr\u00e9ci l\u00e9g\u00e8rement donc prenez une petite marge. Je vous conseille de garder environ un centim\u00e8tre. \u00c0 l&rsquo;aide d&rsquo;une r\u00e8gle, effectuez le tra\u00e7age sur chaque jambe.<\/p>\n<h2><strong>\u00c9tape 3 : couper le jean en short<\/strong><\/h2>\n<p>\u00c0 l&rsquo;aide de ciseaux bien aiguis\u00e9s, proc\u00e9dez au d\u00e9coupage de chaque jambe. Attention, il n&rsquo;y a pas de retour en arri\u00e8re possible. Allez-y doucement, mais franchement pour \u00e9viter d&rsquo;avoir une d\u00e9coupe en zigzag.<\/p>\n<blockquote><p>N&rsquo;h\u00e9sitez pas \u00e0 utilisez de grands ciseaux, bien plus puissants pour couper du jean<\/p><\/blockquote>\n<p>Pour un rendu effiloch\u00e9, privil\u00e9giez les ciseaux \u00e0 crans, cela vous \u00e9vitera de vous retrouver avec des centim\u00e8tres en moins au fil du temps. Si vous souhaitez un effet plus destroy, mettez un coup de ciseau sur la couture ext\u00e9rieure de chaque jambe et craquez le tissu \u00e0 la main d&rsquo;un coup franc, effet garanti !<\/p>\n<p><iframe loading=\"lazy\" title=\"Comment transformer un jean en short ?\" width=\"1170\" height=\"658\" src=\"https:\/\/www.youtube.com\/embed\/KnUhcpu4ztU?feature=oembed\" frameborder=\"0\" allow=\"accelerometer; autoplay; clipboard-write; encrypted-media; gyroscope; picture-in-picture\" allowfullscreen><\/iframe><\/p>\n<h2><strong>\u00c9tape 4 : les finitions, quand le jean devient un short<\/strong><\/h2>\n<p>Pour une finition nette, faites un double revers que vous passez au fer \u00e0 repasser afin qu&rsquo;il tienne correctement. Pour les plus soucieux du d\u00e9tail, faites un ourlet \u00e0 la machine \u00e0 coudre, ou amenez-le chez un couturier si vous ne savez pas faire.<\/p>\n<p>Vous avez d\u00e9sormais votre short en jean ! Vous pouvez peaufiner son look en cr\u00e9ant un effet us\u00e9 avec du papier de verre \u00e0 diff\u00e9rents endroits ou pourquoi pas, lui mettre quelques coups de cutter pour accentuer l&rsquo;usure et le c\u00f4t\u00e9 destroy.<\/p>\n<p>Vous pouvez \u00e9galement faire quelques trous qui se r\u00e9v\u00e9leront naturels d\u00e8s le prochain lavage, et m\u00eame utiliser <a href=\"https:\/\/www.reead.com\/fr\/comment-delaver-jean-4523312021\/\" target=\"_blank\" rel=\"noopener noreferrer\"><strong>la technique du d\u00e9lavage<\/strong><\/a> pour l&rsquo;user encore plus;<\/p>\n<p>Voil\u00e0, vous avez r\u00e9alis\u00e9 un short unique dont vous ne pourrez plus vous passer !<\/p>\n\n\n<div class=\"kk-star-ratings kksr-auto kksr-align-left kksr-valign-bottom\"\n    data-payload='{&quot;align&quot;:&quot;left&quot;,&quot;id&quot;:&quot;453444&quot;,&quot;slug&quot;:&quot;default&quot;,&quot;valign&quot;:&quot;bottom&quot;,&quot;ignore&quot;:&quot;&quot;,&quot;reference&quot;:&quot;auto&quot;,&quot;class&quot;:&quot;&quot;,&quot;count&quot;:&quot;7&quot;,&quot;legendonly&quot;:&quot;&quot;,&quot;readonly&quot;:&quot;&quot;,&quot;score&quot;:&quot;5&quot;,&quot;starsonly&quot;:&quot;&quot;,&quot;best&quot;:&quot;5&quot;,&quot;gap&quot;:&quot;4&quot;,&quot;greet&quot;:&quot;Votez pour ce post&quot;,&quot;legend&quot;:&quot;5\\\/5 - (7 votes)&quot;,&quot;size&quot;:&quot;24&quot;,&quot;title&quot;:&quot;Comment couper un jean en short ? Mon guide \u00e9tape par \u00e9tape !&quot;,&quot;width&quot;:&quot;138&quot;,&quot;_legend&quot;:&quot;{score}\\\/{best} - ({count} {votes})&quot;,&quot;font_factor&quot;:&quot;1.25&quot;}'>\n            \n<div class=\"kksr-stars\">\n    \n<div class=\"kksr-stars-inactive\">\n            <div class=\"kksr-star\" data-star=\"1\" style=\"padding-right: 4px\">\n            \n\n<div class=\"kksr-icon\" style=\"width: 24px; height: 24px;\"><\/div>\n        <\/div>\n            <div class=\"kksr-star\" data-star=\"2\" style=\"padding-right: 4px\">\n            \n\n<div class=\"kksr-icon\" style=\"width: 24px; height: 24px;\"><\/div>\n        <\/div>\n            <div class=\"kksr-star\" data-star=\"3\" style=\"padding-right: 4px\">\n            \n\n<div class=\"kksr-icon\" style=\"width: 24px; height: 24px;\"><\/div>\n        <\/div>\n            <div class=\"kksr-star\" data-star=\"4\" style=\"padding-right: 4px\">\n            \n\n<div class=\"kksr-icon\" style=\"width: 24px; height: 24px;\"><\/div>\n        <\/div>\n            <div class=\"kksr-star\" data-star=\"5\" style=\"padding-right: 4px\">\n            \n\n<div class=\"kksr-icon\" style=\"width: 24px; height: 24px;\"><\/div>\n        <\/div>\n    <\/div>\n    \n<div class=\"kksr-stars-active\" style=\"width: 138px;\">\n            <div class=\"kksr-star\" style=\"padding-right: 4px\">\n            \n\n<div class=\"kksr-icon\" style=\"width: 24px; height: 24px;\"><\/div>\n        <\/div>\n            <div class=\"kksr-star\" style=\"padding-right: 4px\">\n            \n\n<div class=\"kksr-icon\" style=\"width: 24px; height: 24px;\"><\/div>\n        <\/div>\n            <div class=\"kksr-star\" style=\"padding-right: 4px\">\n            \n\n<div class=\"kksr-icon\" style=\"width: 24px; height: 24px;\"><\/div>\n        <\/div>\n            <div class=\"kksr-star\" style=\"padding-right: 4px\">\n            \n\n<div class=\"kksr-icon\" style=\"width: 24px; height: 24px;\"><\/div>\n        <\/div>\n            <div class=\"kksr-star\" style=\"padding-right: 4px\">\n            \n\n<div class=\"kksr-icon\" style=\"width: 24px; height: 24px;\"><\/div>\n        <\/div>\n    <\/div>\n<\/div>\n                \n\n<div class=\"kksr-legend\" style=\"font-size: 19.2px;\">\n            5\/5 - (7 votes)    <\/div>\n    <\/div>","protected":false},"excerpt":{"rendered":"<p>Voici une technique simple et rapide pour couper un jean en short pour lui donner une seconde vie avec cette transformation.<\/p>","protected":false},"author":1,"featured_media":453445,"comment_status":"open","ping_status":"open","sticky":false,"template":"","format":"standard","meta":{"footnotes":""},"categories":[552,578],"tags":[913,744],"class_list":["post-453444","post","type-post","status-publish","format-standard","has-post-thumbnail","hentry","category-mode-homme","category-jeans-shorts-hommes","tag-jean-homme","tag-short-homme"],"yoast_head":"<!-- This site is optimized with the Yoast SEO Premium plugin v27.4 (Yoast SEO v27.4) - https:\/\/yoast.com\/product\/yoast-seo-premium-wordpress\/ -->\n<title>Comment couper un jean en short ? Mon guide \u00e9tape par \u00e9tape !<\/title>\n<meta name=\"description\" content=\"Voici une technique simple et rapide pour couper un jean en short pour lui donner une seconde vie avec cette transformation.\" \/>\n<meta name=\"robots\" content=\"index, follow, max-snippet:-1, max-image-preview:large, max-video-preview:-1\" \/>\n<link rel=\"canonical\" href=\"https:\/\/www.reead.com\/fr\/couper-jean-en-short-4534442021\/\" \/>\n<meta property=\"og:locale\" content=\"fr_FR\" \/>\n<meta property=\"og:type\" content=\"article\" \/>\n<meta property=\"og:title\" content=\"Comment couper un jean en short ? Mon guide \u00e9tape par \u00e9tape !\" \/>\n<meta property=\"og:description\" content=\"Voici une technique simple et rapide pour couper un jean en short pour lui donner une seconde vie avec cette transformation.\" \/>\n<meta property=\"og:url\" content=\"https:\/\/www.reead.com\/fr\/couper-jean-en-short-4534442021\/\" \/>\n<meta property=\"og:site_name\" content=\"Conseils Voyage, Mode Homme et Lifestyle\" \/>\n<meta property=\"article:publisher\" content=\"https:\/\/www.facebook.com\/welovereead\" \/>\n<meta property=\"article:author\" content=\"https:\/\/www.facebook.com\/welovereead\" \/>\n<meta property=\"article:published_time\" content=\"2021-05-10T07:00:21+00:00\" \/>\n<meta property=\"og:image\" content=\"https:\/\/www.reead.com\/fr\/wp-content\/uploads\/2021\/02\/transformer-jean-en-short.jpg\" \/>\n\t<meta property=\"og:image:width\" content=\"1200\" \/>\n\t<meta property=\"og:image:height\" content=\"800\" \/>\n\t<meta property=\"og:image:type\" content=\"image\/jpeg\" \/>\n<meta name=\"author\" content=\"Reead\" \/>\n<meta name=\"twitter:card\" content=\"summary_large_image\" \/>\n<meta name=\"twitter:creator\" content=\"@blogdereead\" \/>\n<meta name=\"twitter:site\" content=\"@blogdereead\" \/>\n<script type=\"application\/ld+json\" class=\"yoast-schema-graph\">{\"@context\":\"https:\\\/\\\/schema.org\",\"@graph\":[{\"@type\":\"Article\",\"@id\":\"https:\\\/\\\/www.reead.com\\\/fr\\\/couper-jean-en-short-4534442021\\\/#article\",\"isPartOf\":{\"@id\":\"https:\\\/\\\/www.reead.com\\\/fr\\\/couper-jean-en-short-4534442021\\\/\"},\"author\":{\"name\":\"Reead\",\"@id\":\"https:\\\/\\\/www.reead.com\\\/fr\\\/#\\\/schema\\\/person\\\/551a8a4b469ab53c0b48bcd3846fb3c6\"},\"headline\":\"Comment couper un jean en short ? Mon guide \u00e9tape par \u00e9tape !\",\"datePublished\":\"2021-05-10T07:00:21+00:00\",\"mainEntityOfPage\":{\"@id\":\"https:\\\/\\\/www.reead.com\\\/fr\\\/couper-jean-en-short-4534442021\\\/\"},\"wordCount\":888,\"commentCount\":0,\"publisher\":{\"@id\":\"https:\\\/\\\/www.reead.com\\\/fr\\\/#\\\/schema\\\/person\\\/551a8a4b469ab53c0b48bcd3846fb3c6\"},\"image\":{\"@id\":\"https:\\\/\\\/www.reead.com\\\/fr\\\/couper-jean-en-short-4534442021\\\/#primaryimage\"},\"thumbnailUrl\":\"https:\\\/\\\/www.reead.com\\\/fr\\\/wp-content\\\/uploads\\\/2021\\\/02\\\/transformer-jean-en-short.jpg\",\"keywords\":[\"Jean pour homme\",\"Short homme\"],\"articleSection\":[\"Conseils Mode homme\",\"Les bas : Pantalons, jeans et shorts\"],\"inLanguage\":\"fr-FR\",\"potentialAction\":[{\"@type\":\"CommentAction\",\"name\":\"Comment\",\"target\":[\"https:\\\/\\\/www.reead.com\\\/fr\\\/couper-jean-en-short-4534442021\\\/#respond\"]}]},{\"@type\":\"WebPage\",\"@id\":\"https:\\\/\\\/www.reead.com\\\/fr\\\/couper-jean-en-short-4534442021\\\/\",\"url\":\"https:\\\/\\\/www.reead.com\\\/fr\\\/couper-jean-en-short-4534442021\\\/\",\"name\":\"Comment couper un jean en short ? Mon guide \u00e9tape par \u00e9tape !\",\"isPartOf\":{\"@id\":\"https:\\\/\\\/www.reead.com\\\/fr\\\/#website\"},\"primaryImageOfPage\":{\"@id\":\"https:\\\/\\\/www.reead.com\\\/fr\\\/couper-jean-en-short-4534442021\\\/#primaryimage\"},\"image\":{\"@id\":\"https:\\\/\\\/www.reead.com\\\/fr\\\/couper-jean-en-short-4534442021\\\/#primaryimage\"},\"thumbnailUrl\":\"https:\\\/\\\/www.reead.com\\\/fr\\\/wp-content\\\/uploads\\\/2021\\\/02\\\/transformer-jean-en-short.jpg\",\"datePublished\":\"2021-05-10T07:00:21+00:00\",\"description\":\"Voici une technique simple et rapide pour couper un jean en short pour lui donner une seconde vie avec cette transformation.\",\"breadcrumb\":{\"@id\":\"https:\\\/\\\/www.reead.com\\\/fr\\\/couper-jean-en-short-4534442021\\\/#breadcrumb\"},\"inLanguage\":\"fr-FR\",\"potentialAction\":[{\"@type\":\"ReadAction\",\"target\":[\"https:\\\/\\\/www.reead.com\\\/fr\\\/couper-jean-en-short-4534442021\\\/\"]}]},{\"@type\":\"ImageObject\",\"inLanguage\":\"fr-FR\",\"@id\":\"https:\\\/\\\/www.reead.com\\\/fr\\\/couper-jean-en-short-4534442021\\\/#primaryimage\",\"url\":\"https:\\\/\\\/www.reead.com\\\/fr\\\/wp-content\\\/uploads\\\/2021\\\/02\\\/transformer-jean-en-short.jpg\",\"contentUrl\":\"https:\\\/\\\/www.reead.com\\\/fr\\\/wp-content\\\/uploads\\\/2021\\\/02\\\/transformer-jean-en-short.jpg\",\"width\":1200,\"height\":800,\"caption\":\"Oui, j'ai eu envie de couper qu'une partie du jean et me balader en ville avec ce look !\"},{\"@type\":\"BreadcrumbList\",\"@id\":\"https:\\\/\\\/www.reead.com\\\/fr\\\/couper-jean-en-short-4534442021\\\/#breadcrumb\",\"itemListElement\":[{\"@type\":\"ListItem\",\"position\":1,\"name\":\"Accueil\",\"item\":\"https:\\\/\\\/www.reead.com\\\/fr\\\/\"},{\"@type\":\"ListItem\",\"position\":2,\"name\":\"Conseils Mode homme\",\"item\":\"https:\\\/\\\/www.reead.com\\\/fr\\\/mode-homme\\\/\"},{\"@type\":\"ListItem\",\"position\":3,\"name\":\"Les bas : Pantalons, jeans et shorts\",\"item\":\"https:\\\/\\\/www.reead.com\\\/fr\\\/mode-homme\\\/jeans-shorts-hommes\\\/\"},{\"@type\":\"ListItem\",\"position\":4,\"name\":\"Comment couper un jean en short ? Mon guide \u00e9tape par \u00e9tape !\"}]},{\"@type\":\"WebSite\",\"@id\":\"https:\\\/\\\/www.reead.com\\\/fr\\\/#website\",\"url\":\"https:\\\/\\\/www.reead.com\\\/fr\\\/\",\"name\":\"Reead.com\",\"description\":\"Conseils Voyage, Mode Homme et Lifestyle\",\"publisher\":{\"@id\":\"https:\\\/\\\/www.reead.com\\\/fr\\\/#\\\/schema\\\/person\\\/551a8a4b469ab53c0b48bcd3846fb3c6\"},\"potentialAction\":[{\"@type\":\"SearchAction\",\"target\":{\"@type\":\"EntryPoint\",\"urlTemplate\":\"https:\\\/\\\/www.reead.com\\\/fr\\\/?s={search_term_string}\"},\"query-input\":{\"@type\":\"PropertyValueSpecification\",\"valueRequired\":true,\"valueName\":\"search_term_string\"}}],\"inLanguage\":\"fr-FR\"},{\"@type\":[\"Person\",\"Organization\"],\"@id\":\"https:\\\/\\\/www.reead.com\\\/fr\\\/#\\\/schema\\\/person\\\/551a8a4b469ab53c0b48bcd3846fb3c6\",\"name\":\"Reead\",\"image\":{\"@type\":\"ImageObject\",\"inLanguage\":\"fr-FR\",\"@id\":\"https:\\\/\\\/www.reead.com\\\/fr\\\/wp-content\\\/uploads\\\/2018\\\/12\\\/reead.jpg\",\"url\":\"https:\\\/\\\/www.reead.com\\\/fr\\\/wp-content\\\/uploads\\\/2018\\\/12\\\/reead.jpg\",\"contentUrl\":\"https:\\\/\\\/www.reead.com\\\/fr\\\/wp-content\\\/uploads\\\/2018\\\/12\\\/reead.jpg\",\"width\":900,\"height\":610,\"caption\":\"Reead\"},\"logo\":{\"@id\":\"https:\\\/\\\/www.reead.com\\\/fr\\\/wp-content\\\/uploads\\\/2018\\\/12\\\/reead.jpg\"},\"description\":\"Reead est un blogueur voyage fran\u00e7ais bas\u00e9 \u00e0 Las Vegas et le fondateur de Reead.com, un blog lanc\u00e9 en 2009 consacr\u00e9 aux voyages, aux miles et aux programmes de fid\u00e9lit\u00e9. Sp\u00e9cialis\u00e9 dans les cartes de cr\u00e9dit voyage, les miles et points, ainsi que les programmes comme Flying Blue, American Express Membership Rewards ou les alliances a\u00e9riennes, il partage des strat\u00e9gies concr\u00e8tes pour r\u00e9duire le co\u00fbt des voyages et optimiser les r\u00e9compenses des cartes de cr\u00e9dit. Install\u00e9 aux \u00c9tats-Unis, Reead publie \u00e9galement des guides pour visiter les USA, des analyses de programmes de fid\u00e9lit\u00e9 et des retours d\u2019exp\u00e9rience sur les compagnies a\u00e9riennes, h\u00f4tels et cartes premium. Depuis plus de 15 ans, ses articles aident les voyageurs \u00e0 comprendre les miles, accumuler des points plus rapidement et voyager dans de meilleures conditions pour moins cher. Survivant du cancer, il partage aussi une vision simple : profiter de la vie et explorer le monde intelligemment.\",\"sameAs\":[\"https:\\\/\\\/www.reead.com\\\/fr\\\/\",\"https:\\\/\\\/www.facebook.com\\\/welovereead\",\"https:\\\/\\\/www.instagram.com\\\/reead\\\/?hl=fr\",\"https:\\\/\\\/www.pinterest.com\\\/reead\\\/\",\"https:\\\/\\\/x.com\\\/blogdereead\",\"https:\\\/\\\/www.youtube.com\\\/reead\"],\"gender\":\"homme\",\"knowsAbout\":[\"Voyage\",\"miles et points\"],\"knowsLanguage\":[\"Anglais\",\"Fran\u00e7ais\"],\"publishingPrinciples\":\"https:\\\/\\\/www.reead.com\\\/fr\\\/politique-de-publication\\\/\"}]}<\/script>\n<!-- \/ Yoast SEO Premium plugin. -->","yoast_head_json":{"title":"Comment couper un jean en short ? Mon guide \u00e9tape par \u00e9tape !","description":"Voici une technique simple et rapide pour couper un jean en short pour lui donner une seconde vie avec cette transformation.","robots":{"index":"index","follow":"follow","max-snippet":"max-snippet:-1","max-image-preview":"max-image-preview:large","max-video-preview":"max-video-preview:-1"},"canonical":"https:\/\/www.reead.com\/fr\/couper-jean-en-short-4534442021\/","og_locale":"fr_FR","og_type":"article","og_title":"Comment couper un jean en short ? Mon guide \u00e9tape par \u00e9tape !","og_description":"Voici une technique simple et rapide pour couper un jean en short pour lui donner une seconde vie avec cette transformation.","og_url":"https:\/\/www.reead.com\/fr\/couper-jean-en-short-4534442021\/","og_site_name":"Conseils Voyage, Mode Homme et Lifestyle","article_publisher":"https:\/\/www.facebook.com\/welovereead","article_author":"https:\/\/www.facebook.com\/welovereead","article_published_time":"2021-05-10T07:00:21+00:00","og_image":[{"width":1200,"height":800,"url":"https:\/\/www.reead.com\/fr\/wp-content\/uploads\/2021\/02\/transformer-jean-en-short.jpg","type":"image\/jpeg"}],"author":"Reead","twitter_card":"summary_large_image","twitter_creator":"@blogdereead","twitter_site":"@blogdereead","schema":{"@context":"https:\/\/schema.org","@graph":[{"@type":"Article","@id":"https:\/\/www.reead.com\/fr\/couper-jean-en-short-4534442021\/#article","isPartOf":{"@id":"https:\/\/www.reead.com\/fr\/couper-jean-en-short-4534442021\/"},"author":{"name":"Reead","@id":"https:\/\/www.reead.com\/fr\/#\/schema\/person\/551a8a4b469ab53c0b48bcd3846fb3c6"},"headline":"Comment couper un jean en short ? Mon guide \u00e9tape par \u00e9tape !","datePublished":"2021-05-10T07:00:21+00:00","mainEntityOfPage":{"@id":"https:\/\/www.reead.com\/fr\/couper-jean-en-short-4534442021\/"},"wordCount":888,"commentCount":0,"publisher":{"@id":"https:\/\/www.reead.com\/fr\/#\/schema\/person\/551a8a4b469ab53c0b48bcd3846fb3c6"},"image":{"@id":"https:\/\/www.reead.com\/fr\/couper-jean-en-short-4534442021\/#primaryimage"},"thumbnailUrl":"https:\/\/www.reead.com\/fr\/wp-content\/uploads\/2021\/02\/transformer-jean-en-short.jpg","keywords":["Jean pour homme","Short homme"],"articleSection":["Conseils Mode homme","Les bas : Pantalons, jeans et shorts"],"inLanguage":"fr-FR","potentialAction":[{"@type":"CommentAction","name":"Comment","target":["https:\/\/www.reead.com\/fr\/couper-jean-en-short-4534442021\/#respond"]}]},{"@type":"WebPage","@id":"https:\/\/www.reead.com\/fr\/couper-jean-en-short-4534442021\/","url":"https:\/\/www.reead.com\/fr\/couper-jean-en-short-4534442021\/","name":"Comment couper un jean en short ? Mon guide \u00e9tape par \u00e9tape !","isPartOf":{"@id":"https:\/\/www.reead.com\/fr\/#website"},"primaryImageOfPage":{"@id":"https:\/\/www.reead.com\/fr\/couper-jean-en-short-4534442021\/#primaryimage"},"image":{"@id":"https:\/\/www.reead.com\/fr\/couper-jean-en-short-4534442021\/#primaryimage"},"thumbnailUrl":"https:\/\/www.reead.com\/fr\/wp-content\/uploads\/2021\/02\/transformer-jean-en-short.jpg","datePublished":"2021-05-10T07:00:21+00:00","description":"Voici une technique simple et rapide pour couper un jean en short pour lui donner une seconde vie avec cette transformation.","breadcrumb":{"@id":"https:\/\/www.reead.com\/fr\/couper-jean-en-short-4534442021\/#breadcrumb"},"inLanguage":"fr-FR","potentialAction":[{"@type":"ReadAction","target":["https:\/\/www.reead.com\/fr\/couper-jean-en-short-4534442021\/"]}]},{"@type":"ImageObject","inLanguage":"fr-FR","@id":"https:\/\/www.reead.com\/fr\/couper-jean-en-short-4534442021\/#primaryimage","url":"https:\/\/www.reead.com\/fr\/wp-content\/uploads\/2021\/02\/transformer-jean-en-short.jpg","contentUrl":"https:\/\/www.reead.com\/fr\/wp-content\/uploads\/2021\/02\/transformer-jean-en-short.jpg","width":1200,"height":800,"caption":"Oui, j'ai eu envie de couper qu'une partie du jean et me balader en ville avec ce look !"},{"@type":"BreadcrumbList","@id":"https:\/\/www.reead.com\/fr\/couper-jean-en-short-4534442021\/#breadcrumb","itemListElement":[{"@type":"ListItem","position":1,"name":"Accueil","item":"https:\/\/www.reead.com\/fr\/"},{"@type":"ListItem","position":2,"name":"Conseils Mode homme","item":"https:\/\/www.reead.com\/fr\/mode-homme\/"},{"@type":"ListItem","position":3,"name":"Les bas : Pantalons, jeans et shorts","item":"https:\/\/www.reead.com\/fr\/mode-homme\/jeans-shorts-hommes\/"},{"@type":"ListItem","position":4,"name":"Comment couper un jean en short ? Mon guide \u00e9tape par \u00e9tape !"}]},{"@type":"WebSite","@id":"https:\/\/www.reead.com\/fr\/#website","url":"https:\/\/www.reead.com\/fr\/","name":"Reead.com","description":"Conseils Voyage, Mode Homme et Lifestyle","publisher":{"@id":"https:\/\/www.reead.com\/fr\/#\/schema\/person\/551a8a4b469ab53c0b48bcd3846fb3c6"},"potentialAction":[{"@type":"SearchAction","target":{"@type":"EntryPoint","urlTemplate":"https:\/\/www.reead.com\/fr\/?s={search_term_string}"},"query-input":{"@type":"PropertyValueSpecification","valueRequired":true,"valueName":"search_term_string"}}],"inLanguage":"fr-FR"},{"@type":["Person","Organization"],"@id":"https:\/\/www.reead.com\/fr\/#\/schema\/person\/551a8a4b469ab53c0b48bcd3846fb3c6","name":"Reead","image":{"@type":"ImageObject","inLanguage":"fr-FR","@id":"https:\/\/www.reead.com\/fr\/wp-content\/uploads\/2018\/12\/reead.jpg","url":"https:\/\/www.reead.com\/fr\/wp-content\/uploads\/2018\/12\/reead.jpg","contentUrl":"https:\/\/www.reead.com\/fr\/wp-content\/uploads\/2018\/12\/reead.jpg","width":900,"height":610,"caption":"Reead"},"logo":{"@id":"https:\/\/www.reead.com\/fr\/wp-content\/uploads\/2018\/12\/reead.jpg"},"description":"Reead est un blogueur voyage fran\u00e7ais bas\u00e9 \u00e0 Las Vegas et le fondateur de Reead.com, un blog lanc\u00e9 en 2009 consacr\u00e9 aux voyages, aux miles et aux programmes de fid\u00e9lit\u00e9. Sp\u00e9cialis\u00e9 dans les cartes de cr\u00e9dit voyage, les miles et points, ainsi que les programmes comme Flying Blue, American Express Membership Rewards ou les alliances a\u00e9riennes, il partage des strat\u00e9gies concr\u00e8tes pour r\u00e9duire le co\u00fbt des voyages et optimiser les r\u00e9compenses des cartes de cr\u00e9dit. Install\u00e9 aux \u00c9tats-Unis, Reead publie \u00e9galement des guides pour visiter les USA, des analyses de programmes de fid\u00e9lit\u00e9 et des retours d\u2019exp\u00e9rience sur les compagnies a\u00e9riennes, h\u00f4tels et cartes premium. Depuis plus de 15 ans, ses articles aident les voyageurs \u00e0 comprendre les miles, accumuler des points plus rapidement et voyager dans de meilleures conditions pour moins cher. Survivant du cancer, il partage aussi une vision simple : profiter de la vie et explorer le monde intelligemment.","sameAs":["https:\/\/www.reead.com\/fr\/","https:\/\/www.facebook.com\/welovereead","https:\/\/www.instagram.com\/reead\/?hl=fr","https:\/\/www.pinterest.com\/reead\/","https:\/\/x.com\/blogdereead","https:\/\/www.youtube.com\/reead"],"gender":"homme","knowsAbout":["Voyage","miles et points"],"knowsLanguage":["Anglais","Fran\u00e7ais"],"publishingPrinciples":"https:\/\/www.reead.com\/fr\/politique-de-publication\/"}]}},"_links":{"self":[{"href":"https:\/\/www.reead.com\/fr\/wp-json\/wp\/v2\/posts\/453444","targetHints":{"allow":["GET"]}}],"collection":[{"href":"https:\/\/www.reead.com\/fr\/wp-json\/wp\/v2\/posts"}],"about":[{"href":"https:\/\/www.reead.com\/fr\/wp-json\/wp\/v2\/types\/post"}],"author":[{"embeddable":true,"href":"https:\/\/www.reead.com\/fr\/wp-json\/wp\/v2\/users\/1"}],"replies":[{"embeddable":true,"href":"https:\/\/www.reead.com\/fr\/wp-json\/wp\/v2\/comments?post=453444"}],"version-history":[{"count":0,"href":"https:\/\/www.reead.com\/fr\/wp-json\/wp\/v2\/posts\/453444\/revisions"}],"wp:featuredmedia":[{"embeddable":true,"href":"https:\/\/www.reead.com\/fr\/wp-json\/wp\/v2\/media\/453445"}],"wp:attachment":[{"href":"https:\/\/www.reead.com\/fr\/wp-json\/wp\/v2\/media?parent=453444"}],"wp:term":[{"taxonomy":"category","embeddable":true,"href":"https:\/\/www.reead.com\/fr\/wp-json\/wp\/v2\/categories?post=453444"},{"taxonomy":"post_tag","embeddable":true,"href":"https:\/\/www.reead.com\/fr\/wp-json\/wp\/v2\/tags?post=453444"}],"curies":[{"name":"wp","href":"https:\/\/api.w.org\/{rel}","templated":true}]}}