{"id":451096,"date":"2022-01-10T09:00:32","date_gmt":"2022-01-10T07:00:32","guid":{"rendered":"https:\/\/www.reead.com\/fr\/?p=451096"},"modified":"2022-04-06T16:10:13","modified_gmt":"2022-04-06T14:10:13","slug":"quand-partir-vacances-canada","status":"publish","type":"post","link":"https:\/\/www.reead.com\/fr\/quand-partir-vacances-canada-4510962022\/","title":{"rendered":"Quand partir en vacances au Canada\u2009?"},"content":{"rendered":"<p>Si je vous dis hockey sur glace, sirop d\u2019\u00e9rable, caribou, vous penserez irr\u00e9m\u00e9diablement au Canada. Encadr\u00e9 par trois oc\u00e9ans, Atlantique, Pacifique et Arctique, ce territoire septentrional de l\u2019Am\u00e9rique du Nord attire chaque ann\u00e9e de nombreux touristes en qu\u00eate de panorama bois\u00e9 \u00e0 couper le souffle, mais alors quand partir en vacances au <a class=\"wpil_keyword_link\" href=\"https:\/\/www.reead.com\/fr\/canada\/\"   title=\"Canada\" data-wpil-keyword-link=\"linked\">Canada<\/a> !<\/p>\n<p>Le Canada est aussi renomm\u00e9 pour faire partie des pays les plus froids du monde. Contr\u00e9e qui a pour nous l\u2019avantage de d\u00e9tenir de fortes communaut\u00e9s francophones. Si vous \u00eates un peu frileux ou \u00e0 l\u2019inverse friand de sport d\u2019hiver, il est essentiel que je vous guide sur les p\u00e9riodes phares afin de bien pr\u00e9parer vos vacances.<\/p>\n<h2><strong>Hautes et moyennes saisons, douces et ensoleill\u00e9es : Mi-avril \u00e0 fin Octobre<\/strong><\/h2>\n<p>Chaque saison poss\u00e8de ses propres atouts, comme si cet immense pays s\u2019adaptait aux envies des touristes afin qu\u2019ils tombent sous son charme. Toutefois, l\u2019\u00e9t\u00e9 reste la p\u00e9riode climatique la plus favorable, surtout pour ceux supportant mal les hautes chaleurs. En effet, le mercure d\u00e9passe rarement les 30\u00a0degr\u00e9s, except\u00e9 dans certaines zones qui passent de la canicule \u00e0 des hivers les plus rigoureux.<\/p>\n<p>Ainsi, de mi-juin \u00e0 septembre, c\u2019est avec l\u00e9g\u00e8ret\u00e9 que vous pourrez profiter des grands espaces naturels qui sont la fiert\u00e9 du Canada. L\u2019occasion r\u00eav\u00e9e pour de grandes randonn\u00e9es dans les Rocheuses, de d\u00e9couvrir la splendeur des <strong><a href=\"https:\/\/www.reead.com\/fr\/les-chutes-du-niagara-une-journee-plein-les-yeux-80002014\/\" target=\"_blank\" rel=\"noopener\">chutes du Niagara<\/a><\/strong> pr\u00e8s de Toronto \u00e0 retrouver dans sa rubrique d\u00e9di\u00e9e.<\/p>\n<div id=\"attachment_455573\" style=\"width: 1310px\" class=\"wp-caption alignnone\"><img loading=\"lazy\" decoding=\"async\" aria-describedby=\"caption-attachment-455573\" class=\"size-full wp-image-455573\" src=\"https:\/\/www.reead.com\/fr\/wp-content\/uploads\/2021\/09\/quand-visiler-canada.jpg\" alt=\"\u00c0 quelle p\u00e9riode de l'ann\u00e9e visiter le Canada?\" width=\"1300\" height=\"867\" srcset=\"https:\/\/www.reead.com\/fr\/wp-content\/uploads\/2021\/09\/quand-visiler-canada.jpg 1300w,  https:\/\/www.reead.com\/fr\/wp-content\/uploads\/2021\/09\/quand-visiler-canada-610x407.jpg 610w,  https:\/\/www.reead.com\/fr\/wp-content\/uploads\/2021\/09\/quand-visiler-canada-960x640.jpg 960w,  https:\/\/www.reead.com\/fr\/wp-content\/uploads\/2021\/09\/quand-visiler-canada-768x512.jpg 768w,  https:\/\/www.reead.com\/fr\/wp-content\/uploads\/2021\/09\/quand-visiler-canada-272x182.jpg 272w\" sizes=\"auto, (max-width: 1300px) 100vw, 1300px\" \/><p id=\"caption-attachment-455573\" class=\"wp-caption-text\">Panorama du Mac Bow dans le parc national Banff, en Alberta &#8211; \u00a9 Can Stock Photo \/ peterwey<\/p><\/div>\n<p>Cependant, cette p\u00e9riode estivale poss\u00e8de quelques d\u00e9savantages, notamment la forte affluence touristique faisant exploser tous les prix. J\u2019ai pu remarquer \u00e9galement une hausse des pr\u00e9cipitations d\u2019avril \u00e0 ao\u00fbt qui peuvent parfois g\u00e2cher les visites et les activit\u00e9s ext\u00e9rieures.<\/p>\n<p>En Automne, <strong>la plus grande ville du Canada<\/strong> avec deux millions et demi d\u2019habitants qu\u2019est <strong><a class=\"wpil_keyword_link\" href=\"https:\/\/www.reead.com\/fr\/voyage\/toronto\/\"   title=\"Toronto\" data-wpil-keyword-link=\"linked\">Toronto<\/a><\/strong> demeure tr\u00e8s agr\u00e9able et bien plus abordable financi\u00e8rement. Malgr\u00e9 la chute des temp\u00e9ratures, celles-ci restent douces et conf\u00e8rent des d\u00e9cors somptueux de par les teintes chatoyantes des feuillages.<\/p>\n<blockquote><p>\u00c0 lire aussi : D\u00e9couvrez <a href=\"https:\/\/www.reead.com\/fr\/magique-le-passeport-canadien-sous-lumiere-noire-92132015\/\" target=\"_blank\" rel=\"noopener\"><strong>les secrets du passeport canadien<\/strong><\/a><\/p><\/blockquote>\n<p>De septembre \u00e0 octobre, l\u2019\u00e9t\u00e9 indien vous permet de d\u00e9couvrir les fameux quartiers pittoresques tels que le <strong><a href=\"https:\/\/www.reead.com\/fr\/toronto-distillery-district-89692014\/\" target=\"_blank\" rel=\"noopener\">Toronto Distillery District<\/a><\/strong> d\u00e9crit dans l\u2019un de nos autres articles.<\/p>\n<p>Vous pourrez profiter d\u2019une vue vertigineuse en haut de <strong>la tour CN<\/strong>, fl\u00e2ner au bord du<strong> lac Ontario<\/strong>, arpenter les ruelles de ses \u00eeles\u2026 Le mois d\u2019octobre, c\u2019est aussi le moment id\u00e9al pour <strong>observer les baleines \u00e0 bord d\u2019un kayak<\/strong>. L\u2019effervescence s\u2019\u00e9veille \u00e9galement en Automne \u00e0 Toronto, c\u2019est une saison dynamique qui regorge d\u2019animations\u00a0: <strong>la Nuit blanche<\/strong>, le <strong>festival international du film de Toronto<\/strong>, le JFL42\u2026<\/p>\n<h2><strong>Basses saisons, \u00e9conomiques et sportives : Novembre \u00e0 fin mars<\/strong><\/h2>\n<p>Propice pour tous les sports d\u2019hiver, la longue p\u00e9riode allant de novembre \u00e0 fin mars sera la favorite des passionn\u00e9s de hockey, de tra\u00eeneau, de luge, de raquettes ou de motoneige.<\/p>\n<p>Avec <strong>une centaine de stations rien qu\u2019au Qu\u00e9bec<\/strong> et des hauteurs de neige impressionnantes pouvant atteindre les 5\u00a0m\u00e8tres, les skieurs trouvent assur\u00e9ment leur bonheur. Les hivers au Canada ont la r\u00e9putation d\u2019\u00eatre glaciaux, \u00e0 juste titre.<\/p>\n<p>Un \u00e9quipement ad\u00e9quat pour vous tenir chaud est n\u00e9cessaire. Les conditions climatiques sont assez d\u00e9favorables de mi-novembre \u00e0 d\u00e9cembre, avec des temp\u00e9ratures avoisinantes les \u2014 40\u00a0degr\u00e9s pour certaines r\u00e9gions. Beaucoup de sites sont ferm\u00e9s, limitant drastiquement les possibilit\u00e9s de visite.<\/p>\n<p>De ce fait, le tourisme urbain est en berne, une certaine mani\u00e8re de retrouver une ambiance chaleureuse, en particulier lors des f\u00eates de fin d\u2019ann\u00e9e. Montr\u00e9al est une ville incontournable en cette saison.<\/p>\n<p>La <strong>m\u00e9tropole du Qu\u00e9bec<\/strong> est la deuxi\u00e8me cit\u00e9 la plus peupl\u00e9e du Canada. D\u00e9couvrez mon article \u00ab\u00a0<a href=\"https:\/\/www.reead.com\/fr\/choses-a-absolument-faire-a-montreal-hiver-138262017\/\" target=\"_blank\" rel=\"noopener\"><strong>11 choses \u00e0 absolument faire \u00e0 Montr\u00e9al en hiver<\/strong><\/a>\u00ab\u00a0, riche en id\u00e9e comme passer une soir\u00e9e \u00e0 l\u2019<strong>Igloo Fest<\/strong> ou faire <strong>du patin \u00e0 glace au Vieux-Port<\/strong>, puis y <strong>d\u00e9guster des queues de castor<\/strong> ou de la poutine.<\/p>\n<div id=\"attachment_455575\" style=\"width: 1310px\" class=\"wp-caption alignnone\"><img loading=\"lazy\" decoding=\"async\" aria-describedby=\"caption-attachment-455575\" class=\"size-full wp-image-455575\" src=\"https:\/\/www.reead.com\/fr\/wp-content\/uploads\/2021\/09\/quand-visiter-montreal.jpg\" alt=\"Quand visiter Montr\u00e9al ?\" width=\"1300\" height=\"867\" srcset=\"https:\/\/www.reead.com\/fr\/wp-content\/uploads\/2021\/09\/quand-visiter-montreal.jpg 1300w,  https:\/\/www.reead.com\/fr\/wp-content\/uploads\/2021\/09\/quand-visiter-montreal-610x407.jpg 610w,  https:\/\/www.reead.com\/fr\/wp-content\/uploads\/2021\/09\/quand-visiter-montreal-960x640.jpg 960w,  https:\/\/www.reead.com\/fr\/wp-content\/uploads\/2021\/09\/quand-visiter-montreal-768x512.jpg 768w,  https:\/\/www.reead.com\/fr\/wp-content\/uploads\/2021\/09\/quand-visiter-montreal-272x182.jpg 272w\" sizes=\"auto, (max-width: 1300px) 100vw, 1300px\" \/><p id=\"caption-attachment-455575\" class=\"wp-caption-text\">Horloge du vieux port de Montr\u00e9al &#8211; \u00a9 Can Stock Photo \/ boerescul<\/p><\/div>\n<p>Des activit\u00e9s uniques que vous ne pourrez pas pratiquer \u00e0 un autre instant de l\u2019ann\u00e9e. La riche gastronomie locale vous aidera \u00e0 r\u00e9sister au froid, plusieurs adresses gourmandes sont pr\u00e9sent\u00e9es dans <a href=\"https:\/\/www.reead.com\/fr\/voyage\/montreal\/\"><strong>la cat\u00e9gorie concernant Montr\u00e9al<\/strong><\/a> sur mon blog.<\/p>\n<p>Une autre p\u00e9riode parmi les plus \u00e9conomiques pour organiser votre voyage est de s\u00e9journer au printemps. Financi\u00e8rement, <strong>le mois le plus comp\u00e9titif est celui d\u2019avril<\/strong>, car il se situe entre deux saisons. La fonte des neiges rend les sports d\u2019hiver impraticables, toutefois, il ne fait pas encore assez chaud pour les activit\u00e9s estivales.<\/p>\n<p>Les tr\u00e8s longs hivers laissent la place \u00e0 des temps pluvieux accentu\u00e9s de mars \u00e0 d\u00e9but juin, selon les secteurs. \u00c0 cela s\u2019accompagne le retour des journ\u00e9es ensoleill\u00e9es et des temp\u00e9ratures plus douces.<\/p>\n<p>Si <strong><a href=\"https:\/\/www.reead.com\/fr\/10-choses-tarriveront-probablement-partant-a-letranger-108062016\/\" target=\"_blank\" rel=\"noopener\">en partant \u00e0 l\u2019\u00e9tranger<\/a><\/strong> vous comptiez comme moi observer la faune locale, c\u2019est le moment parfait. Les ours sortent de leur hibernation \u00e0 la fin avril, et les orques \u00e9paulards font leur grand retour pr\u00e8s des littoraux vers la mi-mai. La renaissance de la v\u00e9g\u00e9tation offre un spectacle ahurissant de splendeur. De quoi promettre des randonn\u00e9es inoubliables et le Canada est LE PAYS pour cela !<\/p>\n<p>Avant de quitter le Canada, rassemblez-vous dans une traditionnelle cabane \u00e0 sucre afin de suivre la coutume et de f\u00eater l\u2019arriv\u00e9e du printemps. Un pays, qui j\u2019esp\u00e8re, restera grav\u00e9 dans vos plus beaux souvenirs maintenant que vous avez quand partir en vacances au Canada !<\/p>\n\n\n<div class=\"kk-star-ratings kksr-auto kksr-align-left kksr-valign-bottom\"\n    data-payload='{&quot;align&quot;:&quot;left&quot;,&quot;id&quot;:&quot;451096&quot;,&quot;slug&quot;:&quot;default&quot;,&quot;valign&quot;:&quot;bottom&quot;,&quot;ignore&quot;:&quot;&quot;,&quot;reference&quot;:&quot;auto&quot;,&quot;class&quot;:&quot;&quot;,&quot;count&quot;:&quot;2&quot;,&quot;legendonly&quot;:&quot;&quot;,&quot;readonly&quot;:&quot;&quot;,&quot;score&quot;:&quot;5&quot;,&quot;starsonly&quot;:&quot;&quot;,&quot;best&quot;:&quot;5&quot;,&quot;gap&quot;:&quot;4&quot;,&quot;greet&quot;:&quot;Votez pour ce post&quot;,&quot;legend&quot;:&quot;5\\\/5 - (2 votes)&quot;,&quot;size&quot;:&quot;24&quot;,&quot;title&quot;:&quot;Quand partir en vacances au Canada\u2009?&quot;,&quot;width&quot;:&quot;138&quot;,&quot;_legend&quot;:&quot;{score}\\\/{best} - ({count} {votes})&quot;,&quot;font_factor&quot;:&quot;1.25&quot;}'>\n            \n<div class=\"kksr-stars\">\n    \n<div class=\"kksr-stars-inactive\">\n            <div class=\"kksr-star\" data-star=\"1\" style=\"padding-right: 4px\">\n            \n\n<div class=\"kksr-icon\" style=\"width: 24px; height: 24px;\"><\/div>\n        <\/div>\n            <div class=\"kksr-star\" data-star=\"2\" style=\"padding-right: 4px\">\n            \n\n<div class=\"kksr-icon\" style=\"width: 24px; height: 24px;\"><\/div>\n        <\/div>\n            <div class=\"kksr-star\" data-star=\"3\" style=\"padding-right: 4px\">\n            \n\n<div class=\"kksr-icon\" style=\"width: 24px; height: 24px;\"><\/div>\n        <\/div>\n            <div class=\"kksr-star\" data-star=\"4\" style=\"padding-right: 4px\">\n            \n\n<div class=\"kksr-icon\" style=\"width: 24px; height: 24px;\"><\/div>\n        <\/div>\n            <div class=\"kksr-star\" data-star=\"5\" style=\"padding-right: 4px\">\n            \n\n<div class=\"kksr-icon\" style=\"width: 24px; height: 24px;\"><\/div>\n        <\/div>\n    <\/div>\n    \n<div class=\"kksr-stars-active\" style=\"width: 138px;\">\n            <div class=\"kksr-star\" style=\"padding-right: 4px\">\n            \n\n<div class=\"kksr-icon\" style=\"width: 24px; height: 24px;\"><\/div>\n        <\/div>\n            <div class=\"kksr-star\" style=\"padding-right: 4px\">\n            \n\n<div class=\"kksr-icon\" style=\"width: 24px; height: 24px;\"><\/div>\n        <\/div>\n            <div class=\"kksr-star\" style=\"padding-right: 4px\">\n            \n\n<div class=\"kksr-icon\" style=\"width: 24px; height: 24px;\"><\/div>\n        <\/div>\n            <div class=\"kksr-star\" style=\"padding-right: 4px\">\n            \n\n<div class=\"kksr-icon\" style=\"width: 24px; height: 24px;\"><\/div>\n        <\/div>\n            <div class=\"kksr-star\" style=\"padding-right: 4px\">\n            \n\n<div class=\"kksr-icon\" style=\"width: 24px; height: 24px;\"><\/div>\n        <\/div>\n    <\/div>\n<\/div>\n                \n\n<div class=\"kksr-legend\" style=\"font-size: 19.2px;\">\n            5\/5 - (2 votes)    <\/div>\n    <\/div>","protected":false},"excerpt":{"rendered":"<p>Vous recherchez des paysages \u00e0 vous couper le souffle ? Voici mes conseils pour savoir quand partir en vacances au Canada.<\/p>","protected":false},"author":1,"featured_media":455570,"comment_status":"open","ping_status":"open","sticky":false,"template":"","format":"standard","meta":{"footnotes":""},"categories":[11021,541],"tags":[5999],"class_list":["post-451096","post","type-post","status-publish","format-standard","has-post-thumbnail","hentry","category-conseils-voyage","category-voyage","tag-canada"],"yoast_head":"<!-- This site is optimized with the Yoast SEO Premium plugin v27.4 (Yoast SEO v27.4) - https:\/\/yoast.com\/product\/yoast-seo-premium-wordpress\/ -->\n<title>Quand partir en vacances au Canada\u2009?<\/title>\n<meta name=\"description\" content=\"Vous recherchez des paysages \u00e0 vous couper le souffle ? Voici mes conseils pour savoir quand partir en vacances au Canada.\" \/>\n<meta name=\"robots\" content=\"index, follow, max-snippet:-1, max-image-preview:large, max-video-preview:-1\" \/>\n<link rel=\"canonical\" href=\"https:\/\/www.reead.com\/fr\/quand-partir-vacances-canada-4510962022\/\" \/>\n<meta property=\"og:locale\" content=\"fr_FR\" \/>\n<meta property=\"og:type\" content=\"article\" \/>\n<meta property=\"og:title\" content=\"Quand partir en vacances au Canada\u2009?\" \/>\n<meta property=\"og:description\" content=\"Vous recherchez des paysages \u00e0 vous couper le souffle ? Voici mes conseils pour savoir quand partir en vacances au Canada.\" \/>\n<meta property=\"og:url\" content=\"https:\/\/www.reead.com\/fr\/quand-partir-vacances-canada-4510962022\/\" \/>\n<meta property=\"og:site_name\" content=\"Conseils Voyage, Mode Homme et Lifestyle\" \/>\n<meta property=\"article:publisher\" content=\"https:\/\/www.facebook.com\/welovereead\" \/>\n<meta property=\"article:author\" content=\"https:\/\/www.facebook.com\/welovereead\" \/>\n<meta property=\"article:published_time\" content=\"2022-01-10T07:00:32+00:00\" \/>\n<meta property=\"article:modified_time\" content=\"2022-04-06T14:10:13+00:00\" \/>\n<meta property=\"og:image\" content=\"https:\/\/www.reead.com\/fr\/wp-content\/uploads\/2020\/05\/quand-partir-au-canada.jpg\" \/>\n\t<meta property=\"og:image:width\" content=\"1300\" \/>\n\t<meta property=\"og:image:height\" content=\"867\" \/>\n\t<meta property=\"og:image:type\" content=\"image\/jpeg\" \/>\n<meta name=\"author\" content=\"Reead\" \/>\n<meta name=\"twitter:card\" content=\"summary_large_image\" \/>\n<meta name=\"twitter:creator\" content=\"@blogdereead\" \/>\n<meta name=\"twitter:site\" content=\"@blogdereead\" \/>\n<script type=\"application\/ld+json\" class=\"yoast-schema-graph\">{\"@context\":\"https:\\\/\\\/schema.org\",\"@graph\":[{\"@type\":\"Article\",\"@id\":\"https:\\\/\\\/www.reead.com\\\/fr\\\/quand-partir-vacances-canada-4510962022\\\/#article\",\"isPartOf\":{\"@id\":\"https:\\\/\\\/www.reead.com\\\/fr\\\/quand-partir-vacances-canada-4510962022\\\/\"},\"author\":{\"name\":\"Reead\",\"@id\":\"https:\\\/\\\/www.reead.com\\\/fr\\\/#\\\/schema\\\/person\\\/551a8a4b469ab53c0b48bcd3846fb3c6\"},\"headline\":\"Quand partir en vacances au Canada\u2009?\",\"datePublished\":\"2022-01-10T07:00:32+00:00\",\"dateModified\":\"2022-04-06T14:10:13+00:00\",\"mainEntityOfPage\":{\"@id\":\"https:\\\/\\\/www.reead.com\\\/fr\\\/quand-partir-vacances-canada-4510962022\\\/\"},\"wordCount\":1006,\"commentCount\":0,\"publisher\":{\"@id\":\"https:\\\/\\\/www.reead.com\\\/fr\\\/#\\\/schema\\\/person\\\/551a8a4b469ab53c0b48bcd3846fb3c6\"},\"image\":{\"@id\":\"https:\\\/\\\/www.reead.com\\\/fr\\\/quand-partir-vacances-canada-4510962022\\\/#primaryimage\"},\"thumbnailUrl\":\"https:\\\/\\\/www.reead.com\\\/fr\\\/wp-content\\\/uploads\\\/2020\\\/05\\\/quand-partir-au-canada.jpg\",\"keywords\":[\"Canada\"],\"articleSection\":[\"Conseils Voyage\",\"Voyage\"],\"inLanguage\":\"fr-FR\",\"potentialAction\":[{\"@type\":\"CommentAction\",\"name\":\"Comment\",\"target\":[\"https:\\\/\\\/www.reead.com\\\/fr\\\/quand-partir-vacances-canada-4510962022\\\/#respond\"]}]},{\"@type\":\"WebPage\",\"@id\":\"https:\\\/\\\/www.reead.com\\\/fr\\\/quand-partir-vacances-canada-4510962022\\\/\",\"url\":\"https:\\\/\\\/www.reead.com\\\/fr\\\/quand-partir-vacances-canada-4510962022\\\/\",\"name\":\"Quand partir en vacances au Canada\u2009?\",\"isPartOf\":{\"@id\":\"https:\\\/\\\/www.reead.com\\\/fr\\\/#website\"},\"primaryImageOfPage\":{\"@id\":\"https:\\\/\\\/www.reead.com\\\/fr\\\/quand-partir-vacances-canada-4510962022\\\/#primaryimage\"},\"image\":{\"@id\":\"https:\\\/\\\/www.reead.com\\\/fr\\\/quand-partir-vacances-canada-4510962022\\\/#primaryimage\"},\"thumbnailUrl\":\"https:\\\/\\\/www.reead.com\\\/fr\\\/wp-content\\\/uploads\\\/2020\\\/05\\\/quand-partir-au-canada.jpg\",\"datePublished\":\"2022-01-10T07:00:32+00:00\",\"dateModified\":\"2022-04-06T14:10:13+00:00\",\"description\":\"Vous recherchez des paysages \u00e0 vous couper le souffle ? Voici mes conseils pour savoir quand partir en vacances au Canada.\",\"breadcrumb\":{\"@id\":\"https:\\\/\\\/www.reead.com\\\/fr\\\/quand-partir-vacances-canada-4510962022\\\/#breadcrumb\"},\"inLanguage\":\"fr-FR\",\"potentialAction\":[{\"@type\":\"ReadAction\",\"target\":[\"https:\\\/\\\/www.reead.com\\\/fr\\\/quand-partir-vacances-canada-4510962022\\\/\"]}]},{\"@type\":\"ImageObject\",\"inLanguage\":\"fr-FR\",\"@id\":\"https:\\\/\\\/www.reead.com\\\/fr\\\/quand-partir-vacances-canada-4510962022\\\/#primaryimage\",\"url\":\"https:\\\/\\\/www.reead.com\\\/fr\\\/wp-content\\\/uploads\\\/2020\\\/05\\\/quand-partir-au-canada.jpg\",\"contentUrl\":\"https:\\\/\\\/www.reead.com\\\/fr\\\/wp-content\\\/uploads\\\/2020\\\/05\\\/quand-partir-au-canada.jpg\",\"width\":1300,\"height\":867,\"caption\":\"Toronto, au couch\u00e9 de soleil - \u00a9 Can Stock Photo \\\/ Elenathewise\"},{\"@type\":\"BreadcrumbList\",\"@id\":\"https:\\\/\\\/www.reead.com\\\/fr\\\/quand-partir-vacances-canada-4510962022\\\/#breadcrumb\",\"itemListElement\":[{\"@type\":\"ListItem\",\"position\":1,\"name\":\"Accueil\",\"item\":\"https:\\\/\\\/www.reead.com\\\/fr\\\/\"},{\"@type\":\"ListItem\",\"position\":2,\"name\":\"Voyage\",\"item\":\"https:\\\/\\\/www.reead.com\\\/fr\\\/voyage\\\/\"},{\"@type\":\"ListItem\",\"position\":3,\"name\":\"Conseils Voyage\",\"item\":\"https:\\\/\\\/www.reead.com\\\/fr\\\/voyage\\\/conseils-voyage\\\/\"},{\"@type\":\"ListItem\",\"position\":4,\"name\":\"Quand partir en vacances au Canada\u2009?\"}]},{\"@type\":\"WebSite\",\"@id\":\"https:\\\/\\\/www.reead.com\\\/fr\\\/#website\",\"url\":\"https:\\\/\\\/www.reead.com\\\/fr\\\/\",\"name\":\"Reead.com\",\"description\":\"Conseils Voyage, Mode Homme et Lifestyle\",\"publisher\":{\"@id\":\"https:\\\/\\\/www.reead.com\\\/fr\\\/#\\\/schema\\\/person\\\/551a8a4b469ab53c0b48bcd3846fb3c6\"},\"potentialAction\":[{\"@type\":\"SearchAction\",\"target\":{\"@type\":\"EntryPoint\",\"urlTemplate\":\"https:\\\/\\\/www.reead.com\\\/fr\\\/?s={search_term_string}\"},\"query-input\":{\"@type\":\"PropertyValueSpecification\",\"valueRequired\":true,\"valueName\":\"search_term_string\"}}],\"inLanguage\":\"fr-FR\"},{\"@type\":[\"Person\",\"Organization\"],\"@id\":\"https:\\\/\\\/www.reead.com\\\/fr\\\/#\\\/schema\\\/person\\\/551a8a4b469ab53c0b48bcd3846fb3c6\",\"name\":\"Reead\",\"image\":{\"@type\":\"ImageObject\",\"inLanguage\":\"fr-FR\",\"@id\":\"https:\\\/\\\/www.reead.com\\\/fr\\\/wp-content\\\/uploads\\\/2018\\\/12\\\/reead.jpg\",\"url\":\"https:\\\/\\\/www.reead.com\\\/fr\\\/wp-content\\\/uploads\\\/2018\\\/12\\\/reead.jpg\",\"contentUrl\":\"https:\\\/\\\/www.reead.com\\\/fr\\\/wp-content\\\/uploads\\\/2018\\\/12\\\/reead.jpg\",\"width\":900,\"height\":610,\"caption\":\"Reead\"},\"logo\":{\"@id\":\"https:\\\/\\\/www.reead.com\\\/fr\\\/wp-content\\\/uploads\\\/2018\\\/12\\\/reead.jpg\"},\"description\":\"Reead est un blogueur voyage fran\u00e7ais bas\u00e9 \u00e0 Las Vegas et le fondateur de Reead.com, un blog lanc\u00e9 en 2009 consacr\u00e9 aux voyages, aux miles et aux programmes de fid\u00e9lit\u00e9. Sp\u00e9cialis\u00e9 dans les cartes de cr\u00e9dit voyage, les miles et points, ainsi que les programmes comme Flying Blue, American Express Membership Rewards ou les alliances a\u00e9riennes, il partage des strat\u00e9gies concr\u00e8tes pour r\u00e9duire le co\u00fbt des voyages et optimiser les r\u00e9compenses des cartes de cr\u00e9dit. Install\u00e9 aux \u00c9tats-Unis, Reead publie \u00e9galement des guides pour visiter les USA, des analyses de programmes de fid\u00e9lit\u00e9 et des retours d\u2019exp\u00e9rience sur les compagnies a\u00e9riennes, h\u00f4tels et cartes premium. Depuis plus de 15 ans, ses articles aident les voyageurs \u00e0 comprendre les miles, accumuler des points plus rapidement et voyager dans de meilleures conditions pour moins cher. Survivant du cancer, il partage aussi une vision simple : profiter de la vie et explorer le monde intelligemment.\",\"sameAs\":[\"https:\\\/\\\/www.reead.com\\\/fr\\\/\",\"https:\\\/\\\/www.facebook.com\\\/welovereead\",\"https:\\\/\\\/www.instagram.com\\\/reead\\\/?hl=fr\",\"https:\\\/\\\/www.pinterest.com\\\/reead\\\/\",\"https:\\\/\\\/x.com\\\/blogdereead\",\"https:\\\/\\\/www.youtube.com\\\/reead\"],\"gender\":\"homme\",\"knowsAbout\":[\"Voyage\",\"miles et points\"],\"knowsLanguage\":[\"Anglais\",\"Fran\u00e7ais\"],\"publishingPrinciples\":\"https:\\\/\\\/www.reead.com\\\/fr\\\/politique-de-publication\\\/\"}]}<\/script>\n<!-- \/ Yoast SEO Premium plugin. -->","yoast_head_json":{"title":"Quand partir en vacances au Canada\u2009?","description":"Vous recherchez des paysages \u00e0 vous couper le souffle ? Voici mes conseils pour savoir quand partir en vacances au Canada.","robots":{"index":"index","follow":"follow","max-snippet":"max-snippet:-1","max-image-preview":"max-image-preview:large","max-video-preview":"max-video-preview:-1"},"canonical":"https:\/\/www.reead.com\/fr\/quand-partir-vacances-canada-4510962022\/","og_locale":"fr_FR","og_type":"article","og_title":"Quand partir en vacances au Canada\u2009?","og_description":"Vous recherchez des paysages \u00e0 vous couper le souffle ? Voici mes conseils pour savoir quand partir en vacances au Canada.","og_url":"https:\/\/www.reead.com\/fr\/quand-partir-vacances-canada-4510962022\/","og_site_name":"Conseils Voyage, Mode Homme et Lifestyle","article_publisher":"https:\/\/www.facebook.com\/welovereead","article_author":"https:\/\/www.facebook.com\/welovereead","article_published_time":"2022-01-10T07:00:32+00:00","article_modified_time":"2022-04-06T14:10:13+00:00","og_image":[{"width":1300,"height":867,"url":"https:\/\/www.reead.com\/fr\/wp-content\/uploads\/2020\/05\/quand-partir-au-canada.jpg","type":"image\/jpeg"}],"author":"Reead","twitter_card":"summary_large_image","twitter_creator":"@blogdereead","twitter_site":"@blogdereead","schema":{"@context":"https:\/\/schema.org","@graph":[{"@type":"Article","@id":"https:\/\/www.reead.com\/fr\/quand-partir-vacances-canada-4510962022\/#article","isPartOf":{"@id":"https:\/\/www.reead.com\/fr\/quand-partir-vacances-canada-4510962022\/"},"author":{"name":"Reead","@id":"https:\/\/www.reead.com\/fr\/#\/schema\/person\/551a8a4b469ab53c0b48bcd3846fb3c6"},"headline":"Quand partir en vacances au Canada\u2009?","datePublished":"2022-01-10T07:00:32+00:00","dateModified":"2022-04-06T14:10:13+00:00","mainEntityOfPage":{"@id":"https:\/\/www.reead.com\/fr\/quand-partir-vacances-canada-4510962022\/"},"wordCount":1006,"commentCount":0,"publisher":{"@id":"https:\/\/www.reead.com\/fr\/#\/schema\/person\/551a8a4b469ab53c0b48bcd3846fb3c6"},"image":{"@id":"https:\/\/www.reead.com\/fr\/quand-partir-vacances-canada-4510962022\/#primaryimage"},"thumbnailUrl":"https:\/\/www.reead.com\/fr\/wp-content\/uploads\/2020\/05\/quand-partir-au-canada.jpg","keywords":["Canada"],"articleSection":["Conseils Voyage","Voyage"],"inLanguage":"fr-FR","potentialAction":[{"@type":"CommentAction","name":"Comment","target":["https:\/\/www.reead.com\/fr\/quand-partir-vacances-canada-4510962022\/#respond"]}]},{"@type":"WebPage","@id":"https:\/\/www.reead.com\/fr\/quand-partir-vacances-canada-4510962022\/","url":"https:\/\/www.reead.com\/fr\/quand-partir-vacances-canada-4510962022\/","name":"Quand partir en vacances au Canada\u2009?","isPartOf":{"@id":"https:\/\/www.reead.com\/fr\/#website"},"primaryImageOfPage":{"@id":"https:\/\/www.reead.com\/fr\/quand-partir-vacances-canada-4510962022\/#primaryimage"},"image":{"@id":"https:\/\/www.reead.com\/fr\/quand-partir-vacances-canada-4510962022\/#primaryimage"},"thumbnailUrl":"https:\/\/www.reead.com\/fr\/wp-content\/uploads\/2020\/05\/quand-partir-au-canada.jpg","datePublished":"2022-01-10T07:00:32+00:00","dateModified":"2022-04-06T14:10:13+00:00","description":"Vous recherchez des paysages \u00e0 vous couper le souffle ? Voici mes conseils pour savoir quand partir en vacances au Canada.","breadcrumb":{"@id":"https:\/\/www.reead.com\/fr\/quand-partir-vacances-canada-4510962022\/#breadcrumb"},"inLanguage":"fr-FR","potentialAction":[{"@type":"ReadAction","target":["https:\/\/www.reead.com\/fr\/quand-partir-vacances-canada-4510962022\/"]}]},{"@type":"ImageObject","inLanguage":"fr-FR","@id":"https:\/\/www.reead.com\/fr\/quand-partir-vacances-canada-4510962022\/#primaryimage","url":"https:\/\/www.reead.com\/fr\/wp-content\/uploads\/2020\/05\/quand-partir-au-canada.jpg","contentUrl":"https:\/\/www.reead.com\/fr\/wp-content\/uploads\/2020\/05\/quand-partir-au-canada.jpg","width":1300,"height":867,"caption":"Toronto, au couch\u00e9 de soleil - \u00a9 Can Stock Photo \/ Elenathewise"},{"@type":"BreadcrumbList","@id":"https:\/\/www.reead.com\/fr\/quand-partir-vacances-canada-4510962022\/#breadcrumb","itemListElement":[{"@type":"ListItem","position":1,"name":"Accueil","item":"https:\/\/www.reead.com\/fr\/"},{"@type":"ListItem","position":2,"name":"Voyage","item":"https:\/\/www.reead.com\/fr\/voyage\/"},{"@type":"ListItem","position":3,"name":"Conseils Voyage","item":"https:\/\/www.reead.com\/fr\/voyage\/conseils-voyage\/"},{"@type":"ListItem","position":4,"name":"Quand partir en vacances au Canada\u2009?"}]},{"@type":"WebSite","@id":"https:\/\/www.reead.com\/fr\/#website","url":"https:\/\/www.reead.com\/fr\/","name":"Reead.com","description":"Conseils Voyage, Mode Homme et Lifestyle","publisher":{"@id":"https:\/\/www.reead.com\/fr\/#\/schema\/person\/551a8a4b469ab53c0b48bcd3846fb3c6"},"potentialAction":[{"@type":"SearchAction","target":{"@type":"EntryPoint","urlTemplate":"https:\/\/www.reead.com\/fr\/?s={search_term_string}"},"query-input":{"@type":"PropertyValueSpecification","valueRequired":true,"valueName":"search_term_string"}}],"inLanguage":"fr-FR"},{"@type":["Person","Organization"],"@id":"https:\/\/www.reead.com\/fr\/#\/schema\/person\/551a8a4b469ab53c0b48bcd3846fb3c6","name":"Reead","image":{"@type":"ImageObject","inLanguage":"fr-FR","@id":"https:\/\/www.reead.com\/fr\/wp-content\/uploads\/2018\/12\/reead.jpg","url":"https:\/\/www.reead.com\/fr\/wp-content\/uploads\/2018\/12\/reead.jpg","contentUrl":"https:\/\/www.reead.com\/fr\/wp-content\/uploads\/2018\/12\/reead.jpg","width":900,"height":610,"caption":"Reead"},"logo":{"@id":"https:\/\/www.reead.com\/fr\/wp-content\/uploads\/2018\/12\/reead.jpg"},"description":"Reead est un blogueur voyage fran\u00e7ais bas\u00e9 \u00e0 Las Vegas et le fondateur de Reead.com, un blog lanc\u00e9 en 2009 consacr\u00e9 aux voyages, aux miles et aux programmes de fid\u00e9lit\u00e9. Sp\u00e9cialis\u00e9 dans les cartes de cr\u00e9dit voyage, les miles et points, ainsi que les programmes comme Flying Blue, American Express Membership Rewards ou les alliances a\u00e9riennes, il partage des strat\u00e9gies concr\u00e8tes pour r\u00e9duire le co\u00fbt des voyages et optimiser les r\u00e9compenses des cartes de cr\u00e9dit. Install\u00e9 aux \u00c9tats-Unis, Reead publie \u00e9galement des guides pour visiter les USA, des analyses de programmes de fid\u00e9lit\u00e9 et des retours d\u2019exp\u00e9rience sur les compagnies a\u00e9riennes, h\u00f4tels et cartes premium. Depuis plus de 15 ans, ses articles aident les voyageurs \u00e0 comprendre les miles, accumuler des points plus rapidement et voyager dans de meilleures conditions pour moins cher. Survivant du cancer, il partage aussi une vision simple : profiter de la vie et explorer le monde intelligemment.","sameAs":["https:\/\/www.reead.com\/fr\/","https:\/\/www.facebook.com\/welovereead","https:\/\/www.instagram.com\/reead\/?hl=fr","https:\/\/www.pinterest.com\/reead\/","https:\/\/x.com\/blogdereead","https:\/\/www.youtube.com\/reead"],"gender":"homme","knowsAbout":["Voyage","miles et points"],"knowsLanguage":["Anglais","Fran\u00e7ais"],"publishingPrinciples":"https:\/\/www.reead.com\/fr\/politique-de-publication\/"}]}},"_links":{"self":[{"href":"https:\/\/www.reead.com\/fr\/wp-json\/wp\/v2\/posts\/451096","targetHints":{"allow":["GET"]}}],"collection":[{"href":"https:\/\/www.reead.com\/fr\/wp-json\/wp\/v2\/posts"}],"about":[{"href":"https:\/\/www.reead.com\/fr\/wp-json\/wp\/v2\/types\/post"}],"author":[{"embeddable":true,"href":"https:\/\/www.reead.com\/fr\/wp-json\/wp\/v2\/users\/1"}],"replies":[{"embeddable":true,"href":"https:\/\/www.reead.com\/fr\/wp-json\/wp\/v2\/comments?post=451096"}],"version-history":[{"count":0,"href":"https:\/\/www.reead.com\/fr\/wp-json\/wp\/v2\/posts\/451096\/revisions"}],"wp:featuredmedia":[{"embeddable":true,"href":"https:\/\/www.reead.com\/fr\/wp-json\/wp\/v2\/media\/455570"}],"wp:attachment":[{"href":"https:\/\/www.reead.com\/fr\/wp-json\/wp\/v2\/media?parent=451096"}],"wp:term":[{"taxonomy":"category","embeddable":true,"href":"https:\/\/www.reead.com\/fr\/wp-json\/wp\/v2\/categories?post=451096"},{"taxonomy":"post_tag","embeddable":true,"href":"https:\/\/www.reead.com\/fr\/wp-json\/wp\/v2\/tags?post=451096"}],"curies":[{"name":"wp","href":"https:\/\/api.w.org\/{rel}","templated":true}]}}