{"id":449892,"date":"2020-05-03T20:17:21","date_gmt":"2020-05-03T18:17:21","guid":{"rendered":"https:\/\/www.reead.com\/fr\/?p=449892"},"modified":"2022-08-24T19:37:26","modified_gmt":"2022-08-24T17:37:26","slug":"prendre-soin-cheveux-colores-homme","status":"publish","type":"post","link":"https:\/\/www.reead.com\/fr\/prendre-soin-cheveux-colores-homme-4498922020\/","title":{"rendered":"Comment prendre soin de ses cheveux color\u00e9s quand on est un homme\u2009?"},"content":{"rendered":"<p>Prendre soin de ses cheveux color\u00e9s quand on est un homme est imp\u00e9ratif pour garder une chevelure en parfaite sant\u00e9 et pr\u00e9server la couleur le plus longtemps possible.<\/p>\n<p>Cependant, pour un homme qui se teint les cheveux pour la premi\u00e8re fois et qui n&rsquo;est pas particuli\u00e8rement attentif \u00e0 son apparence, le processus peut sembler compliqu\u00e9, voire d\u00e9courageant.<\/p>\n<p>Quelle que soit la teinture que vous avez choisie, peu importe la longueur de votre chevelure, prendre soin de ses cheveux repr\u00e9sente effectivement un r\u00e9el travail et exige du temps. Aussi, avant de vous lancer, v\u00e9rifiez bien que vous serez capable de suivre scrupuleusement mes huit conseils.<\/p>\n<p><img loading=\"lazy\" decoding=\"async\" class=\"alignnone size-full wp-image-449893\" src=\"https:\/\/www.reead.com\/fr\/wp-content\/uploads\/2020\/03\/prendre-soin-de-ses-cheveux-colores-homme.jpg\" alt=\"prendre soin de ses cheveux color\u00e9s\" width=\"952\" height=\"648\" srcset=\"https:\/\/www.reead.com\/fr\/wp-content\/uploads\/2020\/03\/prendre-soin-de-ses-cheveux-colores-homme.jpg 952w,  https:\/\/www.reead.com\/fr\/wp-content\/uploads\/2020\/03\/prendre-soin-de-ses-cheveux-colores-homme-610x415.jpg 610w,  https:\/\/www.reead.com\/fr\/wp-content\/uploads\/2020\/03\/prendre-soin-de-ses-cheveux-colores-homme-768x523.jpg 768w\" sizes=\"auto, (max-width: 952px) 100vw, 952px\" \/><\/p>\n<pre style=\"text-align: center;\">Mod\u00e8le : <a href=\"https:\/\/www.instagram.com\/leopask\/\" target=\"_blank\" rel=\"nofollow noopener noreferrer\">L\u00e9o Pask<\/a><\/pre>\n<h2><strong>Pr\u00e9voir un budget et du temps<\/strong><\/h2>\n<p>Le fait de <strong><a href=\"https:\/\/www.reead.com\/fr\/teinture-de-cheveux-hommes-5-couleurs-a-tester-120832017\/\" target=\"_blank\" rel=\"noopener noreferrer\">changer de couleur de cheveux<\/a><\/strong> se fait tr\u00e8s facilement, et en moins d&rsquo;une heure, mais cela exige certaines pr\u00e9cautions. En effet, outre la pose de la teinture elle-m\u00eame, l&rsquo;entretien des cheveux color\u00e9s a un co\u00fbt.<\/p>\n<p>Ce budget se divise principalement entre les produits de soins eux-m\u00eames et les visites r\u00e9guli\u00e8res chez votre coloriste. De plus, comme vous allez vous rendre fr\u00e9quemment chez le <a class=\"wpil_keyword_link\" href=\"https:\/\/www.reead.com\/fr\/comment-choisir-coiffeur-hommes-4641712023\/\"   title=\"coiffeur\" data-wpil-keyword-link=\"linked\">coiffeur<\/a> et consacrer, chez vous, du temps \u00e0 vous occuper de vos cheveux, il faut vous assurer que votre planning et votre caract\u00e8re soient en phase avec ces imp\u00e9ratifs.<\/p>\n<p>En plus de lire cet article, je vous conseille fortement de regarder les tarifs des coloristes et des soins pour cheveux color\u00e9s. Vous devez savoir dans quoi vous vous engagez.<\/p>\n<h2><strong>Adopter un shampoing pour cheveux color\u00e9s<\/strong><\/h2>\n<p>C&rsquo;est tout simple et absolument primordial. Les composants des shampoings traditionnels, m\u00eame doux, ont tendance \u00e0 acc\u00e9l\u00e9rer le processus d&rsquo;affadissement de la couleur qui recouvre le cheveu.<\/p>\n<p>Un shampoing sp\u00e9cialement \u00e9labor\u00e9 pour les cheveux color\u00e9s maintient les pigments sur les fibres capillaires et prolonge l&rsquo;\u00e9clat de la coloration.<\/p>\n<p>En outre, en fonction de la teinte de votre nouvelle couleur, vous pouvez \u00e9galement utiliser un shampoing colorant. Celui-ci \u00e9vitera que la couleur ne vire au fil du temps dans une teinte bleu\u00e2tre ou verd\u00e2tre pas tr\u00e8s esth\u00e9tique.<\/p>\nLe tableau n'a pas pu \u00eatre affich\u00e9.\n<h2><strong>Effectuer r\u00e9guli\u00e8rement des soins pour cheveux color\u00e9s<\/strong><\/h2>\n<p>Les bains d&rsquo;huiles et les masques capillaires nourrissent votre chevelure et la rendent plus forte. Aussi, comme les colorations ont tendance \u00e0 affaiblir les cheveux, appliquer r\u00e9guli\u00e8rement (au moins une fois par semaine) un soin sp\u00e9cial pour cheveux color\u00e9s permet de raviver la couleur, d&rsquo;apporter de la brillance et d&rsquo;am\u00e9liorer la texture.<\/p>\n<p>Optez pour des produits tr\u00e8s hydratants, car la coloration dess\u00e8che les pointes. Si vous avez les cheveux longs, insistez particuli\u00e8rement sur cette zone.<\/p>\nLe tableau n'a pas pu \u00eatre affich\u00e9.\n<h2><strong>Rendez visite \u00e0 un coloriste pour proc\u00e9der \u00e0 la teinture<\/strong><\/h2>\n<p>Bon nombre de professionnels conseillent de laisser un coloriste effectuer la proc\u00e9dure. Bien s\u00fbr, cela demande un budget important et du temps, davantage que si vous le faisiez vous-m\u00eame. Toutefois, vous aurez un coiffeur enti\u00e8rement \u00e0 votre \u00e9coute.<\/p>\n<p>Il saura vous conseiller sur la <strong><a href=\"https:\/\/www.reead.com\/fr\/choisir-coloration-cheveux-homme-3463082019\/\" target=\"_blank\" rel=\"noopener noreferrer\">teinte \u00e0 choisir en fonction de vos attentes et de votre couleur<\/a><\/strong> naturelle. De plus, il pourra diagnostiquer l&rsquo;\u00e9tat de votre chevelure et employer des produits parfaitement adapt\u00e9s. Des m\u00e8ches \u00e0 la teinture int\u00e9grale, avec un coloriste, vous obtiendrez un r\u00e9sultat d&rsquo;excellente qualit\u00e9.<\/p>\n<h2><strong>Rafra\u00eechir sa couleur<\/strong><\/h2>\n<p>Au fur et \u00e0 mesure de la pousse de vos cheveux, il faudra r\u00e9guli\u00e8rement proc\u00e9der \u00e0 des retouches au niveau des racines afin d&rsquo;\u00e9viter l&rsquo;effet casque et les d\u00e9grad\u00e9s inesth\u00e9tiques. Aussi, vous allez certainement avoir besoin de rafra\u00eechir votre couleur mensuellement.<\/p>\n<h2><strong>Refaire ses m\u00e8ches<\/strong><\/h2>\n<p>Le constat est le m\u00eame si vous avez une coloration partielle <a href=\"https:\/\/www.reead.com\/fr\/cheveux-homme-decoloration-meches-blondes-balayage-differences-4583452022\/\" target=\"_blank\" rel=\"noopener\"><strong>comme un balayage ou quelques m\u00e8ches<\/strong><\/a>. En effet, pour garder cet effet qui s&rsquo;estompe avec le temps, il faut intervenir r\u00e9guli\u00e8rement et avec une pr\u00e9cision d&rsquo;orf\u00e8vre.<\/p>\n<p>Il existe des petites doses de teinture pour effectuer des retouches directement chez soi, mais beaucoup d&rsquo;utilisateurs regrettent d&rsquo;entamer le produit et de ne pas le finir, faute de surface \u00e0 colorer. Aussi, il est parfois pr\u00e9f\u00e9rable de passer chez son coiffeur habituel pour un entretien de routine.<\/p>\n<h2><strong>La coupe et la couleur<\/strong><\/h2>\n<p>Quitte \u00e0 se rendre chez un coiffeur pour rafra\u00eechir sa coloration, autant refaire sa coupe de cheveux en m\u00eame temps. Les messieurs qui gardent les cheveux courts ont d\u00e9j\u00e0 l&rsquo;habitude de se rendre tr\u00e8s fr\u00e9quemment dans un salon de coiffure. Aussi, hormis le co\u00fbt suppl\u00e9mentaire de la coloration, leur programme changera peu.<\/p>\n<p>En revanche, les messieurs \u00e0 cheveux longs qui n&rsquo;ont pas de coupe tr\u00e8s d\u00e9finie devront trouver le temps de passer chez un professionnel. Personnellement juste pour la coupe, j&rsquo;y passe une fois par mois minimum.<\/p>\n<h2><strong>Prendre ses rendez-vous beaut\u00e9 \u00e0 l&rsquo;avance<\/strong><\/h2>\n<p>Pour entretenir sa couleur, il faut compter une visite par mois ou tous les mois et demi maximum chez son coloriste. Pensez \u00e0 prendre rendez-vous d&rsquo;une fois sur l&rsquo;autre.<\/p>\n<p>Ce calendrier est important, car on peut vite oublier de prendre soin de soi. Toutefois, les premi\u00e8res racines de cheveux blancs ou de couleur naturelle nous rappellent qu&rsquo;il est d\u00e9j\u00e0 un peu tard pour attendre quelques jours une visite chez le coiffeur. Vous aimez vos cheveux color\u00e9s\u2009? Anticipez les soins !<\/p>\n\n\n<div class=\"kk-star-ratings kksr-auto kksr-align-left kksr-valign-bottom\"\n    data-payload='{&quot;align&quot;:&quot;left&quot;,&quot;id&quot;:&quot;449892&quot;,&quot;slug&quot;:&quot;default&quot;,&quot;valign&quot;:&quot;bottom&quot;,&quot;ignore&quot;:&quot;&quot;,&quot;reference&quot;:&quot;auto&quot;,&quot;class&quot;:&quot;&quot;,&quot;count&quot;:&quot;5&quot;,&quot;legendonly&quot;:&quot;&quot;,&quot;readonly&quot;:&quot;&quot;,&quot;score&quot;:&quot;5&quot;,&quot;starsonly&quot;:&quot;&quot;,&quot;best&quot;:&quot;5&quot;,&quot;gap&quot;:&quot;4&quot;,&quot;greet&quot;:&quot;Votez pour ce post&quot;,&quot;legend&quot;:&quot;5\\\/5 - (5 votes)&quot;,&quot;size&quot;:&quot;24&quot;,&quot;title&quot;:&quot;Comment prendre soin de ses cheveux color\u00e9s quand on est un homme\u2009?&quot;,&quot;width&quot;:&quot;138&quot;,&quot;_legend&quot;:&quot;{score}\\\/{best} - ({count} {votes})&quot;,&quot;font_factor&quot;:&quot;1.25&quot;}'>\n            \n<div class=\"kksr-stars\">\n    \n<div class=\"kksr-stars-inactive\">\n            <div class=\"kksr-star\" data-star=\"1\" style=\"padding-right: 4px\">\n            \n\n<div class=\"kksr-icon\" style=\"width: 24px; height: 24px;\"><\/div>\n        <\/div>\n            <div class=\"kksr-star\" data-star=\"2\" style=\"padding-right: 4px\">\n            \n\n<div class=\"kksr-icon\" style=\"width: 24px; height: 24px;\"><\/div>\n        <\/div>\n            <div class=\"kksr-star\" data-star=\"3\" style=\"padding-right: 4px\">\n            \n\n<div class=\"kksr-icon\" style=\"width: 24px; height: 24px;\"><\/div>\n        <\/div>\n            <div class=\"kksr-star\" data-star=\"4\" style=\"padding-right: 4px\">\n            \n\n<div class=\"kksr-icon\" style=\"width: 24px; height: 24px;\"><\/div>\n        <\/div>\n            <div class=\"kksr-star\" data-star=\"5\" style=\"padding-right: 4px\">\n            \n\n<div class=\"kksr-icon\" style=\"width: 24px; height: 24px;\"><\/div>\n        <\/div>\n    <\/div>\n    \n<div class=\"kksr-stars-active\" style=\"width: 138px;\">\n            <div class=\"kksr-star\" style=\"padding-right: 4px\">\n            \n\n<div class=\"kksr-icon\" style=\"width: 24px; height: 24px;\"><\/div>\n        <\/div>\n            <div class=\"kksr-star\" style=\"padding-right: 4px\">\n            \n\n<div class=\"kksr-icon\" style=\"width: 24px; height: 24px;\"><\/div>\n        <\/div>\n            <div class=\"kksr-star\" style=\"padding-right: 4px\">\n            \n\n<div class=\"kksr-icon\" style=\"width: 24px; height: 24px;\"><\/div>\n        <\/div>\n            <div class=\"kksr-star\" style=\"padding-right: 4px\">\n            \n\n<div class=\"kksr-icon\" style=\"width: 24px; height: 24px;\"><\/div>\n        <\/div>\n            <div class=\"kksr-star\" style=\"padding-right: 4px\">\n            \n\n<div class=\"kksr-icon\" style=\"width: 24px; height: 24px;\"><\/div>\n        <\/div>\n    <\/div>\n<\/div>\n                \n\n<div class=\"kksr-legend\" style=\"font-size: 19.2px;\">\n            5\/5 - (5 votes)    <\/div>\n    <\/div>","protected":false},"excerpt":{"rendered":"<p>Voici mes huit conseils pour prendre soin de ses cheveux color\u00e9s quand on est un homme, on a rien sans rien les gars !<\/p>","protected":false},"author":1,"featured_media":449893,"comment_status":"open","ping_status":"open","sticky":false,"template":"","format":"standard","meta":{"footnotes":""},"categories":[7531,7532],"tags":[],"class_list":["post-449892","post","type-post","status-publish","format-standard","has-post-thumbnail","hentry","category-beaute-homme","category-soins-cheveux-homme"],"yoast_head":"<!-- This site is optimized with the Yoast SEO Premium plugin v27.4 (Yoast SEO v27.4) - https:\/\/yoast.com\/product\/yoast-seo-premium-wordpress\/ -->\n<title>Prendre soin de ses cheveux color\u00e9s quand on est un homme<\/title>\n<meta name=\"description\" content=\"Voici mes huit conseils pour prendre soin de ses cheveux color\u00e9s quand on est un homme, on a rien sans rien les gars !\" \/>\n<meta name=\"robots\" content=\"index, follow, max-snippet:-1, max-image-preview:large, max-video-preview:-1\" \/>\n<link rel=\"canonical\" href=\"https:\/\/www.reead.com\/fr\/prendre-soin-cheveux-colores-homme-4498922020\/\" \/>\n<meta property=\"og:locale\" content=\"fr_FR\" \/>\n<meta property=\"og:type\" content=\"article\" \/>\n<meta property=\"og:title\" content=\"Comment prendre soin de ses cheveux color\u00e9s quand on est un homme\u2009?\" \/>\n<meta property=\"og:description\" content=\"Voici mes huit conseils pour prendre soin de ses cheveux color\u00e9s quand on est un homme, on a rien sans rien les gars !\" \/>\n<meta property=\"og:url\" content=\"https:\/\/www.reead.com\/fr\/prendre-soin-cheveux-colores-homme-4498922020\/\" \/>\n<meta property=\"og:site_name\" content=\"Conseils Voyage, Mode Homme et Lifestyle\" \/>\n<meta property=\"article:publisher\" content=\"https:\/\/www.facebook.com\/welovereead\" \/>\n<meta property=\"article:author\" content=\"https:\/\/www.facebook.com\/welovereead\" \/>\n<meta property=\"article:published_time\" content=\"2020-05-03T18:17:21+00:00\" \/>\n<meta property=\"article:modified_time\" content=\"2022-08-24T17:37:26+00:00\" \/>\n<meta property=\"og:image\" content=\"https:\/\/www.reead.com\/fr\/wp-content\/uploads\/2020\/03\/prendre-soin-de-ses-cheveux-colores-homme.jpg\" \/>\n\t<meta property=\"og:image:width\" content=\"952\" \/>\n\t<meta property=\"og:image:height\" content=\"648\" \/>\n\t<meta property=\"og:image:type\" content=\"image\/jpeg\" \/>\n<meta name=\"author\" content=\"Reead\" \/>\n<meta name=\"twitter:card\" content=\"summary_large_image\" \/>\n<meta name=\"twitter:creator\" content=\"@blogdereead\" \/>\n<meta name=\"twitter:site\" content=\"@blogdereead\" \/>\n<script type=\"application\/ld+json\" class=\"yoast-schema-graph\">{\"@context\":\"https:\\\/\\\/schema.org\",\"@graph\":[{\"@type\":\"Article\",\"@id\":\"https:\\\/\\\/www.reead.com\\\/fr\\\/prendre-soin-cheveux-colores-homme-4498922020\\\/#article\",\"isPartOf\":{\"@id\":\"https:\\\/\\\/www.reead.com\\\/fr\\\/prendre-soin-cheveux-colores-homme-4498922020\\\/\"},\"author\":{\"name\":\"Reead\",\"@id\":\"https:\\\/\\\/www.reead.com\\\/fr\\\/#\\\/schema\\\/person\\\/551a8a4b469ab53c0b48bcd3846fb3c6\"},\"headline\":\"Comment prendre soin de ses cheveux color\u00e9s quand on est un homme\u2009?\",\"datePublished\":\"2020-05-03T18:17:21+00:00\",\"dateModified\":\"2022-08-24T17:37:26+00:00\",\"mainEntityOfPage\":{\"@id\":\"https:\\\/\\\/www.reead.com\\\/fr\\\/prendre-soin-cheveux-colores-homme-4498922020\\\/\"},\"wordCount\":921,\"commentCount\":0,\"publisher\":{\"@id\":\"https:\\\/\\\/www.reead.com\\\/fr\\\/#\\\/schema\\\/person\\\/551a8a4b469ab53c0b48bcd3846fb3c6\"},\"image\":{\"@id\":\"https:\\\/\\\/www.reead.com\\\/fr\\\/prendre-soin-cheveux-colores-homme-4498922020\\\/#primaryimage\"},\"thumbnailUrl\":\"https:\\\/\\\/www.reead.com\\\/fr\\\/wp-content\\\/uploads\\\/2020\\\/03\\\/prendre-soin-de-ses-cheveux-colores-homme.jpg\",\"articleSection\":[\"Beaut\u00e9 Homme\",\"Coupes de cheveux pour homme et soins\"],\"inLanguage\":\"fr-FR\",\"potentialAction\":[{\"@type\":\"CommentAction\",\"name\":\"Comment\",\"target\":[\"https:\\\/\\\/www.reead.com\\\/fr\\\/prendre-soin-cheveux-colores-homme-4498922020\\\/#respond\"]}]},{\"@type\":\"WebPage\",\"@id\":\"https:\\\/\\\/www.reead.com\\\/fr\\\/prendre-soin-cheveux-colores-homme-4498922020\\\/\",\"url\":\"https:\\\/\\\/www.reead.com\\\/fr\\\/prendre-soin-cheveux-colores-homme-4498922020\\\/\",\"name\":\"Prendre soin de ses cheveux color\u00e9s quand on est un homme\",\"isPartOf\":{\"@id\":\"https:\\\/\\\/www.reead.com\\\/fr\\\/#website\"},\"primaryImageOfPage\":{\"@id\":\"https:\\\/\\\/www.reead.com\\\/fr\\\/prendre-soin-cheveux-colores-homme-4498922020\\\/#primaryimage\"},\"image\":{\"@id\":\"https:\\\/\\\/www.reead.com\\\/fr\\\/prendre-soin-cheveux-colores-homme-4498922020\\\/#primaryimage\"},\"thumbnailUrl\":\"https:\\\/\\\/www.reead.com\\\/fr\\\/wp-content\\\/uploads\\\/2020\\\/03\\\/prendre-soin-de-ses-cheveux-colores-homme.jpg\",\"datePublished\":\"2020-05-03T18:17:21+00:00\",\"dateModified\":\"2022-08-24T17:37:26+00:00\",\"description\":\"Voici mes huit conseils pour prendre soin de ses cheveux color\u00e9s quand on est un homme, on a rien sans rien les gars !\",\"breadcrumb\":{\"@id\":\"https:\\\/\\\/www.reead.com\\\/fr\\\/prendre-soin-cheveux-colores-homme-4498922020\\\/#breadcrumb\"},\"inLanguage\":\"fr-FR\",\"potentialAction\":[{\"@type\":\"ReadAction\",\"target\":[\"https:\\\/\\\/www.reead.com\\\/fr\\\/prendre-soin-cheveux-colores-homme-4498922020\\\/\"]}]},{\"@type\":\"ImageObject\",\"inLanguage\":\"fr-FR\",\"@id\":\"https:\\\/\\\/www.reead.com\\\/fr\\\/prendre-soin-cheveux-colores-homme-4498922020\\\/#primaryimage\",\"url\":\"https:\\\/\\\/www.reead.com\\\/fr\\\/wp-content\\\/uploads\\\/2020\\\/03\\\/prendre-soin-de-ses-cheveux-colores-homme.jpg\",\"contentUrl\":\"https:\\\/\\\/www.reead.com\\\/fr\\\/wp-content\\\/uploads\\\/2020\\\/03\\\/prendre-soin-de-ses-cheveux-colores-homme.jpg\",\"width\":952,\"height\":648,\"caption\":\"prendre soin de ses cheveux color\u00e9s\"},{\"@type\":\"BreadcrumbList\",\"@id\":\"https:\\\/\\\/www.reead.com\\\/fr\\\/prendre-soin-cheveux-colores-homme-4498922020\\\/#breadcrumb\",\"itemListElement\":[{\"@type\":\"ListItem\",\"position\":1,\"name\":\"Accueil\",\"item\":\"https:\\\/\\\/www.reead.com\\\/fr\\\/\"},{\"@type\":\"ListItem\",\"position\":2,\"name\":\"Beaut\u00e9 Homme\",\"item\":\"https:\\\/\\\/www.reead.com\\\/fr\\\/beaute-homme\\\/\"},{\"@type\":\"ListItem\",\"position\":3,\"name\":\"Coupes de cheveux pour homme et soins\",\"item\":\"https:\\\/\\\/www.reead.com\\\/fr\\\/beaute-homme\\\/soins-cheveux-homme\\\/\"},{\"@type\":\"ListItem\",\"position\":4,\"name\":\"Comment prendre soin de ses cheveux color\u00e9s quand on est un homme\u2009?\"}]},{\"@type\":\"WebSite\",\"@id\":\"https:\\\/\\\/www.reead.com\\\/fr\\\/#website\",\"url\":\"https:\\\/\\\/www.reead.com\\\/fr\\\/\",\"name\":\"Reead.com\",\"description\":\"Conseils Voyage, Mode Homme et Lifestyle\",\"publisher\":{\"@id\":\"https:\\\/\\\/www.reead.com\\\/fr\\\/#\\\/schema\\\/person\\\/551a8a4b469ab53c0b48bcd3846fb3c6\"},\"potentialAction\":[{\"@type\":\"SearchAction\",\"target\":{\"@type\":\"EntryPoint\",\"urlTemplate\":\"https:\\\/\\\/www.reead.com\\\/fr\\\/?s={search_term_string}\"},\"query-input\":{\"@type\":\"PropertyValueSpecification\",\"valueRequired\":true,\"valueName\":\"search_term_string\"}}],\"inLanguage\":\"fr-FR\"},{\"@type\":[\"Person\",\"Organization\"],\"@id\":\"https:\\\/\\\/www.reead.com\\\/fr\\\/#\\\/schema\\\/person\\\/551a8a4b469ab53c0b48bcd3846fb3c6\",\"name\":\"Reead\",\"image\":{\"@type\":\"ImageObject\",\"inLanguage\":\"fr-FR\",\"@id\":\"https:\\\/\\\/www.reead.com\\\/fr\\\/wp-content\\\/uploads\\\/2018\\\/12\\\/reead.jpg\",\"url\":\"https:\\\/\\\/www.reead.com\\\/fr\\\/wp-content\\\/uploads\\\/2018\\\/12\\\/reead.jpg\",\"contentUrl\":\"https:\\\/\\\/www.reead.com\\\/fr\\\/wp-content\\\/uploads\\\/2018\\\/12\\\/reead.jpg\",\"width\":900,\"height\":610,\"caption\":\"Reead\"},\"logo\":{\"@id\":\"https:\\\/\\\/www.reead.com\\\/fr\\\/wp-content\\\/uploads\\\/2018\\\/12\\\/reead.jpg\"},\"description\":\"Reead est un blogueur voyage fran\u00e7ais bas\u00e9 \u00e0 Las Vegas et le fondateur de Reead.com, un blog lanc\u00e9 en 2009 consacr\u00e9 aux voyages, aux miles et aux programmes de fid\u00e9lit\u00e9. Sp\u00e9cialis\u00e9 dans les cartes de cr\u00e9dit voyage, les miles et points, ainsi que les programmes comme Flying Blue, American Express Membership Rewards ou les alliances a\u00e9riennes, il partage des strat\u00e9gies concr\u00e8tes pour r\u00e9duire le co\u00fbt des voyages et optimiser les r\u00e9compenses des cartes de cr\u00e9dit. Install\u00e9 aux \u00c9tats-Unis, Reead publie \u00e9galement des guides pour visiter les USA, des analyses de programmes de fid\u00e9lit\u00e9 et des retours d\u2019exp\u00e9rience sur les compagnies a\u00e9riennes, h\u00f4tels et cartes premium. Depuis plus de 15 ans, ses articles aident les voyageurs \u00e0 comprendre les miles, accumuler des points plus rapidement et voyager dans de meilleures conditions pour moins cher. Survivant du cancer, il partage aussi une vision simple : profiter de la vie et explorer le monde intelligemment.\",\"sameAs\":[\"https:\\\/\\\/www.reead.com\\\/fr\\\/\",\"https:\\\/\\\/www.facebook.com\\\/welovereead\",\"https:\\\/\\\/www.instagram.com\\\/reead\\\/?hl=fr\",\"https:\\\/\\\/www.pinterest.com\\\/reead\\\/\",\"https:\\\/\\\/x.com\\\/blogdereead\",\"https:\\\/\\\/www.youtube.com\\\/reead\"],\"gender\":\"homme\",\"knowsAbout\":[\"Voyage\",\"miles et points\"],\"knowsLanguage\":[\"Anglais\",\"Fran\u00e7ais\"],\"publishingPrinciples\":\"https:\\\/\\\/www.reead.com\\\/fr\\\/politique-de-publication\\\/\"}]}<\/script>\n<!-- \/ Yoast SEO Premium plugin. -->","yoast_head_json":{"title":"Prendre soin de ses cheveux color\u00e9s quand on est un homme","description":"Voici mes huit conseils pour prendre soin de ses cheveux color\u00e9s quand on est un homme, on a rien sans rien les gars !","robots":{"index":"index","follow":"follow","max-snippet":"max-snippet:-1","max-image-preview":"max-image-preview:large","max-video-preview":"max-video-preview:-1"},"canonical":"https:\/\/www.reead.com\/fr\/prendre-soin-cheveux-colores-homme-4498922020\/","og_locale":"fr_FR","og_type":"article","og_title":"Comment prendre soin de ses cheveux color\u00e9s quand on est un homme\u2009?","og_description":"Voici mes huit conseils pour prendre soin de ses cheveux color\u00e9s quand on est un homme, on a rien sans rien les gars !","og_url":"https:\/\/www.reead.com\/fr\/prendre-soin-cheveux-colores-homme-4498922020\/","og_site_name":"Conseils Voyage, Mode Homme et Lifestyle","article_publisher":"https:\/\/www.facebook.com\/welovereead","article_author":"https:\/\/www.facebook.com\/welovereead","article_published_time":"2020-05-03T18:17:21+00:00","article_modified_time":"2022-08-24T17:37:26+00:00","og_image":[{"width":952,"height":648,"url":"https:\/\/www.reead.com\/fr\/wp-content\/uploads\/2020\/03\/prendre-soin-de-ses-cheveux-colores-homme.jpg","type":"image\/jpeg"}],"author":"Reead","twitter_card":"summary_large_image","twitter_creator":"@blogdereead","twitter_site":"@blogdereead","schema":{"@context":"https:\/\/schema.org","@graph":[{"@type":"Article","@id":"https:\/\/www.reead.com\/fr\/prendre-soin-cheveux-colores-homme-4498922020\/#article","isPartOf":{"@id":"https:\/\/www.reead.com\/fr\/prendre-soin-cheveux-colores-homme-4498922020\/"},"author":{"name":"Reead","@id":"https:\/\/www.reead.com\/fr\/#\/schema\/person\/551a8a4b469ab53c0b48bcd3846fb3c6"},"headline":"Comment prendre soin de ses cheveux color\u00e9s quand on est un homme\u2009?","datePublished":"2020-05-03T18:17:21+00:00","dateModified":"2022-08-24T17:37:26+00:00","mainEntityOfPage":{"@id":"https:\/\/www.reead.com\/fr\/prendre-soin-cheveux-colores-homme-4498922020\/"},"wordCount":921,"commentCount":0,"publisher":{"@id":"https:\/\/www.reead.com\/fr\/#\/schema\/person\/551a8a4b469ab53c0b48bcd3846fb3c6"},"image":{"@id":"https:\/\/www.reead.com\/fr\/prendre-soin-cheveux-colores-homme-4498922020\/#primaryimage"},"thumbnailUrl":"https:\/\/www.reead.com\/fr\/wp-content\/uploads\/2020\/03\/prendre-soin-de-ses-cheveux-colores-homme.jpg","articleSection":["Beaut\u00e9 Homme","Coupes de cheveux pour homme et soins"],"inLanguage":"fr-FR","potentialAction":[{"@type":"CommentAction","name":"Comment","target":["https:\/\/www.reead.com\/fr\/prendre-soin-cheveux-colores-homme-4498922020\/#respond"]}]},{"@type":"WebPage","@id":"https:\/\/www.reead.com\/fr\/prendre-soin-cheveux-colores-homme-4498922020\/","url":"https:\/\/www.reead.com\/fr\/prendre-soin-cheveux-colores-homme-4498922020\/","name":"Prendre soin de ses cheveux color\u00e9s quand on est un homme","isPartOf":{"@id":"https:\/\/www.reead.com\/fr\/#website"},"primaryImageOfPage":{"@id":"https:\/\/www.reead.com\/fr\/prendre-soin-cheveux-colores-homme-4498922020\/#primaryimage"},"image":{"@id":"https:\/\/www.reead.com\/fr\/prendre-soin-cheveux-colores-homme-4498922020\/#primaryimage"},"thumbnailUrl":"https:\/\/www.reead.com\/fr\/wp-content\/uploads\/2020\/03\/prendre-soin-de-ses-cheveux-colores-homme.jpg","datePublished":"2020-05-03T18:17:21+00:00","dateModified":"2022-08-24T17:37:26+00:00","description":"Voici mes huit conseils pour prendre soin de ses cheveux color\u00e9s quand on est un homme, on a rien sans rien les gars !","breadcrumb":{"@id":"https:\/\/www.reead.com\/fr\/prendre-soin-cheveux-colores-homme-4498922020\/#breadcrumb"},"inLanguage":"fr-FR","potentialAction":[{"@type":"ReadAction","target":["https:\/\/www.reead.com\/fr\/prendre-soin-cheveux-colores-homme-4498922020\/"]}]},{"@type":"ImageObject","inLanguage":"fr-FR","@id":"https:\/\/www.reead.com\/fr\/prendre-soin-cheveux-colores-homme-4498922020\/#primaryimage","url":"https:\/\/www.reead.com\/fr\/wp-content\/uploads\/2020\/03\/prendre-soin-de-ses-cheveux-colores-homme.jpg","contentUrl":"https:\/\/www.reead.com\/fr\/wp-content\/uploads\/2020\/03\/prendre-soin-de-ses-cheveux-colores-homme.jpg","width":952,"height":648,"caption":"prendre soin de ses cheveux color\u00e9s"},{"@type":"BreadcrumbList","@id":"https:\/\/www.reead.com\/fr\/prendre-soin-cheveux-colores-homme-4498922020\/#breadcrumb","itemListElement":[{"@type":"ListItem","position":1,"name":"Accueil","item":"https:\/\/www.reead.com\/fr\/"},{"@type":"ListItem","position":2,"name":"Beaut\u00e9 Homme","item":"https:\/\/www.reead.com\/fr\/beaute-homme\/"},{"@type":"ListItem","position":3,"name":"Coupes de cheveux pour homme et soins","item":"https:\/\/www.reead.com\/fr\/beaute-homme\/soins-cheveux-homme\/"},{"@type":"ListItem","position":4,"name":"Comment prendre soin de ses cheveux color\u00e9s quand on est un homme\u2009?"}]},{"@type":"WebSite","@id":"https:\/\/www.reead.com\/fr\/#website","url":"https:\/\/www.reead.com\/fr\/","name":"Reead.com","description":"Conseils Voyage, Mode Homme et Lifestyle","publisher":{"@id":"https:\/\/www.reead.com\/fr\/#\/schema\/person\/551a8a4b469ab53c0b48bcd3846fb3c6"},"potentialAction":[{"@type":"SearchAction","target":{"@type":"EntryPoint","urlTemplate":"https:\/\/www.reead.com\/fr\/?s={search_term_string}"},"query-input":{"@type":"PropertyValueSpecification","valueRequired":true,"valueName":"search_term_string"}}],"inLanguage":"fr-FR"},{"@type":["Person","Organization"],"@id":"https:\/\/www.reead.com\/fr\/#\/schema\/person\/551a8a4b469ab53c0b48bcd3846fb3c6","name":"Reead","image":{"@type":"ImageObject","inLanguage":"fr-FR","@id":"https:\/\/www.reead.com\/fr\/wp-content\/uploads\/2018\/12\/reead.jpg","url":"https:\/\/www.reead.com\/fr\/wp-content\/uploads\/2018\/12\/reead.jpg","contentUrl":"https:\/\/www.reead.com\/fr\/wp-content\/uploads\/2018\/12\/reead.jpg","width":900,"height":610,"caption":"Reead"},"logo":{"@id":"https:\/\/www.reead.com\/fr\/wp-content\/uploads\/2018\/12\/reead.jpg"},"description":"Reead est un blogueur voyage fran\u00e7ais bas\u00e9 \u00e0 Las Vegas et le fondateur de Reead.com, un blog lanc\u00e9 en 2009 consacr\u00e9 aux voyages, aux miles et aux programmes de fid\u00e9lit\u00e9. Sp\u00e9cialis\u00e9 dans les cartes de cr\u00e9dit voyage, les miles et points, ainsi que les programmes comme Flying Blue, American Express Membership Rewards ou les alliances a\u00e9riennes, il partage des strat\u00e9gies concr\u00e8tes pour r\u00e9duire le co\u00fbt des voyages et optimiser les r\u00e9compenses des cartes de cr\u00e9dit. Install\u00e9 aux \u00c9tats-Unis, Reead publie \u00e9galement des guides pour visiter les USA, des analyses de programmes de fid\u00e9lit\u00e9 et des retours d\u2019exp\u00e9rience sur les compagnies a\u00e9riennes, h\u00f4tels et cartes premium. Depuis plus de 15 ans, ses articles aident les voyageurs \u00e0 comprendre les miles, accumuler des points plus rapidement et voyager dans de meilleures conditions pour moins cher. Survivant du cancer, il partage aussi une vision simple : profiter de la vie et explorer le monde intelligemment.","sameAs":["https:\/\/www.reead.com\/fr\/","https:\/\/www.facebook.com\/welovereead","https:\/\/www.instagram.com\/reead\/?hl=fr","https:\/\/www.pinterest.com\/reead\/","https:\/\/x.com\/blogdereead","https:\/\/www.youtube.com\/reead"],"gender":"homme","knowsAbout":["Voyage","miles et points"],"knowsLanguage":["Anglais","Fran\u00e7ais"],"publishingPrinciples":"https:\/\/www.reead.com\/fr\/politique-de-publication\/"}]}},"_links":{"self":[{"href":"https:\/\/www.reead.com\/fr\/wp-json\/wp\/v2\/posts\/449892","targetHints":{"allow":["GET"]}}],"collection":[{"href":"https:\/\/www.reead.com\/fr\/wp-json\/wp\/v2\/posts"}],"about":[{"href":"https:\/\/www.reead.com\/fr\/wp-json\/wp\/v2\/types\/post"}],"author":[{"embeddable":true,"href":"https:\/\/www.reead.com\/fr\/wp-json\/wp\/v2\/users\/1"}],"replies":[{"embeddable":true,"href":"https:\/\/www.reead.com\/fr\/wp-json\/wp\/v2\/comments?post=449892"}],"version-history":[{"count":0,"href":"https:\/\/www.reead.com\/fr\/wp-json\/wp\/v2\/posts\/449892\/revisions"}],"wp:featuredmedia":[{"embeddable":true,"href":"https:\/\/www.reead.com\/fr\/wp-json\/wp\/v2\/media\/449893"}],"wp:attachment":[{"href":"https:\/\/www.reead.com\/fr\/wp-json\/wp\/v2\/media?parent=449892"}],"wp:term":[{"taxonomy":"category","embeddable":true,"href":"https:\/\/www.reead.com\/fr\/wp-json\/wp\/v2\/categories?post=449892"},{"taxonomy":"post_tag","embeddable":true,"href":"https:\/\/www.reead.com\/fr\/wp-json\/wp\/v2\/tags?post=449892"}],"curies":[{"name":"wp","href":"https:\/\/api.w.org\/{rel}","templated":true}]}}