{"id":4440,"date":"2011-04-13T21:41:00","date_gmt":"2011-04-13T19:41:00","guid":{"rendered":"http:\/\/www.reead.com\/fr\/?p=4440"},"modified":"2023-07-31T17:04:08","modified_gmt":"2023-07-31T15:04:08","slug":"5-ans-pour-savoir-si-je-suis-gueri-ou-non","status":"publish","type":"post","link":"https:\/\/www.reead.com\/fr\/5-ans-pour-savoir-si-je-suis-gueri-ou-non-44402011\/","title":{"rendered":"Cancer de la Thyro\u00efde : 5 ans pour savoir si je suis gu\u00e9ri ou non&#8230;"},"content":{"rendered":"<p>Il y a quelque jours, j&rsquo;ai eu mon rendez-vous pour savoir si ce que j&rsquo;avais eu comme <strong>Cancer de la Thyro\u00efde<\/strong>\u00a0et si ce dernier \u00e9tait b\u00e9nin ou malin (<a href=\"https:\/\/www.reead.com\/fr\/cancer-de-la-thyroide-recit-dune-operation-assez-perturbante\/4413\/\" target=\"_blank\" rel=\"noopener noreferrer\">lire mon premier post ici<\/a>).<\/p>\n<p>Le m\u00e9decin nucl\u00e9aire me demande me m&rsquo;assoir, et la, positif comme je suis, je lui fais un grand\u00a0sourire\u00a0et lui demande : \u00ab\u00a0Alors, c&rsquo;est termin\u00e9 hein ?\u00a0\u00bb.<\/p>\n<p>Malheureusement, la r\u00e9ponse n&rsquo;\u00e9tait pas celle que j&rsquo;attendais. Le m\u00e9decin me regarde et me dit : \u00ab\u00a0Ah bah non Monsieur, d\u00e9sol\u00e9 mai on va devoir compl\u00e9ter votre traitement par une cure d&rsquo;iode radioactif\u00a0\u00bb.<\/p>\n<p><img loading=\"lazy\" decoding=\"async\" class=\"alignnone\" src=\"https:\/\/www.reead.com\/fr\/wp-content\/uploads\/2011\/04\/iode-radioactif.jpg\" alt=\"Cancer de la thyro\u00efde\" width=\"570\" height=\"456\" \/><\/p>\n<h2>Cancer de la Thyro\u00efde, ce cancer qui chamboule tout&#8230;<\/h2>\n<p>Je continue de\u00a0sourire comme un idiot, et d&rsquo;\u00e9couter ce que le m\u00e9decin m&rsquo;explique. Pendant quelques secondes, je ressens une fatigue intense, une\u00a0d\u00e9sespoir\u00a0total. Je me ressaisis et je fais bonne figure.<\/p>\n<p>Le m\u00e9decin me pr\u00e9sente mon dossier, et me confirme que ce que j&rsquo;ai eu n&rsquo;\u00e9tais pas jolie, qu&rsquo;il fallait pour \u00e9liminer les risques d&rsquo;avoir encore dans le corps des <b>cellules thyro\u00efdiennes\u00a0canc\u00e9reuses<\/b>, de proc\u00e9der \u00e0 cette cure d&rsquo;iode radioactif.<\/p>\n<p>Cette cure consiste \u00e0 avaler une g\u00e9lule d&rsquo;iode radioactif et d&rsquo;\u00eatre isol\u00e9 3 jours, afin de permettre de r\u00e9aliser une <a href=\"https:\/\/www.ameli.fr\/assure\/sante\/examen\/imagerie-medicale\/deroulement-scintigraphie#:~:text=Le%20traceur%20se%20fixe%20sur,parties%20de%20l&#039;organe%20concern%C3%A9.\" target=\"_blank\" rel=\"noopener noreferrer\">scintigraphie<\/a>, une semaine apr\u00e8s, et \u00e9tudier le pronostic.<\/p>\n<h2>Cancer de la Thyro\u00efde, un cancer qui se traite bien<\/h2>\n<p>98% des personnes ayant eu un <strong><a href=\"https:\/\/www.reead.com\/fr\/le-jour-ou-lon-ma-annonce-mon-cancer-42932011\/\" target=\"_blank\" rel=\"noreferrer noopener\">cancer de la thyro\u00efde<\/a><\/strong> sont en vie 5 ans apr\u00e8s le traitement, puis apr\u00e8s on les consid\u00e8re comme d\u00e9finitivement gu\u00e9ri.<\/p>\n<p>La je demande au m\u00e9decin : \u00ab\u00a0Pourquoi 2% sont morts ?\u00a0\u00bb. Le regard un peu vide, elle m&rsquo;explique que m\u00eame si ce cancer se traite parfaitement, qu&rsquo;on ne peut jamais \u00eatre certain que cela soit termin\u00e9, et que chacun r\u00e9agit diff\u00e9remment aux traitements.<\/p>\n<p>Je ne suis pas une personne pessimiste, ni forcement optimiste, je suis juste r\u00e9aliste. Je prends tout cela avec un grand sourire, et \u00e0 partir de maintenant, quoi qu&rsquo;il arrive, je vais consid\u00e9rer que chaque jour est un bonus, et essayer d&rsquo;en profiter et faire mon tour du monde, ma musique, et aider toutes les personnes que j&rsquo;aime du mieux que je peux.<\/p>\n\n\n<div class=\"kk-star-ratings kksr-auto kksr-align-left kksr-valign-bottom\"\n    data-payload='{&quot;align&quot;:&quot;left&quot;,&quot;id&quot;:&quot;4440&quot;,&quot;slug&quot;:&quot;default&quot;,&quot;valign&quot;:&quot;bottom&quot;,&quot;ignore&quot;:&quot;&quot;,&quot;reference&quot;:&quot;auto&quot;,&quot;class&quot;:&quot;&quot;,&quot;count&quot;:&quot;1&quot;,&quot;legendonly&quot;:&quot;&quot;,&quot;readonly&quot;:&quot;&quot;,&quot;score&quot;:&quot;5&quot;,&quot;starsonly&quot;:&quot;&quot;,&quot;best&quot;:&quot;5&quot;,&quot;gap&quot;:&quot;4&quot;,&quot;greet&quot;:&quot;Votez pour ce post&quot;,&quot;legend&quot;:&quot;5\\\/5 - (1 vote)&quot;,&quot;size&quot;:&quot;24&quot;,&quot;title&quot;:&quot;Cancer de la Thyro\u00efde : 5 ans pour savoir si je suis gu\u00e9ri ou non...&quot;,&quot;width&quot;:&quot;138&quot;,&quot;_legend&quot;:&quot;{score}\\\/{best} - ({count} {votes})&quot;,&quot;font_factor&quot;:&quot;1.25&quot;}'>\n            \n<div class=\"kksr-stars\">\n    \n<div class=\"kksr-stars-inactive\">\n            <div class=\"kksr-star\" data-star=\"1\" style=\"padding-right: 4px\">\n            \n\n<div class=\"kksr-icon\" style=\"width: 24px; height: 24px;\"><\/div>\n        <\/div>\n            <div class=\"kksr-star\" data-star=\"2\" style=\"padding-right: 4px\">\n            \n\n<div class=\"kksr-icon\" style=\"width: 24px; height: 24px;\"><\/div>\n        <\/div>\n            <div class=\"kksr-star\" data-star=\"3\" style=\"padding-right: 4px\">\n            \n\n<div class=\"kksr-icon\" style=\"width: 24px; height: 24px;\"><\/div>\n        <\/div>\n            <div class=\"kksr-star\" data-star=\"4\" style=\"padding-right: 4px\">\n            \n\n<div class=\"kksr-icon\" style=\"width: 24px; height: 24px;\"><\/div>\n        <\/div>\n            <div class=\"kksr-star\" data-star=\"5\" style=\"padding-right: 4px\">\n            \n\n<div class=\"kksr-icon\" style=\"width: 24px; height: 24px;\"><\/div>\n        <\/div>\n    <\/div>\n    \n<div class=\"kksr-stars-active\" style=\"width: 138px;\">\n            <div class=\"kksr-star\" style=\"padding-right: 4px\">\n            \n\n<div class=\"kksr-icon\" style=\"width: 24px; height: 24px;\"><\/div>\n        <\/div>\n            <div class=\"kksr-star\" style=\"padding-right: 4px\">\n            \n\n<div class=\"kksr-icon\" style=\"width: 24px; height: 24px;\"><\/div>\n        <\/div>\n            <div class=\"kksr-star\" style=\"padding-right: 4px\">\n            \n\n<div class=\"kksr-icon\" style=\"width: 24px; height: 24px;\"><\/div>\n        <\/div>\n            <div class=\"kksr-star\" style=\"padding-right: 4px\">\n            \n\n<div class=\"kksr-icon\" style=\"width: 24px; height: 24px;\"><\/div>\n        <\/div>\n            <div class=\"kksr-star\" style=\"padding-right: 4px\">\n            \n\n<div class=\"kksr-icon\" style=\"width: 24px; height: 24px;\"><\/div>\n        <\/div>\n    <\/div>\n<\/div>\n                \n\n<div class=\"kksr-legend\" style=\"font-size: 19.2px;\">\n            5\/5 - (1 vote)    <\/div>\n    <\/div>","protected":false},"excerpt":{"rendered":"<p>Cure d&rsquo;iode radioactif&#8230; la suite de mon traitement de mon Cancer de la Thyro\u00efde, voici le r\u00e9cit de l&rsquo;annonce par mon m\u00e9decin.<\/p>","protected":false},"author":1,"featured_media":4441,"comment_status":"open","ping_status":"open","sticky":false,"template":"","format":"standard","meta":{"footnotes":""},"categories":[560],"tags":[886],"class_list":["post-4440","post","type-post","status-publish","format-standard","has-post-thumbnail","hentry","category-lifestyle","tag-cancer-thyroide"],"yoast_head":"<!-- This site is optimized with the Yoast SEO Premium plugin v27.4 (Yoast SEO v27.4) - https:\/\/yoast.com\/product\/yoast-seo-premium-wordpress\/ -->\n<title>Cancer de la Thyro\u00efde : 5 ans pour savoir si je suis gu\u00e9ri ou non...<\/title>\n<meta name=\"description\" content=\"Cure d&#039;iode radioactif... la suite de mon traitement de mon Cancer de la Thyro\u00efde, voici le r\u00e9cit de l&#039;annonce par mon m\u00e9decin.\" \/>\n<meta name=\"robots\" content=\"index, follow, max-snippet:-1, max-image-preview:large, max-video-preview:-1\" \/>\n<link rel=\"canonical\" href=\"https:\/\/www.reead.com\/fr\/5-ans-pour-savoir-si-je-suis-gueri-ou-non-44402011\/\" \/>\n<meta property=\"og:locale\" content=\"fr_FR\" \/>\n<meta property=\"og:type\" content=\"article\" \/>\n<meta property=\"og:title\" content=\"Cancer de la Thyro\u00efde : 5 ans pour savoir si je suis gu\u00e9ri ou non...\" \/>\n<meta property=\"og:description\" content=\"Cure d&#039;iode radioactif... la suite de mon traitement de mon Cancer de la Thyro\u00efde, voici le r\u00e9cit de l&#039;annonce par mon m\u00e9decin.\" \/>\n<meta property=\"og:url\" content=\"https:\/\/www.reead.com\/fr\/5-ans-pour-savoir-si-je-suis-gueri-ou-non-44402011\/\" \/>\n<meta property=\"og:site_name\" content=\"Conseils Voyage, Mode Homme et Lifestyle\" \/>\n<meta property=\"article:publisher\" content=\"https:\/\/www.facebook.com\/welovereead\" \/>\n<meta property=\"article:author\" content=\"https:\/\/www.facebook.com\/welovereead\" \/>\n<meta property=\"article:published_time\" content=\"2011-04-13T19:41:00+00:00\" \/>\n<meta property=\"article:modified_time\" content=\"2023-07-31T15:04:08+00:00\" \/>\n<meta property=\"og:image\" content=\"https:\/\/www.reead.com\/fr\/wp-content\/uploads\/2011\/04\/iode-radioactif.jpg\" \/>\n\t<meta property=\"og:image:width\" content=\"570\" \/>\n\t<meta property=\"og:image:height\" content=\"456\" \/>\n\t<meta property=\"og:image:type\" content=\"image\/jpeg\" \/>\n<meta name=\"author\" content=\"Reead\" \/>\n<meta name=\"twitter:card\" content=\"summary_large_image\" \/>\n<meta name=\"twitter:creator\" content=\"@blogdereead\" \/>\n<meta name=\"twitter:site\" content=\"@blogdereead\" \/>\n<script type=\"application\/ld+json\" class=\"yoast-schema-graph\">{\"@context\":\"https:\\\/\\\/schema.org\",\"@graph\":[{\"@type\":\"Article\",\"@id\":\"https:\\\/\\\/www.reead.com\\\/fr\\\/5-ans-pour-savoir-si-je-suis-gueri-ou-non-44402011\\\/#article\",\"isPartOf\":{\"@id\":\"https:\\\/\\\/www.reead.com\\\/fr\\\/5-ans-pour-savoir-si-je-suis-gueri-ou-non-44402011\\\/\"},\"author\":{\"name\":\"Reead\",\"@id\":\"https:\\\/\\\/www.reead.com\\\/fr\\\/#\\\/schema\\\/person\\\/551a8a4b469ab53c0b48bcd3846fb3c6\"},\"headline\":\"Cancer de la Thyro\u00efde : 5 ans pour savoir si je suis gu\u00e9ri ou non&#8230;\",\"datePublished\":\"2011-04-13T19:41:00+00:00\",\"dateModified\":\"2023-07-31T15:04:08+00:00\",\"mainEntityOfPage\":{\"@id\":\"https:\\\/\\\/www.reead.com\\\/fr\\\/5-ans-pour-savoir-si-je-suis-gueri-ou-non-44402011\\\/\"},\"wordCount\":402,\"commentCount\":0,\"publisher\":{\"@id\":\"https:\\\/\\\/www.reead.com\\\/fr\\\/#\\\/schema\\\/person\\\/551a8a4b469ab53c0b48bcd3846fb3c6\"},\"image\":{\"@id\":\"https:\\\/\\\/www.reead.com\\\/fr\\\/5-ans-pour-savoir-si-je-suis-gueri-ou-non-44402011\\\/#primaryimage\"},\"thumbnailUrl\":\"https:\\\/\\\/www.reead.com\\\/fr\\\/wp-content\\\/uploads\\\/2011\\\/04\\\/iode-radioactif.jpg\",\"keywords\":[\"Cancer de la Thyro\u00efde\"],\"articleSection\":[\"Lifestyle\"],\"inLanguage\":\"fr-FR\",\"potentialAction\":[{\"@type\":\"CommentAction\",\"name\":\"Comment\",\"target\":[\"https:\\\/\\\/www.reead.com\\\/fr\\\/5-ans-pour-savoir-si-je-suis-gueri-ou-non-44402011\\\/#respond\"]}]},{\"@type\":\"WebPage\",\"@id\":\"https:\\\/\\\/www.reead.com\\\/fr\\\/5-ans-pour-savoir-si-je-suis-gueri-ou-non-44402011\\\/\",\"url\":\"https:\\\/\\\/www.reead.com\\\/fr\\\/5-ans-pour-savoir-si-je-suis-gueri-ou-non-44402011\\\/\",\"name\":\"Cancer de la Thyro\u00efde : 5 ans pour savoir si je suis gu\u00e9ri ou non...\",\"isPartOf\":{\"@id\":\"https:\\\/\\\/www.reead.com\\\/fr\\\/#website\"},\"primaryImageOfPage\":{\"@id\":\"https:\\\/\\\/www.reead.com\\\/fr\\\/5-ans-pour-savoir-si-je-suis-gueri-ou-non-44402011\\\/#primaryimage\"},\"image\":{\"@id\":\"https:\\\/\\\/www.reead.com\\\/fr\\\/5-ans-pour-savoir-si-je-suis-gueri-ou-non-44402011\\\/#primaryimage\"},\"thumbnailUrl\":\"https:\\\/\\\/www.reead.com\\\/fr\\\/wp-content\\\/uploads\\\/2011\\\/04\\\/iode-radioactif.jpg\",\"datePublished\":\"2011-04-13T19:41:00+00:00\",\"dateModified\":\"2023-07-31T15:04:08+00:00\",\"description\":\"Cure d'iode radioactif... la suite de mon traitement de mon Cancer de la Thyro\u00efde, voici le r\u00e9cit de l'annonce par mon m\u00e9decin.\",\"breadcrumb\":{\"@id\":\"https:\\\/\\\/www.reead.com\\\/fr\\\/5-ans-pour-savoir-si-je-suis-gueri-ou-non-44402011\\\/#breadcrumb\"},\"inLanguage\":\"fr-FR\",\"potentialAction\":[{\"@type\":\"ReadAction\",\"target\":[\"https:\\\/\\\/www.reead.com\\\/fr\\\/5-ans-pour-savoir-si-je-suis-gueri-ou-non-44402011\\\/\"]}]},{\"@type\":\"ImageObject\",\"inLanguage\":\"fr-FR\",\"@id\":\"https:\\\/\\\/www.reead.com\\\/fr\\\/5-ans-pour-savoir-si-je-suis-gueri-ou-non-44402011\\\/#primaryimage\",\"url\":\"https:\\\/\\\/www.reead.com\\\/fr\\\/wp-content\\\/uploads\\\/2011\\\/04\\\/iode-radioactif.jpg\",\"contentUrl\":\"https:\\\/\\\/www.reead.com\\\/fr\\\/wp-content\\\/uploads\\\/2011\\\/04\\\/iode-radioactif.jpg\",\"width\":570,\"height\":456,\"caption\":\"cancer de la thyroide\"},{\"@type\":\"BreadcrumbList\",\"@id\":\"https:\\\/\\\/www.reead.com\\\/fr\\\/5-ans-pour-savoir-si-je-suis-gueri-ou-non-44402011\\\/#breadcrumb\",\"itemListElement\":[{\"@type\":\"ListItem\",\"position\":1,\"name\":\"Accueil\",\"item\":\"https:\\\/\\\/www.reead.com\\\/fr\\\/\"},{\"@type\":\"ListItem\",\"position\":2,\"name\":\"Lifestyle\",\"item\":\"https:\\\/\\\/www.reead.com\\\/fr\\\/lifestyle\\\/\"},{\"@type\":\"ListItem\",\"position\":3,\"name\":\"Cancer de la Thyro\u00efde : 5 ans pour savoir si je suis gu\u00e9ri ou non&#8230;\"}]},{\"@type\":\"WebSite\",\"@id\":\"https:\\\/\\\/www.reead.com\\\/fr\\\/#website\",\"url\":\"https:\\\/\\\/www.reead.com\\\/fr\\\/\",\"name\":\"Reead.com\",\"description\":\"Conseils Voyage, Mode Homme et Lifestyle\",\"publisher\":{\"@id\":\"https:\\\/\\\/www.reead.com\\\/fr\\\/#\\\/schema\\\/person\\\/551a8a4b469ab53c0b48bcd3846fb3c6\"},\"potentialAction\":[{\"@type\":\"SearchAction\",\"target\":{\"@type\":\"EntryPoint\",\"urlTemplate\":\"https:\\\/\\\/www.reead.com\\\/fr\\\/?s={search_term_string}\"},\"query-input\":{\"@type\":\"PropertyValueSpecification\",\"valueRequired\":true,\"valueName\":\"search_term_string\"}}],\"inLanguage\":\"fr-FR\"},{\"@type\":[\"Person\",\"Organization\"],\"@id\":\"https:\\\/\\\/www.reead.com\\\/fr\\\/#\\\/schema\\\/person\\\/551a8a4b469ab53c0b48bcd3846fb3c6\",\"name\":\"Reead\",\"image\":{\"@type\":\"ImageObject\",\"inLanguage\":\"fr-FR\",\"@id\":\"https:\\\/\\\/www.reead.com\\\/fr\\\/wp-content\\\/uploads\\\/2018\\\/12\\\/reead.jpg\",\"url\":\"https:\\\/\\\/www.reead.com\\\/fr\\\/wp-content\\\/uploads\\\/2018\\\/12\\\/reead.jpg\",\"contentUrl\":\"https:\\\/\\\/www.reead.com\\\/fr\\\/wp-content\\\/uploads\\\/2018\\\/12\\\/reead.jpg\",\"width\":900,\"height\":610,\"caption\":\"Reead\"},\"logo\":{\"@id\":\"https:\\\/\\\/www.reead.com\\\/fr\\\/wp-content\\\/uploads\\\/2018\\\/12\\\/reead.jpg\"},\"description\":\"Reead est un blogueur voyage fran\u00e7ais bas\u00e9 \u00e0 Las Vegas et le fondateur de Reead.com, un blog lanc\u00e9 en 2009 consacr\u00e9 aux voyages, aux miles et aux programmes de fid\u00e9lit\u00e9. Sp\u00e9cialis\u00e9 dans les cartes de cr\u00e9dit voyage, les miles et points, ainsi que les programmes comme Flying Blue, American Express Membership Rewards ou les alliances a\u00e9riennes, il partage des strat\u00e9gies concr\u00e8tes pour r\u00e9duire le co\u00fbt des voyages et optimiser les r\u00e9compenses des cartes de cr\u00e9dit. Install\u00e9 aux \u00c9tats-Unis, Reead publie \u00e9galement des guides pour visiter les USA, des analyses de programmes de fid\u00e9lit\u00e9 et des retours d\u2019exp\u00e9rience sur les compagnies a\u00e9riennes, h\u00f4tels et cartes premium. Depuis plus de 15 ans, ses articles aident les voyageurs \u00e0 comprendre les miles, accumuler des points plus rapidement et voyager dans de meilleures conditions pour moins cher. Survivant du cancer, il partage aussi une vision simple : profiter de la vie et explorer le monde intelligemment.\",\"sameAs\":[\"https:\\\/\\\/www.reead.com\\\/fr\\\/\",\"https:\\\/\\\/www.facebook.com\\\/welovereead\",\"https:\\\/\\\/www.instagram.com\\\/reead\\\/?hl=fr\",\"https:\\\/\\\/www.pinterest.com\\\/reead\\\/\",\"https:\\\/\\\/x.com\\\/blogdereead\",\"https:\\\/\\\/www.youtube.com\\\/reead\"],\"gender\":\"homme\",\"knowsAbout\":[\"Voyage\",\"miles et points\"],\"knowsLanguage\":[\"Anglais\",\"Fran\u00e7ais\"],\"publishingPrinciples\":\"https:\\\/\\\/www.reead.com\\\/fr\\\/politique-de-publication\\\/\"}]}<\/script>\n<!-- \/ Yoast SEO Premium plugin. -->","yoast_head_json":{"title":"Cancer de la Thyro\u00efde : 5 ans pour savoir si je suis gu\u00e9ri ou non...","description":"Cure d'iode radioactif... la suite de mon traitement de mon Cancer de la Thyro\u00efde, voici le r\u00e9cit de l'annonce par mon m\u00e9decin.","robots":{"index":"index","follow":"follow","max-snippet":"max-snippet:-1","max-image-preview":"max-image-preview:large","max-video-preview":"max-video-preview:-1"},"canonical":"https:\/\/www.reead.com\/fr\/5-ans-pour-savoir-si-je-suis-gueri-ou-non-44402011\/","og_locale":"fr_FR","og_type":"article","og_title":"Cancer de la Thyro\u00efde : 5 ans pour savoir si je suis gu\u00e9ri ou non...","og_description":"Cure d'iode radioactif... la suite de mon traitement de mon Cancer de la Thyro\u00efde, voici le r\u00e9cit de l'annonce par mon m\u00e9decin.","og_url":"https:\/\/www.reead.com\/fr\/5-ans-pour-savoir-si-je-suis-gueri-ou-non-44402011\/","og_site_name":"Conseils Voyage, Mode Homme et Lifestyle","article_publisher":"https:\/\/www.facebook.com\/welovereead","article_author":"https:\/\/www.facebook.com\/welovereead","article_published_time":"2011-04-13T19:41:00+00:00","article_modified_time":"2023-07-31T15:04:08+00:00","og_image":[{"width":570,"height":456,"url":"https:\/\/www.reead.com\/fr\/wp-content\/uploads\/2011\/04\/iode-radioactif.jpg","type":"image\/jpeg"}],"author":"Reead","twitter_card":"summary_large_image","twitter_creator":"@blogdereead","twitter_site":"@blogdereead","schema":{"@context":"https:\/\/schema.org","@graph":[{"@type":"Article","@id":"https:\/\/www.reead.com\/fr\/5-ans-pour-savoir-si-je-suis-gueri-ou-non-44402011\/#article","isPartOf":{"@id":"https:\/\/www.reead.com\/fr\/5-ans-pour-savoir-si-je-suis-gueri-ou-non-44402011\/"},"author":{"name":"Reead","@id":"https:\/\/www.reead.com\/fr\/#\/schema\/person\/551a8a4b469ab53c0b48bcd3846fb3c6"},"headline":"Cancer de la Thyro\u00efde : 5 ans pour savoir si je suis gu\u00e9ri ou non&#8230;","datePublished":"2011-04-13T19:41:00+00:00","dateModified":"2023-07-31T15:04:08+00:00","mainEntityOfPage":{"@id":"https:\/\/www.reead.com\/fr\/5-ans-pour-savoir-si-je-suis-gueri-ou-non-44402011\/"},"wordCount":402,"commentCount":0,"publisher":{"@id":"https:\/\/www.reead.com\/fr\/#\/schema\/person\/551a8a4b469ab53c0b48bcd3846fb3c6"},"image":{"@id":"https:\/\/www.reead.com\/fr\/5-ans-pour-savoir-si-je-suis-gueri-ou-non-44402011\/#primaryimage"},"thumbnailUrl":"https:\/\/www.reead.com\/fr\/wp-content\/uploads\/2011\/04\/iode-radioactif.jpg","keywords":["Cancer de la Thyro\u00efde"],"articleSection":["Lifestyle"],"inLanguage":"fr-FR","potentialAction":[{"@type":"CommentAction","name":"Comment","target":["https:\/\/www.reead.com\/fr\/5-ans-pour-savoir-si-je-suis-gueri-ou-non-44402011\/#respond"]}]},{"@type":"WebPage","@id":"https:\/\/www.reead.com\/fr\/5-ans-pour-savoir-si-je-suis-gueri-ou-non-44402011\/","url":"https:\/\/www.reead.com\/fr\/5-ans-pour-savoir-si-je-suis-gueri-ou-non-44402011\/","name":"Cancer de la Thyro\u00efde : 5 ans pour savoir si je suis gu\u00e9ri ou non...","isPartOf":{"@id":"https:\/\/www.reead.com\/fr\/#website"},"primaryImageOfPage":{"@id":"https:\/\/www.reead.com\/fr\/5-ans-pour-savoir-si-je-suis-gueri-ou-non-44402011\/#primaryimage"},"image":{"@id":"https:\/\/www.reead.com\/fr\/5-ans-pour-savoir-si-je-suis-gueri-ou-non-44402011\/#primaryimage"},"thumbnailUrl":"https:\/\/www.reead.com\/fr\/wp-content\/uploads\/2011\/04\/iode-radioactif.jpg","datePublished":"2011-04-13T19:41:00+00:00","dateModified":"2023-07-31T15:04:08+00:00","description":"Cure d'iode radioactif... la suite de mon traitement de mon Cancer de la Thyro\u00efde, voici le r\u00e9cit de l'annonce par mon m\u00e9decin.","breadcrumb":{"@id":"https:\/\/www.reead.com\/fr\/5-ans-pour-savoir-si-je-suis-gueri-ou-non-44402011\/#breadcrumb"},"inLanguage":"fr-FR","potentialAction":[{"@type":"ReadAction","target":["https:\/\/www.reead.com\/fr\/5-ans-pour-savoir-si-je-suis-gueri-ou-non-44402011\/"]}]},{"@type":"ImageObject","inLanguage":"fr-FR","@id":"https:\/\/www.reead.com\/fr\/5-ans-pour-savoir-si-je-suis-gueri-ou-non-44402011\/#primaryimage","url":"https:\/\/www.reead.com\/fr\/wp-content\/uploads\/2011\/04\/iode-radioactif.jpg","contentUrl":"https:\/\/www.reead.com\/fr\/wp-content\/uploads\/2011\/04\/iode-radioactif.jpg","width":570,"height":456,"caption":"cancer de la thyroide"},{"@type":"BreadcrumbList","@id":"https:\/\/www.reead.com\/fr\/5-ans-pour-savoir-si-je-suis-gueri-ou-non-44402011\/#breadcrumb","itemListElement":[{"@type":"ListItem","position":1,"name":"Accueil","item":"https:\/\/www.reead.com\/fr\/"},{"@type":"ListItem","position":2,"name":"Lifestyle","item":"https:\/\/www.reead.com\/fr\/lifestyle\/"},{"@type":"ListItem","position":3,"name":"Cancer de la Thyro\u00efde : 5 ans pour savoir si je suis gu\u00e9ri ou non&#8230;"}]},{"@type":"WebSite","@id":"https:\/\/www.reead.com\/fr\/#website","url":"https:\/\/www.reead.com\/fr\/","name":"Reead.com","description":"Conseils Voyage, Mode Homme et Lifestyle","publisher":{"@id":"https:\/\/www.reead.com\/fr\/#\/schema\/person\/551a8a4b469ab53c0b48bcd3846fb3c6"},"potentialAction":[{"@type":"SearchAction","target":{"@type":"EntryPoint","urlTemplate":"https:\/\/www.reead.com\/fr\/?s={search_term_string}"},"query-input":{"@type":"PropertyValueSpecification","valueRequired":true,"valueName":"search_term_string"}}],"inLanguage":"fr-FR"},{"@type":["Person","Organization"],"@id":"https:\/\/www.reead.com\/fr\/#\/schema\/person\/551a8a4b469ab53c0b48bcd3846fb3c6","name":"Reead","image":{"@type":"ImageObject","inLanguage":"fr-FR","@id":"https:\/\/www.reead.com\/fr\/wp-content\/uploads\/2018\/12\/reead.jpg","url":"https:\/\/www.reead.com\/fr\/wp-content\/uploads\/2018\/12\/reead.jpg","contentUrl":"https:\/\/www.reead.com\/fr\/wp-content\/uploads\/2018\/12\/reead.jpg","width":900,"height":610,"caption":"Reead"},"logo":{"@id":"https:\/\/www.reead.com\/fr\/wp-content\/uploads\/2018\/12\/reead.jpg"},"description":"Reead est un blogueur voyage fran\u00e7ais bas\u00e9 \u00e0 Las Vegas et le fondateur de Reead.com, un blog lanc\u00e9 en 2009 consacr\u00e9 aux voyages, aux miles et aux programmes de fid\u00e9lit\u00e9. Sp\u00e9cialis\u00e9 dans les cartes de cr\u00e9dit voyage, les miles et points, ainsi que les programmes comme Flying Blue, American Express Membership Rewards ou les alliances a\u00e9riennes, il partage des strat\u00e9gies concr\u00e8tes pour r\u00e9duire le co\u00fbt des voyages et optimiser les r\u00e9compenses des cartes de cr\u00e9dit. Install\u00e9 aux \u00c9tats-Unis, Reead publie \u00e9galement des guides pour visiter les USA, des analyses de programmes de fid\u00e9lit\u00e9 et des retours d\u2019exp\u00e9rience sur les compagnies a\u00e9riennes, h\u00f4tels et cartes premium. Depuis plus de 15 ans, ses articles aident les voyageurs \u00e0 comprendre les miles, accumuler des points plus rapidement et voyager dans de meilleures conditions pour moins cher. Survivant du cancer, il partage aussi une vision simple : profiter de la vie et explorer le monde intelligemment.","sameAs":["https:\/\/www.reead.com\/fr\/","https:\/\/www.facebook.com\/welovereead","https:\/\/www.instagram.com\/reead\/?hl=fr","https:\/\/www.pinterest.com\/reead\/","https:\/\/x.com\/blogdereead","https:\/\/www.youtube.com\/reead"],"gender":"homme","knowsAbout":["Voyage","miles et points"],"knowsLanguage":["Anglais","Fran\u00e7ais"],"publishingPrinciples":"https:\/\/www.reead.com\/fr\/politique-de-publication\/"}]}},"_links":{"self":[{"href":"https:\/\/www.reead.com\/fr\/wp-json\/wp\/v2\/posts\/4440","targetHints":{"allow":["GET"]}}],"collection":[{"href":"https:\/\/www.reead.com\/fr\/wp-json\/wp\/v2\/posts"}],"about":[{"href":"https:\/\/www.reead.com\/fr\/wp-json\/wp\/v2\/types\/post"}],"author":[{"embeddable":true,"href":"https:\/\/www.reead.com\/fr\/wp-json\/wp\/v2\/users\/1"}],"replies":[{"embeddable":true,"href":"https:\/\/www.reead.com\/fr\/wp-json\/wp\/v2\/comments?post=4440"}],"version-history":[{"count":0,"href":"https:\/\/www.reead.com\/fr\/wp-json\/wp\/v2\/posts\/4440\/revisions"}],"wp:featuredmedia":[{"embeddable":true,"href":"https:\/\/www.reead.com\/fr\/wp-json\/wp\/v2\/media\/4441"}],"wp:attachment":[{"href":"https:\/\/www.reead.com\/fr\/wp-json\/wp\/v2\/media?parent=4440"}],"wp:term":[{"taxonomy":"category","embeddable":true,"href":"https:\/\/www.reead.com\/fr\/wp-json\/wp\/v2\/categories?post=4440"},{"taxonomy":"post_tag","embeddable":true,"href":"https:\/\/www.reead.com\/fr\/wp-json\/wp\/v2\/tags?post=4440"}],"curies":[{"name":"wp","href":"https:\/\/api.w.org\/{rel}","templated":true}]}}