{"id":4376,"date":"2011-03-24T13:36:38","date_gmt":"2011-03-24T11:36:38","guid":{"rendered":"http:\/\/www.reead.com\/fr\/?p=4376"},"modified":"2025-12-10T02:58:11","modified_gmt":"2025-12-10T00:58:11","slug":"les-colombiens-et-venezueliens-ont-les-plus-grosses","status":"publish","type":"post","link":"https:\/\/www.reead.com\/fr\/les-colombiens-et-venezueliens-ont-les-plus-grosses-43762011\/","title":{"rendered":"Taille des p\u00e9nis dans le monde et par pays : qui a la plus grosse ?"},"content":{"rendered":"<p>La taille moyenne d&rsquo;un p\u00e9nis en \u00e9rection chez un homme est autour de 13 centim\u00e8tres, mais varie selon le continent, et donc la race. Le Congo est le pays avec les plus grands p\u00e9nis au monde, avec une taille moyenne de 17,93 cm. A l&rsquo;inverse, la Cor\u00e9e du Sud est le pays o\u00f9 les hommes ont les plus petits p\u00e9nis de la plan\u00e8te, avec 9,66 cm.<strong><br \/>\n<\/strong><\/p>\n<h2>Classement des tailles de p\u00e9nis dans le monde<\/h2>\n<p>Pour \u00e9tablir ce classement, plus de <a href=\"https:\/\/www.lemonde.fr\/sciences\/article\/2015\/03\/03\/le-penis-de-long-en-large_4586215_1650684.html\" target=\"_blank\" rel=\"noopener\">15 000 p\u00e9nis avaient \u00e9t\u00e9 mesur\u00e9s<\/a> dans le monde dans un but purement scientifique. Ce qui est pr\u00e9sent\u00e9 ici n&rsquo;est pas la taille du p\u00e9nis au repos mais en \u00e9rection.<\/p>\n<p>Il existe en fait plusieurs \u00e9tudes internationales mais \u00e9galement par pays qui nous donnent une fourchette, mais jamais les m\u00eames r\u00e9sultats, car on est tous diff\u00e9rents.<\/p>\n<p>On remarque une disparit\u00e9 des <strong>tailles moyennes des sexes masculins dans le monde<\/strong>, allant presque du simple au double d&rsquo;un pays \u00e0 l&rsquo;autre.<\/p>\n<p><img loading=\"lazy\" decoding=\"async\" class=\"alignnone wp-image-58509 size-full\" src=\"https:\/\/www.reead.com\/fr\/wp-content\/uploads\/2011\/03\/taille-des-penis-dans-le-monde.jpg\" alt=\"classement des tailles de p\u00e9nis dans le monde, qui a le plus gros p\u00e9nis ?\" width=\"1000\" height=\"535\" srcset=\"https:\/\/www.reead.com\/fr\/wp-content\/uploads\/2011\/03\/taille-des-penis-dans-le-monde.jpg 1000w,  https:\/\/www.reead.com\/fr\/wp-content\/uploads\/2011\/03\/taille-des-penis-dans-le-monde-610x326.jpg 610w,  https:\/\/www.reead.com\/fr\/wp-content\/uploads\/2011\/03\/taille-des-penis-dans-le-monde-768x411.jpg 768w,  https:\/\/www.reead.com\/fr\/wp-content\/uploads\/2011\/03\/taille-des-penis-dans-le-monde-960x514.jpg 960w\" sizes=\"auto, (max-width: 1000px) 100vw, 1000px\" \/><\/p>\n<h3>Top 10 des pays avec les plus longs p\u00e9nis<\/h3>\n<ol>\n<li>Congo : 17,93 cm<\/li>\n<li>\u00c9quateur : 17,77 cm<\/li>\n<li>Ghana : 17,31 cm<\/li>\n<li>Colombie : 17,03 cm<\/li>\n<li>Venezuela : 17,03 cm<\/li>\n<li>Liban : 16,82 cm<\/li>\n<li>Cameroun : 16,67 cm<\/li>\n<li>Bolivie : 16,51 cm<\/li>\n<li>Hongrie : 16,51 cm<\/li>\n<li>Soudan : 16,47 cm<\/li>\n<\/ol>\n<p>Les congolais auraient donc les plus grosses au monde et remportent haut la main ce classement des tailles de p\u00e9nis mondial. Mais cela reste une moyenne \u00e9videment.<\/p>\n<p>Une autre \u00e9tude avait class\u00e9 les Colombiens et les V\u00e9n\u00e9zu\u00e9liens comme \u00e9tant les hommes les mieux membr\u00e9s de la plan\u00e8te. Merci dame nature !<\/p>\n<h3>Top 3 des pays avec les plus petits p\u00e9nis<\/h3>\n<ol>\n<li>Cor\u00e9e du Sud : 9,66 cm<\/li>\n<li>Cambodge : 10,04 cm<\/li>\n<li>Tha\u00eflande : 10,16 cm<\/li>\n<\/ol>\n<blockquote><p>\u00c0 lire aussi <a href=\"https:\/\/www.reead.com\/fr\/comment-choisir-taille-sous-vetement-homme-4622002023\/\" target=\"_blank\" rel=\"noopener\"><strong>Comment choisir une taille de sous-v\u00eatement pour homme ?<\/strong><\/a><\/p><\/blockquote>\n<p>A l&rsquo;inverse, les <strong>Cor\u00e9ens<\/strong> sont bien moins dot\u00e9s avec parfois des micros kiki de moins de 10 cm en \u00e9rection, et sont m\u00eame le seul pays \u00e0 avoir une moyenne sous les 10cm.<\/p>\n<p>A vous de comparer d\u00e9sormais et voir dans quelle moyenne vous vous situez. Et n&rsquo;oubliez pas, ce n&rsquo;est pas la taille qui compte mais la fa\u00e7on dont on s&rsquo;en sert, mais vous pouvez toujours tenter d&rsquo;utiliser <a href=\"https:\/\/www.loveandvibes.fr\/sextoys-homme\/etuis-extendeurs-gaines.html\" target=\"_blank\" rel=\"noopener\">des extenseurs de penis pour augmenter la taille<\/a> !<\/p>\n<h2>Pourquoi ce clich\u00e9 existe-t-il ? Une question de culture et d\u2019imaginaire collectif<\/h2>\n<p>Les id\u00e9es selon lesquelles certaines nationalit\u00e9s seraient \u201cplus viriles\u201d que d\u2019autres viennent rarement de faits r\u00e9els. Elles d\u00e9coulent plut\u00f4t d\u2019un m\u00e9lange d\u2019humour, de s\u00e9duction, d\u2019expressivit\u00e9 culturelle et de repr\u00e9sentations m\u00e9diatiques.<\/p>\n<p>En Am\u00e9rique latine, l\u2019image de l\u2019homme passionn\u00e9, s\u00fbr de lui, danseur, expressif et tr\u00e8s \u00e0 l\u2019aise avec son corps est fortement valoris\u00e9e. Cela cr\u00e9e un imaginaire dans lequel la virilit\u00e9 semble plus marqu\u00e9e que dans d\u2019autres r\u00e9gions du monde. Les films, la musique, les r\u00e9seaux sociaux et la pop culture renforcent ensuite ces perceptions, qui finissent par devenir des clich\u00e9s populaires.<\/p>\n<h2>Qui a le p\u00e9nis le plus grand du monde ?<\/h2>\n<p>Le p\u00e9nis le <a href=\"https:\/\/www.doctissimo.fr\/sante\/diaporamas\/records-du-monde-corps-humain-images\/records-du-monde-corps-humain-images-plus-long-penis\" target=\"_blank\" rel=\"noopener noreferrer\">plus long du monde<\/a> mesure 48 centim\u00e8tres et ce record, publi\u00e9 dans les livres de records, est d\u00e9tenu par un Mexicain ayant la cinquantaine portant le nom de Roberto Esquivel Cabrera.<\/p>\n<p><img loading=\"lazy\" decoding=\"async\" class=\"size-medium wp-image-465683 aligncenter\" src=\"https:\/\/www.reead.com\/fr\/wp-content\/uploads\/2011\/03\/le-plus-long-penis-monde-610x407.jpeg\" alt=\"radiographie du plus gros p\u00e9nis au modne\" width=\"610\" height=\"407\" srcset=\"https:\/\/www.reead.com\/fr\/wp-content\/uploads\/2011\/03\/le-plus-long-penis-monde-610x407.jpeg 610w,  https:\/\/www.reead.com\/fr\/wp-content\/uploads\/2011\/03\/le-plus-long-penis-monde-272x182.jpeg 272w,  https:\/\/www.reead.com\/fr\/wp-content\/uploads\/2011\/03\/le-plus-long-penis-monde.jpeg 648w\" sizes=\"auto, (max-width: 610px) 100vw, 610px\" \/><\/p>\n<p>Ce monsieur avec son incroyable anatomie, \u00e0 un trop gros p\u00e9nis et avoir des <a href=\"https:\/\/www.reead.com\/fr\/rapport-sexuel-capote-craque-4635062023\/\" target=\"_blank\" rel=\"noopener\">rapports sexuels est tr\u00e8s compromis<\/a> : hormis une fellation, une p\u00e9n\u00e9tration reste quasi impossible. La masturbation est probablement plus simple qu&rsquo;un rapport sexuel pour ce monsieur.<\/p>\n<blockquote class=\"wp-embedded-content\" data-secret=\"g3M68MBB7i\"><p><a href=\"https:\/\/www.reead.com\/fr\/erections-frequentes-solutions-4641632023\/\">\u00c9rections involontaires et incontr\u00f4l\u00e9es : raisons et rem\u00e8des<\/a><\/p><\/blockquote>\n<p><iframe loading=\"lazy\" class=\"wp-embedded-content\" sandbox=\"allow-scripts\" security=\"restricted\" style=\"position: absolute; visibility: hidden;\" title=\"\u00ab\u00a0\u00c9rections involontaires et incontr\u00f4l\u00e9es : raisons et rem\u00e8des\u00a0\u00bb &#8212; Blog lifestyle, voyage et mode homme par Reead\" src=\"https:\/\/www.reead.com\/fr\/erections-frequentes-solutions-4641632023\/embed\/#?secret=M5IANHnuAX#?secret=g3M68MBB7i\" data-secret=\"g3M68MBB7i\" width=\"600\" height=\"338\" frameborder=\"0\" marginwidth=\"0\" marginheight=\"0\" scrolling=\"no\"><\/iframe><\/p>\n<h2>Quelle est la taille moyenne des sexes en France ?<\/h2>\n<p>Selon une <a href=\"https:\/\/www.ncbi.nlm.nih.gov\/pubmed\/17355371\" target=\"_blank\" rel=\"noopener noreferrer\">\u00e9tude r\u00e9alis\u00e9e en 2007 au Royaume-Uni<\/a>, <strong>les Fran\u00e7ais ont les plus gros p\u00e9nis d&rsquo;Europe<\/strong>, derri\u00e8re la Hongrie, mais ne sont pas dans le Top 10 des plus gros sexes masculins dans le monde.<\/p>\n<p>Nous sommes nettement au-dessus de la moyenne Europ\u00e9enne, et sommes m\u00eame les seules nations \u00e0 d\u00e9passer les 16 centim\u00e8tres sur le continent. Au niveau mondial, nous sommes 14\u00e8me \u00e0 \u00e9galit\u00e9 avec Ha\u00efti.<\/p>\n<p>Est-ce la raison pour laquelle les Fran\u00e7ais sont un fantasme pour le reste de la plan\u00e8te ? Si sa taille de vous convient pas, il est toujours possible d&rsquo;essayer de <a href=\"https:\/\/www.reead.com\/fr\/agrandir-penis-oui-cest-possible-lol-104952016\"><strong>faire agrandir son p\u00e9nis<\/strong><\/a> grace \u00e0 des m\u00e9thodes naturelles, des extenseurs ou encore une intervention chirurgicale pour gagner quelques centim\u00e8tres rapidement.<\/p>\n<blockquote><p>La <strong>taille moyenne du p\u00e9nis en France se situe entre 13 et 15 centim\u00e8tres<\/strong>, c&rsquo;est donc les mensurations consid\u00e9r\u00e9es comme normal.<\/p><\/blockquote>\n<p>Toutefois, selon une autre \u00e9tude europ\u00e9enne, les Fran\u00e7ais n&rsquo;arriveraient qu&rsquo;\u00e0 la 12\u00e8me place, avec des p\u00e9nis de 14,47 cm, \u00e0 \u00e9galit\u00e9 avec les Allemands.<\/p>\n<h2>Ranking de longueur moyenne des p\u00e9nis en Europe<\/h2>\n<p>Selon <a href=\"https:\/\/fr.statista.com\/statistiques\/519885\/taille-moyenne-penis-par-pays-europe\/\" target=\"_blank\" rel=\"noopener\">Statista<\/a> et une \u00e9tude de 2015, voici le classement des sexes d&rsquo;hommes sur le continent Europ\u00e9en :<\/p>\n<ol>\n<li>Hongrie : 16,51 cm<\/li>\n<li>R\u00e9publique Tcheque ; 16 cm<\/li>\n<li>Italie : 15,74 cm<\/li>\n<li>Belgique : 15,74 cm<\/li>\n<li>Pays-Bas : 15,74 cm<\/li>\n<li>Danemark : 15,24 cm<\/li>\n<li>Bulgarie\u00a0 14,98 cm<\/li>\n<li>Croatie : 14,73 cm<\/li>\n<li>Gr\u00e8ce : 14,73 cm<\/li>\n<li>Su\u00e8de : 14,73 cm<\/li>\n<li>Islande : 14,43 cm<\/li>\n<li>France : 14,47 cm<\/li>\n<li>Allemagne : 14,47 cm<\/li>\n<li>Autriche : 14,22 cm<\/li>\n<li>Norv\u00e8ge : 14,22 cm<\/li>\n<li>Suisse : 14,22 cm<\/li>\n<li>Pologne : 14,22 cm<\/li>\n<li>Ukraine : 13,97 cm<\/li>\n<li>Royaume-Uni : 13,97 cm<\/li>\n<li>Espagne : 13,97 cm<\/li>\n<li>Turquie : 13,97 cm<\/li>\n<li>Finlande : 13,7 cm<\/li>\n<li>Russie : 13,2 cm<\/li>\n<li>Portugal : 13,2 cm<\/li>\n<li>Irlande : 12,7 cm<\/li>\n<li>Roumanie : 12,44 cm<\/li>\n<\/ol>\n<p>Comme vous l&rsquo;aurez remarqu\u00e9, la France n&rsquo;est pas dans ce Top 10 Europ\u00e9en !<\/p>\n<h2>Comment bien mesurer son p\u00e9nis?<\/h2>\n<p>Il existe plusieurs fa\u00e7ons pour mesurer le sexe masculin : En \u00e9rection et au repos. Soyons honn\u00eate, ce qui int\u00e9resse le plus est la taille en \u00e9rection, <strong><a class=\"wpil_keyword_link\" title=\"circoncision\" href=\"https:\/\/www.reead.com\/fr\/circoncision-avantages-inconvenients-4624372023\/\" target=\"_blank\" rel=\"noopener\" data-wpil-keyword-link=\"linked\">circoncision<\/a><\/strong> ou non ! Les CM de longs ne seront pas les m\u00eames selon le moment ou vous la mesurez !<\/p>\n<h3>En \u00e9rection \u00e0 la base de la verge<\/h3>\n<p>Pour commencer, il faut \u00eatre en \u00e9rection, le flux sanguin va agrandir votre p\u00e9nis, pour vous aider vous pouvez regarder un film X. Pour une mesure exacte, il faut le faire par le haut et non par le bas pour un r\u00e9sultat plus pr\u00e9cis. Il faut partir depuis le gland jusqu&rsquo;\u00e0 l\u2019os pubien \u00e0 l&rsquo;aide d&rsquo;un m\u00e8tre ruban, pour prendre en compte la courbure du sexe masculin.<\/p>\n<p>Selon le r\u00e9sultat, vous saurez si vous avez un long p\u00e9nis ou non. De plus, il faut prendre la circonf\u00e9rence de son p\u00e9nis en \u00e9rection pour d\u00e9finir si vous avez ou non un gros p\u00e9nis.<\/p>\n<p>Au-del\u00e0 de l&rsquo;envie de savoir dans quelle fourchette vous vous situez, cela peut vous aider \u00e0 choisir la bonne taille de pr\u00e9servatif pour \u00e9viter un inconfort lors de rapports sexuels.<\/p>\n<h3>Penis de chair et de sang, ce qu&rsquo;il faut savoir<\/h3>\n<p>La taille du p\u00e9nis a toujours suscit\u00e9 de nombreuses interrogations et discussions, certains disent <a href=\"https:\/\/www.reead.com\/fr\/la-taille-ca-compte-4595682022\/\" target=\"_blank\" rel=\"noopener\">que la taille compte<\/a>, d&rsquo;autres pas ! Mais au-del\u00e0 des chiffres et des comparaisons, il est essentiel de comprendre les nuances qui entourent cet aspect de l&rsquo;anatomie masculine.<\/p>\n<p>Dans cet partie, nous aborderons la diff\u00e9rence entre le p\u00e9nis au repos et en \u00e9rection, ainsi que la question de savoir lequel des deux est le plus grand. Ces sujets, bien que souvent source de pr\u00e9occupations, sont importants \u00e0 aborder avec calme et confiance pour une compr\u00e9hension plus approfondie de notre propre corps et de notre <a class=\"wpil_keyword_link\" title=\"sexualit\u00e9\" href=\"https:\/\/www.reead.com\/fr\/sexualite\/\" data-wpil-keyword-link=\"linked\">sexualit\u00e9<\/a>.<\/p>\n<p>Certaines personnes ne per\u00e7oivent aucune variation de taille entre un p\u00e9nis au repos, \u00e9galement appel\u00e9 p\u00e9nis flaccide, et un p\u00e9nis en \u00e9rection. On les qualifie de \u00ab\u00a0<strong>p\u00e9nis de chair<\/strong>\u00a0\u00bb car, dans leur cas, la taille du p\u00e9nis change peu lorsque l&rsquo;\u00e9rection se produit. Dans ce sc\u00e9nario, ce qui change principalement, c&rsquo;est la rigidit\u00e9 de l&rsquo;organe.<\/p>\n<p>En revanche, d&rsquo;autres hommes constatent une augmentation significative, voire doubl\u00e9e, de la taille de leur organe en cas d&rsquo;\u00e9rection. On les d\u00e9signe alors sous le terme de \u00ab\u00a0<strong>p\u00e9nis de sang<\/strong>\u00ab\u00a0. Pendant l&rsquo;\u00e9rection, les corps caverneux compriment les veines de la zone g\u00e9nitale, favorisant ainsi l&rsquo;afflux sanguin vers le p\u00e9nis. Cela entra\u00eene une augmentation de volume et une rigidification de l&rsquo;organe. La dur\u00e9e de l&rsquo;\u00e9rection est g\u00e9n\u00e9ralement li\u00e9e \u00e0 la fin du message nerveux qui accompagne l&rsquo;\u00e9jaculation. Il est important de noter que la majorit\u00e9 des hommes sont susceptibles de conna\u00eetre des \u00e9rections de type \u00ab\u00a0p\u00e9nis de sang\u00a0\u00bb.<\/p>\n<p>Pour finir, il existe diff\u00e9rents types d&rsquo;\u00e9rections, notamment celles d&rsquo;origine psychog\u00e8ne, d\u00e9clench\u00e9es par une stimulation sensorielle \u00e9rotique (visuelle, auditive, olfactive, tactile), celles provoqu\u00e9es par l&rsquo;excitation c\u00e9r\u00e9brale due \u00e0 nos pens\u00e9es.<\/p>\n<h2>La taille, \u00e7a compte ?<\/h2>\n<p>Quelle id\u00e9e originale de r\u00e9aliser cette carte mondiale du classement des tailles de p\u00e9nis des hommes ! Pour l&rsquo;attirance certaines, et certains, la taille du p\u00e9nis ne compte pas, pour d&rsquo;autres c&rsquo;est un crit\u00e8re d\u00e9cisif pour la satisfaction sexuelle.<\/p>\n<p>Une partie des hommes consid\u00e8rent qu&rsquo;ils ont un petit sexe selon une , sans doute ayant un complexe en voyant les acteurs de films porno, s\u00e9lectionn\u00e9s pour l&rsquo;occasion.<\/p>\n<p>Selon la taille du p\u00e9nis de votre partenaire, vous pourrez par exemple ajuster la position \u00e0 avoir pour prendre son pied au lit ou encore <a href=\"https:\/\/www.reead.com\/fr\/comment-choisir-taille-preservatif-4486632020\/\">choisir la bonne taille de pr\u00e9servatif<\/a>.<\/p>\n<p>Pour celles et ceux qui ne savent pas o\u00f9 ils partiront l&rsquo;\u00e9t\u00e9 prochain en vacances pour atteindre l&rsquo;orgasme, l&rsquo;Afrique subsaharienne et le nord de l&rsquo;Am\u00e9rique du sud semblent \u00eatre particuli\u00e8rement bien dot\u00e9s en dessous de la ceinture.<\/p>\n<p>Et pour celles et ceux qui ne peuvent attendre, vous savez d\u00e9sormais quels pays rechercher dans la barre de recherche de votre site de vid\u00e9os coquines pr\u00e9f\u00e9r\u00e9.<\/p>\n<p>\u00c0 l&rsquo;inverse, il faudra clairement \u00e9viter les pays Asiatiques si vous recherchez de gros p\u00e9nis&#8230;<\/p>\n<h2>FAQ \u2013 Taille du p\u00e9nis dans le monde : donn\u00e9es, mythes et r\u00e9alit\u00e9s<\/h2>\n<h3>1. Existe-t-il vraiment un classement fiable de la taille du p\u00e9nis par pays ?<\/h3>\n<p>Les classements qui circulent en ligne proviennent rarement d&rsquo;\u00e9tudes scientifiques rigoureuses. Les donn\u00e9es sont souvent bas\u00e9es sur des d\u00e9clarations personnelles ou sur des \u00e9chantillons tr\u00e8s limit\u00e9s. \u00c0 ce jour, aucune recherche mondiale ne permet de produire un classement parfaitement fiable ou repr\u00e9sentatif de chaque pays.<\/p>\n<h3>2. Quelle est la taille moyenne du p\u00e9nis dans le monde ?<\/h3>\n<p>La plupart des \u00e9tudes s\u00e9rieuses estiment la longueur moyenne du p\u00e9nis en \u00e9rection entre 12,5 cm et 14,5 cm. Ces chiffres varient l\u00e9g\u00e8rement selon les populations \u00e9tudi\u00e9es, mais restent globalement assez proches, ce qui montre que les diff\u00e9rences entre pays sont beaucoup moins importantes que ce que les clich\u00e9s laissent penser.<\/p>\n<h3>3. Pourquoi certains pays semblent avoir des moyennes plus \u00e9lev\u00e9es que d\u2019autres ?<\/h3>\n<p>Cela peut venir de la m\u00e9thode de mesure, de la taille de l\u2019\u00e9chantillon, du biais d\u00e9claratif (les hommes s\u2019auto-\u00e9valuent souvent), ou encore de sites non scientifiques qui reprennent des donn\u00e9es sans les v\u00e9rifier. Les variations r\u00e9elles entre pays existent, mais elles sont souvent exag\u00e9r\u00e9es par les m\u00e9dias et l\u2019imaginaire collectif.<\/p>\n<h3>4. La taille du p\u00e9nis a-t-elle un lien avec l\u2019origine ethnique ou g\u00e9ographique ?<\/h3>\n<p>Les scientifiques s\u2019accordent \u00e0 dire que les diff\u00e9rences biologiques li\u00e9es \u00e0 l\u2019origine sont minimes et ne permettent pas de tirer des conclusions g\u00e9n\u00e9rales. La variabilit\u00e9 individuelle est bien plus grande que la variabilit\u00e9 entre pays ou r\u00e9gions.<\/p>\n<h3>5. Pourquoi les mythes sur la taille du p\u00e9nis sont-ils si r\u00e9pandus ?<\/h3>\n<p>Parce qu\u2019ils sont aliment\u00e9s par la culture populaire, les films, le porno, les r\u00e9seaux sociaux et les fantasmes collectifs. La taille du p\u00e9nis est un sujet qui attire l\u2019attention, fait parler, amuse ou inqui\u00e8te \u2014 ce qui contribue \u00e0 amplifier les clich\u00e9s sans fondement scientifique.<\/p>\n<h3>6. La taille du p\u00e9nis influence-t-elle r\u00e9ellement les performances sexuelles ?<\/h3>\n<p>Les sexologues sont unanimes : la qualit\u00e9 des relations sexuelles ne d\u00e9pend pas de la taille. Ce qui compte est la communication, la connexion \u00e9motionnelle, la technique, l\u2019exp\u00e9rience et le respect du partenaire. Les performances sexuelles ne se mesurent pas en centim\u00e8tres.<\/p>\n<h3>7. Comment les scientifiques mesurent-ils la taille du p\u00e9nis dans les \u00e9tudes ?<\/h3>\n<p>Les \u00e9tudes les plus fiables utilisent des mesures r\u00e9alis\u00e9es par un professionnel de sant\u00e9, avec une m\u00e9thode standardis\u00e9e. Les mesures autod\u00e9clar\u00e9es sont souvent impr\u00e9cises ou surestim\u00e9es. C\u2019est pour cela qu\u2019il existe autant de contradictions dans les classements diffus\u00e9s en ligne.<\/p>\n<h3>8. Est-ce normal que la taille varie au repos ?<\/h3>\n<p>Oui. Un p\u00e9nis au repos peut sembler plus petit ou plus grand selon la temp\u00e9rature, le <a class=\"wpil_keyword_link\" href=\"https:\/\/www.reead.com\/fr\/raisons-stress-4575152022\/\"   title=\"stress\" data-wpil-keyword-link=\"linked\"  data-wpil-monitor-id=\"622\">stress<\/a>, l\u2019hydratation ou simplement la g\u00e9n\u00e9tique. La taille au repos ne pr\u00e9dit absolument pas la taille en \u00e9rection, ce qui explique pourquoi certaines comparaisons sont trompeuses.<\/p>\n<h3>9. La taille du p\u00e9nis peut-elle \u00eatre modifi\u00e9e ?<\/h3>\n<p>Les m\u00e9thodes \u201cmiracles\u201d sont inefficaces. Certaines techniques chirurgicales existent, mais elles comportent des risques importants et sont rarement recommand\u00e9es. Les urologues rappellent que la grande majorit\u00e9 des hommes ont une taille parfaitement normale.<\/p>\n<h3>10. Pourquoi ce sujet int\u00e9resse-t-il autant ?<\/h3>\n<p>Parce qu\u2019il touche \u00e0 l\u2019image de soi, \u00e0 la virilit\u00e9, \u00e0 la s\u00e9duction et \u00e0 la comparaison sociale. C\u2019est un sujet entour\u00e9 d\u2019anxi\u00e9t\u00e9s, d\u2019humour et de fantasmes, ce qui explique pourquoi il revient souvent dans les conversations\u2026 m\u00eame si la science montre que la r\u00e9alit\u00e9 est beaucoup plus nuanc\u00e9e.<\/p>\n<p><script type=\"application\/ld+json\">\n{\n  \"@context\": \"https:\/\/schema.org\",\n  \"@type\": \"FAQPage\",\n  \"mainEntity\": [\n    {\n      \"@type\": \"Question\",\n      \"name\": \"Existe-t-il vraiment un classement fiable de la taille du p\u00e9nis par pays ?\",\n      \"acceptedAnswer\": {\n        \"@type\": \"Answer\",\n        \"text\": \"Les classements qui circulent en ligne proviennent rarement d'\u00e9tudes scientifiques rigoureuses. Les donn\u00e9es sont souvent bas\u00e9es sur des d\u00e9clarations personnelles ou sur des \u00e9chantillons tr\u00e8s limit\u00e9s. \u00c0 ce jour, aucune recherche mondiale ne permet de produire un classement parfaitement fiable ou repr\u00e9sentatif de chaque pays.\"\n      }\n    },\n    {\n      \"@type\": \"Question\",\n      \"name\": \"Quelle est la taille moyenne du p\u00e9nis dans le monde ?\",\n      \"acceptedAnswer\": {\n        \"@type\": \"Answer\",\n        \"text\": \"La plupart des \u00e9tudes s\u00e9rieuses estiment la longueur moyenne du p\u00e9nis en \u00e9rection entre 12,5 cm et 14,5 cm. Ces chiffres varient l\u00e9g\u00e8rement selon les populations \u00e9tudi\u00e9es, mais restent globalement assez proches, ce qui montre que les diff\u00e9rences entre pays sont beaucoup moins importantes que ce que les clich\u00e9s laissent penser.\"\n      }\n    },\n    {\n      \"@type\": \"Question\",\n      \"name\": \"Pourquoi certains pays semblent avoir des moyennes plus \u00e9lev\u00e9es que d\u2019autres ?\",\n      \"acceptedAnswer\": {\n        \"@type\": \"Answer\",\n        \"text\": \"Cela peut venir de la m\u00e9thode de mesure, de la taille de l\u2019\u00e9chantillon, du biais d\u00e9claratif ou encore de sites non scientifiques qui reprennent des donn\u00e9es sans les v\u00e9rifier. Les variations r\u00e9elles entre pays existent, mais elles sont souvent exag\u00e9r\u00e9es par les m\u00e9dias et l\u2019imaginaire collectif.\"\n      }\n    },\n    {\n      \"@type\": \"Question\",\n      \"name\": \"La taille du p\u00e9nis a-t-elle un lien avec l\u2019origine ethnique ou g\u00e9ographique ?\",\n      \"acceptedAnswer\": {\n        \"@type\": \"Answer\",\n        \"text\": \"Les scientifiques s\u2019accordent \u00e0 dire que les diff\u00e9rences biologiques li\u00e9es \u00e0 l\u2019origine sont minimes et ne permettent pas de tirer des conclusions g\u00e9n\u00e9rales. La variabilit\u00e9 individuelle est bien plus grande que la variabilit\u00e9 entre pays ou r\u00e9gions.\"\n      }\n    },\n    {\n      \"@type\": \"Question\",\n      \"name\": \"Pourquoi les mythes sur la taille du p\u00e9nis sont-ils si r\u00e9pandus ?\",\n      \"acceptedAnswer\": {\n        \"@type\": \"Answer\",\n        \"text\": \"Ils sont aliment\u00e9s par la culture populaire, les films, le porno, les r\u00e9seaux sociaux et les fantasmes collectifs. La taille du p\u00e9nis est un sujet qui attire l\u2019attention, fait parler, amuse ou inqui\u00e8te, ce qui contribue \u00e0 amplifier les clich\u00e9s sans fondement scientifique.\"\n      }\n    },\n    {\n      \"@type\": \"Question\",\n      \"name\": \"La taille du p\u00e9nis influence-t-elle r\u00e9ellement les performances sexuelles ?\",\n      \"acceptedAnswer\": {\n        \"@type\": \"Answer\",\n        \"text\": \"Les sexologues sont unanimes : la qualit\u00e9 des relations sexuelles ne d\u00e9pend pas de la taille. Ce qui compte est la communication, la connexion \u00e9motionnelle, la technique, l\u2019exp\u00e9rience et le respect du partenaire. Les performances sexuelles ne se mesurent pas en centim\u00e8tres.\"\n      }\n    },\n    {\n      \"@type\": \"Question\",\n      \"name\": \"Comment les scientifiques mesurent-ils la taille du p\u00e9nis dans les \u00e9tudes ?\",\n      \"acceptedAnswer\": {\n        \"@type\": \"Answer\",\n        \"text\": \"Les \u00e9tudes les plus fiables utilisent des mesures r\u00e9alis\u00e9es par un professionnel de sant\u00e9, avec une m\u00e9thode standardis\u00e9e. Les mesures autod\u00e9clar\u00e9es sont souvent impr\u00e9cises ou surestim\u00e9es, ce qui explique pourquoi il existe autant de contradictions dans les classements diffus\u00e9s en ligne.\"\n      }\n    },\n    {\n      \"@type\": \"Question\",\n      \"name\": \"Est-ce normal que la taille varie au repos ?\",\n      \"acceptedAnswer\": {\n        \"@type\": \"Answer\",\n        \"text\": \"Oui. Un p\u00e9nis au repos peut sembler plus petit ou plus grand selon la temp\u00e9rature, le stress, l\u2019hydratation ou simplement la g\u00e9n\u00e9tique. La taille au repos ne pr\u00e9dit absolument pas la taille en \u00e9rection, ce qui rend certaines comparaisons trompeuses.\"\n      }\n    },\n    {\n      \"@type\": \"Question\",\n      \"name\": \"La taille du p\u00e9nis peut-elle \u00eatre modifi\u00e9e ?\",\n      \"acceptedAnswer\": {\n        \"@type\": \"Answer\",\n        \"text\": \"Les m\u00e9thodes miraculeuses sont inefficaces. Certaines techniques chirurgicales existent, mais elles comportent des risques importants et sont rarement recommand\u00e9es. Les urologues rappellent que la grande majorit\u00e9 des hommes ont une taille parfaitement normale.\"\n      }\n    },\n    {\n      \"@type\": \"Question\",\n      \"name\": \"Pourquoi ce sujet int\u00e9resse-t-il autant ?\",\n      \"acceptedAnswer\": {\n        \"@type\": \"Answer\",\n        \"text\": \"Parce qu\u2019il touche \u00e0 l\u2019image de soi, \u00e0 la virilit\u00e9, \u00e0 la s\u00e9duction et \u00e0 la comparaison sociale. C\u2019est un sujet entour\u00e9 d\u2019anxi\u00e9t\u00e9s, d\u2019humour et de fantasmes, ce qui explique pourquoi il revient souvent dans les conversations, m\u00eame si la science montre que la r\u00e9alit\u00e9 est beaucoup plus nuanc\u00e9e.\"\n      }\n    }\n  ]\n}\n<\/script><\/p>\n<p><strong>Sources et r\u00e9f\u00e9rences<\/strong><\/p>\n<p>\u2022 OMS \u2013 Repr\u00e9sentations du corps et comportements culturels<br \/>\n\u2022 INSERM \u2013 \u00c9tudes sur la perception corporelle et les st\u00e9r\u00e9otypes<br \/>\n\u2022 UNESCO \u2013 Masculinit\u00e9s, identit\u00e9s et constructions sociales<br \/>\n\u2022 Universit\u00e9 de Barcelone \u2013 Recherches sur les imaginaires latino-am\u00e9ricains<\/p>\n\n\n<div class=\"kk-star-ratings kksr-auto kksr-align-left kksr-valign-bottom\"\n    data-payload='{&quot;align&quot;:&quot;left&quot;,&quot;id&quot;:&quot;4376&quot;,&quot;slug&quot;:&quot;default&quot;,&quot;valign&quot;:&quot;bottom&quot;,&quot;ignore&quot;:&quot;&quot;,&quot;reference&quot;:&quot;auto&quot;,&quot;class&quot;:&quot;&quot;,&quot;count&quot;:&quot;524&quot;,&quot;legendonly&quot;:&quot;&quot;,&quot;readonly&quot;:&quot;&quot;,&quot;score&quot;:&quot;4&quot;,&quot;starsonly&quot;:&quot;&quot;,&quot;best&quot;:&quot;5&quot;,&quot;gap&quot;:&quot;4&quot;,&quot;greet&quot;:&quot;Votez pour ce post&quot;,&quot;legend&quot;:&quot;4\\\/5 - (524 votes)&quot;,&quot;size&quot;:&quot;24&quot;,&quot;title&quot;:&quot;Taille des p\u00e9nis dans le monde et par pays : qui a la plus grosse ?&quot;,&quot;width&quot;:&quot;110&quot;,&quot;_legend&quot;:&quot;{score}\\\/{best} - ({count} {votes})&quot;,&quot;font_factor&quot;:&quot;1.25&quot;}'>\n            \n<div class=\"kksr-stars\">\n    \n<div class=\"kksr-stars-inactive\">\n            <div class=\"kksr-star\" data-star=\"1\" style=\"padding-right: 4px\">\n            \n\n<div class=\"kksr-icon\" style=\"width: 24px; height: 24px;\"><\/div>\n        <\/div>\n            <div class=\"kksr-star\" data-star=\"2\" style=\"padding-right: 4px\">\n            \n\n<div class=\"kksr-icon\" style=\"width: 24px; height: 24px;\"><\/div>\n        <\/div>\n            <div class=\"kksr-star\" data-star=\"3\" style=\"padding-right: 4px\">\n            \n\n<div class=\"kksr-icon\" style=\"width: 24px; height: 24px;\"><\/div>\n        <\/div>\n            <div class=\"kksr-star\" data-star=\"4\" style=\"padding-right: 4px\">\n            \n\n<div class=\"kksr-icon\" style=\"width: 24px; height: 24px;\"><\/div>\n        <\/div>\n            <div class=\"kksr-star\" data-star=\"5\" style=\"padding-right: 4px\">\n            \n\n<div class=\"kksr-icon\" style=\"width: 24px; height: 24px;\"><\/div>\n        <\/div>\n    <\/div>\n    \n<div class=\"kksr-stars-active\" style=\"width: 110px;\">\n            <div class=\"kksr-star\" style=\"padding-right: 4px\">\n            \n\n<div class=\"kksr-icon\" style=\"width: 24px; height: 24px;\"><\/div>\n        <\/div>\n            <div class=\"kksr-star\" style=\"padding-right: 4px\">\n            \n\n<div class=\"kksr-icon\" style=\"width: 24px; height: 24px;\"><\/div>\n        <\/div>\n            <div class=\"kksr-star\" style=\"padding-right: 4px\">\n            \n\n<div class=\"kksr-icon\" style=\"width: 24px; height: 24px;\"><\/div>\n        <\/div>\n            <div class=\"kksr-star\" style=\"padding-right: 4px\">\n            \n\n<div class=\"kksr-icon\" style=\"width: 24px; height: 24px;\"><\/div>\n        <\/div>\n            <div class=\"kksr-star\" style=\"padding-right: 4px\">\n            \n\n<div class=\"kksr-icon\" style=\"width: 24px; height: 24px;\"><\/div>\n        <\/div>\n    <\/div>\n<\/div>\n                \n\n<div class=\"kksr-legend\" style=\"font-size: 19.2px;\">\n            4\/5 - (524 votes)    <\/div>\n    <\/div>","protected":false},"excerpt":{"rendered":"<p>Il y a de grands p\u00e9nis et moins grands, avec ce classement des tailles des p\u00e9nis dans le monde et par pays, d\u00e9couvrez dans quelle moyenne vous \u00eates.<\/p>","protected":false},"author":1,"featured_media":58512,"comment_status":"open","ping_status":"open","sticky":false,"template":"","format":"standard","meta":{"footnotes":""},"categories":[560,559],"tags":[],"class_list":["post-4376","post","type-post","status-publish","format-standard","has-post-thumbnail","hentry","category-lifestyle","category-experiences-et-sexualite"],"yoast_head":"<!-- This site is optimized with the Yoast SEO Premium plugin v27.4 (Yoast SEO v27.4) - https:\/\/yoast.com\/product\/yoast-seo-premium-wordpress\/ -->\n<title>Taille des p\u00e9nis dans le monde : qui a la plus grosse ?<\/title>\n<meta name=\"description\" content=\"De 9cm \u00e0 18cm, d\u00e9couvrez le classement des tailles des p\u00e9nis dans le monde par pays, pour d\u00e9terminer o\u00f9 partir en vacances par exemple !\" \/>\n<meta name=\"robots\" content=\"index, follow, max-snippet:-1, max-image-preview:large, max-video-preview:-1\" \/>\n<link rel=\"canonical\" href=\"https:\/\/www.reead.com\/fr\/les-colombiens-et-venezueliens-ont-les-plus-grosses-43762011\/\" \/>\n<meta property=\"og:locale\" content=\"fr_FR\" \/>\n<meta property=\"og:type\" content=\"article\" \/>\n<meta property=\"og:title\" content=\"Taille des p\u00e9nis dans le monde et par pays : qui a la plus grosse ?\" \/>\n<meta property=\"og:description\" content=\"De 9cm \u00e0 18cm, d\u00e9couvrez le classement des tailles des p\u00e9nis dans le monde par pays, pour d\u00e9terminer o\u00f9 partir en vacances par exemple !\" \/>\n<meta property=\"og:url\" content=\"https:\/\/www.reead.com\/fr\/les-colombiens-et-venezueliens-ont-les-plus-grosses-43762011\/\" \/>\n<meta property=\"og:site_name\" content=\"Conseils Voyage, Mode Homme et Lifestyle\" \/>\n<meta property=\"article:publisher\" content=\"https:\/\/www.facebook.com\/welovereead\" \/>\n<meta property=\"article:author\" content=\"https:\/\/www.facebook.com\/welovereead\" \/>\n<meta property=\"article:published_time\" content=\"2011-03-24T11:36:38+00:00\" \/>\n<meta property=\"article:modified_time\" content=\"2025-12-10T00:58:11+00:00\" \/>\n<meta property=\"og:image\" content=\"https:\/\/www.reead.com\/fr\/wp-content\/uploads\/2011\/03\/taille-des-penis-dans-le-monde-1.jpg\" \/>\n\t<meta property=\"og:image:width\" content=\"950\" \/>\n\t<meta property=\"og:image:height\" content=\"628\" \/>\n\t<meta property=\"og:image:type\" content=\"image\/jpeg\" \/>\n<meta name=\"author\" content=\"Reead\" \/>\n<meta name=\"twitter:card\" content=\"summary_large_image\" \/>\n<meta name=\"twitter:creator\" content=\"@blogdereead\" \/>\n<meta name=\"twitter:site\" content=\"@blogdereead\" \/>\n<script type=\"application\/ld+json\" class=\"yoast-schema-graph\">{\"@context\":\"https:\\\/\\\/schema.org\",\"@graph\":[{\"@type\":\"Article\",\"@id\":\"https:\\\/\\\/www.reead.com\\\/fr\\\/les-colombiens-et-venezueliens-ont-les-plus-grosses-43762011\\\/#article\",\"isPartOf\":{\"@id\":\"https:\\\/\\\/www.reead.com\\\/fr\\\/les-colombiens-et-venezueliens-ont-les-plus-grosses-43762011\\\/\"},\"author\":{\"name\":\"Reead\",\"@id\":\"https:\\\/\\\/www.reead.com\\\/fr\\\/#\\\/schema\\\/person\\\/551a8a4b469ab53c0b48bcd3846fb3c6\"},\"headline\":\"Taille des p\u00e9nis dans le monde et par pays : qui a la plus grosse ?\",\"datePublished\":\"2011-03-24T11:36:38+00:00\",\"dateModified\":\"2025-12-10T00:58:11+00:00\",\"mainEntityOfPage\":{\"@id\":\"https:\\\/\\\/www.reead.com\\\/fr\\\/les-colombiens-et-venezueliens-ont-les-plus-grosses-43762011\\\/\"},\"wordCount\":2307,\"commentCount\":0,\"publisher\":{\"@id\":\"https:\\\/\\\/www.reead.com\\\/fr\\\/#\\\/schema\\\/person\\\/551a8a4b469ab53c0b48bcd3846fb3c6\"},\"image\":{\"@id\":\"https:\\\/\\\/www.reead.com\\\/fr\\\/les-colombiens-et-venezueliens-ont-les-plus-grosses-43762011\\\/#primaryimage\"},\"thumbnailUrl\":\"https:\\\/\\\/www.reead.com\\\/fr\\\/wp-content\\\/uploads\\\/2011\\\/03\\\/taille-des-penis-dans-le-monde-1.jpg\",\"articleSection\":[\"Lifestyle\",\"Psycho et s\u00e9duction\"],\"inLanguage\":\"fr-FR\",\"potentialAction\":[{\"@type\":\"CommentAction\",\"name\":\"Comment\",\"target\":[\"https:\\\/\\\/www.reead.com\\\/fr\\\/les-colombiens-et-venezueliens-ont-les-plus-grosses-43762011\\\/#respond\"]}]},{\"@type\":\"WebPage\",\"@id\":\"https:\\\/\\\/www.reead.com\\\/fr\\\/les-colombiens-et-venezueliens-ont-les-plus-grosses-43762011\\\/\",\"url\":\"https:\\\/\\\/www.reead.com\\\/fr\\\/les-colombiens-et-venezueliens-ont-les-plus-grosses-43762011\\\/\",\"name\":\"Taille des p\u00e9nis dans le monde : qui a la plus grosse ?\",\"isPartOf\":{\"@id\":\"https:\\\/\\\/www.reead.com\\\/fr\\\/#website\"},\"primaryImageOfPage\":{\"@id\":\"https:\\\/\\\/www.reead.com\\\/fr\\\/les-colombiens-et-venezueliens-ont-les-plus-grosses-43762011\\\/#primaryimage\"},\"image\":{\"@id\":\"https:\\\/\\\/www.reead.com\\\/fr\\\/les-colombiens-et-venezueliens-ont-les-plus-grosses-43762011\\\/#primaryimage\"},\"thumbnailUrl\":\"https:\\\/\\\/www.reead.com\\\/fr\\\/wp-content\\\/uploads\\\/2011\\\/03\\\/taille-des-penis-dans-le-monde-1.jpg\",\"datePublished\":\"2011-03-24T11:36:38+00:00\",\"dateModified\":\"2025-12-10T00:58:11+00:00\",\"description\":\"De 9cm \u00e0 18cm, d\u00e9couvrez le classement des tailles des p\u00e9nis dans le monde par pays, pour d\u00e9terminer o\u00f9 partir en vacances par exemple !\",\"breadcrumb\":{\"@id\":\"https:\\\/\\\/www.reead.com\\\/fr\\\/les-colombiens-et-venezueliens-ont-les-plus-grosses-43762011\\\/#breadcrumb\"},\"inLanguage\":\"fr-FR\",\"potentialAction\":[{\"@type\":\"ReadAction\",\"target\":[\"https:\\\/\\\/www.reead.com\\\/fr\\\/les-colombiens-et-venezueliens-ont-les-plus-grosses-43762011\\\/\"]}]},{\"@type\":\"ImageObject\",\"inLanguage\":\"fr-FR\",\"@id\":\"https:\\\/\\\/www.reead.com\\\/fr\\\/les-colombiens-et-venezueliens-ont-les-plus-grosses-43762011\\\/#primaryimage\",\"url\":\"https:\\\/\\\/www.reead.com\\\/fr\\\/wp-content\\\/uploads\\\/2011\\\/03\\\/taille-des-penis-dans-le-monde-1.jpg\",\"contentUrl\":\"https:\\\/\\\/www.reead.com\\\/fr\\\/wp-content\\\/uploads\\\/2011\\\/03\\\/taille-des-penis-dans-le-monde-1.jpg\",\"width\":950,\"height\":628,\"caption\":\"taille des penis dans le monde\"},{\"@type\":\"BreadcrumbList\",\"@id\":\"https:\\\/\\\/www.reead.com\\\/fr\\\/les-colombiens-et-venezueliens-ont-les-plus-grosses-43762011\\\/#breadcrumb\",\"itemListElement\":[{\"@type\":\"ListItem\",\"position\":1,\"name\":\"Accueil\",\"item\":\"https:\\\/\\\/www.reead.com\\\/fr\\\/\"},{\"@type\":\"ListItem\",\"position\":2,\"name\":\"Lifestyle\",\"item\":\"https:\\\/\\\/www.reead.com\\\/fr\\\/lifestyle\\\/\"},{\"@type\":\"ListItem\",\"position\":3,\"name\":\"Psycho et s\u00e9duction\",\"item\":\"https:\\\/\\\/www.reead.com\\\/fr\\\/lifestyle\\\/experiences-et-sexualite\\\/\"},{\"@type\":\"ListItem\",\"position\":4,\"name\":\"Taille des p\u00e9nis dans le monde et par pays : qui a la plus grosse ?\"}]},{\"@type\":\"WebSite\",\"@id\":\"https:\\\/\\\/www.reead.com\\\/fr\\\/#website\",\"url\":\"https:\\\/\\\/www.reead.com\\\/fr\\\/\",\"name\":\"Reead.com\",\"description\":\"Conseils Voyage, Mode Homme et Lifestyle\",\"publisher\":{\"@id\":\"https:\\\/\\\/www.reead.com\\\/fr\\\/#\\\/schema\\\/person\\\/551a8a4b469ab53c0b48bcd3846fb3c6\"},\"potentialAction\":[{\"@type\":\"SearchAction\",\"target\":{\"@type\":\"EntryPoint\",\"urlTemplate\":\"https:\\\/\\\/www.reead.com\\\/fr\\\/?s={search_term_string}\"},\"query-input\":{\"@type\":\"PropertyValueSpecification\",\"valueRequired\":true,\"valueName\":\"search_term_string\"}}],\"inLanguage\":\"fr-FR\"},{\"@type\":[\"Person\",\"Organization\"],\"@id\":\"https:\\\/\\\/www.reead.com\\\/fr\\\/#\\\/schema\\\/person\\\/551a8a4b469ab53c0b48bcd3846fb3c6\",\"name\":\"Reead\",\"image\":{\"@type\":\"ImageObject\",\"inLanguage\":\"fr-FR\",\"@id\":\"https:\\\/\\\/www.reead.com\\\/fr\\\/wp-content\\\/uploads\\\/2018\\\/12\\\/reead.jpg\",\"url\":\"https:\\\/\\\/www.reead.com\\\/fr\\\/wp-content\\\/uploads\\\/2018\\\/12\\\/reead.jpg\",\"contentUrl\":\"https:\\\/\\\/www.reead.com\\\/fr\\\/wp-content\\\/uploads\\\/2018\\\/12\\\/reead.jpg\",\"width\":900,\"height\":610,\"caption\":\"Reead\"},\"logo\":{\"@id\":\"https:\\\/\\\/www.reead.com\\\/fr\\\/wp-content\\\/uploads\\\/2018\\\/12\\\/reead.jpg\"},\"description\":\"Reead est un blogueur voyage fran\u00e7ais bas\u00e9 \u00e0 Las Vegas et le fondateur de Reead.com, un blog lanc\u00e9 en 2009 consacr\u00e9 aux voyages, aux miles et aux programmes de fid\u00e9lit\u00e9. Sp\u00e9cialis\u00e9 dans les cartes de cr\u00e9dit voyage, les miles et points, ainsi que les programmes comme Flying Blue, American Express Membership Rewards ou les alliances a\u00e9riennes, il partage des strat\u00e9gies concr\u00e8tes pour r\u00e9duire le co\u00fbt des voyages et optimiser les r\u00e9compenses des cartes de cr\u00e9dit. Install\u00e9 aux \u00c9tats-Unis, Reead publie \u00e9galement des guides pour visiter les USA, des analyses de programmes de fid\u00e9lit\u00e9 et des retours d\u2019exp\u00e9rience sur les compagnies a\u00e9riennes, h\u00f4tels et cartes premium. Depuis plus de 15 ans, ses articles aident les voyageurs \u00e0 comprendre les miles, accumuler des points plus rapidement et voyager dans de meilleures conditions pour moins cher. Survivant du cancer, il partage aussi une vision simple : profiter de la vie et explorer le monde intelligemment.\",\"sameAs\":[\"https:\\\/\\\/www.reead.com\\\/fr\\\/\",\"https:\\\/\\\/www.facebook.com\\\/welovereead\",\"https:\\\/\\\/www.instagram.com\\\/reead\\\/?hl=fr\",\"https:\\\/\\\/www.pinterest.com\\\/reead\\\/\",\"https:\\\/\\\/x.com\\\/blogdereead\",\"https:\\\/\\\/www.youtube.com\\\/reead\"],\"gender\":\"homme\",\"knowsAbout\":[\"Voyage\",\"miles et points\"],\"knowsLanguage\":[\"Anglais\",\"Fran\u00e7ais\"],\"publishingPrinciples\":\"https:\\\/\\\/www.reead.com\\\/fr\\\/politique-de-publication\\\/\"}]}<\/script>\n<!-- \/ Yoast SEO Premium plugin. -->","yoast_head_json":{"title":"Taille des p\u00e9nis dans le monde : qui a la plus grosse ?","description":"De 9cm \u00e0 18cm, d\u00e9couvrez le classement des tailles des p\u00e9nis dans le monde par pays, pour d\u00e9terminer o\u00f9 partir en vacances par exemple !","robots":{"index":"index","follow":"follow","max-snippet":"max-snippet:-1","max-image-preview":"max-image-preview:large","max-video-preview":"max-video-preview:-1"},"canonical":"https:\/\/www.reead.com\/fr\/les-colombiens-et-venezueliens-ont-les-plus-grosses-43762011\/","og_locale":"fr_FR","og_type":"article","og_title":"Taille des p\u00e9nis dans le monde et par pays : qui a la plus grosse ?","og_description":"De 9cm \u00e0 18cm, d\u00e9couvrez le classement des tailles des p\u00e9nis dans le monde par pays, pour d\u00e9terminer o\u00f9 partir en vacances par exemple !","og_url":"https:\/\/www.reead.com\/fr\/les-colombiens-et-venezueliens-ont-les-plus-grosses-43762011\/","og_site_name":"Conseils Voyage, Mode Homme et Lifestyle","article_publisher":"https:\/\/www.facebook.com\/welovereead","article_author":"https:\/\/www.facebook.com\/welovereead","article_published_time":"2011-03-24T11:36:38+00:00","article_modified_time":"2025-12-10T00:58:11+00:00","og_image":[{"width":950,"height":628,"url":"https:\/\/www.reead.com\/fr\/wp-content\/uploads\/2011\/03\/taille-des-penis-dans-le-monde-1.jpg","type":"image\/jpeg"}],"author":"Reead","twitter_card":"summary_large_image","twitter_creator":"@blogdereead","twitter_site":"@blogdereead","schema":{"@context":"https:\/\/schema.org","@graph":[{"@type":"Article","@id":"https:\/\/www.reead.com\/fr\/les-colombiens-et-venezueliens-ont-les-plus-grosses-43762011\/#article","isPartOf":{"@id":"https:\/\/www.reead.com\/fr\/les-colombiens-et-venezueliens-ont-les-plus-grosses-43762011\/"},"author":{"name":"Reead","@id":"https:\/\/www.reead.com\/fr\/#\/schema\/person\/551a8a4b469ab53c0b48bcd3846fb3c6"},"headline":"Taille des p\u00e9nis dans le monde et par pays : qui a la plus grosse ?","datePublished":"2011-03-24T11:36:38+00:00","dateModified":"2025-12-10T00:58:11+00:00","mainEntityOfPage":{"@id":"https:\/\/www.reead.com\/fr\/les-colombiens-et-venezueliens-ont-les-plus-grosses-43762011\/"},"wordCount":2307,"commentCount":0,"publisher":{"@id":"https:\/\/www.reead.com\/fr\/#\/schema\/person\/551a8a4b469ab53c0b48bcd3846fb3c6"},"image":{"@id":"https:\/\/www.reead.com\/fr\/les-colombiens-et-venezueliens-ont-les-plus-grosses-43762011\/#primaryimage"},"thumbnailUrl":"https:\/\/www.reead.com\/fr\/wp-content\/uploads\/2011\/03\/taille-des-penis-dans-le-monde-1.jpg","articleSection":["Lifestyle","Psycho et s\u00e9duction"],"inLanguage":"fr-FR","potentialAction":[{"@type":"CommentAction","name":"Comment","target":["https:\/\/www.reead.com\/fr\/les-colombiens-et-venezueliens-ont-les-plus-grosses-43762011\/#respond"]}]},{"@type":"WebPage","@id":"https:\/\/www.reead.com\/fr\/les-colombiens-et-venezueliens-ont-les-plus-grosses-43762011\/","url":"https:\/\/www.reead.com\/fr\/les-colombiens-et-venezueliens-ont-les-plus-grosses-43762011\/","name":"Taille des p\u00e9nis dans le monde : qui a la plus grosse ?","isPartOf":{"@id":"https:\/\/www.reead.com\/fr\/#website"},"primaryImageOfPage":{"@id":"https:\/\/www.reead.com\/fr\/les-colombiens-et-venezueliens-ont-les-plus-grosses-43762011\/#primaryimage"},"image":{"@id":"https:\/\/www.reead.com\/fr\/les-colombiens-et-venezueliens-ont-les-plus-grosses-43762011\/#primaryimage"},"thumbnailUrl":"https:\/\/www.reead.com\/fr\/wp-content\/uploads\/2011\/03\/taille-des-penis-dans-le-monde-1.jpg","datePublished":"2011-03-24T11:36:38+00:00","dateModified":"2025-12-10T00:58:11+00:00","description":"De 9cm \u00e0 18cm, d\u00e9couvrez le classement des tailles des p\u00e9nis dans le monde par pays, pour d\u00e9terminer o\u00f9 partir en vacances par exemple !","breadcrumb":{"@id":"https:\/\/www.reead.com\/fr\/les-colombiens-et-venezueliens-ont-les-plus-grosses-43762011\/#breadcrumb"},"inLanguage":"fr-FR","potentialAction":[{"@type":"ReadAction","target":["https:\/\/www.reead.com\/fr\/les-colombiens-et-venezueliens-ont-les-plus-grosses-43762011\/"]}]},{"@type":"ImageObject","inLanguage":"fr-FR","@id":"https:\/\/www.reead.com\/fr\/les-colombiens-et-venezueliens-ont-les-plus-grosses-43762011\/#primaryimage","url":"https:\/\/www.reead.com\/fr\/wp-content\/uploads\/2011\/03\/taille-des-penis-dans-le-monde-1.jpg","contentUrl":"https:\/\/www.reead.com\/fr\/wp-content\/uploads\/2011\/03\/taille-des-penis-dans-le-monde-1.jpg","width":950,"height":628,"caption":"taille des penis dans le monde"},{"@type":"BreadcrumbList","@id":"https:\/\/www.reead.com\/fr\/les-colombiens-et-venezueliens-ont-les-plus-grosses-43762011\/#breadcrumb","itemListElement":[{"@type":"ListItem","position":1,"name":"Accueil","item":"https:\/\/www.reead.com\/fr\/"},{"@type":"ListItem","position":2,"name":"Lifestyle","item":"https:\/\/www.reead.com\/fr\/lifestyle\/"},{"@type":"ListItem","position":3,"name":"Psycho et s\u00e9duction","item":"https:\/\/www.reead.com\/fr\/lifestyle\/experiences-et-sexualite\/"},{"@type":"ListItem","position":4,"name":"Taille des p\u00e9nis dans le monde et par pays : qui a la plus grosse ?"}]},{"@type":"WebSite","@id":"https:\/\/www.reead.com\/fr\/#website","url":"https:\/\/www.reead.com\/fr\/","name":"Reead.com","description":"Conseils Voyage, Mode Homme et Lifestyle","publisher":{"@id":"https:\/\/www.reead.com\/fr\/#\/schema\/person\/551a8a4b469ab53c0b48bcd3846fb3c6"},"potentialAction":[{"@type":"SearchAction","target":{"@type":"EntryPoint","urlTemplate":"https:\/\/www.reead.com\/fr\/?s={search_term_string}"},"query-input":{"@type":"PropertyValueSpecification","valueRequired":true,"valueName":"search_term_string"}}],"inLanguage":"fr-FR"},{"@type":["Person","Organization"],"@id":"https:\/\/www.reead.com\/fr\/#\/schema\/person\/551a8a4b469ab53c0b48bcd3846fb3c6","name":"Reead","image":{"@type":"ImageObject","inLanguage":"fr-FR","@id":"https:\/\/www.reead.com\/fr\/wp-content\/uploads\/2018\/12\/reead.jpg","url":"https:\/\/www.reead.com\/fr\/wp-content\/uploads\/2018\/12\/reead.jpg","contentUrl":"https:\/\/www.reead.com\/fr\/wp-content\/uploads\/2018\/12\/reead.jpg","width":900,"height":610,"caption":"Reead"},"logo":{"@id":"https:\/\/www.reead.com\/fr\/wp-content\/uploads\/2018\/12\/reead.jpg"},"description":"Reead est un blogueur voyage fran\u00e7ais bas\u00e9 \u00e0 Las Vegas et le fondateur de Reead.com, un blog lanc\u00e9 en 2009 consacr\u00e9 aux voyages, aux miles et aux programmes de fid\u00e9lit\u00e9. Sp\u00e9cialis\u00e9 dans les cartes de cr\u00e9dit voyage, les miles et points, ainsi que les programmes comme Flying Blue, American Express Membership Rewards ou les alliances a\u00e9riennes, il partage des strat\u00e9gies concr\u00e8tes pour r\u00e9duire le co\u00fbt des voyages et optimiser les r\u00e9compenses des cartes de cr\u00e9dit. Install\u00e9 aux \u00c9tats-Unis, Reead publie \u00e9galement des guides pour visiter les USA, des analyses de programmes de fid\u00e9lit\u00e9 et des retours d\u2019exp\u00e9rience sur les compagnies a\u00e9riennes, h\u00f4tels et cartes premium. Depuis plus de 15 ans, ses articles aident les voyageurs \u00e0 comprendre les miles, accumuler des points plus rapidement et voyager dans de meilleures conditions pour moins cher. Survivant du cancer, il partage aussi une vision simple : profiter de la vie et explorer le monde intelligemment.","sameAs":["https:\/\/www.reead.com\/fr\/","https:\/\/www.facebook.com\/welovereead","https:\/\/www.instagram.com\/reead\/?hl=fr","https:\/\/www.pinterest.com\/reead\/","https:\/\/x.com\/blogdereead","https:\/\/www.youtube.com\/reead"],"gender":"homme","knowsAbout":["Voyage","miles et points"],"knowsLanguage":["Anglais","Fran\u00e7ais"],"publishingPrinciples":"https:\/\/www.reead.com\/fr\/politique-de-publication\/"}]}},"_links":{"self":[{"href":"https:\/\/www.reead.com\/fr\/wp-json\/wp\/v2\/posts\/4376","targetHints":{"allow":["GET"]}}],"collection":[{"href":"https:\/\/www.reead.com\/fr\/wp-json\/wp\/v2\/posts"}],"about":[{"href":"https:\/\/www.reead.com\/fr\/wp-json\/wp\/v2\/types\/post"}],"author":[{"embeddable":true,"href":"https:\/\/www.reead.com\/fr\/wp-json\/wp\/v2\/users\/1"}],"replies":[{"embeddable":true,"href":"https:\/\/www.reead.com\/fr\/wp-json\/wp\/v2\/comments?post=4376"}],"version-history":[{"count":0,"href":"https:\/\/www.reead.com\/fr\/wp-json\/wp\/v2\/posts\/4376\/revisions"}],"wp:featuredmedia":[{"embeddable":true,"href":"https:\/\/www.reead.com\/fr\/wp-json\/wp\/v2\/media\/58512"}],"wp:attachment":[{"href":"https:\/\/www.reead.com\/fr\/wp-json\/wp\/v2\/media?parent=4376"}],"wp:term":[{"taxonomy":"category","embeddable":true,"href":"https:\/\/www.reead.com\/fr\/wp-json\/wp\/v2\/categories?post=4376"},{"taxonomy":"post_tag","embeddable":true,"href":"https:\/\/www.reead.com\/fr\/wp-json\/wp\/v2\/tags?post=4376"}],"curies":[{"name":"wp","href":"https:\/\/api.w.org\/{rel}","templated":true}]}}