{"id":393349,"date":"2020-11-10T08:00:35","date_gmt":"2020-11-10T06:00:35","guid":{"rendered":"https:\/\/www.reead.com\/fr\/?p=393349"},"modified":"2020-11-10T19:55:16","modified_gmt":"2020-11-10T17:55:16","slug":"comment-laver-jean","status":"publish","type":"post","link":"https:\/\/www.reead.com\/fr\/comment-laver-jean-3933492020\/","title":{"rendered":"Comment laver un jean sans l&rsquo;ab\u00eemer? Mes astuces!"},"content":{"rendered":"<p>Le jean est souvent une des pi\u00e8ces ma\u00eetresses de notre penderie. Cool et confortable, il s&rsquo;adapte en toute simplicit\u00e9 \u00e0 toutes les tenues, quelles que soient les circonstances. Un bon jean se paie souvent cher, mais l&rsquo;investissement est souvent rentable, car bien entretenu, il s&rsquo;av\u00e8rera inusable et infaillible ! Il convient donc d&rsquo;en prendre soin afin de le faire durer dans le temps.<\/p>\n<p>Je vous avais expliqu\u00e9 <a href=\"https:\/\/www.reead.com\/fr\/laver-entretenir-jean-noir-4500852020\/\" target=\"_blank\" rel=\"noopener noreferrer\"><strong>comment laver et entretenir un jean noir<\/strong><\/a>, mais cette fois-ci, voici mes conseils pour laver en jean dont la couleur risque moins de changer au fil des lavages.<\/p>\n<div id=\"attachment_451735\" style=\"width: 1210px\" class=\"wp-caption alignnone\"><img loading=\"lazy\" decoding=\"async\" aria-describedby=\"caption-attachment-451735\" class=\"wp-image-451735 size-full\" src=\"https:\/\/www.reead.com\/fr\/wp-content\/uploads\/2020\/07\/comment-laver-jean.jpg\" alt=\"comment laver un jean\" width=\"1200\" height=\"800\" srcset=\"https:\/\/www.reead.com\/fr\/wp-content\/uploads\/2020\/07\/comment-laver-jean.jpg 1200w,  https:\/\/www.reead.com\/fr\/wp-content\/uploads\/2020\/07\/comment-laver-jean-610x407.jpg 610w,  https:\/\/www.reead.com\/fr\/wp-content\/uploads\/2020\/07\/comment-laver-jean-960x640.jpg 960w,  https:\/\/www.reead.com\/fr\/wp-content\/uploads\/2020\/07\/comment-laver-jean-768x512.jpg 768w,  https:\/\/www.reead.com\/fr\/wp-content\/uploads\/2020\/07\/comment-laver-jean-272x182.jpg 272w\" sizes=\"auto, (max-width: 1200px) 100vw, 1200px\" \/><p id=\"caption-attachment-451735\" class=\"wp-caption-text\">Oui, j&rsquo;aime bien prendre des photos dans les laveries haha !<\/p><\/div>\n<h2><strong>Laver son jean, mais pourquoi faire ?<\/strong><\/h2>\n<p>Commen\u00e7ons par le commencement : est-il vraiment utile de laver votre jean ? Le lavage aussi doux soit-il, modifie la forme et la texture des fibres, et peut en appauvrir la couleur.<\/p>\n<p>De fait, de nombreuses grandes marques conseillent de ne pas laver son jean dans les 6 premiers mois d&rsquo;usage ! Elles recommandent de le brosser (soit avec une petite brosse douce, soit avec une \u00e9ponge humide) en cas de t\u00e2che, et de le laisser reposer dehors la nuit pour chasser les mauvaises odeurs.<\/p>\n<p>Des aficionados de la toile indigo pr\u00e9conisent m\u00eame de ne jamais le laver. C&rsquo;est le cas notamment de <strong>Chip Bergh<\/strong>, le patron de la firme Lewis, qui avance des arguments \u00e0 la fois vestimentaires et \u00e9cologiques.<\/p>\n<h2><strong>Laver son jean, oui mais comment ?<\/strong><\/h2>\n<p>Si jamais vous devez le laver, sachez que le passage en machine \u00e0 laver n&rsquo;est pas recommand\u00e9.<\/p>\n<p>Le mieux est de retourner votre jean, et de le laver \u00e0 l&rsquo;eau ti\u00e8de avec un d\u00e9tergent doux : savon de Marseille, lessive sp\u00e9cifique pour textiles fonc\u00e9s ou simplement vinaigre de vin et 2 cuill\u00e8res de gros sel.<\/p>\n<p>Pour ce faire, plongez votre pi\u00e8ce dans l&rsquo;eau, remuez et laissez reposer 30 \u00e0 45 minutes. Lorsque c&rsquo;est fait, sortez et essorez-la doucement (pas de traitement trop dur pour ne pas ab\u00eemer les fibres textiles). Le s\u00e9chage s&rsquo;effectue pendu \u00e0 la verticale dans la douche ou au-dessus de la baignoire.<\/p>\n<h2><strong>Et en machine, quelle temp\u00e9rature choisir pour laver son jean ?<\/strong><\/h2>\n<p>Je con\u00e7ois que nous n&rsquo;avons pas forc\u00e9ment tous le temps de laver nos v\u00eatements \u00e0 la main. Si vous souhaitez quand m\u00eame laver votre jean \u00e0 la machine, voici mes recommandations :<\/p>\n<ul>\n<li>Ne le lavez pas avant de l&rsquo;avoir port\u00e9 une dizaine de fois. Ainsi, votre pantalon aura commenc\u00e9 \u00e0 s&rsquo;adapter \u00e0 votre morphologie.<\/li>\n<li>Au premier lavage, ne le m\u00e9langez pas avec d&rsquo;autres textiles, car l&rsquo;indigo du colorant risque de d\u00e9gorger.<\/li>\n<li>Retournez votre jean pour en pr\u00e9server la couleur sur le c\u00f4t\u00e9 ext\u00e9rieur.<\/li>\n<li>Privil\u00e9gier un lavage \u00e0 froid. Le mieux \u00e9tant de choisir un cycle adapt\u00e9 pour textiles d\u00e9licats.<\/li>\n<li>Limitez au maximum l&rsquo;essorage.<\/li>\n<\/ul>\n<p>Attention : jamais de s\u00e8che-linge ! Derri\u00e8re ses airs de gros dur, le jean est une petite pi\u00e8ce fragile, qui risque de se distendre, voire de se d\u00e9former. Un jean s\u00e8che par lui-m\u00eame, \u00e0 l&rsquo;air libre, en restant \u00e0 l&rsquo;abri des rayons du soleil.<\/p>\n<h2><strong>Comment entretenir votre jean ?<\/strong><\/h2>\n<p>Pour terminer, je vous livre quelques astuces pour lutter contre l&rsquo;usure naturelle de votre jean pr\u00e9f\u00e9r\u00e9, moi c&rsquo;\u00e9tait mon <a href=\"https:\/\/www.reead.com\/fr\/jean-dior-pour-homme-45922011\/\" target=\"_blank\" rel=\"noopener noreferrer\"><strong>jean Dior<\/strong><\/a> mais j&rsquo;ai finis par l&rsquo;abimer apr\u00e8s 8 ans car je ne faisais pas tr\u00e8s attention dans le pass\u00e9 :<\/p>\n<ul>\n<li>Pour supprimer les tra\u00een\u00e9es blanches : plongez votre jean dans un bain de vinaigre.<\/li>\n<li>Pour enlever les taches : frottez avec du savon de Marseille avant le passage en machine.<\/li>\n<li>Il ne me reste plus qu&rsquo;\u00e0 vous d\u00e9voiler la recette du fameux \u00ab bain de vinaigre \u00bb : vous m\u00e9langez simplement 1 litre d&rsquo;eau ti\u00e8de et 20 cl de vinaigre d&rsquo;alcool blanc et c&rsquo;est fini.<\/li>\n<\/ul>\n<p>Que vous soyez plut\u00f4t puriste ou maniaque du blue jean, vous savez tout d\u00e9sormais pour laver votre pantalon pr\u00e9f\u00e9r\u00e9 sans l&rsquo;ab\u00eemer. \u00c0 vous de jouer !<\/p>\n<p>Voil\u00e0, j&rsquo;esp\u00e8re que cet article aura r\u00e9pondu \u00e0 vos questions sur le sujetje. \u00c0 tr\u00e8s vite !<\/p>\n\n\n<div class=\"kk-star-ratings kksr-auto kksr-align-left kksr-valign-bottom\"\n    data-payload='{&quot;align&quot;:&quot;left&quot;,&quot;id&quot;:&quot;393349&quot;,&quot;slug&quot;:&quot;default&quot;,&quot;valign&quot;:&quot;bottom&quot;,&quot;ignore&quot;:&quot;&quot;,&quot;reference&quot;:&quot;auto&quot;,&quot;class&quot;:&quot;&quot;,&quot;count&quot;:&quot;5&quot;,&quot;legendonly&quot;:&quot;&quot;,&quot;readonly&quot;:&quot;&quot;,&quot;score&quot;:&quot;4.8&quot;,&quot;starsonly&quot;:&quot;&quot;,&quot;best&quot;:&quot;5&quot;,&quot;gap&quot;:&quot;4&quot;,&quot;greet&quot;:&quot;Votez pour ce post&quot;,&quot;legend&quot;:&quot;4.8\\\/5 - (5 votes)&quot;,&quot;size&quot;:&quot;24&quot;,&quot;title&quot;:&quot;Comment laver un jean sans l\\u0026#039;ab\u00eemer? Mes astuces!&quot;,&quot;width&quot;:&quot;132.4&quot;,&quot;_legend&quot;:&quot;{score}\\\/{best} - ({count} {votes})&quot;,&quot;font_factor&quot;:&quot;1.25&quot;}'>\n            \n<div class=\"kksr-stars\">\n    \n<div class=\"kksr-stars-inactive\">\n            <div class=\"kksr-star\" data-star=\"1\" style=\"padding-right: 4px\">\n            \n\n<div class=\"kksr-icon\" style=\"width: 24px; height: 24px;\"><\/div>\n        <\/div>\n            <div class=\"kksr-star\" data-star=\"2\" style=\"padding-right: 4px\">\n            \n\n<div class=\"kksr-icon\" style=\"width: 24px; height: 24px;\"><\/div>\n        <\/div>\n            <div class=\"kksr-star\" data-star=\"3\" style=\"padding-right: 4px\">\n            \n\n<div class=\"kksr-icon\" style=\"width: 24px; height: 24px;\"><\/div>\n        <\/div>\n            <div class=\"kksr-star\" data-star=\"4\" style=\"padding-right: 4px\">\n            \n\n<div class=\"kksr-icon\" style=\"width: 24px; height: 24px;\"><\/div>\n        <\/div>\n            <div class=\"kksr-star\" data-star=\"5\" style=\"padding-right: 4px\">\n            \n\n<div class=\"kksr-icon\" style=\"width: 24px; height: 24px;\"><\/div>\n        <\/div>\n    <\/div>\n    \n<div class=\"kksr-stars-active\" style=\"width: 132.4px;\">\n            <div class=\"kksr-star\" style=\"padding-right: 4px\">\n            \n\n<div class=\"kksr-icon\" style=\"width: 24px; height: 24px;\"><\/div>\n        <\/div>\n            <div class=\"kksr-star\" style=\"padding-right: 4px\">\n            \n\n<div class=\"kksr-icon\" style=\"width: 24px; height: 24px;\"><\/div>\n        <\/div>\n            <div class=\"kksr-star\" style=\"padding-right: 4px\">\n            \n\n<div class=\"kksr-icon\" style=\"width: 24px; height: 24px;\"><\/div>\n        <\/div>\n            <div class=\"kksr-star\" style=\"padding-right: 4px\">\n            \n\n<div class=\"kksr-icon\" style=\"width: 24px; height: 24px;\"><\/div>\n        <\/div>\n            <div class=\"kksr-star\" style=\"padding-right: 4px\">\n            \n\n<div class=\"kksr-icon\" style=\"width: 24px; height: 24px;\"><\/div>\n        <\/div>\n    <\/div>\n<\/div>\n                \n\n<div class=\"kksr-legend\" style=\"font-size: 19.2px;\">\n            4.8\/5 - (5 votes)    <\/div>\n    <\/div>","protected":false},"excerpt":{"rendered":"<p>Comment laver son jean, les techniques pour ne pas l&rsquo;abimer et le garder le plus longtemps possible comme neuf!<\/p>","protected":false},"author":1,"featured_media":451735,"comment_status":"open","ping_status":"open","sticky":false,"template":"","format":"standard","meta":{"footnotes":""},"categories":[552,578],"tags":[],"class_list":["post-393349","post","type-post","status-publish","format-standard","has-post-thumbnail","hentry","category-mode-homme","category-jeans-shorts-hommes"],"yoast_head":"<!-- This site is optimized with the Yoast SEO Premium plugin v27.4 (Yoast SEO v27.4) - https:\/\/yoast.com\/product\/yoast-seo-premium-wordpress\/ -->\n<title>Comment laver un jean sans l&#039;ab\u00eemer? Mes astuces!<\/title>\n<meta name=\"description\" content=\"Comment laver son jean, les techniques pour ne pas l&#039;abimer et le garder le plus longtemps possible comme neuf!\" \/>\n<meta name=\"robots\" content=\"index, follow, max-snippet:-1, max-image-preview:large, max-video-preview:-1\" \/>\n<link rel=\"canonical\" href=\"https:\/\/www.reead.com\/fr\/comment-laver-jean-3933492020\/\" \/>\n<meta property=\"og:locale\" content=\"fr_FR\" \/>\n<meta property=\"og:type\" content=\"article\" \/>\n<meta property=\"og:title\" content=\"Comment laver un jean sans l&#039;ab\u00eemer? Mes astuces!\" \/>\n<meta property=\"og:description\" content=\"Comment laver son jean, les techniques pour ne pas l&#039;abimer et le garder le plus longtemps possible comme neuf!\" \/>\n<meta property=\"og:url\" content=\"https:\/\/www.reead.com\/fr\/comment-laver-jean-3933492020\/\" \/>\n<meta property=\"og:site_name\" content=\"Conseils Voyage, Mode Homme et Lifestyle\" \/>\n<meta property=\"article:publisher\" content=\"https:\/\/www.facebook.com\/welovereead\" \/>\n<meta property=\"article:author\" content=\"https:\/\/www.facebook.com\/welovereead\" \/>\n<meta property=\"article:published_time\" content=\"2020-11-10T06:00:35+00:00\" \/>\n<meta property=\"article:modified_time\" content=\"2020-11-10T17:55:16+00:00\" \/>\n<meta property=\"og:image\" content=\"https:\/\/www.reead.com\/fr\/wp-content\/uploads\/2020\/07\/comment-laver-jean.jpg\" \/>\n\t<meta property=\"og:image:width\" content=\"1200\" \/>\n\t<meta property=\"og:image:height\" content=\"800\" \/>\n\t<meta property=\"og:image:type\" content=\"image\/jpeg\" \/>\n<meta name=\"author\" content=\"Reead\" \/>\n<meta name=\"twitter:card\" content=\"summary_large_image\" \/>\n<meta name=\"twitter:creator\" content=\"@blogdereead\" \/>\n<meta name=\"twitter:site\" content=\"@blogdereead\" \/>\n<script type=\"application\/ld+json\" class=\"yoast-schema-graph\">{\"@context\":\"https:\\\/\\\/schema.org\",\"@graph\":[{\"@type\":\"Article\",\"@id\":\"https:\\\/\\\/www.reead.com\\\/fr\\\/comment-laver-jean-3933492020\\\/#article\",\"isPartOf\":{\"@id\":\"https:\\\/\\\/www.reead.com\\\/fr\\\/comment-laver-jean-3933492020\\\/\"},\"author\":{\"name\":\"Reead\",\"@id\":\"https:\\\/\\\/www.reead.com\\\/fr\\\/#\\\/schema\\\/person\\\/551a8a4b469ab53c0b48bcd3846fb3c6\"},\"headline\":\"Comment laver un jean sans l&rsquo;ab\u00eemer? Mes astuces!\",\"datePublished\":\"2020-11-10T06:00:35+00:00\",\"dateModified\":\"2020-11-10T17:55:16+00:00\",\"mainEntityOfPage\":{\"@id\":\"https:\\\/\\\/www.reead.com\\\/fr\\\/comment-laver-jean-3933492020\\\/\"},\"wordCount\":709,\"commentCount\":1,\"publisher\":{\"@id\":\"https:\\\/\\\/www.reead.com\\\/fr\\\/#\\\/schema\\\/person\\\/551a8a4b469ab53c0b48bcd3846fb3c6\"},\"image\":{\"@id\":\"https:\\\/\\\/www.reead.com\\\/fr\\\/comment-laver-jean-3933492020\\\/#primaryimage\"},\"thumbnailUrl\":\"https:\\\/\\\/www.reead.com\\\/fr\\\/wp-content\\\/uploads\\\/2020\\\/07\\\/comment-laver-jean.jpg\",\"articleSection\":[\"Conseils Mode homme\",\"Les bas : Pantalons, jeans et shorts\"],\"inLanguage\":\"fr-FR\",\"potentialAction\":[{\"@type\":\"CommentAction\",\"name\":\"Comment\",\"target\":[\"https:\\\/\\\/www.reead.com\\\/fr\\\/comment-laver-jean-3933492020\\\/#respond\"]}]},{\"@type\":\"WebPage\",\"@id\":\"https:\\\/\\\/www.reead.com\\\/fr\\\/comment-laver-jean-3933492020\\\/\",\"url\":\"https:\\\/\\\/www.reead.com\\\/fr\\\/comment-laver-jean-3933492020\\\/\",\"name\":\"Comment laver un jean sans l'ab\u00eemer? Mes astuces!\",\"isPartOf\":{\"@id\":\"https:\\\/\\\/www.reead.com\\\/fr\\\/#website\"},\"primaryImageOfPage\":{\"@id\":\"https:\\\/\\\/www.reead.com\\\/fr\\\/comment-laver-jean-3933492020\\\/#primaryimage\"},\"image\":{\"@id\":\"https:\\\/\\\/www.reead.com\\\/fr\\\/comment-laver-jean-3933492020\\\/#primaryimage\"},\"thumbnailUrl\":\"https:\\\/\\\/www.reead.com\\\/fr\\\/wp-content\\\/uploads\\\/2020\\\/07\\\/comment-laver-jean.jpg\",\"datePublished\":\"2020-11-10T06:00:35+00:00\",\"dateModified\":\"2020-11-10T17:55:16+00:00\",\"description\":\"Comment laver son jean, les techniques pour ne pas l'abimer et le garder le plus longtemps possible comme neuf!\",\"breadcrumb\":{\"@id\":\"https:\\\/\\\/www.reead.com\\\/fr\\\/comment-laver-jean-3933492020\\\/#breadcrumb\"},\"inLanguage\":\"fr-FR\",\"potentialAction\":[{\"@type\":\"ReadAction\",\"target\":[\"https:\\\/\\\/www.reead.com\\\/fr\\\/comment-laver-jean-3933492020\\\/\"]}]},{\"@type\":\"ImageObject\",\"inLanguage\":\"fr-FR\",\"@id\":\"https:\\\/\\\/www.reead.com\\\/fr\\\/comment-laver-jean-3933492020\\\/#primaryimage\",\"url\":\"https:\\\/\\\/www.reead.com\\\/fr\\\/wp-content\\\/uploads\\\/2020\\\/07\\\/comment-laver-jean.jpg\",\"contentUrl\":\"https:\\\/\\\/www.reead.com\\\/fr\\\/wp-content\\\/uploads\\\/2020\\\/07\\\/comment-laver-jean.jpg\",\"width\":1200,\"height\":800,\"caption\":\"comment laver un jean\"},{\"@type\":\"BreadcrumbList\",\"@id\":\"https:\\\/\\\/www.reead.com\\\/fr\\\/comment-laver-jean-3933492020\\\/#breadcrumb\",\"itemListElement\":[{\"@type\":\"ListItem\",\"position\":1,\"name\":\"Accueil\",\"item\":\"https:\\\/\\\/www.reead.com\\\/fr\\\/\"},{\"@type\":\"ListItem\",\"position\":2,\"name\":\"Conseils Mode homme\",\"item\":\"https:\\\/\\\/www.reead.com\\\/fr\\\/mode-homme\\\/\"},{\"@type\":\"ListItem\",\"position\":3,\"name\":\"Les bas : Pantalons, jeans et shorts\",\"item\":\"https:\\\/\\\/www.reead.com\\\/fr\\\/mode-homme\\\/jeans-shorts-hommes\\\/\"},{\"@type\":\"ListItem\",\"position\":4,\"name\":\"Comment laver un jean sans l&rsquo;ab\u00eemer? Mes astuces!\"}]},{\"@type\":\"WebSite\",\"@id\":\"https:\\\/\\\/www.reead.com\\\/fr\\\/#website\",\"url\":\"https:\\\/\\\/www.reead.com\\\/fr\\\/\",\"name\":\"Reead.com\",\"description\":\"Conseils Voyage, Mode Homme et Lifestyle\",\"publisher\":{\"@id\":\"https:\\\/\\\/www.reead.com\\\/fr\\\/#\\\/schema\\\/person\\\/551a8a4b469ab53c0b48bcd3846fb3c6\"},\"potentialAction\":[{\"@type\":\"SearchAction\",\"target\":{\"@type\":\"EntryPoint\",\"urlTemplate\":\"https:\\\/\\\/www.reead.com\\\/fr\\\/?s={search_term_string}\"},\"query-input\":{\"@type\":\"PropertyValueSpecification\",\"valueRequired\":true,\"valueName\":\"search_term_string\"}}],\"inLanguage\":\"fr-FR\"},{\"@type\":[\"Person\",\"Organization\"],\"@id\":\"https:\\\/\\\/www.reead.com\\\/fr\\\/#\\\/schema\\\/person\\\/551a8a4b469ab53c0b48bcd3846fb3c6\",\"name\":\"Reead\",\"image\":{\"@type\":\"ImageObject\",\"inLanguage\":\"fr-FR\",\"@id\":\"https:\\\/\\\/www.reead.com\\\/fr\\\/wp-content\\\/uploads\\\/2018\\\/12\\\/reead.jpg\",\"url\":\"https:\\\/\\\/www.reead.com\\\/fr\\\/wp-content\\\/uploads\\\/2018\\\/12\\\/reead.jpg\",\"contentUrl\":\"https:\\\/\\\/www.reead.com\\\/fr\\\/wp-content\\\/uploads\\\/2018\\\/12\\\/reead.jpg\",\"width\":900,\"height\":610,\"caption\":\"Reead\"},\"logo\":{\"@id\":\"https:\\\/\\\/www.reead.com\\\/fr\\\/wp-content\\\/uploads\\\/2018\\\/12\\\/reead.jpg\"},\"description\":\"Reead est un blogueur voyage fran\u00e7ais bas\u00e9 \u00e0 Las Vegas et le fondateur de Reead.com, un blog lanc\u00e9 en 2009 consacr\u00e9 aux voyages, aux miles et aux programmes de fid\u00e9lit\u00e9. Sp\u00e9cialis\u00e9 dans les cartes de cr\u00e9dit voyage, les miles et points, ainsi que les programmes comme Flying Blue, American Express Membership Rewards ou les alliances a\u00e9riennes, il partage des strat\u00e9gies concr\u00e8tes pour r\u00e9duire le co\u00fbt des voyages et optimiser les r\u00e9compenses des cartes de cr\u00e9dit. Install\u00e9 aux \u00c9tats-Unis, Reead publie \u00e9galement des guides pour visiter les USA, des analyses de programmes de fid\u00e9lit\u00e9 et des retours d\u2019exp\u00e9rience sur les compagnies a\u00e9riennes, h\u00f4tels et cartes premium. Depuis plus de 15 ans, ses articles aident les voyageurs \u00e0 comprendre les miles, accumuler des points plus rapidement et voyager dans de meilleures conditions pour moins cher. Survivant du cancer, il partage aussi une vision simple : profiter de la vie et explorer le monde intelligemment.\",\"sameAs\":[\"https:\\\/\\\/www.reead.com\\\/fr\\\/\",\"https:\\\/\\\/www.facebook.com\\\/welovereead\",\"https:\\\/\\\/www.instagram.com\\\/reead\\\/?hl=fr\",\"https:\\\/\\\/www.pinterest.com\\\/reead\\\/\",\"https:\\\/\\\/x.com\\\/blogdereead\",\"https:\\\/\\\/www.youtube.com\\\/reead\"],\"gender\":\"homme\",\"knowsAbout\":[\"Voyage\",\"miles et points\"],\"knowsLanguage\":[\"Anglais\",\"Fran\u00e7ais\"],\"publishingPrinciples\":\"https:\\\/\\\/www.reead.com\\\/fr\\\/politique-de-publication\\\/\"}]}<\/script>\n<!-- \/ Yoast SEO Premium plugin. -->","yoast_head_json":{"title":"Comment laver un jean sans l'ab\u00eemer? Mes astuces!","description":"Comment laver son jean, les techniques pour ne pas l'abimer et le garder le plus longtemps possible comme neuf!","robots":{"index":"index","follow":"follow","max-snippet":"max-snippet:-1","max-image-preview":"max-image-preview:large","max-video-preview":"max-video-preview:-1"},"canonical":"https:\/\/www.reead.com\/fr\/comment-laver-jean-3933492020\/","og_locale":"fr_FR","og_type":"article","og_title":"Comment laver un jean sans l'ab\u00eemer? Mes astuces!","og_description":"Comment laver son jean, les techniques pour ne pas l'abimer et le garder le plus longtemps possible comme neuf!","og_url":"https:\/\/www.reead.com\/fr\/comment-laver-jean-3933492020\/","og_site_name":"Conseils Voyage, Mode Homme et Lifestyle","article_publisher":"https:\/\/www.facebook.com\/welovereead","article_author":"https:\/\/www.facebook.com\/welovereead","article_published_time":"2020-11-10T06:00:35+00:00","article_modified_time":"2020-11-10T17:55:16+00:00","og_image":[{"width":1200,"height":800,"url":"https:\/\/www.reead.com\/fr\/wp-content\/uploads\/2020\/07\/comment-laver-jean.jpg","type":"image\/jpeg"}],"author":"Reead","twitter_card":"summary_large_image","twitter_creator":"@blogdereead","twitter_site":"@blogdereead","schema":{"@context":"https:\/\/schema.org","@graph":[{"@type":"Article","@id":"https:\/\/www.reead.com\/fr\/comment-laver-jean-3933492020\/#article","isPartOf":{"@id":"https:\/\/www.reead.com\/fr\/comment-laver-jean-3933492020\/"},"author":{"name":"Reead","@id":"https:\/\/www.reead.com\/fr\/#\/schema\/person\/551a8a4b469ab53c0b48bcd3846fb3c6"},"headline":"Comment laver un jean sans l&rsquo;ab\u00eemer? Mes astuces!","datePublished":"2020-11-10T06:00:35+00:00","dateModified":"2020-11-10T17:55:16+00:00","mainEntityOfPage":{"@id":"https:\/\/www.reead.com\/fr\/comment-laver-jean-3933492020\/"},"wordCount":709,"commentCount":1,"publisher":{"@id":"https:\/\/www.reead.com\/fr\/#\/schema\/person\/551a8a4b469ab53c0b48bcd3846fb3c6"},"image":{"@id":"https:\/\/www.reead.com\/fr\/comment-laver-jean-3933492020\/#primaryimage"},"thumbnailUrl":"https:\/\/www.reead.com\/fr\/wp-content\/uploads\/2020\/07\/comment-laver-jean.jpg","articleSection":["Conseils Mode homme","Les bas : Pantalons, jeans et shorts"],"inLanguage":"fr-FR","potentialAction":[{"@type":"CommentAction","name":"Comment","target":["https:\/\/www.reead.com\/fr\/comment-laver-jean-3933492020\/#respond"]}]},{"@type":"WebPage","@id":"https:\/\/www.reead.com\/fr\/comment-laver-jean-3933492020\/","url":"https:\/\/www.reead.com\/fr\/comment-laver-jean-3933492020\/","name":"Comment laver un jean sans l'ab\u00eemer? Mes astuces!","isPartOf":{"@id":"https:\/\/www.reead.com\/fr\/#website"},"primaryImageOfPage":{"@id":"https:\/\/www.reead.com\/fr\/comment-laver-jean-3933492020\/#primaryimage"},"image":{"@id":"https:\/\/www.reead.com\/fr\/comment-laver-jean-3933492020\/#primaryimage"},"thumbnailUrl":"https:\/\/www.reead.com\/fr\/wp-content\/uploads\/2020\/07\/comment-laver-jean.jpg","datePublished":"2020-11-10T06:00:35+00:00","dateModified":"2020-11-10T17:55:16+00:00","description":"Comment laver son jean, les techniques pour ne pas l'abimer et le garder le plus longtemps possible comme neuf!","breadcrumb":{"@id":"https:\/\/www.reead.com\/fr\/comment-laver-jean-3933492020\/#breadcrumb"},"inLanguage":"fr-FR","potentialAction":[{"@type":"ReadAction","target":["https:\/\/www.reead.com\/fr\/comment-laver-jean-3933492020\/"]}]},{"@type":"ImageObject","inLanguage":"fr-FR","@id":"https:\/\/www.reead.com\/fr\/comment-laver-jean-3933492020\/#primaryimage","url":"https:\/\/www.reead.com\/fr\/wp-content\/uploads\/2020\/07\/comment-laver-jean.jpg","contentUrl":"https:\/\/www.reead.com\/fr\/wp-content\/uploads\/2020\/07\/comment-laver-jean.jpg","width":1200,"height":800,"caption":"comment laver un jean"},{"@type":"BreadcrumbList","@id":"https:\/\/www.reead.com\/fr\/comment-laver-jean-3933492020\/#breadcrumb","itemListElement":[{"@type":"ListItem","position":1,"name":"Accueil","item":"https:\/\/www.reead.com\/fr\/"},{"@type":"ListItem","position":2,"name":"Conseils Mode homme","item":"https:\/\/www.reead.com\/fr\/mode-homme\/"},{"@type":"ListItem","position":3,"name":"Les bas : Pantalons, jeans et shorts","item":"https:\/\/www.reead.com\/fr\/mode-homme\/jeans-shorts-hommes\/"},{"@type":"ListItem","position":4,"name":"Comment laver un jean sans l&rsquo;ab\u00eemer? Mes astuces!"}]},{"@type":"WebSite","@id":"https:\/\/www.reead.com\/fr\/#website","url":"https:\/\/www.reead.com\/fr\/","name":"Reead.com","description":"Conseils Voyage, Mode Homme et Lifestyle","publisher":{"@id":"https:\/\/www.reead.com\/fr\/#\/schema\/person\/551a8a4b469ab53c0b48bcd3846fb3c6"},"potentialAction":[{"@type":"SearchAction","target":{"@type":"EntryPoint","urlTemplate":"https:\/\/www.reead.com\/fr\/?s={search_term_string}"},"query-input":{"@type":"PropertyValueSpecification","valueRequired":true,"valueName":"search_term_string"}}],"inLanguage":"fr-FR"},{"@type":["Person","Organization"],"@id":"https:\/\/www.reead.com\/fr\/#\/schema\/person\/551a8a4b469ab53c0b48bcd3846fb3c6","name":"Reead","image":{"@type":"ImageObject","inLanguage":"fr-FR","@id":"https:\/\/www.reead.com\/fr\/wp-content\/uploads\/2018\/12\/reead.jpg","url":"https:\/\/www.reead.com\/fr\/wp-content\/uploads\/2018\/12\/reead.jpg","contentUrl":"https:\/\/www.reead.com\/fr\/wp-content\/uploads\/2018\/12\/reead.jpg","width":900,"height":610,"caption":"Reead"},"logo":{"@id":"https:\/\/www.reead.com\/fr\/wp-content\/uploads\/2018\/12\/reead.jpg"},"description":"Reead est un blogueur voyage fran\u00e7ais bas\u00e9 \u00e0 Las Vegas et le fondateur de Reead.com, un blog lanc\u00e9 en 2009 consacr\u00e9 aux voyages, aux miles et aux programmes de fid\u00e9lit\u00e9. Sp\u00e9cialis\u00e9 dans les cartes de cr\u00e9dit voyage, les miles et points, ainsi que les programmes comme Flying Blue, American Express Membership Rewards ou les alliances a\u00e9riennes, il partage des strat\u00e9gies concr\u00e8tes pour r\u00e9duire le co\u00fbt des voyages et optimiser les r\u00e9compenses des cartes de cr\u00e9dit. Install\u00e9 aux \u00c9tats-Unis, Reead publie \u00e9galement des guides pour visiter les USA, des analyses de programmes de fid\u00e9lit\u00e9 et des retours d\u2019exp\u00e9rience sur les compagnies a\u00e9riennes, h\u00f4tels et cartes premium. Depuis plus de 15 ans, ses articles aident les voyageurs \u00e0 comprendre les miles, accumuler des points plus rapidement et voyager dans de meilleures conditions pour moins cher. Survivant du cancer, il partage aussi une vision simple : profiter de la vie et explorer le monde intelligemment.","sameAs":["https:\/\/www.reead.com\/fr\/","https:\/\/www.facebook.com\/welovereead","https:\/\/www.instagram.com\/reead\/?hl=fr","https:\/\/www.pinterest.com\/reead\/","https:\/\/x.com\/blogdereead","https:\/\/www.youtube.com\/reead"],"gender":"homme","knowsAbout":["Voyage","miles et points"],"knowsLanguage":["Anglais","Fran\u00e7ais"],"publishingPrinciples":"https:\/\/www.reead.com\/fr\/politique-de-publication\/"}]}},"_links":{"self":[{"href":"https:\/\/www.reead.com\/fr\/wp-json\/wp\/v2\/posts\/393349","targetHints":{"allow":["GET"]}}],"collection":[{"href":"https:\/\/www.reead.com\/fr\/wp-json\/wp\/v2\/posts"}],"about":[{"href":"https:\/\/www.reead.com\/fr\/wp-json\/wp\/v2\/types\/post"}],"author":[{"embeddable":true,"href":"https:\/\/www.reead.com\/fr\/wp-json\/wp\/v2\/users\/1"}],"replies":[{"embeddable":true,"href":"https:\/\/www.reead.com\/fr\/wp-json\/wp\/v2\/comments?post=393349"}],"version-history":[{"count":0,"href":"https:\/\/www.reead.com\/fr\/wp-json\/wp\/v2\/posts\/393349\/revisions"}],"wp:featuredmedia":[{"embeddable":true,"href":"https:\/\/www.reead.com\/fr\/wp-json\/wp\/v2\/media\/451735"}],"wp:attachment":[{"href":"https:\/\/www.reead.com\/fr\/wp-json\/wp\/v2\/media?parent=393349"}],"wp:term":[{"taxonomy":"category","embeddable":true,"href":"https:\/\/www.reead.com\/fr\/wp-json\/wp\/v2\/categories?post=393349"},{"taxonomy":"post_tag","embeddable":true,"href":"https:\/\/www.reead.com\/fr\/wp-json\/wp\/v2\/tags?post=393349"}],"curies":[{"name":"wp","href":"https:\/\/api.w.org\/{rel}","templated":true}]}}