{"id":382354,"date":"2019-07-26T20:51:57","date_gmt":"2019-07-26T18:51:57","guid":{"rendered":"https:\/\/www.reead.com\/fr\/?p=382354"},"modified":"2024-06-14T20:45:50","modified_gmt":"2024-06-14T18:45:50","slug":"comment-choisir-sac-a-dos","status":"publish","type":"post","link":"https:\/\/www.reead.com\/fr\/comment-choisir-sac-a-dos-3823542019\/","title":{"rendered":"5 conseils pour choisir son sac \u00e0 dos pour une utilisation quotidienne"},"content":{"rendered":"<p>En dehors de l&rsquo;aspect mode d&rsquo;un sac \u00e0 dos, qui est devenu aujourd&rsquo;hui un accessoire \u00e0 part enti\u00e8re, c&rsquo;est essentiellement pour son c\u00f4t\u00e9 pratique qu&rsquo;il m&rsquo;accompagne au quotidien. Les styles de sac \u00e0 dos sont tr\u00e8s vari\u00e9s, alors comment s&rsquo;y retrouver et choisir son sac \u00e0 dos ?<\/p>\n<p><img loading=\"lazy\" decoding=\"async\" class=\"alignnone size-full wp-image-382356\" src=\"https:\/\/www.reead.com\/fr\/wp-content\/uploads\/2019\/07\/sac-a-dos-cuir-noir-dior-homme.jpg\" alt=\"sac a dos cuir noir dior homme\" width=\"1000\" height=\"756\" srcset=\"https:\/\/www.reead.com\/fr\/wp-content\/uploads\/2019\/07\/sac-a-dos-cuir-noir-dior-homme.jpg 1000w,  https:\/\/www.reead.com\/fr\/wp-content\/uploads\/2019\/07\/sac-a-dos-cuir-noir-dior-homme-606x458.jpg 606w,  https:\/\/www.reead.com\/fr\/wp-content\/uploads\/2019\/07\/sac-a-dos-cuir-noir-dior-homme-768x581.jpg 768w,  https:\/\/www.reead.com\/fr\/wp-content\/uploads\/2019\/07\/sac-a-dos-cuir-noir-dior-homme-960x726.jpg 960w\" sizes=\"auto, (max-width: 1000px) 100vw, 1000px\" \/><\/p>\n<h2><strong>1. Un sac \u00e0 dos pour quelle utilisation ?<\/strong><\/h2>\n<p>Un sac \u00e0 dos n&rsquo;est pas un <a href=\"https:\/\/www.reead.com\/fr\/louis-vuitton-sac-de-weekend-keepall-damier-55-homme-106992016\/\"><strong>sac pour partir en weekend<\/strong><\/a> qui peut transporter beaucoup plus d&rsquo;affaires. Si je souhaite un sac \u00e0 dos pour aller travailler chaque jour, mon choix sera diff\u00e9rent si je travaille dans un bureau, si je suis coursier ou guide de montagne.<\/p>\n<p>Personnellement, mon sac \u00e0 dos me sert \u00e0 transporter toutes mes affaires personnelles (cl\u00e9s, t\u00e9l\u00e9phone, ordinateur portable, appareil photo). Un sac \u00e0 dos de randonn\u00e9e me serait bien inutile au quotidien. La premi\u00e8re des choses est donc de r\u00e9fl\u00e9chir sur l&rsquo;utilisation du sac \u00e0 dos.<\/p>\n<h2><strong>2. Bien choisir le volume de son sac \u00e0 dos<\/strong><\/h2>\n<p>Si je dois porter mon sac \u00e0 dos toute la journ\u00e9e, pour des trajets \u00e0 v\u00e9lo ou en transport en commun, il est primordial de bien choisir sa taille. L&rsquo;important est de trouver un juste milieu entre l&rsquo;essentiel et le superflu. Prendre un petit sac et ne pas r\u00e9ussir \u00e0 mettre tout ce dont j&rsquo;ai besoin m&rsquo;obligera \u00e0 prendre un second sac.<\/p>\n<p>D&rsquo;un autre c\u00f4t\u00e9, porter un \u00e9norme sac de voyage me g\u00eanera au quotidien. Il est donc important de se demander ce que l&rsquo;on veut transporter : un ordinateur, son d\u00e9jeuner ou juste ses cl\u00e9s et son t\u00e9l\u00e9phone. Vous trouverez plusieurs formats sur les sites ecommerces en ligne.<\/p>\n<h2><strong>3. Bien choisir la longueur de son sac \u00e0 dos<\/strong><\/h2>\n<p>Except\u00e9 si le but est exclusivement esth\u00e9tique ou pour une utilisation occasionnelle, je choisis un sac \u00e0 dos bien ajust\u00e9 \u00e0 ma taille. \u00c9l\u00e9ment tr\u00e8s important, si on transporte tous les jours un sac \u00e0 dos lourd car cela permet de mieux r\u00e9partir et d&rsquo;\u00e9quilibrer le poids.<\/p>\n<p>Id\u00e9alement sa mesure doit correspondre \u00e0 la distance entre les \u00e9paules et le bas du dos. Selon le sac \u00e0 dos, il faudra donc faire attention \u00e0 la taille du mod\u00e8le ou s&rsquo;assurer que les bretelles sont r\u00e9glables.<\/p>\n<h2><strong>4. Attention \u00e0 la qualit\u00e9<\/strong><\/h2>\n<p>Bien que l&rsquo;esth\u00e9tique rentre en ligne de compte, je vois avant tout le c\u00f4t\u00e9 pratique et la solidit\u00e9 du sac \u00e0 dos. Je n&rsquo;ai pas envie qu&rsquo;il me l\u00e2che au milieu de la route.<\/p>\n<blockquote><p>Tout comme le volume du sac, l&rsquo;utilisation va d\u00e9terminer en partie le choix de la mati\u00e8re<\/p><\/blockquote>\n<p>Si j&rsquo;utilise quotidiennement le v\u00e9lo ou la moto, il sera important de pr\u00e9f\u00e9rer des mati\u00e8res solides et imperm\u00e9ables.<\/p>\n<p>Idem, pour transporter mon ordinateur portable, un sac plus rigide sera plus s\u00e9curisant. En plus de la mati\u00e8re, il est important de s&rsquo;assurer de la qualit\u00e9 des fermetures et des coutures.<\/p>\n<h2><strong>5. Des petits plus non n\u00e9gligeables<\/strong><\/h2>\n<p>En fonction des habitudes et du poids des objets, de nombreux plus peuvent faciliter le quotidien. Le <strong>port du sac \u00e0 dos<\/strong> sera facilit\u00e9 par des sangles de rappel de charges, de poitrine et une ceinture de hanche ou encore gr\u00e2ce \u00e0 un contact dorsal facilitant l&rsquo;\u00e9vacuation de la transpiration.<\/p>\n<p>Selon vos habitudes, il sera judicieux de choisir une fermeture zipp\u00e9e ou avec rabat, avec des poches ext\u00e9rieures et int\u00e9rieures. Le choix est vaste et l&rsquo;important est de <strong>choisir le sac \u00e0 dos<\/strong> qui nous correspond, en fonction de nos besoins et de nos envies.<\/p>\n\n\n<div class=\"kk-star-ratings kksr-auto kksr-align-left kksr-valign-bottom\"\n    data-payload='{&quot;align&quot;:&quot;left&quot;,&quot;id&quot;:&quot;382354&quot;,&quot;slug&quot;:&quot;default&quot;,&quot;valign&quot;:&quot;bottom&quot;,&quot;ignore&quot;:&quot;&quot;,&quot;reference&quot;:&quot;auto&quot;,&quot;class&quot;:&quot;&quot;,&quot;count&quot;:&quot;1&quot;,&quot;legendonly&quot;:&quot;&quot;,&quot;readonly&quot;:&quot;&quot;,&quot;score&quot;:&quot;5&quot;,&quot;starsonly&quot;:&quot;&quot;,&quot;best&quot;:&quot;5&quot;,&quot;gap&quot;:&quot;4&quot;,&quot;greet&quot;:&quot;Votez pour ce post&quot;,&quot;legend&quot;:&quot;5\\\/5 - (1 vote)&quot;,&quot;size&quot;:&quot;24&quot;,&quot;title&quot;:&quot;5 conseils pour choisir son sac \u00e0 dos pour une utilisation quotidienne&quot;,&quot;width&quot;:&quot;138&quot;,&quot;_legend&quot;:&quot;{score}\\\/{best} - ({count} {votes})&quot;,&quot;font_factor&quot;:&quot;1.25&quot;}'>\n            \n<div class=\"kksr-stars\">\n    \n<div class=\"kksr-stars-inactive\">\n            <div class=\"kksr-star\" data-star=\"1\" style=\"padding-right: 4px\">\n            \n\n<div class=\"kksr-icon\" style=\"width: 24px; height: 24px;\"><\/div>\n        <\/div>\n            <div class=\"kksr-star\" data-star=\"2\" style=\"padding-right: 4px\">\n            \n\n<div class=\"kksr-icon\" style=\"width: 24px; height: 24px;\"><\/div>\n        <\/div>\n            <div class=\"kksr-star\" data-star=\"3\" style=\"padding-right: 4px\">\n            \n\n<div class=\"kksr-icon\" style=\"width: 24px; height: 24px;\"><\/div>\n        <\/div>\n            <div class=\"kksr-star\" data-star=\"4\" style=\"padding-right: 4px\">\n            \n\n<div class=\"kksr-icon\" style=\"width: 24px; height: 24px;\"><\/div>\n        <\/div>\n            <div class=\"kksr-star\" data-star=\"5\" style=\"padding-right: 4px\">\n            \n\n<div class=\"kksr-icon\" style=\"width: 24px; height: 24px;\"><\/div>\n        <\/div>\n    <\/div>\n    \n<div class=\"kksr-stars-active\" style=\"width: 138px;\">\n            <div class=\"kksr-star\" style=\"padding-right: 4px\">\n            \n\n<div class=\"kksr-icon\" style=\"width: 24px; height: 24px;\"><\/div>\n        <\/div>\n            <div class=\"kksr-star\" style=\"padding-right: 4px\">\n            \n\n<div class=\"kksr-icon\" style=\"width: 24px; height: 24px;\"><\/div>\n        <\/div>\n            <div class=\"kksr-star\" style=\"padding-right: 4px\">\n            \n\n<div class=\"kksr-icon\" style=\"width: 24px; height: 24px;\"><\/div>\n        <\/div>\n            <div class=\"kksr-star\" style=\"padding-right: 4px\">\n            \n\n<div class=\"kksr-icon\" style=\"width: 24px; height: 24px;\"><\/div>\n        <\/div>\n            <div class=\"kksr-star\" style=\"padding-right: 4px\">\n            \n\n<div class=\"kksr-icon\" style=\"width: 24px; height: 24px;\"><\/div>\n        <\/div>\n    <\/div>\n<\/div>\n                \n\n<div class=\"kksr-legend\" style=\"font-size: 19.2px;\">\n            5\/5 - (1 vote)    <\/div>\n    <\/div>","protected":false},"excerpt":{"rendered":"<p>Mes conseils afin de choisir son sac \u00e0 dos en fonction de ses besoins et de ses habitudes quotidiennes.<\/p>","protected":false},"author":1,"featured_media":382356,"comment_status":"open","ping_status":"open","sticky":false,"template":"","format":"standard","meta":{"footnotes":""},"categories":[552,572],"tags":[878],"class_list":["post-382354","post","type-post","status-publish","format-standard","has-post-thumbnail","hentry","category-mode-homme","category-accessoires-mode","tag-sac-homme"],"yoast_head":"<!-- This site is optimized with the Yoast SEO Premium plugin v27.4 (Yoast SEO v27.4) - https:\/\/yoast.com\/product\/yoast-seo-premium-wordpress\/ -->\n<title>5 conseils pour choisir son sac \u00e0 dos pour une utilisation quotidienne<\/title>\n<meta name=\"description\" content=\"Ma liste de conseils afin de choisir son sac \u00e0 dos en fonction de ses besoins et de ses habitudes quotidiennes.\" \/>\n<meta name=\"robots\" content=\"index, follow, max-snippet:-1, max-image-preview:large, max-video-preview:-1\" \/>\n<link rel=\"canonical\" href=\"https:\/\/www.reead.com\/fr\/comment-choisir-sac-a-dos-3823542019\/\" \/>\n<meta property=\"og:locale\" content=\"fr_FR\" \/>\n<meta property=\"og:type\" content=\"article\" \/>\n<meta property=\"og:title\" content=\"5 conseils pour choisir son sac \u00e0 dos pour une utilisation quotidienne\" \/>\n<meta property=\"og:description\" content=\"Ma liste de conseils afin de choisir son sac \u00e0 dos en fonction de ses besoins et de ses habitudes quotidiennes.\" \/>\n<meta property=\"og:url\" content=\"https:\/\/www.reead.com\/fr\/comment-choisir-sac-a-dos-3823542019\/\" \/>\n<meta property=\"og:site_name\" content=\"Conseils Voyage, Mode Homme et Lifestyle\" \/>\n<meta property=\"article:publisher\" content=\"https:\/\/www.facebook.com\/welovereead\" \/>\n<meta property=\"article:author\" content=\"https:\/\/www.facebook.com\/welovereead\" \/>\n<meta property=\"article:published_time\" content=\"2019-07-26T18:51:57+00:00\" \/>\n<meta property=\"article:modified_time\" content=\"2024-06-14T18:45:50+00:00\" \/>\n<meta property=\"og:image\" content=\"https:\/\/www.reead.com\/fr\/wp-content\/uploads\/2019\/07\/sac-a-dos-cuir-noir-dior-homme.jpg\" \/>\n\t<meta property=\"og:image:width\" content=\"1000\" \/>\n\t<meta property=\"og:image:height\" content=\"756\" \/>\n\t<meta property=\"og:image:type\" content=\"image\/jpeg\" \/>\n<meta name=\"author\" content=\"Reead\" \/>\n<meta name=\"twitter:card\" content=\"summary_large_image\" \/>\n<meta name=\"twitter:creator\" content=\"@blogdereead\" \/>\n<meta name=\"twitter:site\" content=\"@blogdereead\" \/>\n<script type=\"application\/ld+json\" class=\"yoast-schema-graph\">{\"@context\":\"https:\\\/\\\/schema.org\",\"@graph\":[{\"@type\":\"Article\",\"@id\":\"https:\\\/\\\/www.reead.com\\\/fr\\\/comment-choisir-sac-a-dos-3823542019\\\/#article\",\"isPartOf\":{\"@id\":\"https:\\\/\\\/www.reead.com\\\/fr\\\/comment-choisir-sac-a-dos-3823542019\\\/\"},\"author\":{\"name\":\"Reead\",\"@id\":\"https:\\\/\\\/www.reead.com\\\/fr\\\/#\\\/schema\\\/person\\\/551a8a4b469ab53c0b48bcd3846fb3c6\"},\"headline\":\"5 conseils pour choisir son sac \u00e0 dos pour une utilisation quotidienne\",\"datePublished\":\"2019-07-26T18:51:57+00:00\",\"dateModified\":\"2024-06-14T18:45:50+00:00\",\"mainEntityOfPage\":{\"@id\":\"https:\\\/\\\/www.reead.com\\\/fr\\\/comment-choisir-sac-a-dos-3823542019\\\/\"},\"wordCount\":614,\"commentCount\":0,\"publisher\":{\"@id\":\"https:\\\/\\\/www.reead.com\\\/fr\\\/#\\\/schema\\\/person\\\/551a8a4b469ab53c0b48bcd3846fb3c6\"},\"image\":{\"@id\":\"https:\\\/\\\/www.reead.com\\\/fr\\\/comment-choisir-sac-a-dos-3823542019\\\/#primaryimage\"},\"thumbnailUrl\":\"https:\\\/\\\/www.reead.com\\\/fr\\\/wp-content\\\/uploads\\\/2019\\\/07\\\/sac-a-dos-cuir-noir-dior-homme.jpg\",\"keywords\":[\"Sac pour homme\"],\"articleSection\":[\"Conseils Mode homme\",\"Les accessoires mode pour homme\"],\"inLanguage\":\"fr-FR\",\"potentialAction\":[{\"@type\":\"CommentAction\",\"name\":\"Comment\",\"target\":[\"https:\\\/\\\/www.reead.com\\\/fr\\\/comment-choisir-sac-a-dos-3823542019\\\/#respond\"]}]},{\"@type\":\"WebPage\",\"@id\":\"https:\\\/\\\/www.reead.com\\\/fr\\\/comment-choisir-sac-a-dos-3823542019\\\/\",\"url\":\"https:\\\/\\\/www.reead.com\\\/fr\\\/comment-choisir-sac-a-dos-3823542019\\\/\",\"name\":\"5 conseils pour choisir son sac \u00e0 dos pour une utilisation quotidienne\",\"isPartOf\":{\"@id\":\"https:\\\/\\\/www.reead.com\\\/fr\\\/#website\"},\"primaryImageOfPage\":{\"@id\":\"https:\\\/\\\/www.reead.com\\\/fr\\\/comment-choisir-sac-a-dos-3823542019\\\/#primaryimage\"},\"image\":{\"@id\":\"https:\\\/\\\/www.reead.com\\\/fr\\\/comment-choisir-sac-a-dos-3823542019\\\/#primaryimage\"},\"thumbnailUrl\":\"https:\\\/\\\/www.reead.com\\\/fr\\\/wp-content\\\/uploads\\\/2019\\\/07\\\/sac-a-dos-cuir-noir-dior-homme.jpg\",\"datePublished\":\"2019-07-26T18:51:57+00:00\",\"dateModified\":\"2024-06-14T18:45:50+00:00\",\"description\":\"Ma liste de conseils afin de choisir son sac \u00e0 dos en fonction de ses besoins et de ses habitudes quotidiennes.\",\"breadcrumb\":{\"@id\":\"https:\\\/\\\/www.reead.com\\\/fr\\\/comment-choisir-sac-a-dos-3823542019\\\/#breadcrumb\"},\"inLanguage\":\"fr-FR\",\"potentialAction\":[{\"@type\":\"ReadAction\",\"target\":[\"https:\\\/\\\/www.reead.com\\\/fr\\\/comment-choisir-sac-a-dos-3823542019\\\/\"]}]},{\"@type\":\"ImageObject\",\"inLanguage\":\"fr-FR\",\"@id\":\"https:\\\/\\\/www.reead.com\\\/fr\\\/comment-choisir-sac-a-dos-3823542019\\\/#primaryimage\",\"url\":\"https:\\\/\\\/www.reead.com\\\/fr\\\/wp-content\\\/uploads\\\/2019\\\/07\\\/sac-a-dos-cuir-noir-dior-homme.jpg\",\"contentUrl\":\"https:\\\/\\\/www.reead.com\\\/fr\\\/wp-content\\\/uploads\\\/2019\\\/07\\\/sac-a-dos-cuir-noir-dior-homme.jpg\",\"width\":1000,\"height\":756,\"caption\":\"sac a dos cuir noir dior homme\"},{\"@type\":\"BreadcrumbList\",\"@id\":\"https:\\\/\\\/www.reead.com\\\/fr\\\/comment-choisir-sac-a-dos-3823542019\\\/#breadcrumb\",\"itemListElement\":[{\"@type\":\"ListItem\",\"position\":1,\"name\":\"Accueil\",\"item\":\"https:\\\/\\\/www.reead.com\\\/fr\\\/\"},{\"@type\":\"ListItem\",\"position\":2,\"name\":\"Conseils Mode homme\",\"item\":\"https:\\\/\\\/www.reead.com\\\/fr\\\/mode-homme\\\/\"},{\"@type\":\"ListItem\",\"position\":3,\"name\":\"Les accessoires mode pour homme\",\"item\":\"https:\\\/\\\/www.reead.com\\\/fr\\\/mode-homme\\\/accessoires-mode\\\/\"},{\"@type\":\"ListItem\",\"position\":4,\"name\":\"5 conseils pour choisir son sac \u00e0 dos pour une utilisation quotidienne\"}]},{\"@type\":\"WebSite\",\"@id\":\"https:\\\/\\\/www.reead.com\\\/fr\\\/#website\",\"url\":\"https:\\\/\\\/www.reead.com\\\/fr\\\/\",\"name\":\"Reead.com\",\"description\":\"Conseils Voyage, Mode Homme et Lifestyle\",\"publisher\":{\"@id\":\"https:\\\/\\\/www.reead.com\\\/fr\\\/#\\\/schema\\\/person\\\/551a8a4b469ab53c0b48bcd3846fb3c6\"},\"potentialAction\":[{\"@type\":\"SearchAction\",\"target\":{\"@type\":\"EntryPoint\",\"urlTemplate\":\"https:\\\/\\\/www.reead.com\\\/fr\\\/?s={search_term_string}\"},\"query-input\":{\"@type\":\"PropertyValueSpecification\",\"valueRequired\":true,\"valueName\":\"search_term_string\"}}],\"inLanguage\":\"fr-FR\"},{\"@type\":[\"Person\",\"Organization\"],\"@id\":\"https:\\\/\\\/www.reead.com\\\/fr\\\/#\\\/schema\\\/person\\\/551a8a4b469ab53c0b48bcd3846fb3c6\",\"name\":\"Reead\",\"image\":{\"@type\":\"ImageObject\",\"inLanguage\":\"fr-FR\",\"@id\":\"https:\\\/\\\/www.reead.com\\\/fr\\\/wp-content\\\/uploads\\\/2018\\\/12\\\/reead.jpg\",\"url\":\"https:\\\/\\\/www.reead.com\\\/fr\\\/wp-content\\\/uploads\\\/2018\\\/12\\\/reead.jpg\",\"contentUrl\":\"https:\\\/\\\/www.reead.com\\\/fr\\\/wp-content\\\/uploads\\\/2018\\\/12\\\/reead.jpg\",\"width\":900,\"height\":610,\"caption\":\"Reead\"},\"logo\":{\"@id\":\"https:\\\/\\\/www.reead.com\\\/fr\\\/wp-content\\\/uploads\\\/2018\\\/12\\\/reead.jpg\"},\"description\":\"Reead est un blogueur voyage fran\u00e7ais bas\u00e9 \u00e0 Las Vegas et le fondateur de Reead.com, un blog lanc\u00e9 en 2009 consacr\u00e9 aux voyages, aux miles et aux programmes de fid\u00e9lit\u00e9. Sp\u00e9cialis\u00e9 dans les cartes de cr\u00e9dit voyage, les miles et points, ainsi que les programmes comme Flying Blue, American Express Membership Rewards ou les alliances a\u00e9riennes, il partage des strat\u00e9gies concr\u00e8tes pour r\u00e9duire le co\u00fbt des voyages et optimiser les r\u00e9compenses des cartes de cr\u00e9dit. Install\u00e9 aux \u00c9tats-Unis, Reead publie \u00e9galement des guides pour visiter les USA, des analyses de programmes de fid\u00e9lit\u00e9 et des retours d\u2019exp\u00e9rience sur les compagnies a\u00e9riennes, h\u00f4tels et cartes premium. Depuis plus de 15 ans, ses articles aident les voyageurs \u00e0 comprendre les miles, accumuler des points plus rapidement et voyager dans de meilleures conditions pour moins cher. Survivant du cancer, il partage aussi une vision simple : profiter de la vie et explorer le monde intelligemment.\",\"sameAs\":[\"https:\\\/\\\/www.reead.com\\\/fr\\\/\",\"https:\\\/\\\/www.facebook.com\\\/welovereead\",\"https:\\\/\\\/www.instagram.com\\\/reead\\\/?hl=fr\",\"https:\\\/\\\/www.pinterest.com\\\/reead\\\/\",\"https:\\\/\\\/x.com\\\/blogdereead\",\"https:\\\/\\\/www.youtube.com\\\/reead\"],\"gender\":\"homme\",\"knowsAbout\":[\"Voyage\",\"miles et points\"],\"knowsLanguage\":[\"Anglais\",\"Fran\u00e7ais\"],\"publishingPrinciples\":\"https:\\\/\\\/www.reead.com\\\/fr\\\/politique-de-publication\\\/\"}]}<\/script>\n<!-- \/ Yoast SEO Premium plugin. -->","yoast_head_json":{"title":"5 conseils pour choisir son sac \u00e0 dos pour une utilisation quotidienne","description":"Ma liste de conseils afin de choisir son sac \u00e0 dos en fonction de ses besoins et de ses habitudes quotidiennes.","robots":{"index":"index","follow":"follow","max-snippet":"max-snippet:-1","max-image-preview":"max-image-preview:large","max-video-preview":"max-video-preview:-1"},"canonical":"https:\/\/www.reead.com\/fr\/comment-choisir-sac-a-dos-3823542019\/","og_locale":"fr_FR","og_type":"article","og_title":"5 conseils pour choisir son sac \u00e0 dos pour une utilisation quotidienne","og_description":"Ma liste de conseils afin de choisir son sac \u00e0 dos en fonction de ses besoins et de ses habitudes quotidiennes.","og_url":"https:\/\/www.reead.com\/fr\/comment-choisir-sac-a-dos-3823542019\/","og_site_name":"Conseils Voyage, Mode Homme et Lifestyle","article_publisher":"https:\/\/www.facebook.com\/welovereead","article_author":"https:\/\/www.facebook.com\/welovereead","article_published_time":"2019-07-26T18:51:57+00:00","article_modified_time":"2024-06-14T18:45:50+00:00","og_image":[{"width":1000,"height":756,"url":"https:\/\/www.reead.com\/fr\/wp-content\/uploads\/2019\/07\/sac-a-dos-cuir-noir-dior-homme.jpg","type":"image\/jpeg"}],"author":"Reead","twitter_card":"summary_large_image","twitter_creator":"@blogdereead","twitter_site":"@blogdereead","schema":{"@context":"https:\/\/schema.org","@graph":[{"@type":"Article","@id":"https:\/\/www.reead.com\/fr\/comment-choisir-sac-a-dos-3823542019\/#article","isPartOf":{"@id":"https:\/\/www.reead.com\/fr\/comment-choisir-sac-a-dos-3823542019\/"},"author":{"name":"Reead","@id":"https:\/\/www.reead.com\/fr\/#\/schema\/person\/551a8a4b469ab53c0b48bcd3846fb3c6"},"headline":"5 conseils pour choisir son sac \u00e0 dos pour une utilisation quotidienne","datePublished":"2019-07-26T18:51:57+00:00","dateModified":"2024-06-14T18:45:50+00:00","mainEntityOfPage":{"@id":"https:\/\/www.reead.com\/fr\/comment-choisir-sac-a-dos-3823542019\/"},"wordCount":614,"commentCount":0,"publisher":{"@id":"https:\/\/www.reead.com\/fr\/#\/schema\/person\/551a8a4b469ab53c0b48bcd3846fb3c6"},"image":{"@id":"https:\/\/www.reead.com\/fr\/comment-choisir-sac-a-dos-3823542019\/#primaryimage"},"thumbnailUrl":"https:\/\/www.reead.com\/fr\/wp-content\/uploads\/2019\/07\/sac-a-dos-cuir-noir-dior-homme.jpg","keywords":["Sac pour homme"],"articleSection":["Conseils Mode homme","Les accessoires mode pour homme"],"inLanguage":"fr-FR","potentialAction":[{"@type":"CommentAction","name":"Comment","target":["https:\/\/www.reead.com\/fr\/comment-choisir-sac-a-dos-3823542019\/#respond"]}]},{"@type":"WebPage","@id":"https:\/\/www.reead.com\/fr\/comment-choisir-sac-a-dos-3823542019\/","url":"https:\/\/www.reead.com\/fr\/comment-choisir-sac-a-dos-3823542019\/","name":"5 conseils pour choisir son sac \u00e0 dos pour une utilisation quotidienne","isPartOf":{"@id":"https:\/\/www.reead.com\/fr\/#website"},"primaryImageOfPage":{"@id":"https:\/\/www.reead.com\/fr\/comment-choisir-sac-a-dos-3823542019\/#primaryimage"},"image":{"@id":"https:\/\/www.reead.com\/fr\/comment-choisir-sac-a-dos-3823542019\/#primaryimage"},"thumbnailUrl":"https:\/\/www.reead.com\/fr\/wp-content\/uploads\/2019\/07\/sac-a-dos-cuir-noir-dior-homme.jpg","datePublished":"2019-07-26T18:51:57+00:00","dateModified":"2024-06-14T18:45:50+00:00","description":"Ma liste de conseils afin de choisir son sac \u00e0 dos en fonction de ses besoins et de ses habitudes quotidiennes.","breadcrumb":{"@id":"https:\/\/www.reead.com\/fr\/comment-choisir-sac-a-dos-3823542019\/#breadcrumb"},"inLanguage":"fr-FR","potentialAction":[{"@type":"ReadAction","target":["https:\/\/www.reead.com\/fr\/comment-choisir-sac-a-dos-3823542019\/"]}]},{"@type":"ImageObject","inLanguage":"fr-FR","@id":"https:\/\/www.reead.com\/fr\/comment-choisir-sac-a-dos-3823542019\/#primaryimage","url":"https:\/\/www.reead.com\/fr\/wp-content\/uploads\/2019\/07\/sac-a-dos-cuir-noir-dior-homme.jpg","contentUrl":"https:\/\/www.reead.com\/fr\/wp-content\/uploads\/2019\/07\/sac-a-dos-cuir-noir-dior-homme.jpg","width":1000,"height":756,"caption":"sac a dos cuir noir dior homme"},{"@type":"BreadcrumbList","@id":"https:\/\/www.reead.com\/fr\/comment-choisir-sac-a-dos-3823542019\/#breadcrumb","itemListElement":[{"@type":"ListItem","position":1,"name":"Accueil","item":"https:\/\/www.reead.com\/fr\/"},{"@type":"ListItem","position":2,"name":"Conseils Mode homme","item":"https:\/\/www.reead.com\/fr\/mode-homme\/"},{"@type":"ListItem","position":3,"name":"Les accessoires mode pour homme","item":"https:\/\/www.reead.com\/fr\/mode-homme\/accessoires-mode\/"},{"@type":"ListItem","position":4,"name":"5 conseils pour choisir son sac \u00e0 dos pour une utilisation quotidienne"}]},{"@type":"WebSite","@id":"https:\/\/www.reead.com\/fr\/#website","url":"https:\/\/www.reead.com\/fr\/","name":"Reead.com","description":"Conseils Voyage, Mode Homme et Lifestyle","publisher":{"@id":"https:\/\/www.reead.com\/fr\/#\/schema\/person\/551a8a4b469ab53c0b48bcd3846fb3c6"},"potentialAction":[{"@type":"SearchAction","target":{"@type":"EntryPoint","urlTemplate":"https:\/\/www.reead.com\/fr\/?s={search_term_string}"},"query-input":{"@type":"PropertyValueSpecification","valueRequired":true,"valueName":"search_term_string"}}],"inLanguage":"fr-FR"},{"@type":["Person","Organization"],"@id":"https:\/\/www.reead.com\/fr\/#\/schema\/person\/551a8a4b469ab53c0b48bcd3846fb3c6","name":"Reead","image":{"@type":"ImageObject","inLanguage":"fr-FR","@id":"https:\/\/www.reead.com\/fr\/wp-content\/uploads\/2018\/12\/reead.jpg","url":"https:\/\/www.reead.com\/fr\/wp-content\/uploads\/2018\/12\/reead.jpg","contentUrl":"https:\/\/www.reead.com\/fr\/wp-content\/uploads\/2018\/12\/reead.jpg","width":900,"height":610,"caption":"Reead"},"logo":{"@id":"https:\/\/www.reead.com\/fr\/wp-content\/uploads\/2018\/12\/reead.jpg"},"description":"Reead est un blogueur voyage fran\u00e7ais bas\u00e9 \u00e0 Las Vegas et le fondateur de Reead.com, un blog lanc\u00e9 en 2009 consacr\u00e9 aux voyages, aux miles et aux programmes de fid\u00e9lit\u00e9. Sp\u00e9cialis\u00e9 dans les cartes de cr\u00e9dit voyage, les miles et points, ainsi que les programmes comme Flying Blue, American Express Membership Rewards ou les alliances a\u00e9riennes, il partage des strat\u00e9gies concr\u00e8tes pour r\u00e9duire le co\u00fbt des voyages et optimiser les r\u00e9compenses des cartes de cr\u00e9dit. Install\u00e9 aux \u00c9tats-Unis, Reead publie \u00e9galement des guides pour visiter les USA, des analyses de programmes de fid\u00e9lit\u00e9 et des retours d\u2019exp\u00e9rience sur les compagnies a\u00e9riennes, h\u00f4tels et cartes premium. Depuis plus de 15 ans, ses articles aident les voyageurs \u00e0 comprendre les miles, accumuler des points plus rapidement et voyager dans de meilleures conditions pour moins cher. Survivant du cancer, il partage aussi une vision simple : profiter de la vie et explorer le monde intelligemment.","sameAs":["https:\/\/www.reead.com\/fr\/","https:\/\/www.facebook.com\/welovereead","https:\/\/www.instagram.com\/reead\/?hl=fr","https:\/\/www.pinterest.com\/reead\/","https:\/\/x.com\/blogdereead","https:\/\/www.youtube.com\/reead"],"gender":"homme","knowsAbout":["Voyage","miles et points"],"knowsLanguage":["Anglais","Fran\u00e7ais"],"publishingPrinciples":"https:\/\/www.reead.com\/fr\/politique-de-publication\/"}]}},"_links":{"self":[{"href":"https:\/\/www.reead.com\/fr\/wp-json\/wp\/v2\/posts\/382354","targetHints":{"allow":["GET"]}}],"collection":[{"href":"https:\/\/www.reead.com\/fr\/wp-json\/wp\/v2\/posts"}],"about":[{"href":"https:\/\/www.reead.com\/fr\/wp-json\/wp\/v2\/types\/post"}],"author":[{"embeddable":true,"href":"https:\/\/www.reead.com\/fr\/wp-json\/wp\/v2\/users\/1"}],"replies":[{"embeddable":true,"href":"https:\/\/www.reead.com\/fr\/wp-json\/wp\/v2\/comments?post=382354"}],"version-history":[{"count":0,"href":"https:\/\/www.reead.com\/fr\/wp-json\/wp\/v2\/posts\/382354\/revisions"}],"wp:featuredmedia":[{"embeddable":true,"href":"https:\/\/www.reead.com\/fr\/wp-json\/wp\/v2\/media\/382356"}],"wp:attachment":[{"href":"https:\/\/www.reead.com\/fr\/wp-json\/wp\/v2\/media?parent=382354"}],"wp:term":[{"taxonomy":"category","embeddable":true,"href":"https:\/\/www.reead.com\/fr\/wp-json\/wp\/v2\/categories?post=382354"},{"taxonomy":"post_tag","embeddable":true,"href":"https:\/\/www.reead.com\/fr\/wp-json\/wp\/v2\/tags?post=382354"}],"curies":[{"name":"wp","href":"https:\/\/api.w.org\/{rel}","templated":true}]}}