{"id":198466,"date":"2018-11-17T01:19:03","date_gmt":"2018-11-16T23:19:03","guid":{"rendered":"https:\/\/www.reead.com\/fr\/?p=198466"},"modified":"2020-10-29T19:03:51","modified_gmt":"2020-10-29T17:03:51","slug":"comment-shabiller-en-hiver-homme","status":"publish","type":"post","link":"https:\/\/www.reead.com\/fr\/comment-shabiller-en-hiver-homme-1984662018\/","title":{"rendered":"Comment s&rsquo;habiller avec style en hiver quand on est un homme ?"},"content":{"rendered":"<p><img loading=\"lazy\" decoding=\"async\" class=\"alignnone size-full wp-image-198471\" src=\"https:\/\/www.reead.com\/fr\/wp-content\/uploads\/2018\/11\/tim-muller.jpg\" alt=\"Tim Muller\" width=\"950\" height=\"633\" srcset=\"https:\/\/www.reead.com\/fr\/wp-content\/uploads\/2018\/11\/tim-muller.jpg 950w,  https:\/\/www.reead.com\/fr\/wp-content\/uploads\/2018\/11\/tim-muller-610x406.jpg 610w,  https:\/\/www.reead.com\/fr\/wp-content\/uploads\/2018\/11\/tim-muller-768x512.jpg 768w,  https:\/\/www.reead.com\/fr\/wp-content\/uploads\/2018\/11\/tim-muller-272x182.jpg 272w\" sizes=\"auto, (max-width: 950px) 100vw, 950px\" \/><\/p>\n<pre style=\"text-align: center;\">Mod\u00e8le : <a href=\"https:\/\/www.instagram.com\/timmmuller_\/\" target=\"_blank\" rel=\"nofollow noopener noreferrer\">Tim Muller<\/a><\/pre>\n<p class=\"p1\">M\u00eame pendant la saison d&rsquo;hiver, il est toujours important de savoir choisir comment s\u2019habiller avec style et surtout lorsque le froid s\u2019immisce il est grand temps de sortir vos v\u00eatements chauds de l&rsquo;armoire.<\/p>\n<p class=\"p1\">Voici quelques conseils pour rester tendance et\u00a0<strong>s&rsquo;habiller avec style en hiver quand on est un homme<\/strong> !<\/p>\n<h2 class=\"p1\">Adoptez la r\u00e8gle des trois couches<\/h2>\n<p class=\"p1\">Afin de rester au chaud, la premi\u00e8re chose \u00e0 savoir avant de choisir ses v\u00eatements est qu&rsquo;il existe une technique bien pr\u00e9cise pour rester au chaud efficacement. Il s&rsquo;agit de savoir superposer 3 couches d&rsquo;une fa\u00e7on bien pr\u00e9cise :<\/p>\n<ul class=\"ul1\">\n<li class=\"li1\">La coupe-vent, qui permet que le vent ou la pluie ne p\u00e9n\u00e8trent (manteau)<\/li>\n<li class=\"li1\">L&rsquo;isolante, qui isole la chaleur de votre corps (pull, chemise ou cardigan)<\/li>\n<li class=\"li1\">La base, qui garde au chaud et \u00e9vite que les mati\u00e8res de la partie isolante de soient en contact direct avec la peau (tee-shirt ou chemise) et on \u00e9vite le d\u00e9bardeur.<\/li>\n<\/ul>\n<p class=\"p1\">Cette r\u00e8gle suivie, vous n&rsquo;aurez plus jamais froid, il suffit ensuite de choisir les bonnes pi\u00e8ces.<\/p>\n<h3 class=\"p1\">Le pull, un must-have en hiver<\/h3>\n<p>La premi\u00e8re chose \u00e0 laquelle on doit penser c\u2019est bien s\u00fbr de ressortir ses pulls ou de s&rsquo;en procurer de nouveaux.<\/p>\n<p>Pour ce faire, que ce soit en laine ou en cachemire, il est important de miser sur la qualit\u00e9 : choisissez entre l\u2019alpaga, le m\u00e9rinos, le mohair ou l\u2019angora et pour affronter dignement et avec style le froid, optez pour un pull avec maille c\u00f4tel\u00e9e ou torsad\u00e9e.<\/p>\n<p><img loading=\"lazy\" decoding=\"async\" class=\"alignnone size-full wp-image-198469\" src=\"https:\/\/www.reead.com\/fr\/wp-content\/uploads\/2018\/11\/pull-dsquared-homme.jpg\" alt=\"DSQUARED2 Sweat-shirt\" width=\"900\" height=\"842\" srcset=\"https:\/\/www.reead.com\/fr\/wp-content\/uploads\/2018\/11\/pull-dsquared-homme.jpg 900w,  https:\/\/www.reead.com\/fr\/wp-content\/uploads\/2018\/11\/pull-dsquared-homme-490x458.jpg 490w,  https:\/\/www.reead.com\/fr\/wp-content\/uploads\/2018\/11\/pull-dsquared-homme-768x719.jpg 768w\" sizes=\"auto, (max-width: 900px) 100vw, 900px\" \/><\/p>\n<pre style=\"text-align: center;\">DSQUARED2 Sweat-shirt gris \u00e0 motif pour homme<\/pre>\n<p>Les pulls de couleur unie se marient plus facilement au reste des tenues \u00e0 mettre, mais on trouve \u00e9galement pour cette ann\u00e9e des pulls Dsquared color\u00e9s et tendances que l&rsquo;on peut associer facilement \u00e0 de bons basics. En effet, les produits propos\u00e9s par cette marque sont fabriqu\u00e9s \u00e0 partir de mat\u00e9riaux de tr\u00e8s bonne qualit\u00e9.<\/p>\n<p class=\"p1\">En alternative, le cardigan est \u00e9galement tendance, choisissez-le en grosses mailles et en couleur sobre par-dessus un tee-shirt ou une chemise ferm\u00e9e jusqu&rsquo;au col.<\/p>\n<h3 class=\"p1\">Le choix du manteau<\/h3>\n<p class=\"p1\">Il est d&rsquo;une importance capitale car il vous prot\u00e9gera du froid et des intemp\u00e9ries. Cette ann\u00e9e encore, le pardessus, le parka et la doudoune font l&rsquo;unanimit\u00e9 tant par leur utilit\u00e9 que par leur c\u00f4t\u00e9 styl\u00e9.<\/p>\n<p><img loading=\"lazy\" decoding=\"async\" class=\"alignnone size-full wp-image-198478\" src=\"https:\/\/www.reead.com\/fr\/wp-content\/uploads\/2018\/11\/Manteau-Homme-Camel-En-Laine-Et-Cachemire-paul-smith.jpg\" alt=\"Manteau Homme Camel En Laine Et Cachemire paul smith\" width=\"900\" height=\"1260\" srcset=\"https:\/\/www.reead.com\/fr\/wp-content\/uploads\/2018\/11\/Manteau-Homme-Camel-En-Laine-Et-Cachemire-paul-smith.jpg 900w,  https:\/\/www.reead.com\/fr\/wp-content\/uploads\/2018\/11\/Manteau-Homme-Camel-En-Laine-Et-Cachemire-paul-smith-327x458.jpg 327w,  https:\/\/www.reead.com\/fr\/wp-content\/uploads\/2018\/11\/Manteau-Homme-Camel-En-Laine-Et-Cachemire-paul-smith-768x1075.jpg 768w,  https:\/\/www.reead.com\/fr\/wp-content\/uploads\/2018\/11\/Manteau-Homme-Camel-En-Laine-Et-Cachemire-paul-smith-686x960.jpg 686w\" sizes=\"auto, (max-width: 900px) 100vw, 900px\" \/><\/p>\n<pre style=\"text-align: center;\">Manteau Homme Camel en laine et cachemire par <a class=\"wpil_keyword_link\" title=\"Paul Smith\" href=\"https:\/\/www.reead.com\/fr\/paul-smith\/\" target=\"_blank\" rel=\"noopener noreferrer\">Paul Smith<\/a><\/pre>\n<p class=\"p1\">Il est important encore une fois d&rsquo;insister sur le choix d&rsquo;une pi\u00e8ce de qualit\u00e9 et surtout qui durera plusieurs ann\u00e9es. Il est simple de diff\u00e9rencier des manteaux de bonne et de mauvaise qualit\u00e9 : le tomb\u00e9 sur les \u00e9paules doit \u00eatre impeccable et son \u00e9paisseur cons\u00e9quente.<\/p>\n<p class=\"p1\">Pour les doudounes par exemple, veillez \u00e0 ce que qu&rsquo;il soit confectionn\u00e9 avec de la plume et non de la \u00abmousse\u00bb, le <strong>pardessus est obligatoirement 100% laine<\/strong>, et tissu du parka imperm\u00e9able. Dans tous les cas, assurez-vous que la doublure soit parfaitement isolante.<\/p>\n<h3>Qu\u2019en est-il des chaussures\u2009?<\/h3>\n<p>Concernant les chaussures, cet hiver, on opte pour des mod\u00e8les montants, type Chelsea, motard ou rangers, des mod\u00e8les basiques et qui vont avec tout. N&rsquo;oubliez pas de <a href=\"https:\/\/www.reead.com\/fr\/cirer-chaussures-cuir-3925682019\/\" target=\"_blank\" rel=\"noopener noreferrer\"><strong>cirer correctement vos chaussures<\/strong><\/a> pour les garder le plus longtemps possible.<\/p>\n<p><img loading=\"lazy\" decoding=\"async\" class=\"alignnone size-full wp-image-198477\" src=\"https:\/\/www.reead.com\/fr\/wp-content\/uploads\/2018\/11\/chelsea-paul-smith-homme.jpg\" alt=\"Paul smith Bottines Chelsea Homme 'Joyce' Noires En Cuir\" width=\"900\" height=\"805\" srcset=\"https:\/\/www.reead.com\/fr\/wp-content\/uploads\/2018\/11\/chelsea-paul-smith-homme.jpg 900w,  https:\/\/www.reead.com\/fr\/wp-content\/uploads\/2018\/11\/chelsea-paul-smith-homme-512x458.jpg 512w,  https:\/\/www.reead.com\/fr\/wp-content\/uploads\/2018\/11\/chelsea-paul-smith-homme-768x687.jpg 768w\" sizes=\"auto, (max-width: 900px) 100vw, 900px\" \/><\/p>\n<pre style=\"text-align: center;\">Bottines Chelsea Homme 'Joyce' Noires En Cuir par Paul Smith<\/pre>\n<p>C&rsquo;est pourquoi poss\u00e9der l&rsquo;une de ces paires est primordial. Noir ou marron, la couleur doit \u00eatre sobre et assortie \u00e0 la ceinture si vous en portez. Bien s\u00fbr les <strong><a href=\"https:\/\/www.reead.com\/fr\/baskets-blanches-ete-590932018\" target=\"_blank\" rel=\"noopener noreferrer\">baskets blanches<\/a><\/strong> sont toujours de mise, choisissez-les en cuir \u00e9videmment car celles en toile sont trop l\u00e9g\u00e8res.<\/p>\n<p>Pour finir, pensez \u00e0 <a href=\"https:\/\/www.reead.com\/fr\/comment-choisir-echarpe-homme-4511072020\/\" target=\"_blank\" rel=\"noopener noreferrer\"><strong>choisir une \u00e9charpe<\/strong><\/a> \u00e9l\u00e9gante assorties aux couleurs que vous portez d\u00e9j\u00e0, et de pr\u00e9f\u00e9rence de taille longue pour pourvoir faire le tour de votre cou plusieurs fois.<\/p>\n\n\n<div class=\"kk-star-ratings kksr-auto kksr-align-left kksr-valign-bottom\"\n    data-payload='{&quot;align&quot;:&quot;left&quot;,&quot;id&quot;:&quot;198466&quot;,&quot;slug&quot;:&quot;default&quot;,&quot;valign&quot;:&quot;bottom&quot;,&quot;ignore&quot;:&quot;&quot;,&quot;reference&quot;:&quot;auto&quot;,&quot;class&quot;:&quot;&quot;,&quot;count&quot;:&quot;0&quot;,&quot;legendonly&quot;:&quot;&quot;,&quot;readonly&quot;:&quot;&quot;,&quot;score&quot;:&quot;0&quot;,&quot;starsonly&quot;:&quot;&quot;,&quot;best&quot;:&quot;5&quot;,&quot;gap&quot;:&quot;4&quot;,&quot;greet&quot;:&quot;Votez pour ce post&quot;,&quot;legend&quot;:&quot;0\\\/5 - (0 vote)&quot;,&quot;size&quot;:&quot;24&quot;,&quot;title&quot;:&quot;Comment s\\u0026#039;habiller avec style en hiver quand on est un homme ?&quot;,&quot;width&quot;:&quot;0&quot;,&quot;_legend&quot;:&quot;{score}\\\/{best} - ({count} {votes})&quot;,&quot;font_factor&quot;:&quot;1.25&quot;}'>\n            \n<div class=\"kksr-stars\">\n    \n<div class=\"kksr-stars-inactive\">\n            <div class=\"kksr-star\" data-star=\"1\" style=\"padding-right: 4px\">\n            \n\n<div class=\"kksr-icon\" style=\"width: 24px; height: 24px;\"><\/div>\n        <\/div>\n            <div class=\"kksr-star\" data-star=\"2\" style=\"padding-right: 4px\">\n            \n\n<div class=\"kksr-icon\" style=\"width: 24px; height: 24px;\"><\/div>\n        <\/div>\n            <div class=\"kksr-star\" data-star=\"3\" style=\"padding-right: 4px\">\n            \n\n<div class=\"kksr-icon\" style=\"width: 24px; height: 24px;\"><\/div>\n        <\/div>\n            <div class=\"kksr-star\" data-star=\"4\" style=\"padding-right: 4px\">\n            \n\n<div class=\"kksr-icon\" style=\"width: 24px; height: 24px;\"><\/div>\n        <\/div>\n            <div class=\"kksr-star\" data-star=\"5\" style=\"padding-right: 4px\">\n            \n\n<div class=\"kksr-icon\" style=\"width: 24px; height: 24px;\"><\/div>\n        <\/div>\n    <\/div>\n    \n<div class=\"kksr-stars-active\" style=\"width: 0px;\">\n            <div class=\"kksr-star\" style=\"padding-right: 4px\">\n            \n\n<div class=\"kksr-icon\" style=\"width: 24px; height: 24px;\"><\/div>\n        <\/div>\n            <div class=\"kksr-star\" style=\"padding-right: 4px\">\n            \n\n<div class=\"kksr-icon\" style=\"width: 24px; height: 24px;\"><\/div>\n        <\/div>\n            <div class=\"kksr-star\" style=\"padding-right: 4px\">\n            \n\n<div class=\"kksr-icon\" style=\"width: 24px; height: 24px;\"><\/div>\n        <\/div>\n            <div class=\"kksr-star\" style=\"padding-right: 4px\">\n            \n\n<div class=\"kksr-icon\" style=\"width: 24px; height: 24px;\"><\/div>\n        <\/div>\n            <div class=\"kksr-star\" style=\"padding-right: 4px\">\n            \n\n<div class=\"kksr-icon\" style=\"width: 24px; height: 24px;\"><\/div>\n        <\/div>\n    <\/div>\n<\/div>\n                \n\n<div class=\"kksr-legend\" style=\"font-size: 19.2px;\">\n            <span class=\"kksr-muted\">Votez pour ce post<\/span>\n    <\/div>\n    <\/div>","protected":false},"excerpt":{"rendered":"<p>S&rsquo;habiller avec style en hiver quand on est un homme demande de suivre quelques r\u00e8gles de bon go\u00fbt afin de rester \u00e9l\u00e9gant.<\/p>","protected":false},"author":1,"featured_media":198471,"comment_status":"open","ping_status":"open","sticky":false,"template":"","format":"standard","meta":{"footnotes":""},"categories":[552],"tags":[],"class_list":["post-198466","post","type-post","status-publish","format-standard","has-post-thumbnail","hentry","category-mode-homme"],"yoast_head":"<!-- This site is optimized with the Yoast SEO Premium plugin v27.4 (Yoast SEO v27.4) - https:\/\/yoast.com\/product\/yoast-seo-premium-wordpress\/ -->\n<title>Comment s&#039;habiller avec style en hiver quand on est un homme ?<\/title>\n<meta name=\"description\" content=\"S&#039;habiller avec style en hiver quand on est un homme demande de suivre quelques r\u00e8gles de bon go\u00fbt afin de rester \u00e9l\u00e9gant.\" \/>\n<meta name=\"robots\" content=\"index, follow, max-snippet:-1, max-image-preview:large, max-video-preview:-1\" \/>\n<link rel=\"canonical\" href=\"https:\/\/www.reead.com\/fr\/comment-shabiller-en-hiver-homme-1984662018\/\" \/>\n<meta property=\"og:locale\" content=\"fr_FR\" \/>\n<meta property=\"og:type\" content=\"article\" \/>\n<meta property=\"og:title\" content=\"Comment s&#039;habiller avec style en hiver quand on est un homme ?\" \/>\n<meta property=\"og:description\" content=\"S&#039;habiller avec style en hiver quand on est un homme demande de suivre quelques r\u00e8gles de bon go\u00fbt afin de rester \u00e9l\u00e9gant.\" \/>\n<meta property=\"og:url\" content=\"https:\/\/www.reead.com\/fr\/comment-shabiller-en-hiver-homme-1984662018\/\" \/>\n<meta property=\"og:site_name\" content=\"Conseils Voyage, Mode Homme et Lifestyle\" \/>\n<meta property=\"article:publisher\" content=\"https:\/\/www.facebook.com\/welovereead\" \/>\n<meta property=\"article:author\" content=\"https:\/\/www.facebook.com\/welovereead\" \/>\n<meta property=\"article:published_time\" content=\"2018-11-16T23:19:03+00:00\" \/>\n<meta property=\"article:modified_time\" content=\"2020-10-29T17:03:51+00:00\" \/>\n<meta property=\"og:image\" content=\"https:\/\/www.reead.com\/fr\/wp-content\/uploads\/2018\/11\/tim-muller.jpg\" \/>\n\t<meta property=\"og:image:width\" content=\"950\" \/>\n\t<meta property=\"og:image:height\" content=\"633\" \/>\n\t<meta property=\"og:image:type\" content=\"image\/jpeg\" \/>\n<meta name=\"author\" content=\"Reead\" \/>\n<meta name=\"twitter:card\" content=\"summary_large_image\" \/>\n<meta name=\"twitter:creator\" content=\"@blogdereead\" \/>\n<meta name=\"twitter:site\" content=\"@blogdereead\" \/>\n<script type=\"application\/ld+json\" class=\"yoast-schema-graph\">{\"@context\":\"https:\\\/\\\/schema.org\",\"@graph\":[{\"@type\":\"Article\",\"@id\":\"https:\\\/\\\/www.reead.com\\\/fr\\\/comment-shabiller-en-hiver-homme-1984662018\\\/#article\",\"isPartOf\":{\"@id\":\"https:\\\/\\\/www.reead.com\\\/fr\\\/comment-shabiller-en-hiver-homme-1984662018\\\/\"},\"author\":{\"name\":\"Reead\",\"@id\":\"https:\\\/\\\/www.reead.com\\\/fr\\\/#\\\/schema\\\/person\\\/551a8a4b469ab53c0b48bcd3846fb3c6\"},\"headline\":\"Comment s&rsquo;habiller avec style en hiver quand on est un homme ?\",\"datePublished\":\"2018-11-16T23:19:03+00:00\",\"dateModified\":\"2020-10-29T17:03:51+00:00\",\"mainEntityOfPage\":{\"@id\":\"https:\\\/\\\/www.reead.com\\\/fr\\\/comment-shabiller-en-hiver-homme-1984662018\\\/\"},\"wordCount\":637,\"commentCount\":0,\"publisher\":{\"@id\":\"https:\\\/\\\/www.reead.com\\\/fr\\\/#\\\/schema\\\/person\\\/551a8a4b469ab53c0b48bcd3846fb3c6\"},\"image\":{\"@id\":\"https:\\\/\\\/www.reead.com\\\/fr\\\/comment-shabiller-en-hiver-homme-1984662018\\\/#primaryimage\"},\"thumbnailUrl\":\"https:\\\/\\\/www.reead.com\\\/fr\\\/wp-content\\\/uploads\\\/2018\\\/11\\\/tim-muller.jpg\",\"articleSection\":[\"Conseils Mode homme\"],\"inLanguage\":\"fr-FR\",\"potentialAction\":[{\"@type\":\"CommentAction\",\"name\":\"Comment\",\"target\":[\"https:\\\/\\\/www.reead.com\\\/fr\\\/comment-shabiller-en-hiver-homme-1984662018\\\/#respond\"]}]},{\"@type\":\"WebPage\",\"@id\":\"https:\\\/\\\/www.reead.com\\\/fr\\\/comment-shabiller-en-hiver-homme-1984662018\\\/\",\"url\":\"https:\\\/\\\/www.reead.com\\\/fr\\\/comment-shabiller-en-hiver-homme-1984662018\\\/\",\"name\":\"Comment s'habiller avec style en hiver quand on est un homme ?\",\"isPartOf\":{\"@id\":\"https:\\\/\\\/www.reead.com\\\/fr\\\/#website\"},\"primaryImageOfPage\":{\"@id\":\"https:\\\/\\\/www.reead.com\\\/fr\\\/comment-shabiller-en-hiver-homme-1984662018\\\/#primaryimage\"},\"image\":{\"@id\":\"https:\\\/\\\/www.reead.com\\\/fr\\\/comment-shabiller-en-hiver-homme-1984662018\\\/#primaryimage\"},\"thumbnailUrl\":\"https:\\\/\\\/www.reead.com\\\/fr\\\/wp-content\\\/uploads\\\/2018\\\/11\\\/tim-muller.jpg\",\"datePublished\":\"2018-11-16T23:19:03+00:00\",\"dateModified\":\"2020-10-29T17:03:51+00:00\",\"description\":\"S'habiller avec style en hiver quand on est un homme demande de suivre quelques r\u00e8gles de bon go\u00fbt afin de rester \u00e9l\u00e9gant.\",\"breadcrumb\":{\"@id\":\"https:\\\/\\\/www.reead.com\\\/fr\\\/comment-shabiller-en-hiver-homme-1984662018\\\/#breadcrumb\"},\"inLanguage\":\"fr-FR\",\"potentialAction\":[{\"@type\":\"ReadAction\",\"target\":[\"https:\\\/\\\/www.reead.com\\\/fr\\\/comment-shabiller-en-hiver-homme-1984662018\\\/\"]}]},{\"@type\":\"ImageObject\",\"inLanguage\":\"fr-FR\",\"@id\":\"https:\\\/\\\/www.reead.com\\\/fr\\\/comment-shabiller-en-hiver-homme-1984662018\\\/#primaryimage\",\"url\":\"https:\\\/\\\/www.reead.com\\\/fr\\\/wp-content\\\/uploads\\\/2018\\\/11\\\/tim-muller.jpg\",\"contentUrl\":\"https:\\\/\\\/www.reead.com\\\/fr\\\/wp-content\\\/uploads\\\/2018\\\/11\\\/tim-muller.jpg\",\"width\":950,\"height\":633,\"caption\":\"Tim Muller\"},{\"@type\":\"BreadcrumbList\",\"@id\":\"https:\\\/\\\/www.reead.com\\\/fr\\\/comment-shabiller-en-hiver-homme-1984662018\\\/#breadcrumb\",\"itemListElement\":[{\"@type\":\"ListItem\",\"position\":1,\"name\":\"Accueil\",\"item\":\"https:\\\/\\\/www.reead.com\\\/fr\\\/\"},{\"@type\":\"ListItem\",\"position\":2,\"name\":\"Conseils Mode homme\",\"item\":\"https:\\\/\\\/www.reead.com\\\/fr\\\/mode-homme\\\/\"},{\"@type\":\"ListItem\",\"position\":3,\"name\":\"Comment s&rsquo;habiller avec style en hiver quand on est un homme ?\"}]},{\"@type\":\"WebSite\",\"@id\":\"https:\\\/\\\/www.reead.com\\\/fr\\\/#website\",\"url\":\"https:\\\/\\\/www.reead.com\\\/fr\\\/\",\"name\":\"Reead.com\",\"description\":\"Conseils Voyage, Mode Homme et Lifestyle\",\"publisher\":{\"@id\":\"https:\\\/\\\/www.reead.com\\\/fr\\\/#\\\/schema\\\/person\\\/551a8a4b469ab53c0b48bcd3846fb3c6\"},\"potentialAction\":[{\"@type\":\"SearchAction\",\"target\":{\"@type\":\"EntryPoint\",\"urlTemplate\":\"https:\\\/\\\/www.reead.com\\\/fr\\\/?s={search_term_string}\"},\"query-input\":{\"@type\":\"PropertyValueSpecification\",\"valueRequired\":true,\"valueName\":\"search_term_string\"}}],\"inLanguage\":\"fr-FR\"},{\"@type\":[\"Person\",\"Organization\"],\"@id\":\"https:\\\/\\\/www.reead.com\\\/fr\\\/#\\\/schema\\\/person\\\/551a8a4b469ab53c0b48bcd3846fb3c6\",\"name\":\"Reead\",\"image\":{\"@type\":\"ImageObject\",\"inLanguage\":\"fr-FR\",\"@id\":\"https:\\\/\\\/www.reead.com\\\/fr\\\/wp-content\\\/uploads\\\/2018\\\/12\\\/reead.jpg\",\"url\":\"https:\\\/\\\/www.reead.com\\\/fr\\\/wp-content\\\/uploads\\\/2018\\\/12\\\/reead.jpg\",\"contentUrl\":\"https:\\\/\\\/www.reead.com\\\/fr\\\/wp-content\\\/uploads\\\/2018\\\/12\\\/reead.jpg\",\"width\":900,\"height\":610,\"caption\":\"Reead\"},\"logo\":{\"@id\":\"https:\\\/\\\/www.reead.com\\\/fr\\\/wp-content\\\/uploads\\\/2018\\\/12\\\/reead.jpg\"},\"description\":\"Reead est un blogueur voyage fran\u00e7ais bas\u00e9 \u00e0 Las Vegas et le fondateur de Reead.com, un blog lanc\u00e9 en 2009 consacr\u00e9 aux voyages, aux miles et aux programmes de fid\u00e9lit\u00e9. Sp\u00e9cialis\u00e9 dans les cartes de cr\u00e9dit voyage, les miles et points, ainsi que les programmes comme Flying Blue, American Express Membership Rewards ou les alliances a\u00e9riennes, il partage des strat\u00e9gies concr\u00e8tes pour r\u00e9duire le co\u00fbt des voyages et optimiser les r\u00e9compenses des cartes de cr\u00e9dit. Install\u00e9 aux \u00c9tats-Unis, Reead publie \u00e9galement des guides pour visiter les USA, des analyses de programmes de fid\u00e9lit\u00e9 et des retours d\u2019exp\u00e9rience sur les compagnies a\u00e9riennes, h\u00f4tels et cartes premium. Depuis plus de 15 ans, ses articles aident les voyageurs \u00e0 comprendre les miles, accumuler des points plus rapidement et voyager dans de meilleures conditions pour moins cher. Survivant du cancer, il partage aussi une vision simple : profiter de la vie et explorer le monde intelligemment.\",\"sameAs\":[\"https:\\\/\\\/www.reead.com\\\/fr\\\/\",\"https:\\\/\\\/www.facebook.com\\\/welovereead\",\"https:\\\/\\\/www.instagram.com\\\/reead\\\/?hl=fr\",\"https:\\\/\\\/www.pinterest.com\\\/reead\\\/\",\"https:\\\/\\\/x.com\\\/blogdereead\",\"https:\\\/\\\/www.youtube.com\\\/reead\"],\"gender\":\"homme\",\"knowsAbout\":[\"Voyage\",\"miles et points\"],\"knowsLanguage\":[\"Anglais\",\"Fran\u00e7ais\"],\"publishingPrinciples\":\"https:\\\/\\\/www.reead.com\\\/fr\\\/politique-de-publication\\\/\"}]}<\/script>\n<!-- \/ Yoast SEO Premium plugin. -->","yoast_head_json":{"title":"Comment s'habiller avec style en hiver quand on est un homme ?","description":"S'habiller avec style en hiver quand on est un homme demande de suivre quelques r\u00e8gles de bon go\u00fbt afin de rester \u00e9l\u00e9gant.","robots":{"index":"index","follow":"follow","max-snippet":"max-snippet:-1","max-image-preview":"max-image-preview:large","max-video-preview":"max-video-preview:-1"},"canonical":"https:\/\/www.reead.com\/fr\/comment-shabiller-en-hiver-homme-1984662018\/","og_locale":"fr_FR","og_type":"article","og_title":"Comment s'habiller avec style en hiver quand on est un homme ?","og_description":"S'habiller avec style en hiver quand on est un homme demande de suivre quelques r\u00e8gles de bon go\u00fbt afin de rester \u00e9l\u00e9gant.","og_url":"https:\/\/www.reead.com\/fr\/comment-shabiller-en-hiver-homme-1984662018\/","og_site_name":"Conseils Voyage, Mode Homme et Lifestyle","article_publisher":"https:\/\/www.facebook.com\/welovereead","article_author":"https:\/\/www.facebook.com\/welovereead","article_published_time":"2018-11-16T23:19:03+00:00","article_modified_time":"2020-10-29T17:03:51+00:00","og_image":[{"width":950,"height":633,"url":"https:\/\/www.reead.com\/fr\/wp-content\/uploads\/2018\/11\/tim-muller.jpg","type":"image\/jpeg"}],"author":"Reead","twitter_card":"summary_large_image","twitter_creator":"@blogdereead","twitter_site":"@blogdereead","schema":{"@context":"https:\/\/schema.org","@graph":[{"@type":"Article","@id":"https:\/\/www.reead.com\/fr\/comment-shabiller-en-hiver-homme-1984662018\/#article","isPartOf":{"@id":"https:\/\/www.reead.com\/fr\/comment-shabiller-en-hiver-homme-1984662018\/"},"author":{"name":"Reead","@id":"https:\/\/www.reead.com\/fr\/#\/schema\/person\/551a8a4b469ab53c0b48bcd3846fb3c6"},"headline":"Comment s&rsquo;habiller avec style en hiver quand on est un homme ?","datePublished":"2018-11-16T23:19:03+00:00","dateModified":"2020-10-29T17:03:51+00:00","mainEntityOfPage":{"@id":"https:\/\/www.reead.com\/fr\/comment-shabiller-en-hiver-homme-1984662018\/"},"wordCount":637,"commentCount":0,"publisher":{"@id":"https:\/\/www.reead.com\/fr\/#\/schema\/person\/551a8a4b469ab53c0b48bcd3846fb3c6"},"image":{"@id":"https:\/\/www.reead.com\/fr\/comment-shabiller-en-hiver-homme-1984662018\/#primaryimage"},"thumbnailUrl":"https:\/\/www.reead.com\/fr\/wp-content\/uploads\/2018\/11\/tim-muller.jpg","articleSection":["Conseils Mode homme"],"inLanguage":"fr-FR","potentialAction":[{"@type":"CommentAction","name":"Comment","target":["https:\/\/www.reead.com\/fr\/comment-shabiller-en-hiver-homme-1984662018\/#respond"]}]},{"@type":"WebPage","@id":"https:\/\/www.reead.com\/fr\/comment-shabiller-en-hiver-homme-1984662018\/","url":"https:\/\/www.reead.com\/fr\/comment-shabiller-en-hiver-homme-1984662018\/","name":"Comment s'habiller avec style en hiver quand on est un homme ?","isPartOf":{"@id":"https:\/\/www.reead.com\/fr\/#website"},"primaryImageOfPage":{"@id":"https:\/\/www.reead.com\/fr\/comment-shabiller-en-hiver-homme-1984662018\/#primaryimage"},"image":{"@id":"https:\/\/www.reead.com\/fr\/comment-shabiller-en-hiver-homme-1984662018\/#primaryimage"},"thumbnailUrl":"https:\/\/www.reead.com\/fr\/wp-content\/uploads\/2018\/11\/tim-muller.jpg","datePublished":"2018-11-16T23:19:03+00:00","dateModified":"2020-10-29T17:03:51+00:00","description":"S'habiller avec style en hiver quand on est un homme demande de suivre quelques r\u00e8gles de bon go\u00fbt afin de rester \u00e9l\u00e9gant.","breadcrumb":{"@id":"https:\/\/www.reead.com\/fr\/comment-shabiller-en-hiver-homme-1984662018\/#breadcrumb"},"inLanguage":"fr-FR","potentialAction":[{"@type":"ReadAction","target":["https:\/\/www.reead.com\/fr\/comment-shabiller-en-hiver-homme-1984662018\/"]}]},{"@type":"ImageObject","inLanguage":"fr-FR","@id":"https:\/\/www.reead.com\/fr\/comment-shabiller-en-hiver-homme-1984662018\/#primaryimage","url":"https:\/\/www.reead.com\/fr\/wp-content\/uploads\/2018\/11\/tim-muller.jpg","contentUrl":"https:\/\/www.reead.com\/fr\/wp-content\/uploads\/2018\/11\/tim-muller.jpg","width":950,"height":633,"caption":"Tim Muller"},{"@type":"BreadcrumbList","@id":"https:\/\/www.reead.com\/fr\/comment-shabiller-en-hiver-homme-1984662018\/#breadcrumb","itemListElement":[{"@type":"ListItem","position":1,"name":"Accueil","item":"https:\/\/www.reead.com\/fr\/"},{"@type":"ListItem","position":2,"name":"Conseils Mode homme","item":"https:\/\/www.reead.com\/fr\/mode-homme\/"},{"@type":"ListItem","position":3,"name":"Comment s&rsquo;habiller avec style en hiver quand on est un homme ?"}]},{"@type":"WebSite","@id":"https:\/\/www.reead.com\/fr\/#website","url":"https:\/\/www.reead.com\/fr\/","name":"Reead.com","description":"Conseils Voyage, Mode Homme et Lifestyle","publisher":{"@id":"https:\/\/www.reead.com\/fr\/#\/schema\/person\/551a8a4b469ab53c0b48bcd3846fb3c6"},"potentialAction":[{"@type":"SearchAction","target":{"@type":"EntryPoint","urlTemplate":"https:\/\/www.reead.com\/fr\/?s={search_term_string}"},"query-input":{"@type":"PropertyValueSpecification","valueRequired":true,"valueName":"search_term_string"}}],"inLanguage":"fr-FR"},{"@type":["Person","Organization"],"@id":"https:\/\/www.reead.com\/fr\/#\/schema\/person\/551a8a4b469ab53c0b48bcd3846fb3c6","name":"Reead","image":{"@type":"ImageObject","inLanguage":"fr-FR","@id":"https:\/\/www.reead.com\/fr\/wp-content\/uploads\/2018\/12\/reead.jpg","url":"https:\/\/www.reead.com\/fr\/wp-content\/uploads\/2018\/12\/reead.jpg","contentUrl":"https:\/\/www.reead.com\/fr\/wp-content\/uploads\/2018\/12\/reead.jpg","width":900,"height":610,"caption":"Reead"},"logo":{"@id":"https:\/\/www.reead.com\/fr\/wp-content\/uploads\/2018\/12\/reead.jpg"},"description":"Reead est un blogueur voyage fran\u00e7ais bas\u00e9 \u00e0 Las Vegas et le fondateur de Reead.com, un blog lanc\u00e9 en 2009 consacr\u00e9 aux voyages, aux miles et aux programmes de fid\u00e9lit\u00e9. Sp\u00e9cialis\u00e9 dans les cartes de cr\u00e9dit voyage, les miles et points, ainsi que les programmes comme Flying Blue, American Express Membership Rewards ou les alliances a\u00e9riennes, il partage des strat\u00e9gies concr\u00e8tes pour r\u00e9duire le co\u00fbt des voyages et optimiser les r\u00e9compenses des cartes de cr\u00e9dit. Install\u00e9 aux \u00c9tats-Unis, Reead publie \u00e9galement des guides pour visiter les USA, des analyses de programmes de fid\u00e9lit\u00e9 et des retours d\u2019exp\u00e9rience sur les compagnies a\u00e9riennes, h\u00f4tels et cartes premium. Depuis plus de 15 ans, ses articles aident les voyageurs \u00e0 comprendre les miles, accumuler des points plus rapidement et voyager dans de meilleures conditions pour moins cher. Survivant du cancer, il partage aussi une vision simple : profiter de la vie et explorer le monde intelligemment.","sameAs":["https:\/\/www.reead.com\/fr\/","https:\/\/www.facebook.com\/welovereead","https:\/\/www.instagram.com\/reead\/?hl=fr","https:\/\/www.pinterest.com\/reead\/","https:\/\/x.com\/blogdereead","https:\/\/www.youtube.com\/reead"],"gender":"homme","knowsAbout":["Voyage","miles et points"],"knowsLanguage":["Anglais","Fran\u00e7ais"],"publishingPrinciples":"https:\/\/www.reead.com\/fr\/politique-de-publication\/"}]}},"_links":{"self":[{"href":"https:\/\/www.reead.com\/fr\/wp-json\/wp\/v2\/posts\/198466","targetHints":{"allow":["GET"]}}],"collection":[{"href":"https:\/\/www.reead.com\/fr\/wp-json\/wp\/v2\/posts"}],"about":[{"href":"https:\/\/www.reead.com\/fr\/wp-json\/wp\/v2\/types\/post"}],"author":[{"embeddable":true,"href":"https:\/\/www.reead.com\/fr\/wp-json\/wp\/v2\/users\/1"}],"replies":[{"embeddable":true,"href":"https:\/\/www.reead.com\/fr\/wp-json\/wp\/v2\/comments?post=198466"}],"version-history":[{"count":0,"href":"https:\/\/www.reead.com\/fr\/wp-json\/wp\/v2\/posts\/198466\/revisions"}],"wp:featuredmedia":[{"embeddable":true,"href":"https:\/\/www.reead.com\/fr\/wp-json\/wp\/v2\/media\/198471"}],"wp:attachment":[{"href":"https:\/\/www.reead.com\/fr\/wp-json\/wp\/v2\/media?parent=198466"}],"wp:term":[{"taxonomy":"category","embeddable":true,"href":"https:\/\/www.reead.com\/fr\/wp-json\/wp\/v2\/categories?post=198466"},{"taxonomy":"post_tag","embeddable":true,"href":"https:\/\/www.reead.com\/fr\/wp-json\/wp\/v2\/tags?post=198466"}],"curies":[{"name":"wp","href":"https:\/\/api.w.org\/{rel}","templated":true}]}}