{"id":11969,"date":"2017-11-15T16:53:07","date_gmt":"2017-11-15T14:53:07","guid":{"rendered":"http:\/\/www.reead.com\/fr\/?p=11969"},"modified":"2025-02-12T06:39:36","modified_gmt":"2025-02-12T04:39:36","slug":"preparer-son-sac-partir-weekend","status":"publish","type":"post","link":"https:\/\/www.reead.com\/fr\/preparer-son-sac-partir-weekend-119692017\/","title":{"rendered":"Comment bien pr\u00e9parer son sac pour partir en weekend ?"},"content":{"rendered":"<p>Ca y est, on part en weekend quelque part au soleil (ou pas)\u2026 Le jour J, ou la veille pour les plus organis\u00e9s, il est temps de se pr\u00e9parer et faire son sac !<\/p>\n<p><img loading=\"lazy\" decoding=\"async\" class=\"alignnone size-full wp-image-12802\" src=\"https:\/\/www.reead.com\/fr\/wp-content\/uploads\/2017\/10\/sac-weekend-rive-droite.jpg\" alt=\"sac weekend rive droite\" width=\"800\" height=\"533\" srcset=\"https:\/\/www.reead.com\/fr\/wp-content\/uploads\/2017\/10\/sac-weekend-rive-droite.jpg 800w,  https:\/\/www.reead.com\/fr\/wp-content\/uploads\/2017\/10\/sac-weekend-rive-droite-610x406.jpg 610w,  https:\/\/www.reead.com\/fr\/wp-content\/uploads\/2017\/10\/sac-weekend-rive-droite-768x512.jpg 768w,  https:\/\/www.reead.com\/fr\/wp-content\/uploads\/2017\/10\/sac-weekend-rive-droite-272x182.jpg 272w\" sizes=\"auto, (max-width: 800px) 100vw, 800px\" \/><\/p>\n<p>\u00c0 partir de cette \u00e9tape l\u00e0, \u00e7a peut vite devenir une gal\u00e8re ! Comment \u00eatre efficace ? Quoi prendre ?<\/p>\n<h2>Quel sac macsulin prendre ?<\/h2>\n<p>Mon conseil sera de prendre <strong>un sac \u00e0 dos standard<\/strong>, comme \u00e7a vous ne serez pas trop tent\u00e9 de trop en mettre dans votre sac. Rappelez-vous que vous ne partez qu\u2019un long weekend et pas 3 mois ! Donc on n\u2019emm\u00e8ne pas une tonne de choses et <strong>on reste l\u00e9ger<\/strong>. De plus, si vous prenez l&rsquo;avion, cela vous \u00e9vitera de mettre un bagage en soute et perdre du temps \u00e0 l&rsquo;arriv\u00e9e.<\/p>\n<p>Pour les plus fashions, prenez un beau et grand <a href=\"https:\/\/www.reead.com\/fr\/louis-vuitton-sac-de-weekend-keepall-damier-55-homme-106992016\/\" target=\"_blank\" rel=\"noopener noreferrer\">sac de weekend<\/a><strong>,<\/strong>\u00a0par exemple un sac de la marque fran\u00e7aise <a href=\"https:\/\/www.rivedroite-paris.com\/fr\/342-sacs-week-end\" target=\"_blank\" rel=\"noopener noreferrer\">Rive Droite<\/a>, pr\u00e9sent\u00e9 sur les photos d&rsquo;illustration de l&rsquo;article, qui vous permet de prendre uniquement l\u2019essentiel.<\/p>\n<p><img loading=\"lazy\" decoding=\"async\" class=\"alignnone size-full wp-image-12801\" src=\"https:\/\/www.reead.com\/fr\/wp-content\/uploads\/2017\/10\/sac-weekend-rive-droite-2.jpg\" alt=\"sac weekend rive droite\" width=\"800\" height=\"533\" srcset=\"https:\/\/www.reead.com\/fr\/wp-content\/uploads\/2017\/10\/sac-weekend-rive-droite-2.jpg 800w,  https:\/\/www.reead.com\/fr\/wp-content\/uploads\/2017\/10\/sac-weekend-rive-droite-2-610x406.jpg 610w,  https:\/\/www.reead.com\/fr\/wp-content\/uploads\/2017\/10\/sac-weekend-rive-droite-2-768x512.jpg 768w,  https:\/\/www.reead.com\/fr\/wp-content\/uploads\/2017\/10\/sac-weekend-rive-droite-2-272x182.jpg 272w\" sizes=\"auto, (max-width: 800px) 100vw, 800px\" \/><\/p>\n<h2>Quels v\u00eatements homme prendre quand on part un weekend ?<\/h2>\n<p>Voici selon moi la liste des choses \u00e0 absolument prendre pour un weekend de 2 \u00e0 3 jours :<\/p>\n<h3>Une chemise bariol\u00e9e<\/h3>\n<p>On en profite, la chemise \u00e0 manches courtes et aux imprim\u00e9s fleuris revient \u00e0 la mode. On peut la porter aussi bien \u00e0 la plage, qu\u2019en soir\u00e9e dans un bar. Un must-have de l&rsquo;\u00e9t\u00e9, pour se sentir d\u00e9tendu tout en restant styl\u00e9.<\/p>\n<h3>\u00ab La \u00bb chemise<\/h3>\n<p>Celle dans laquelle vous vous sentez bien et beau. Celle qui attirera tous les regards sur vous en soir\u00e9e. Elle peut \u00eatre un peu plus habill\u00e9e, parfaite pour un d\u00eener \u00e9l\u00e9gant ou un verre en terrasse.<\/p>\n<h3>Un polo \u00ab basic \u00bb<\/h3>\n<p>L\u2019incontournable que l\u2019on pourra porter avec son short de bain ou son chino pour un effet habill\u00e9 mais pas trop guind\u00e9. Un classique, mais avec un style ind\u00e9modable !<\/p>\n<h3>Un chino<\/h3>\n<p>On oublie le jean dans lequel on transpire comme un b\u0153uf. Le chino est le pantalon \u00e0 emporter. Il est agr\u00e9able \u00e0 porter donc parfait pour le trajet en avion. On peut le prendre un kaki ou dans un ton pastel.<\/p>\n<p>Se porte long, court (longeur 3\/4) ou en remontant sur les chevilles, \u00e0 vous de voir ! Un pantalon polyvalent qui vous permettra de jouer avec les styles sans perdre en confort.<\/p>\n<h3>2 paires de sous-v\u00eatements et chaussettes<\/h3>\n<p>Pas besoin d&rsquo;en rajouter, on part toujours avec quelques pi\u00e8ces de rechange pour \u00e9viter toute mauvaise surprise.<\/p>\n<h2>Quels objets emporter ?<\/h2>\n<h3>Une belle paire de lunettes de soleil<\/h3>\n<p>C\u2019est l\u2019accessoire de vacances sur lequel il faut tout miser ! Car elles seront en premi\u00e8re ligne de toutes vos nouvelles photos Instagram\u2026 On oublie les aviateurs qui ont fait leur temps.<\/p>\n<p>On tente une nouvelle forme, une nouvelle couleur, ou m\u00eame un style plus audacieux. Et si vous \u00eates perdu, ici je vous explique <a href=\"https:\/\/www.reead.com\/fr\/choisir-lunettes-homme-108112016\">comment choisir une paire de lunettes pour homme<\/a>.<\/p>\n<h3>Un petit livre ou sa Kindle<\/h3>\n<p>Si vous aimez les lectures l\u00e9g\u00e8res pendant vos moments de d\u00e9tente, emportez un livre qui vous accompagnera lors de vos pauses caf\u00e9 ou sur la plage.<\/p>\n<p>Si vous pr\u00e9f\u00e9rez la version num\u00e9rique, une Kindle peut \u00eatre une excellente alternative pour emmener toute votre biblioth\u00e8que sans prendre trop de place !<\/p>\n<h3>Ses \u00e9couteurs<\/h3>\n<p>Parce qu\u2019il y a toujours un moment o\u00f9 une bonne playlist peut transformer une balade ou un moment de d\u00e9tente en instant magique. Indispensable pour un week-end tranquille et zen.<\/p>\n<h3>Son chargeur de t\u00e9l\u00e9phone<\/h3>\n<p>Le chargeur, le roi des objets oubli\u00e9s. Assurez-vous de l\u2019emporter pour ne pas vous retrouver \u00e0 court de batterie pendant vos escapades !<\/p>\n<p>Vous pouvez aussi pr\u00e9voir une batterie externe si votre batterie de t\u00e9l\u00e9phone ne tient pas la route.<\/p>\n<h3>Une mini gourde<\/h3>\n<p>On reste \u00e9co-responsable et bien hydrat\u00e9 avec une petite <a class=\"wpil_keyword_link\" href=\"https:\/\/www.reead.com\/fr\/gourde-isotherme-brumate-avis-4623332023\/\"   title=\"gourde\" data-wpil-keyword-link=\"linked\"  data-wpil-monitor-id=\"477\">gourde<\/a> r\u00e9utilisable. Id\u00e9ale pour toutes vos excursions ou m\u00eame pendant un trajet en voiture. Un geste simple, mais qui fait toute la diff\u00e9rence.<\/p>\n<h3>Un tote bag<\/h3>\n<p>Pour transporter vos affaires du jour lors de vos escapades, le tote bag est un choix pratique, styl\u00e9 et \u00e9co-friendly. Vous pourrez y mettre tout ce dont vous avez besoin sans encombre.<\/p>\n<h3>Pour les hommes : une banane<\/h3>\n<p>Oubliez le sac \u00e0 dos encombrant et adoptez la banane ! Elle est ultra-pratique et vous laisse les mains libres. Un petit sac qui vous accompagnera partout, id\u00e9al pour les balades ou m\u00eame les sorties en soir\u00e9e. Et si vous avez des doutes, voici un guide pour bien choisir votre banane : <a href=\"https:\/\/www.reead.com\/fr\/choisir-sac-banane-homme-4001302020\/\">comment choisir un sac banane pour homme<\/a>.<\/p>\n<h2>Si vous irez \u00e0 la plage ou \u00e0 la piscine<\/h2>\n<h3>Un short de bain<\/h3>\n<p>Le c\u00f4t\u00e9 pratique, c\u2019est qu\u2019on peut le porter pour se baigner mais \u00e9galement pour se balader. Un gain de place et de temps. Pas besoin de se changer pour aller d\u00e9jeuner apr\u00e8s un plouf dans la piscine de l&rsquo;h\u00f4tel ou \u00e0 la plage. On appr\u00e9cie la simplicit\u00e9 !<\/p>\n<h3>Une serviette fine en micro-fibre<\/h3>\n<p>Elle s\u00e8che rapidement et prend peu de place dans votre sac. La microfibre est id\u00e9ale pour une escapade l\u00e9g\u00e8re et sans tracas. Un must pour les voyages pratiques !<\/p>\n<h3>Une paire de baskets \u00ab Slip-on \u00bb<\/h3>\n<p>Ce sont des petites <a class=\"wpil_keyword_link\" href=\"https:\/\/www.reead.com\/fr\/baskets-homme\/\"   title=\"baskets\" data-wpil-keyword-link=\"linked\"  data-wpil-monitor-id=\"478\">baskets<\/a> confortables sans lacets. Id\u00e9ales pour la sortie de plage, car vous n&rsquo;aurez pas \u00e0 gal\u00e9rer \u00e0 remettre vos lacets, mais aussi pour faire de longues balades. Ultra-pratiques et styl\u00e9es !<\/p>\n<h2>Pr\u00e9parer sa trousse de toilette du weekend<\/h2>\n<p>Et oui, on ne va pas prendre que des fringues, il faut aussi prendre soin de son visage et de son corps. Une petite trousse bien pens\u00e9e, et vous voil\u00e0 pr\u00eat pour affronter le weekend en toute s\u00e9r\u00e9nit\u00e9 !<\/p>\n<h3>De la cr\u00e8me solaire pour le corps et le visage<\/h3>\n<p>Incontournable pour \u00e9viter les coups de soleil et pr\u00e9server votre peau. On opte pour une protection adapt\u00e9e \u00e0 votre type de peau et \u00e0 l\u2019intensit\u00e9 du soleil.<\/p>\n<p>Pour rappel, si vous voulez rester beau pass\u00e9 50 ans, la cr\u00e8me solaire, c&rsquo;est tous les jours.<\/p>\n<h3>Un nettoyant visage<\/h3>\n<p>Parce qu&rsquo;apr\u00e8s une journ\u00e9e bien remplie, rien de tel qu\u2019un petit nettoyage de peau pour \u00e9liminer la sueur et les impuret\u00e9s. Vous aurez une peau fra\u00eeche et pr\u00eate \u00e0 briller pour le lendemain.<\/p>\n<h3>Une cr\u00e8me hydratante<\/h3>\n<p>Pour nourrir la peau en profondeur apr\u00e8s une exposition au soleil ou au vent. Un petit geste qui fait toute la diff\u00e9rence pour garder une peau douce et souple pendant tout le weekend.<\/p>\n<h3>Un petit savon au cas o\u00f9<\/h3>\n<p>Que ce soit pour une douche rapide ou un petit nettoyage en cours de journ\u00e9e, un savon solide ou liquide vous sera toujours utile. Compact et pratique, il trouve facilement sa place dans votre trousse.<\/p>\n<h3>Son parfum<\/h3>\n<p>Si votre flacon n&rsquo;est pas trop gros, emportez-le avec vous pour garder votre signature olfactive tous les jours et toutes les nuits.<\/p>\n<h3>Cire coiffante ou brosse si besoin<\/h3>\n<p>Pour garder une coiffure impeccable m\u00eame apr\u00e8s une journ\u00e9e bien active, n&rsquo;oubliez pas un peu de cire coiffante ou une brosse pour remettre en place votre style. Rien de mieux qu\u2019un petit coup de frais avant de sortir en soir\u00e9e !<\/p>\n<h3>Brosse \u00e0 dent et dentifrice<\/h3>\n<p>On a tendance \u00e0 l&rsquo;oublier avant de partir, donc je le liste quand m\u00eame :)<\/p>\n<blockquote class=\"wp-embedded-content\" data-secret=\"vZhohb4ZjX\"><p><a href=\"https:\/\/www.reead.com\/fr\/trousse-de-toilette-homme-quoi-prendre-weekend-soleil-mr-porter-a-reponse-121412017\/\">Trousse de toilette pour homme : quoi prendre un weekend au soleil ? Mr Porter a la r\u00e9ponse !<\/a><\/p><\/blockquote>\n<p><iframe loading=\"lazy\" class=\"wp-embedded-content\" sandbox=\"allow-scripts\" security=\"restricted\" style=\"position: absolute; clip: rect(1px, 1px, 1px, 1px);\" title=\"\u00ab\u00a0Trousse de toilette pour homme : quoi prendre un weekend au soleil ? Mr Porter a la r\u00e9ponse !\u00a0\u00bb &#8212; Blog lifestyle, voyage et mode homme par Reead\" src=\"https:\/\/www.reead.com\/fr\/trousse-de-toilette-homme-quoi-prendre-weekend-soleil-mr-porter-a-reponse-121412017\/embed\/#?secret=i6vLM6CQGJ#?secret=vZhohb4ZjX\" data-secret=\"vZhohb4ZjX\" width=\"600\" height=\"338\" frameborder=\"0\" marginwidth=\"0\" marginheight=\"0\" scrolling=\"no\"><\/iframe><\/p>\n<h2>Ce qu&rsquo;on laissera \u00e0 la maison<\/h2>\n<p>Le secret pour un weekend r\u00e9ussi, c\u2019est de voyager l\u00e9ger et de ne prendre que le n\u00e9cessaire. Profitez de la libert\u00e9 de ne pas \u00eatre encombr\u00e9 par des objets inutiles, et partez \u00e0 l\u2019aventure en toute s\u00e9r\u00e9nit\u00e9 !<\/p>\n<p>Afin d&rsquo;\u00e9viter de prendre beaucoup trop de choses et s&rsquo;encombrer, voici les choses \u00e0 ne pas prendre avec soi en weekend.<\/p>\n<h3>Des tenues \u00ab\u00a0au cas o\u00f9\u00a0\u00bb<\/h3>\n<p>\u00c9vitez de partir avec trop de v\u00eatements \u00ab juste au cas o\u00f9 \u00bb. On parle ici de pi\u00e8ces qui ne correspondent pas \u00e0 votre style habituel ou de v\u00eatements que vous portez rarement. Limitez-vous \u00e0 l\u2019essentiel et \u00e0 ce qui vous fait vraiment plaisir \u00e0 porter sur place.<\/p>\n<h3>Des gadgets \u00e9lectroniques inutiles<\/h3>\n<p>Ce n\u2019est pas le moment d\u2019embarquer toute votre collection de gadgets. L\u2019objectif ici est de vous d\u00e9tendre, pas de vous encombrer de c\u00e2bles et de piles. Limitez-vous \u00e0 l\u2019essentiel : votre t\u00e9l\u00e9phone, des \u00e9couteurs et peut-\u00eatre une tablette. Laissez les autres appareils \u00e0 la maison.<\/p>\n<h3>Des livres trop volumineux<\/h3>\n<p>Si vous aimez lire, une petite liseuse ou un livre de poche suffira. Ne vous surchargez pas avec des romans de 500 pages, sauf si vous avez pr\u00e9vu de rester dans votre chambre toute la journ\u00e9e !<\/p>\n<h3>Coupe-ongles<\/h3>\n<p>Pas besoin d\u2019emporter un coupe-ongles ! Un petit passage par la case manucure avant le d\u00e9part et vous \u00eates tranquille. En 48h, vos ongles ne vont pas repousser, alors \u00e9vitez de vous encombrer inutilement.<\/p>\n<h3>Rasoir ou tondeuse \u00e0 barbe<\/h3>\n<p>Si vous voulez garder une barbe bien taill\u00e9e, un petit passage par la <a href=\"https:\/\/www.reead.com\/fr\/comment-choisir-tondeuse-cheveux-corps-4617302023\/\">tondeuse<\/a> avant le d\u00e9part suffira. Pas besoin d\u2019emporter la tondeuse avec vous pour le weekend. Vous pourrez vous reposer sans avoir \u00e0 vous soucier de l\u2019entretien de votre pilosit\u00e9 faciale pendant ces 2 \u00e0 3 jours !<\/p>\n<h3>Des produits de beaut\u00e9 encombrants<\/h3>\n<p>Inutile d&#8217;embarquer toute votre collection de cr\u00e8mes et de maquillage. Limitez-vous aux produits essentiels, comme une cr\u00e8me hydratante, une bonne protection solaire et un savon. Vous serez plus l\u00e9ger et mieux organis\u00e9 pour profiter de votre escapade.<\/p>\n<h3>Des sacs suppl\u00e9mentaires<\/h3>\n<p>\u00c9vitez de partir avec des sacs trop nombreux. Un seul sac de voyage, un tote bag pour les petites sorties et, si n\u00e9cessaire, une banane ou un petit sac \u00e0 dos suffiront amplement pour un weekend. Inutile de se retrouver \u00e0 trimballer une valise g\u00e9ante pour quelques jours !<\/p>\n<h3>Des documents inutiles<\/h3>\n<p>Pas la peine de partir avec tous vos papiers administratifs, vos cartes de fid\u00e9lit\u00e9 ou des documents de travail. Un petit porte-cartes avec votre carte d&rsquo;identit\u00e9, votre carte bancaire et un billet ou une r\u00e9servation d&rsquo;h\u00f4tel suffisent largement. Gardez les autres documents \u00e0 la maison, pour ne pas vous alourdir.<\/p>\n<h3>Des chaussures trop formelles<\/h3>\n<p>Laissez vos chaussures de ville et autres mod\u00e8les inconfortables \u00e0 la maison. Optez pour des chaussures confortables et polyvalentes, comme des baskets, des espadrilles ou des sandales, qui s\u2019adaptent \u00e0 toutes les situations sans vous faire souffrir.<\/p>\n<h3>Un parapluie<\/h3>\n<p>Si la m\u00e9t\u00e9o pr\u00e9voit un peu de pluie, un petit coupe-vent ou un poncho suffira. Pas besoin de prendre un gros parapluie encombrant, surtout si vous partez pour une escapade o\u00f9 la pluie n\u2019est pas vraiment au programme.<\/p>\n\n\n<div class=\"kk-star-ratings kksr-auto kksr-align-left kksr-valign-bottom\"\n    data-payload='{&quot;align&quot;:&quot;left&quot;,&quot;id&quot;:&quot;11969&quot;,&quot;slug&quot;:&quot;default&quot;,&quot;valign&quot;:&quot;bottom&quot;,&quot;ignore&quot;:&quot;&quot;,&quot;reference&quot;:&quot;auto&quot;,&quot;class&quot;:&quot;&quot;,&quot;count&quot;:&quot;3&quot;,&quot;legendonly&quot;:&quot;&quot;,&quot;readonly&quot;:&quot;&quot;,&quot;score&quot;:&quot;5&quot;,&quot;starsonly&quot;:&quot;&quot;,&quot;best&quot;:&quot;5&quot;,&quot;gap&quot;:&quot;4&quot;,&quot;greet&quot;:&quot;Votez pour ce post&quot;,&quot;legend&quot;:&quot;5\\\/5 - (3 votes)&quot;,&quot;size&quot;:&quot;24&quot;,&quot;title&quot;:&quot;Comment bien pr\u00e9parer son sac pour partir en weekend ?&quot;,&quot;width&quot;:&quot;138&quot;,&quot;_legend&quot;:&quot;{score}\\\/{best} - ({count} {votes})&quot;,&quot;font_factor&quot;:&quot;1.25&quot;}'>\n            \n<div class=\"kksr-stars\">\n    \n<div class=\"kksr-stars-inactive\">\n            <div class=\"kksr-star\" data-star=\"1\" style=\"padding-right: 4px\">\n            \n\n<div class=\"kksr-icon\" style=\"width: 24px; height: 24px;\"><\/div>\n        <\/div>\n            <div class=\"kksr-star\" data-star=\"2\" style=\"padding-right: 4px\">\n            \n\n<div class=\"kksr-icon\" style=\"width: 24px; height: 24px;\"><\/div>\n        <\/div>\n            <div class=\"kksr-star\" data-star=\"3\" style=\"padding-right: 4px\">\n            \n\n<div class=\"kksr-icon\" style=\"width: 24px; height: 24px;\"><\/div>\n        <\/div>\n            <div class=\"kksr-star\" data-star=\"4\" style=\"padding-right: 4px\">\n            \n\n<div class=\"kksr-icon\" style=\"width: 24px; height: 24px;\"><\/div>\n        <\/div>\n            <div class=\"kksr-star\" data-star=\"5\" style=\"padding-right: 4px\">\n            \n\n<div class=\"kksr-icon\" style=\"width: 24px; height: 24px;\"><\/div>\n        <\/div>\n    <\/div>\n    \n<div class=\"kksr-stars-active\" style=\"width: 138px;\">\n            <div class=\"kksr-star\" style=\"padding-right: 4px\">\n            \n\n<div class=\"kksr-icon\" style=\"width: 24px; height: 24px;\"><\/div>\n        <\/div>\n            <div class=\"kksr-star\" style=\"padding-right: 4px\">\n            \n\n<div class=\"kksr-icon\" style=\"width: 24px; height: 24px;\"><\/div>\n        <\/div>\n            <div class=\"kksr-star\" style=\"padding-right: 4px\">\n            \n\n<div class=\"kksr-icon\" style=\"width: 24px; height: 24px;\"><\/div>\n        <\/div>\n            <div class=\"kksr-star\" style=\"padding-right: 4px\">\n            \n\n<div class=\"kksr-icon\" style=\"width: 24px; height: 24px;\"><\/div>\n        <\/div>\n            <div class=\"kksr-star\" style=\"padding-right: 4px\">\n            \n\n<div class=\"kksr-icon\" style=\"width: 24px; height: 24px;\"><\/div>\n        <\/div>\n    <\/div>\n<\/div>\n                \n\n<div class=\"kksr-legend\" style=\"font-size: 19.2px;\">\n            5\/5 - (3 votes)    <\/div>\n    <\/div>","protected":false},"excerpt":{"rendered":"<p>Cela fait du bien de partir 2 \u00e0 3 jours, pour vous aider \u00e0 partir l\u00e9ger, voici mes conseils pour pr\u00e9parer son sac pour partir en weekend.<\/p>","protected":false},"author":1,"featured_media":12802,"comment_status":"open","ping_status":"open","sticky":false,"template":"","format":"standard","meta":{"footnotes":""},"categories":[11021,541],"tags":[1805],"class_list":["post-11969","post","type-post","status-publish","format-standard","has-post-thumbnail","hentry","category-conseils-voyage","category-voyage","tag-sac-de-weekend"],"yoast_head":"<!-- This site is optimized with the Yoast SEO Premium plugin v27.4 (Yoast SEO v27.4) - https:\/\/yoast.com\/product\/yoast-seo-premium-wordpress\/ -->\n<title>Comment bien pr\u00e9parer son sac pour partir en weekend ?<\/title>\n<meta name=\"description\" content=\"Cela fait du bien de partir 2 \u00e0 3 jours, pour vous aider \u00e0 partir l\u00e9ger, voici mes conseils pour pr\u00e9parer son sac pour partir en weekend.\" \/>\n<meta name=\"robots\" content=\"index, follow, max-snippet:-1, max-image-preview:large, max-video-preview:-1\" \/>\n<link rel=\"canonical\" href=\"https:\/\/www.reead.com\/fr\/preparer-son-sac-partir-weekend-119692017\/\" \/>\n<meta property=\"og:locale\" content=\"fr_FR\" \/>\n<meta property=\"og:type\" content=\"article\" \/>\n<meta property=\"og:title\" content=\"Comment bien pr\u00e9parer son sac pour partir en weekend ?\" \/>\n<meta property=\"og:description\" content=\"Cela fait du bien de partir 2 \u00e0 3 jours, pour vous aider \u00e0 partir l\u00e9ger, voici mes conseils pour pr\u00e9parer son sac pour partir en weekend.\" \/>\n<meta property=\"og:url\" content=\"https:\/\/www.reead.com\/fr\/preparer-son-sac-partir-weekend-119692017\/\" \/>\n<meta property=\"og:site_name\" content=\"Conseils Voyage, Mode Homme et Lifestyle\" \/>\n<meta property=\"article:publisher\" content=\"https:\/\/www.facebook.com\/welovereead\" \/>\n<meta property=\"article:author\" content=\"https:\/\/www.facebook.com\/welovereead\" \/>\n<meta property=\"article:published_time\" content=\"2017-11-15T14:53:07+00:00\" \/>\n<meta property=\"article:modified_time\" content=\"2025-02-12T04:39:36+00:00\" \/>\n<meta property=\"og:image\" content=\"https:\/\/www.reead.com\/fr\/wp-content\/uploads\/2017\/10\/sac-weekend-rive-droite.jpg\" \/>\n\t<meta property=\"og:image:width\" content=\"800\" \/>\n\t<meta property=\"og:image:height\" content=\"533\" \/>\n\t<meta property=\"og:image:type\" content=\"image\/jpeg\" \/>\n<meta name=\"author\" content=\"Reead\" \/>\n<meta name=\"twitter:card\" content=\"summary_large_image\" \/>\n<meta name=\"twitter:creator\" content=\"@blogdereead\" \/>\n<meta name=\"twitter:site\" content=\"@blogdereead\" \/>\n<script type=\"application\/ld+json\" class=\"yoast-schema-graph\">{\"@context\":\"https:\\\/\\\/schema.org\",\"@graph\":[{\"@type\":\"Article\",\"@id\":\"https:\\\/\\\/www.reead.com\\\/fr\\\/preparer-son-sac-partir-weekend-119692017\\\/#article\",\"isPartOf\":{\"@id\":\"https:\\\/\\\/www.reead.com\\\/fr\\\/preparer-son-sac-partir-weekend-119692017\\\/\"},\"author\":{\"name\":\"Reead\",\"@id\":\"https:\\\/\\\/www.reead.com\\\/fr\\\/#\\\/schema\\\/person\\\/551a8a4b469ab53c0b48bcd3846fb3c6\"},\"headline\":\"Comment bien pr\u00e9parer son sac pour partir en weekend ?\",\"datePublished\":\"2017-11-15T14:53:07+00:00\",\"dateModified\":\"2025-02-12T04:39:36+00:00\",\"mainEntityOfPage\":{\"@id\":\"https:\\\/\\\/www.reead.com\\\/fr\\\/preparer-son-sac-partir-weekend-119692017\\\/\"},\"wordCount\":1808,\"commentCount\":0,\"publisher\":{\"@id\":\"https:\\\/\\\/www.reead.com\\\/fr\\\/#\\\/schema\\\/person\\\/551a8a4b469ab53c0b48bcd3846fb3c6\"},\"image\":{\"@id\":\"https:\\\/\\\/www.reead.com\\\/fr\\\/preparer-son-sac-partir-weekend-119692017\\\/#primaryimage\"},\"thumbnailUrl\":\"https:\\\/\\\/www.reead.com\\\/fr\\\/wp-content\\\/uploads\\\/2017\\\/10\\\/sac-weekend-rive-droite.jpg\",\"keywords\":[\"Sac de weekend\"],\"articleSection\":[\"Conseils Voyage\",\"Voyage\"],\"inLanguage\":\"fr-FR\",\"potentialAction\":[{\"@type\":\"CommentAction\",\"name\":\"Comment\",\"target\":[\"https:\\\/\\\/www.reead.com\\\/fr\\\/preparer-son-sac-partir-weekend-119692017\\\/#respond\"]}]},{\"@type\":\"WebPage\",\"@id\":\"https:\\\/\\\/www.reead.com\\\/fr\\\/preparer-son-sac-partir-weekend-119692017\\\/\",\"url\":\"https:\\\/\\\/www.reead.com\\\/fr\\\/preparer-son-sac-partir-weekend-119692017\\\/\",\"name\":\"Comment bien pr\u00e9parer son sac pour partir en weekend ?\",\"isPartOf\":{\"@id\":\"https:\\\/\\\/www.reead.com\\\/fr\\\/#website\"},\"primaryImageOfPage\":{\"@id\":\"https:\\\/\\\/www.reead.com\\\/fr\\\/preparer-son-sac-partir-weekend-119692017\\\/#primaryimage\"},\"image\":{\"@id\":\"https:\\\/\\\/www.reead.com\\\/fr\\\/preparer-son-sac-partir-weekend-119692017\\\/#primaryimage\"},\"thumbnailUrl\":\"https:\\\/\\\/www.reead.com\\\/fr\\\/wp-content\\\/uploads\\\/2017\\\/10\\\/sac-weekend-rive-droite.jpg\",\"datePublished\":\"2017-11-15T14:53:07+00:00\",\"dateModified\":\"2025-02-12T04:39:36+00:00\",\"description\":\"Cela fait du bien de partir 2 \u00e0 3 jours, pour vous aider \u00e0 partir l\u00e9ger, voici mes conseils pour pr\u00e9parer son sac pour partir en weekend.\",\"breadcrumb\":{\"@id\":\"https:\\\/\\\/www.reead.com\\\/fr\\\/preparer-son-sac-partir-weekend-119692017\\\/#breadcrumb\"},\"inLanguage\":\"fr-FR\",\"potentialAction\":[{\"@type\":\"ReadAction\",\"target\":[\"https:\\\/\\\/www.reead.com\\\/fr\\\/preparer-son-sac-partir-weekend-119692017\\\/\"]}]},{\"@type\":\"ImageObject\",\"inLanguage\":\"fr-FR\",\"@id\":\"https:\\\/\\\/www.reead.com\\\/fr\\\/preparer-son-sac-partir-weekend-119692017\\\/#primaryimage\",\"url\":\"https:\\\/\\\/www.reead.com\\\/fr\\\/wp-content\\\/uploads\\\/2017\\\/10\\\/sac-weekend-rive-droite.jpg\",\"contentUrl\":\"https:\\\/\\\/www.reead.com\\\/fr\\\/wp-content\\\/uploads\\\/2017\\\/10\\\/sac-weekend-rive-droite.jpg\",\"width\":800,\"height\":533,\"caption\":\"sac weekend rive droite\"},{\"@type\":\"BreadcrumbList\",\"@id\":\"https:\\\/\\\/www.reead.com\\\/fr\\\/preparer-son-sac-partir-weekend-119692017\\\/#breadcrumb\",\"itemListElement\":[{\"@type\":\"ListItem\",\"position\":1,\"name\":\"Accueil\",\"item\":\"https:\\\/\\\/www.reead.com\\\/fr\\\/\"},{\"@type\":\"ListItem\",\"position\":2,\"name\":\"Voyage\",\"item\":\"https:\\\/\\\/www.reead.com\\\/fr\\\/voyage\\\/\"},{\"@type\":\"ListItem\",\"position\":3,\"name\":\"Conseils Voyage\",\"item\":\"https:\\\/\\\/www.reead.com\\\/fr\\\/voyage\\\/conseils-voyage\\\/\"},{\"@type\":\"ListItem\",\"position\":4,\"name\":\"Comment bien pr\u00e9parer son sac pour partir en weekend ?\"}]},{\"@type\":\"WebSite\",\"@id\":\"https:\\\/\\\/www.reead.com\\\/fr\\\/#website\",\"url\":\"https:\\\/\\\/www.reead.com\\\/fr\\\/\",\"name\":\"Reead.com\",\"description\":\"Conseils Voyage, Mode Homme et Lifestyle\",\"publisher\":{\"@id\":\"https:\\\/\\\/www.reead.com\\\/fr\\\/#\\\/schema\\\/person\\\/551a8a4b469ab53c0b48bcd3846fb3c6\"},\"potentialAction\":[{\"@type\":\"SearchAction\",\"target\":{\"@type\":\"EntryPoint\",\"urlTemplate\":\"https:\\\/\\\/www.reead.com\\\/fr\\\/?s={search_term_string}\"},\"query-input\":{\"@type\":\"PropertyValueSpecification\",\"valueRequired\":true,\"valueName\":\"search_term_string\"}}],\"inLanguage\":\"fr-FR\"},{\"@type\":[\"Person\",\"Organization\"],\"@id\":\"https:\\\/\\\/www.reead.com\\\/fr\\\/#\\\/schema\\\/person\\\/551a8a4b469ab53c0b48bcd3846fb3c6\",\"name\":\"Reead\",\"image\":{\"@type\":\"ImageObject\",\"inLanguage\":\"fr-FR\",\"@id\":\"https:\\\/\\\/www.reead.com\\\/fr\\\/wp-content\\\/uploads\\\/2018\\\/12\\\/reead.jpg\",\"url\":\"https:\\\/\\\/www.reead.com\\\/fr\\\/wp-content\\\/uploads\\\/2018\\\/12\\\/reead.jpg\",\"contentUrl\":\"https:\\\/\\\/www.reead.com\\\/fr\\\/wp-content\\\/uploads\\\/2018\\\/12\\\/reead.jpg\",\"width\":900,\"height\":610,\"caption\":\"Reead\"},\"logo\":{\"@id\":\"https:\\\/\\\/www.reead.com\\\/fr\\\/wp-content\\\/uploads\\\/2018\\\/12\\\/reead.jpg\"},\"description\":\"Reead est un blogueur voyage fran\u00e7ais bas\u00e9 \u00e0 Las Vegas et le fondateur de Reead.com, un blog lanc\u00e9 en 2009 consacr\u00e9 aux voyages, aux miles et aux programmes de fid\u00e9lit\u00e9. Sp\u00e9cialis\u00e9 dans les cartes de cr\u00e9dit voyage, les miles et points, ainsi que les programmes comme Flying Blue, American Express Membership Rewards ou les alliances a\u00e9riennes, il partage des strat\u00e9gies concr\u00e8tes pour r\u00e9duire le co\u00fbt des voyages et optimiser les r\u00e9compenses des cartes de cr\u00e9dit. Install\u00e9 aux \u00c9tats-Unis, Reead publie \u00e9galement des guides pour visiter les USA, des analyses de programmes de fid\u00e9lit\u00e9 et des retours d\u2019exp\u00e9rience sur les compagnies a\u00e9riennes, h\u00f4tels et cartes premium. Depuis plus de 15 ans, ses articles aident les voyageurs \u00e0 comprendre les miles, accumuler des points plus rapidement et voyager dans de meilleures conditions pour moins cher. Survivant du cancer, il partage aussi une vision simple : profiter de la vie et explorer le monde intelligemment.\",\"sameAs\":[\"https:\\\/\\\/www.reead.com\\\/fr\\\/\",\"https:\\\/\\\/www.facebook.com\\\/welovereead\",\"https:\\\/\\\/www.instagram.com\\\/reead\\\/?hl=fr\",\"https:\\\/\\\/www.pinterest.com\\\/reead\\\/\",\"https:\\\/\\\/x.com\\\/blogdereead\",\"https:\\\/\\\/www.youtube.com\\\/reead\"],\"gender\":\"homme\",\"knowsAbout\":[\"Voyage\",\"miles et points\"],\"knowsLanguage\":[\"Anglais\",\"Fran\u00e7ais\"],\"publishingPrinciples\":\"https:\\\/\\\/www.reead.com\\\/fr\\\/politique-de-publication\\\/\"}]}<\/script>\n<!-- \/ Yoast SEO Premium plugin. -->","yoast_head_json":{"title":"Comment bien pr\u00e9parer son sac pour partir en weekend ?","description":"Cela fait du bien de partir 2 \u00e0 3 jours, pour vous aider \u00e0 partir l\u00e9ger, voici mes conseils pour pr\u00e9parer son sac pour partir en weekend.","robots":{"index":"index","follow":"follow","max-snippet":"max-snippet:-1","max-image-preview":"max-image-preview:large","max-video-preview":"max-video-preview:-1"},"canonical":"https:\/\/www.reead.com\/fr\/preparer-son-sac-partir-weekend-119692017\/","og_locale":"fr_FR","og_type":"article","og_title":"Comment bien pr\u00e9parer son sac pour partir en weekend ?","og_description":"Cela fait du bien de partir 2 \u00e0 3 jours, pour vous aider \u00e0 partir l\u00e9ger, voici mes conseils pour pr\u00e9parer son sac pour partir en weekend.","og_url":"https:\/\/www.reead.com\/fr\/preparer-son-sac-partir-weekend-119692017\/","og_site_name":"Conseils Voyage, Mode Homme et Lifestyle","article_publisher":"https:\/\/www.facebook.com\/welovereead","article_author":"https:\/\/www.facebook.com\/welovereead","article_published_time":"2017-11-15T14:53:07+00:00","article_modified_time":"2025-02-12T04:39:36+00:00","og_image":[{"width":800,"height":533,"url":"https:\/\/www.reead.com\/fr\/wp-content\/uploads\/2017\/10\/sac-weekend-rive-droite.jpg","type":"image\/jpeg"}],"author":"Reead","twitter_card":"summary_large_image","twitter_creator":"@blogdereead","twitter_site":"@blogdereead","schema":{"@context":"https:\/\/schema.org","@graph":[{"@type":"Article","@id":"https:\/\/www.reead.com\/fr\/preparer-son-sac-partir-weekend-119692017\/#article","isPartOf":{"@id":"https:\/\/www.reead.com\/fr\/preparer-son-sac-partir-weekend-119692017\/"},"author":{"name":"Reead","@id":"https:\/\/www.reead.com\/fr\/#\/schema\/person\/551a8a4b469ab53c0b48bcd3846fb3c6"},"headline":"Comment bien pr\u00e9parer son sac pour partir en weekend ?","datePublished":"2017-11-15T14:53:07+00:00","dateModified":"2025-02-12T04:39:36+00:00","mainEntityOfPage":{"@id":"https:\/\/www.reead.com\/fr\/preparer-son-sac-partir-weekend-119692017\/"},"wordCount":1808,"commentCount":0,"publisher":{"@id":"https:\/\/www.reead.com\/fr\/#\/schema\/person\/551a8a4b469ab53c0b48bcd3846fb3c6"},"image":{"@id":"https:\/\/www.reead.com\/fr\/preparer-son-sac-partir-weekend-119692017\/#primaryimage"},"thumbnailUrl":"https:\/\/www.reead.com\/fr\/wp-content\/uploads\/2017\/10\/sac-weekend-rive-droite.jpg","keywords":["Sac de weekend"],"articleSection":["Conseils Voyage","Voyage"],"inLanguage":"fr-FR","potentialAction":[{"@type":"CommentAction","name":"Comment","target":["https:\/\/www.reead.com\/fr\/preparer-son-sac-partir-weekend-119692017\/#respond"]}]},{"@type":"WebPage","@id":"https:\/\/www.reead.com\/fr\/preparer-son-sac-partir-weekend-119692017\/","url":"https:\/\/www.reead.com\/fr\/preparer-son-sac-partir-weekend-119692017\/","name":"Comment bien pr\u00e9parer son sac pour partir en weekend ?","isPartOf":{"@id":"https:\/\/www.reead.com\/fr\/#website"},"primaryImageOfPage":{"@id":"https:\/\/www.reead.com\/fr\/preparer-son-sac-partir-weekend-119692017\/#primaryimage"},"image":{"@id":"https:\/\/www.reead.com\/fr\/preparer-son-sac-partir-weekend-119692017\/#primaryimage"},"thumbnailUrl":"https:\/\/www.reead.com\/fr\/wp-content\/uploads\/2017\/10\/sac-weekend-rive-droite.jpg","datePublished":"2017-11-15T14:53:07+00:00","dateModified":"2025-02-12T04:39:36+00:00","description":"Cela fait du bien de partir 2 \u00e0 3 jours, pour vous aider \u00e0 partir l\u00e9ger, voici mes conseils pour pr\u00e9parer son sac pour partir en weekend.","breadcrumb":{"@id":"https:\/\/www.reead.com\/fr\/preparer-son-sac-partir-weekend-119692017\/#breadcrumb"},"inLanguage":"fr-FR","potentialAction":[{"@type":"ReadAction","target":["https:\/\/www.reead.com\/fr\/preparer-son-sac-partir-weekend-119692017\/"]}]},{"@type":"ImageObject","inLanguage":"fr-FR","@id":"https:\/\/www.reead.com\/fr\/preparer-son-sac-partir-weekend-119692017\/#primaryimage","url":"https:\/\/www.reead.com\/fr\/wp-content\/uploads\/2017\/10\/sac-weekend-rive-droite.jpg","contentUrl":"https:\/\/www.reead.com\/fr\/wp-content\/uploads\/2017\/10\/sac-weekend-rive-droite.jpg","width":800,"height":533,"caption":"sac weekend rive droite"},{"@type":"BreadcrumbList","@id":"https:\/\/www.reead.com\/fr\/preparer-son-sac-partir-weekend-119692017\/#breadcrumb","itemListElement":[{"@type":"ListItem","position":1,"name":"Accueil","item":"https:\/\/www.reead.com\/fr\/"},{"@type":"ListItem","position":2,"name":"Voyage","item":"https:\/\/www.reead.com\/fr\/voyage\/"},{"@type":"ListItem","position":3,"name":"Conseils Voyage","item":"https:\/\/www.reead.com\/fr\/voyage\/conseils-voyage\/"},{"@type":"ListItem","position":4,"name":"Comment bien pr\u00e9parer son sac pour partir en weekend ?"}]},{"@type":"WebSite","@id":"https:\/\/www.reead.com\/fr\/#website","url":"https:\/\/www.reead.com\/fr\/","name":"Reead.com","description":"Conseils Voyage, Mode Homme et Lifestyle","publisher":{"@id":"https:\/\/www.reead.com\/fr\/#\/schema\/person\/551a8a4b469ab53c0b48bcd3846fb3c6"},"potentialAction":[{"@type":"SearchAction","target":{"@type":"EntryPoint","urlTemplate":"https:\/\/www.reead.com\/fr\/?s={search_term_string}"},"query-input":{"@type":"PropertyValueSpecification","valueRequired":true,"valueName":"search_term_string"}}],"inLanguage":"fr-FR"},{"@type":["Person","Organization"],"@id":"https:\/\/www.reead.com\/fr\/#\/schema\/person\/551a8a4b469ab53c0b48bcd3846fb3c6","name":"Reead","image":{"@type":"ImageObject","inLanguage":"fr-FR","@id":"https:\/\/www.reead.com\/fr\/wp-content\/uploads\/2018\/12\/reead.jpg","url":"https:\/\/www.reead.com\/fr\/wp-content\/uploads\/2018\/12\/reead.jpg","contentUrl":"https:\/\/www.reead.com\/fr\/wp-content\/uploads\/2018\/12\/reead.jpg","width":900,"height":610,"caption":"Reead"},"logo":{"@id":"https:\/\/www.reead.com\/fr\/wp-content\/uploads\/2018\/12\/reead.jpg"},"description":"Reead est un blogueur voyage fran\u00e7ais bas\u00e9 \u00e0 Las Vegas et le fondateur de Reead.com, un blog lanc\u00e9 en 2009 consacr\u00e9 aux voyages, aux miles et aux programmes de fid\u00e9lit\u00e9. Sp\u00e9cialis\u00e9 dans les cartes de cr\u00e9dit voyage, les miles et points, ainsi que les programmes comme Flying Blue, American Express Membership Rewards ou les alliances a\u00e9riennes, il partage des strat\u00e9gies concr\u00e8tes pour r\u00e9duire le co\u00fbt des voyages et optimiser les r\u00e9compenses des cartes de cr\u00e9dit. Install\u00e9 aux \u00c9tats-Unis, Reead publie \u00e9galement des guides pour visiter les USA, des analyses de programmes de fid\u00e9lit\u00e9 et des retours d\u2019exp\u00e9rience sur les compagnies a\u00e9riennes, h\u00f4tels et cartes premium. Depuis plus de 15 ans, ses articles aident les voyageurs \u00e0 comprendre les miles, accumuler des points plus rapidement et voyager dans de meilleures conditions pour moins cher. Survivant du cancer, il partage aussi une vision simple : profiter de la vie et explorer le monde intelligemment.","sameAs":["https:\/\/www.reead.com\/fr\/","https:\/\/www.facebook.com\/welovereead","https:\/\/www.instagram.com\/reead\/?hl=fr","https:\/\/www.pinterest.com\/reead\/","https:\/\/x.com\/blogdereead","https:\/\/www.youtube.com\/reead"],"gender":"homme","knowsAbout":["Voyage","miles et points"],"knowsLanguage":["Anglais","Fran\u00e7ais"],"publishingPrinciples":"https:\/\/www.reead.com\/fr\/politique-de-publication\/"}]}},"_links":{"self":[{"href":"https:\/\/www.reead.com\/fr\/wp-json\/wp\/v2\/posts\/11969","targetHints":{"allow":["GET"]}}],"collection":[{"href":"https:\/\/www.reead.com\/fr\/wp-json\/wp\/v2\/posts"}],"about":[{"href":"https:\/\/www.reead.com\/fr\/wp-json\/wp\/v2\/types\/post"}],"author":[{"embeddable":true,"href":"https:\/\/www.reead.com\/fr\/wp-json\/wp\/v2\/users\/1"}],"replies":[{"embeddable":true,"href":"https:\/\/www.reead.com\/fr\/wp-json\/wp\/v2\/comments?post=11969"}],"version-history":[{"count":0,"href":"https:\/\/www.reead.com\/fr\/wp-json\/wp\/v2\/posts\/11969\/revisions"}],"wp:featuredmedia":[{"embeddable":true,"href":"https:\/\/www.reead.com\/fr\/wp-json\/wp\/v2\/media\/12802"}],"wp:attachment":[{"href":"https:\/\/www.reead.com\/fr\/wp-json\/wp\/v2\/media?parent=11969"}],"wp:term":[{"taxonomy":"category","embeddable":true,"href":"https:\/\/www.reead.com\/fr\/wp-json\/wp\/v2\/categories?post=11969"},{"taxonomy":"post_tag","embeddable":true,"href":"https:\/\/www.reead.com\/fr\/wp-json\/wp\/v2\/tags?post=11969"}],"curies":[{"name":"wp","href":"https:\/\/api.w.org\/{rel}","templated":true}]}}